{"id":46932,"date":"2023-02-25T06:57:28","date_gmt":"2023-02-25T11:57:28","guid":{"rendered":"https:\/\/luchonoticias.com\/?p=46932"},"modified":"2023-02-25T06:57:29","modified_gmt":"2023-02-25T11:57:29","slug":"acercar-reformas-al-proposito-de-la-paz-es-uno-de-los-objetivos-de-los-dialogos-con-el-eln","status":"publish","type":"post","link":"https:\/\/luchonoticias.com\/editor\/acercar-reformas-al-proposito-de-la-paz-es-uno-de-los-objetivos-de-los-dialogos-con-el-eln\/","title":{"rendered":"Acercar reformas al prop\u00f3sito de la paz, es uno de los objetivos de los di\u00e1logos con el ELN"},"content":{"rendered":"\n<p>Esta semana inicio el segundo ciclo de los acercamientos de paz entre el Gobierno del Presidente Gustavo Petro y la guerrilla del Ej\u00e9rcito de Liberaci\u00f3n Nacional (ELN) en Ciudad de M\u00e9xico, en el que participan los senadores Mar\u00eda Jos\u00e9 Pizarro Rodr\u00edguez e Iv\u00e1n Cepeda Castro del Pacto Hist\u00f3rico, y cuyo objetivo en el corto plazo es ambientar un acuerdo de cese al fuego bilateral.<\/p>\n\n\n\n<p>En di\u00e1logo con la senadora Mar\u00eda Jos\u00e9 Pizarro, destac\u00f3 la presencia del Ministro de Justicia de Colombia, N\u00e9stor Iv\u00e1n Osuna Pati\u00f1o en M\u00e9xico e indic\u00f3 que es la primera de una serie de visitas, en el prop\u00f3sito de acercar la paz a las reformas propuestas recientemente por el Gobierno del Presidente Gustavo Petro. \u201cHoy hemos tenido un primer encuentro con el ministro de Justicia y esperamos poder avanzar en este sentido. Las reformas son precisamente pasos decididos hacia la paz y en ese prop\u00f3sito caminamos aqu\u00ed, desde la delegaci\u00f3n del Gobierno\u201d, sostuvo la congresista.<\/p>\n\n\n\n<p>Entre tanto, el senador Iv\u00e1n Cepeda presidente de la comisi\u00f3n de Paz sostuvo,&nbsp; \u201ca la Mesa de Di\u00e1logos con el ELN vendr\u00e1n ministras y ministros para coordinar reformas que adelanta el gobierno, con puntos de la agenda que se negocian; el objetivo es que las pol\u00edticas que adelanta el Gobierno puedan hacerse compatibles y articularse a las discusiones, los di\u00e1logos y los acuerdos que est\u00e1 produciendo la Mesa\u201d, precis\u00f3.<\/p>\n\n\n\n<p>Cabe anotar que las conversaciones entre el estado colombiano y la guerrilla del ELN estuvieron suspendidas por m\u00e1s de cuatro a\u00f1os. En noviembre del a\u00f1o pasado se reiniciaron en territorio venezolano, tras los esfuerzos diplom\u00e1ticos desplegados por Cuba, Noruega y Venezuela, en su condici\u00f3n de pa\u00edses garantes de este proceso.<\/p>\n\n\n\n<p>El ministro Osuna Pati\u00f1o asisti\u00f3 para exponer a la mesa de di\u00e1logo el proyecto de reforma penal y penitenciaria que present\u00f3 al Congreso de la Rep\u00fablica, y sostuvo que el prop\u00f3sito del proyecto de ley es \u201cpasar de un modelo puramente encarcelador, a uno resocializador y restaurativo\u201d, y agreg\u00f3, \u201cla paz es una prioridad absoluta para el gobierno del cambio; hoy en la mesa de di\u00e1logos con el ELN, reafirmamos ese compromiso\u201d.<\/p>\n\n\n\n<p>Hoy, los gobiernos de M\u00e9xico, Chile, Noruega, Venezuela y Brasil cumplen el papel de garantes de estos di\u00e1logos, al tiempo que Alemania, Suecia, Espa\u00f1a y Suiza se desempe\u00f1an como pa\u00edses acompa\u00f1antes.<\/p>\n","protected":false},"excerpt":{"rendered":"<p>Esta semana inicio el segundo ciclo de los acercamientos de paz entre el Gobierno del Presidente Gustavo Petro y la guerrilla del Ej\u00e9rcito de Liberaci\u00f3n Nacional (ELN) en Ciudad de M\u00e9xico, en el que participan los senadores Mar\u00eda Jos\u00e9 Pizarro Rodr\u00edguez e Iv\u00e1n Cepeda Castro del Pacto Hist\u00f3rico, y cuyo objetivo en el corto plazo [&hellip;]<\/p>\n","protected":false},"author":2,"featured_media":0,"comment_status":"open","ping_status":"open","sticky":false,"template":"","format":"standard","meta":{"footnotes":""},"categories":[36,617],"tags":[],"class_list":["post-46932","post","type-post","status-publish","format-standard","hentry","category-destacado","category-politica"],"yoast_head":"<!-- This site is optimized with the Yoast SEO plugin v26.6 - https:\/\/yoast.com\/wordpress\/plugins\/seo\/ -->\n<title>Acercar reformas al prop\u00f3sito de la paz, es uno de los objetivos de los di\u00e1logos con el ELN -<\/title>\n<meta name=\"robots\" content=\"index, follow, max-snippet:-1, max-image-preview:large, max-video-preview:-1\" \/>\n<link rel=\"canonical\" href=\"https:\/\/luchonoticias.com\/editor\/acercar-reformas-al-proposito-de-la-paz-es-uno-de-los-objetivos-de-los-dialogos-con-el-eln\/\" \/>\n<meta property=\"og:locale\" content=\"es_ES\" \/>\n<meta property=\"og:type\" content=\"article\" \/>\n<meta property=\"og:title\" content=\"Acercar reformas al prop\u00f3sito de la paz, es uno de los objetivos de los di\u00e1logos con el ELN -\" \/>\n<meta property=\"og:url\" content=\"https:\/\/luchonoticias.com\/editor\/acercar-reformas-al-proposito-de-la-paz-es-uno-de-los-objetivos-de-los-dialogos-con-el-eln\/\" \/>\n<meta property=\"article:publisher\" content=\"https:\/\/www.facebook.com\/luchonoticiasneiva\" \/>\n<meta property=\"article:published_time\" content=\"2023-02-25T11:57:28+00:00\" \/>\n<meta property=\"article:modified_time\" content=\"2023-02-25T11:57:29+00:00\" \/>\n<meta name=\"author\" content=\"Editor General\" \/>\n<meta name=\"twitter:card\" content=\"summary_large_image\" \/>\n<meta name=\"twitter:label1\" content=\"Escrito por\" \/>\n\t<meta name=\"twitter:data1\" content=\"Editor General\" \/>\n\t<meta name=\"twitter:label2\" content=\"Tiempo de lectura\" \/>\n\t<meta name=\"twitter:data2\" content=\"2 minutos\" \/>\n<script type=\"application\/ld+json\" class=\"yoast-schema-graph\">{\"@context\":\"https:\/\/schema.org\",\"@graph\":[{\"@type\":\"Article\",\"@id\":\"https:\/\/luchonoticias.com\/editor\/acercar-reformas-al-proposito-de-la-paz-es-uno-de-los-objetivos-de-los-dialogos-con-el-eln\/#article\",\"isPartOf\":{\"@id\":\"https:\/\/luchonoticias.com\/editor\/acercar-reformas-al-proposito-de-la-paz-es-uno-de-los-objetivos-de-los-dialogos-con-el-eln\/\"},\"author\":{\"name\":\"Editor General\",\"@id\":\"https:\/\/luchonoticias.com\/editor\/#\/schema\/person\/29217990ddf6f14e35912b2866d591fb\"},\"headline\":\"Acercar reformas al prop\u00f3sito de la paz, es uno de los objetivos de los di\u00e1logos con el ELN\",\"datePublished\":\"2023-02-25T11:57:28+00:00\",\"dateModified\":\"2023-02-25T11:57:29+00:00\",\"mainEntityOfPage\":{\"@id\":\"https:\/\/luchonoticias.com\/editor\/acercar-reformas-al-proposito-de-la-paz-es-uno-de-los-objetivos-de-los-dialogos-con-el-eln\/\"},\"wordCount\":440,\"commentCount\":0,\"publisher\":{\"@id\":\"https:\/\/luchonoticias.com\/editor\/#\/schema\/person\/7a7fd911f58561fd056dbac7b55af9cd\"},\"articleSection\":[\"Destacado\",\"Pol\u00edtica\"],\"inLanguage\":\"es\",\"potentialAction\":[{\"@type\":\"CommentAction\",\"name\":\"Comment\",\"target\":[\"https:\/\/luchonoticias.com\/editor\/acercar-reformas-al-proposito-de-la-paz-es-uno-de-los-objetivos-de-los-dialogos-con-el-eln\/#respond\"]}]},{\"@type\":\"WebPage\",\"@id\":\"https:\/\/luchonoticias.com\/editor\/acercar-reformas-al-proposito-de-la-paz-es-uno-de-los-objetivos-de-los-dialogos-con-el-eln\/\",\"url\":\"https:\/\/luchonoticias.com\/editor\/acercar-reformas-al-proposito-de-la-paz-es-uno-de-los-objetivos-de-los-dialogos-con-el-eln\/\",\"name\":\"Acercar reformas al prop\u00f3sito de la paz, es uno de los objetivos de los di\u00e1logos con el ELN -\",\"isPartOf\":{\"@id\":\"https:\/\/luchonoticias.com\/editor\/#website\"},\"datePublished\":\"2023-02-25T11:57:28+00:00\",\"dateModified\":\"2023-02-25T11:57:29+00:00\",\"breadcrumb\":{\"@id\":\"https:\/\/luchonoticias.com\/editor\/acercar-reformas-al-proposito-de-la-paz-es-uno-de-los-objetivos-de-los-dialogos-con-el-eln\/#breadcrumb\"},\"inLanguage\":\"es\",\"potentialAction\":[{\"@type\":\"ReadAction\",\"target\":[\"https:\/\/luchonoticias.com\/editor\/acercar-reformas-al-proposito-de-la-paz-es-uno-de-los-objetivos-de-los-dialogos-con-el-eln\/\"]}]},{\"@type\":\"BreadcrumbList\",\"@id\":\"https:\/\/luchonoticias.com\/editor\/acercar-reformas-al-proposito-de-la-paz-es-uno-de-los-objetivos-de-los-dialogos-con-el-eln\/#breadcrumb\",\"itemListElement\":[{\"@type\":\"ListItem\",\"position\":1,\"name\":\"Portada\",\"item\":\"https:\/\/luchonoticias.com\/editor\/\"},{\"@type\":\"ListItem\",\"position\":2,\"name\":\"Acercar reformas al prop\u00f3sito de la paz, es uno de los objetivos de los di\u00e1logos con el ELN\"}]},{\"@type\":\"WebSite\",\"@id\":\"https:\/\/luchonoticias.com\/editor\/#website\",\"url\":\"https:\/\/luchonoticias.com\/editor\/\",\"name\":\"\",\"description\":\"\",\"publisher\":{\"@id\":\"https:\/\/luchonoticias.com\/editor\/#\/schema\/person\/7a7fd911f58561fd056dbac7b55af9cd\"},\"potentialAction\":[{\"@type\":\"SearchAction\",\"target\":{\"@type\":\"EntryPoint\",\"urlTemplate\":\"https:\/\/luchonoticias.com\/editor\/?s={search_term_string}\"},\"query-input\":{\"@type\":\"PropertyValueSpecification\",\"valueRequired\":true,\"valueName\":\"search_term_string\"}}],\"inLanguage\":\"es\"},{\"@type\":[\"Person\",\"Organization\"],\"@id\":\"https:\/\/luchonoticias.com\/editor\/#\/schema\/person\/7a7fd911f58561fd056dbac7b55af9cd\",\"name\":\"admin\",\"image\":{\"@type\":\"ImageObject\",\"inLanguage\":\"es\",\"@id\":\"https:\/\/luchonoticias.com\/editor\/#\/schema\/person\/image\/\",\"url\":\"https:\/\/luchonoticias.com\/editor\/wp-content\/uploads\/2024\/02\/cropped-cropped-logolu.webp\",\"contentUrl\":\"https:\/\/luchonoticias.com\/editor\/wp-content\/uploads\/2024\/02\/cropped-cropped-logolu.webp\",\"width\":382,\"height\":170,\"caption\":\"admin\"},\"logo\":{\"@id\":\"https:\/\/luchonoticias.com\/editor\/#\/schema\/person\/image\/\"},\"sameAs\":[\"https:\/\/www.facebook.com\/luchonoticiasneiva\"]},{\"@type\":\"Person\",\"@id\":\"https:\/\/luchonoticias.com\/editor\/#\/schema\/person\/29217990ddf6f14e35912b2866d591fb\",\"name\":\"Editor General\",\"image\":{\"@type\":\"ImageObject\",\"inLanguage\":\"es\",\"@id\":\"https:\/\/luchonoticias.com\/editor\/#\/schema\/person\/image\/\",\"url\":\"https:\/\/luchonoticias.com\/editor\/wp-content\/uploads\/2024\/02\/cropped-cropped-logolu-150x150.webp\",\"contentUrl\":\"https:\/\/luchonoticias.com\/editor\/wp-content\/uploads\/2024\/02\/cropped-cropped-logolu-150x150.webp\",\"caption\":\"Editor General\"},\"sameAs\":[\"https:\/\/luchonoticias.com\/\"],\"url\":\"https:\/\/luchonoticias.com\/editor\/author\/editor-general\/\"}]}<\/script>\n<!-- \/ Yoast SEO plugin. -->","yoast_head_json":{"title":"Acercar reformas al prop\u00f3sito de la paz, es uno de los objetivos de los di\u00e1logos con el ELN -","robots":{"index":"index","follow":"follow","max-snippet":"max-snippet:-1","max-image-preview":"max-image-preview:large","max-video-preview":"max-video-preview:-1"},"canonical":"https:\/\/luchonoticias.com\/editor\/acercar-reformas-al-proposito-de-la-paz-es-uno-de-los-objetivos-de-los-dialogos-con-el-eln\/","og_locale":"es_ES","og_type":"article","og_title":"Acercar reformas al prop\u00f3sito de la paz, es uno de los objetivos de los di\u00e1logos con el ELN -","og_url":"https:\/\/luchonoticias.com\/editor\/acercar-reformas-al-proposito-de-la-paz-es-uno-de-los-objetivos-de-los-dialogos-con-el-eln\/","article_publisher":"https:\/\/www.facebook.com\/luchonoticiasneiva","article_published_time":"2023-02-25T11:57:28+00:00","article_modified_time":"2023-02-25T11:57:29+00:00","author":"Editor General","twitter_card":"summary_large_image","twitter_misc":{"Escrito por":"Editor General","Tiempo de lectura":"2 minutos"},"schema":{"@context":"https:\/\/schema.org","@graph":[{"@type":"Article","@id":"https:\/\/luchonoticias.com\/editor\/acercar-reformas-al-proposito-de-la-paz-es-uno-de-los-objetivos-de-los-dialogos-con-el-eln\/#article","isPartOf":{"@id":"https:\/\/luchonoticias.com\/editor\/acercar-reformas-al-proposito-de-la-paz-es-uno-de-los-objetivos-de-los-dialogos-con-el-eln\/"},"author":{"name":"Editor General","@id":"https:\/\/luchonoticias.com\/editor\/#\/schema\/person\/29217990ddf6f14e35912b2866d591fb"},"headline":"Acercar reformas al prop\u00f3sito de la paz, es uno de los objetivos de los di\u00e1logos con el ELN","datePublished":"2023-02-25T11:57:28+00:00","dateModified":"2023-02-25T11:57:29+00:00","mainEntityOfPage":{"@id":"https:\/\/luchonoticias.com\/editor\/acercar-reformas-al-proposito-de-la-paz-es-uno-de-los-objetivos-de-los-dialogos-con-el-eln\/"},"wordCount":440,"commentCount":0,"publisher":{"@id":"https:\/\/luchonoticias.com\/editor\/#\/schema\/person\/7a7fd911f58561fd056dbac7b55af9cd"},"articleSection":["Destacado","Pol\u00edtica"],"inLanguage":"es","potentialAction":[{"@type":"CommentAction","name":"Comment","target":["https:\/\/luchonoticias.com\/editor\/acercar-reformas-al-proposito-de-la-paz-es-uno-de-los-objetivos-de-los-dialogos-con-el-eln\/#respond"]}]},{"@type":"WebPage","@id":"https:\/\/luchonoticias.com\/editor\/acercar-reformas-al-proposito-de-la-paz-es-uno-de-los-objetivos-de-los-dialogos-con-el-eln\/","url":"https:\/\/luchonoticias.com\/editor\/acercar-reformas-al-proposito-de-la-paz-es-uno-de-los-objetivos-de-los-dialogos-con-el-eln\/","name":"Acercar reformas al prop\u00f3sito de la paz, es uno de los objetivos de los di\u00e1logos con el ELN -","isPartOf":{"@id":"https:\/\/luchonoticias.com\/editor\/#website"},"datePublished":"2023-02-25T11:57:28+00:00","dateModified":"2023-02-25T11:57:29+00:00","breadcrumb":{"@id":"https:\/\/luchonoticias.com\/editor\/acercar-reformas-al-proposito-de-la-paz-es-uno-de-los-objetivos-de-los-dialogos-con-el-eln\/#breadcrumb"},"inLanguage":"es","potentialAction":[{"@type":"ReadAction","target":["https:\/\/luchonoticias.com\/editor\/acercar-reformas-al-proposito-de-la-paz-es-uno-de-los-objetivos-de-los-dialogos-con-el-eln\/"]}]},{"@type":"BreadcrumbList","@id":"https:\/\/luchonoticias.com\/editor\/acercar-reformas-al-proposito-de-la-paz-es-uno-de-los-objetivos-de-los-dialogos-con-el-eln\/#breadcrumb","itemListElement":[{"@type":"ListItem","position":1,"name":"Portada","item":"https:\/\/luchonoticias.com\/editor\/"},{"@type":"ListItem","position":2,"name":"Acercar reformas al prop\u00f3sito de la paz, es uno de los objetivos de los di\u00e1logos con el ELN"}]},{"@type":"WebSite","@id":"https:\/\/luchonoticias.com\/editor\/#website","url":"https:\/\/luchonoticias.com\/editor\/","name":"","description":"","publisher":{"@id":"https:\/\/luchonoticias.com\/editor\/#\/schema\/person\/7a7fd911f58561fd056dbac7b55af9cd"},"potentialAction":[{"@type":"SearchAction","target":{"@type":"EntryPoint","urlTemplate":"https:\/\/luchonoticias.com\/editor\/?s={search_term_string}"},"query-input":{"@type":"PropertyValueSpecification","valueRequired":true,"valueName":"search_term_string"}}],"inLanguage":"es"},{"@type":["Person","Organization"],"@id":"https:\/\/luchonoticias.com\/editor\/#\/schema\/person\/7a7fd911f58561fd056dbac7b55af9cd","name":"admin","image":{"@type":"ImageObject","inLanguage":"es","@id":"https:\/\/luchonoticias.com\/editor\/#\/schema\/person\/image\/","url":"https:\/\/luchonoticias.com\/editor\/wp-content\/uploads\/2024\/02\/cropped-cropped-logolu.webp","contentUrl":"https:\/\/luchonoticias.com\/editor\/wp-content\/uploads\/2024\/02\/cropped-cropped-logolu.webp","width":382,"height":170,"caption":"admin"},"logo":{"@id":"https:\/\/luchonoticias.com\/editor\/#\/schema\/person\/image\/"},"sameAs":["https:\/\/www.facebook.com\/luchonoticiasneiva"]},{"@type":"Person","@id":"https:\/\/luchonoticias.com\/editor\/#\/schema\/person\/29217990ddf6f14e35912b2866d591fb","name":"Editor General","image":{"@type":"ImageObject","inLanguage":"es","@id":"https:\/\/luchonoticias.com\/editor\/#\/schema\/person\/image\/","url":"https:\/\/luchonoticias.com\/editor\/wp-content\/uploads\/2024\/02\/cropped-cropped-logolu-150x150.webp","contentUrl":"https:\/\/luchonoticias.com\/editor\/wp-content\/uploads\/2024\/02\/cropped-cropped-logolu-150x150.webp","caption":"Editor General"},"sameAs":["https:\/\/luchonoticias.com\/"],"url":"https:\/\/luchonoticias.com\/editor\/author\/editor-general\/"}]}},"_links":{"self":[{"href":"https:\/\/luchonoticias.com\/editor\/wp-json\/wp\/v2\/posts\/46932","targetHints":{"allow":["GET"]}}],"collection":[{"href":"https:\/\/luchonoticias.com\/editor\/wp-json\/wp\/v2\/posts"}],"about":[{"href":"https:\/\/luchonoticias.com\/editor\/wp-json\/wp\/v2\/types\/post"}],"author":[{"embeddable":true,"href":"https:\/\/luchonoticias.com\/editor\/wp-json\/wp\/v2\/users\/2"}],"replies":[{"embeddable":true,"href":"https:\/\/luchonoticias.com\/editor\/wp-json\/wp\/v2\/comments?post=46932"}],"version-history":[{"count":0,"href":"https:\/\/luchonoticias.com\/editor\/wp-json\/wp\/v2\/posts\/46932\/revisions"}],"wp:attachment":[{"href":"https:\/\/luchonoticias.com\/editor\/wp-json\/wp\/v2\/media?parent=46932"}],"wp:term":[{"taxonomy":"category","embeddable":true,"href":"https:\/\/luchonoticias.com\/editor\/wp-json\/wp\/v2\/categories?post=46932"},{"taxonomy":"post_tag","embeddable":true,"href":"https:\/\/luchonoticias.com\/editor\/wp-json\/wp\/v2\/tags?post=46932"}],"curies":[{"name":"wp","href":"https:\/\/api.w.org\/{rel}","templated":true}]}}