{"id":46935,"date":"2023-02-25T07:16:46","date_gmt":"2023-02-25T12:16:46","guid":{"rendered":"https:\/\/luchonoticias.com\/?p=46935"},"modified":"2023-02-25T08:01:55","modified_gmt":"2023-02-25T13:01:55","slug":"huilense-muere-en-el-narino-al-clavarse-accidentalmente-la-hoja-de-una-guadana-en-la-cabeza","status":"publish","type":"post","link":"https:\/\/luchonoticias.com\/editor\/huilense-muere-en-el-narino-al-clavarse-accidentalmente-la-hoja-de-una-guadana-en-la-cabeza\/","title":{"rendered":"Huilense muere en Nari\u00f1o, al clavarse accidentalmente la hoja de una guada\u00f1a en la cabeza"},"content":{"rendered":"\n<p>Autoridades del departamento del Nari\u00f1o, confirmaron el deceso de Daniel Hoyos Timan\u00e1 en el municipio de Cumbitara, a causa de un aparente accidente laboral al sufrir una herida en la cabeza con una guada\u00f1a mientras trabajaba.<\/p>\n\n\n\n<p>En lo revelado por las fuentes oficiales, se logr\u00f3 conocer que, al parecer, la v\u00edctima adelantaba labores de limpieza en un d\u00eda normal de trabajo y presuntamente a la cuchilla de la guada\u00f1a se le solt\u00f3 la tuerca que la apretada, haciendo que saliera disparada y terminara en la cabeza de Daniel Hoyos.<\/p>\n\n\n\n<p>Finalmente se conoci\u00f3 que hasta el momento el cuerpo del hoy fallecido esta siendo trasladado desde el municipio de Cumbitara, Nari\u00f1o, hasta el centro poblado de La Caba\u00f1a del municipio de Saladoblanco, donde lo esperan sus familiares para realizarles sus respectivas honras f\u00fanebres.<\/p>\n","protected":false},"excerpt":{"rendered":"<p>Autoridades del departamento del Nari\u00f1o, confirmaron el deceso de Daniel Hoyos Timan\u00e1 en el municipio de Cumbitara, a causa de un aparente accidente laboral al sufrir una herida en la cabeza con una guada\u00f1a mientras trabajaba. En lo revelado por las fuentes oficiales, se logr\u00f3 conocer que, al parecer, la v\u00edctima adelantaba labores de limpieza [&hellip;]<\/p>\n","protected":false},"author":2,"featured_media":0,"comment_status":"open","ping_status":"open","sticky":false,"template":"","format":"standard","meta":{"footnotes":""},"categories":[36,29],"tags":[],"class_list":["post-46935","post","type-post","status-publish","format-standard","hentry","category-destacado","category-judicial"],"yoast_head":"<!-- This site is optimized with the Yoast SEO plugin v26.6 - https:\/\/yoast.com\/wordpress\/plugins\/seo\/ -->\n<title>Huilense muere en Nari\u00f1o, al clavarse accidentalmente la hoja de una guada\u00f1a en la cabeza -<\/title>\n<meta name=\"robots\" content=\"index, follow, max-snippet:-1, max-image-preview:large, max-video-preview:-1\" \/>\n<link rel=\"canonical\" href=\"https:\/\/luchonoticias.com\/editor\/huilense-muere-en-el-narino-al-clavarse-accidentalmente-la-hoja-de-una-guadana-en-la-cabeza\/\" \/>\n<meta property=\"og:locale\" content=\"es_ES\" \/>\n<meta property=\"og:type\" content=\"article\" \/>\n<meta property=\"og:title\" content=\"Huilense muere en Nari\u00f1o, al clavarse accidentalmente la hoja de una guada\u00f1a en la cabeza -\" \/>\n<meta property=\"og:url\" content=\"https:\/\/luchonoticias.com\/editor\/huilense-muere-en-el-narino-al-clavarse-accidentalmente-la-hoja-de-una-guadana-en-la-cabeza\/\" \/>\n<meta property=\"article:publisher\" content=\"https:\/\/www.facebook.com\/luchonoticiasneiva\" \/>\n<meta property=\"article:published_time\" content=\"2023-02-25T12:16:46+00:00\" \/>\n<meta property=\"article:modified_time\" content=\"2023-02-25T13:01:55+00:00\" \/>\n<meta name=\"author\" content=\"Editor General\" \/>\n<meta name=\"twitter:card\" content=\"summary_large_image\" \/>\n<meta name=\"twitter:label1\" content=\"Escrito por\" \/>\n\t<meta name=\"twitter:data1\" content=\"Editor General\" \/>\n\t<meta name=\"twitter:label2\" content=\"Tiempo de lectura\" \/>\n\t<meta name=\"twitter:data2\" content=\"1 minuto\" \/>\n<script type=\"application\/ld+json\" class=\"yoast-schema-graph\">{\"@context\":\"https:\/\/schema.org\",\"@graph\":[{\"@type\":\"Article\",\"@id\":\"https:\/\/luchonoticias.com\/editor\/huilense-muere-en-el-narino-al-clavarse-accidentalmente-la-hoja-de-una-guadana-en-la-cabeza\/#article\",\"isPartOf\":{\"@id\":\"https:\/\/luchonoticias.com\/editor\/huilense-muere-en-el-narino-al-clavarse-accidentalmente-la-hoja-de-una-guadana-en-la-cabeza\/\"},\"author\":{\"name\":\"Editor General\",\"@id\":\"https:\/\/luchonoticias.com\/editor\/#\/schema\/person\/29217990ddf6f14e35912b2866d591fb\"},\"headline\":\"Huilense muere en Nari\u00f1o, al clavarse accidentalmente la hoja de una guada\u00f1a en la cabeza\",\"datePublished\":\"2023-02-25T12:16:46+00:00\",\"dateModified\":\"2023-02-25T13:01:55+00:00\",\"mainEntityOfPage\":{\"@id\":\"https:\/\/luchonoticias.com\/editor\/huilense-muere-en-el-narino-al-clavarse-accidentalmente-la-hoja-de-una-guadana-en-la-cabeza\/\"},\"wordCount\":157,\"commentCount\":0,\"publisher\":{\"@id\":\"https:\/\/luchonoticias.com\/editor\/#\/schema\/person\/7a7fd911f58561fd056dbac7b55af9cd\"},\"articleSection\":[\"Destacado\",\"Judicial\"],\"inLanguage\":\"es\",\"potentialAction\":[{\"@type\":\"CommentAction\",\"name\":\"Comment\",\"target\":[\"https:\/\/luchonoticias.com\/editor\/huilense-muere-en-el-narino-al-clavarse-accidentalmente-la-hoja-de-una-guadana-en-la-cabeza\/#respond\"]}]},{\"@type\":\"WebPage\",\"@id\":\"https:\/\/luchonoticias.com\/editor\/huilense-muere-en-el-narino-al-clavarse-accidentalmente-la-hoja-de-una-guadana-en-la-cabeza\/\",\"url\":\"https:\/\/luchonoticias.com\/editor\/huilense-muere-en-el-narino-al-clavarse-accidentalmente-la-hoja-de-una-guadana-en-la-cabeza\/\",\"name\":\"Huilense muere en Nari\u00f1o, al clavarse accidentalmente la hoja de una guada\u00f1a en la cabeza -\",\"isPartOf\":{\"@id\":\"https:\/\/luchonoticias.com\/editor\/#website\"},\"datePublished\":\"2023-02-25T12:16:46+00:00\",\"dateModified\":\"2023-02-25T13:01:55+00:00\",\"breadcrumb\":{\"@id\":\"https:\/\/luchonoticias.com\/editor\/huilense-muere-en-el-narino-al-clavarse-accidentalmente-la-hoja-de-una-guadana-en-la-cabeza\/#breadcrumb\"},\"inLanguage\":\"es\",\"potentialAction\":[{\"@type\":\"ReadAction\",\"target\":[\"https:\/\/luchonoticias.com\/editor\/huilense-muere-en-el-narino-al-clavarse-accidentalmente-la-hoja-de-una-guadana-en-la-cabeza\/\"]}]},{\"@type\":\"BreadcrumbList\",\"@id\":\"https:\/\/luchonoticias.com\/editor\/huilense-muere-en-el-narino-al-clavarse-accidentalmente-la-hoja-de-una-guadana-en-la-cabeza\/#breadcrumb\",\"itemListElement\":[{\"@type\":\"ListItem\",\"position\":1,\"name\":\"Portada\",\"item\":\"https:\/\/luchonoticias.com\/editor\/\"},{\"@type\":\"ListItem\",\"position\":2,\"name\":\"Huilense muere en Nari\u00f1o, al clavarse accidentalmente la hoja de una guada\u00f1a en la cabeza\"}]},{\"@type\":\"WebSite\",\"@id\":\"https:\/\/luchonoticias.com\/editor\/#website\",\"url\":\"https:\/\/luchonoticias.com\/editor\/\",\"name\":\"\",\"description\":\"\",\"publisher\":{\"@id\":\"https:\/\/luchonoticias.com\/editor\/#\/schema\/person\/7a7fd911f58561fd056dbac7b55af9cd\"},\"potentialAction\":[{\"@type\":\"SearchAction\",\"target\":{\"@type\":\"EntryPoint\",\"urlTemplate\":\"https:\/\/luchonoticias.com\/editor\/?s={search_term_string}\"},\"query-input\":{\"@type\":\"PropertyValueSpecification\",\"valueRequired\":true,\"valueName\":\"search_term_string\"}}],\"inLanguage\":\"es\"},{\"@type\":[\"Person\",\"Organization\"],\"@id\":\"https:\/\/luchonoticias.com\/editor\/#\/schema\/person\/7a7fd911f58561fd056dbac7b55af9cd\",\"name\":\"admin\",\"image\":{\"@type\":\"ImageObject\",\"inLanguage\":\"es\",\"@id\":\"https:\/\/luchonoticias.com\/editor\/#\/schema\/person\/image\/\",\"url\":\"https:\/\/luchonoticias.com\/editor\/wp-content\/uploads\/2024\/02\/cropped-cropped-logolu.webp\",\"contentUrl\":\"https:\/\/luchonoticias.com\/editor\/wp-content\/uploads\/2024\/02\/cropped-cropped-logolu.webp\",\"width\":382,\"height\":170,\"caption\":\"admin\"},\"logo\":{\"@id\":\"https:\/\/luchonoticias.com\/editor\/#\/schema\/person\/image\/\"},\"sameAs\":[\"https:\/\/www.facebook.com\/luchonoticiasneiva\"]},{\"@type\":\"Person\",\"@id\":\"https:\/\/luchonoticias.com\/editor\/#\/schema\/person\/29217990ddf6f14e35912b2866d591fb\",\"name\":\"Editor General\",\"image\":{\"@type\":\"ImageObject\",\"inLanguage\":\"es\",\"@id\":\"https:\/\/luchonoticias.com\/editor\/#\/schema\/person\/image\/\",\"url\":\"https:\/\/luchonoticias.com\/editor\/wp-content\/uploads\/2024\/02\/cropped-cropped-logolu-150x150.webp\",\"contentUrl\":\"https:\/\/luchonoticias.com\/editor\/wp-content\/uploads\/2024\/02\/cropped-cropped-logolu-150x150.webp\",\"caption\":\"Editor General\"},\"sameAs\":[\"https:\/\/luchonoticias.com\/\"],\"url\":\"https:\/\/luchonoticias.com\/editor\/author\/editor-general\/\"}]}<\/script>\n<!-- \/ Yoast SEO plugin. -->","yoast_head_json":{"title":"Huilense muere en Nari\u00f1o, al clavarse accidentalmente la hoja de una guada\u00f1a en la cabeza -","robots":{"index":"index","follow":"follow","max-snippet":"max-snippet:-1","max-image-preview":"max-image-preview:large","max-video-preview":"max-video-preview:-1"},"canonical":"https:\/\/luchonoticias.com\/editor\/huilense-muere-en-el-narino-al-clavarse-accidentalmente-la-hoja-de-una-guadana-en-la-cabeza\/","og_locale":"es_ES","og_type":"article","og_title":"Huilense muere en Nari\u00f1o, al clavarse accidentalmente la hoja de una guada\u00f1a en la cabeza -","og_url":"https:\/\/luchonoticias.com\/editor\/huilense-muere-en-el-narino-al-clavarse-accidentalmente-la-hoja-de-una-guadana-en-la-cabeza\/","article_publisher":"https:\/\/www.facebook.com\/luchonoticiasneiva","article_published_time":"2023-02-25T12:16:46+00:00","article_modified_time":"2023-02-25T13:01:55+00:00","author":"Editor General","twitter_card":"summary_large_image","twitter_misc":{"Escrito por":"Editor General","Tiempo de lectura":"1 minuto"},"schema":{"@context":"https:\/\/schema.org","@graph":[{"@type":"Article","@id":"https:\/\/luchonoticias.com\/editor\/huilense-muere-en-el-narino-al-clavarse-accidentalmente-la-hoja-de-una-guadana-en-la-cabeza\/#article","isPartOf":{"@id":"https:\/\/luchonoticias.com\/editor\/huilense-muere-en-el-narino-al-clavarse-accidentalmente-la-hoja-de-una-guadana-en-la-cabeza\/"},"author":{"name":"Editor General","@id":"https:\/\/luchonoticias.com\/editor\/#\/schema\/person\/29217990ddf6f14e35912b2866d591fb"},"headline":"Huilense muere en Nari\u00f1o, al clavarse accidentalmente la hoja de una guada\u00f1a en la cabeza","datePublished":"2023-02-25T12:16:46+00:00","dateModified":"2023-02-25T13:01:55+00:00","mainEntityOfPage":{"@id":"https:\/\/luchonoticias.com\/editor\/huilense-muere-en-el-narino-al-clavarse-accidentalmente-la-hoja-de-una-guadana-en-la-cabeza\/"},"wordCount":157,"commentCount":0,"publisher":{"@id":"https:\/\/luchonoticias.com\/editor\/#\/schema\/person\/7a7fd911f58561fd056dbac7b55af9cd"},"articleSection":["Destacado","Judicial"],"inLanguage":"es","potentialAction":[{"@type":"CommentAction","name":"Comment","target":["https:\/\/luchonoticias.com\/editor\/huilense-muere-en-el-narino-al-clavarse-accidentalmente-la-hoja-de-una-guadana-en-la-cabeza\/#respond"]}]},{"@type":"WebPage","@id":"https:\/\/luchonoticias.com\/editor\/huilense-muere-en-el-narino-al-clavarse-accidentalmente-la-hoja-de-una-guadana-en-la-cabeza\/","url":"https:\/\/luchonoticias.com\/editor\/huilense-muere-en-el-narino-al-clavarse-accidentalmente-la-hoja-de-una-guadana-en-la-cabeza\/","name":"Huilense muere en Nari\u00f1o, al clavarse accidentalmente la hoja de una guada\u00f1a en la cabeza -","isPartOf":{"@id":"https:\/\/luchonoticias.com\/editor\/#website"},"datePublished":"2023-02-25T12:16:46+00:00","dateModified":"2023-02-25T13:01:55+00:00","breadcrumb":{"@id":"https:\/\/luchonoticias.com\/editor\/huilense-muere-en-el-narino-al-clavarse-accidentalmente-la-hoja-de-una-guadana-en-la-cabeza\/#breadcrumb"},"inLanguage":"es","potentialAction":[{"@type":"ReadAction","target":["https:\/\/luchonoticias.com\/editor\/huilense-muere-en-el-narino-al-clavarse-accidentalmente-la-hoja-de-una-guadana-en-la-cabeza\/"]}]},{"@type":"BreadcrumbList","@id":"https:\/\/luchonoticias.com\/editor\/huilense-muere-en-el-narino-al-clavarse-accidentalmente-la-hoja-de-una-guadana-en-la-cabeza\/#breadcrumb","itemListElement":[{"@type":"ListItem","position":1,"name":"Portada","item":"https:\/\/luchonoticias.com\/editor\/"},{"@type":"ListItem","position":2,"name":"Huilense muere en Nari\u00f1o, al clavarse accidentalmente la hoja de una guada\u00f1a en la cabeza"}]},{"@type":"WebSite","@id":"https:\/\/luchonoticias.com\/editor\/#website","url":"https:\/\/luchonoticias.com\/editor\/","name":"","description":"","publisher":{"@id":"https:\/\/luchonoticias.com\/editor\/#\/schema\/person\/7a7fd911f58561fd056dbac7b55af9cd"},"potentialAction":[{"@type":"SearchAction","target":{"@type":"EntryPoint","urlTemplate":"https:\/\/luchonoticias.com\/editor\/?s={search_term_string}"},"query-input":{"@type":"PropertyValueSpecification","valueRequired":true,"valueName":"search_term_string"}}],"inLanguage":"es"},{"@type":["Person","Organization"],"@id":"https:\/\/luchonoticias.com\/editor\/#\/schema\/person\/7a7fd911f58561fd056dbac7b55af9cd","name":"admin","image":{"@type":"ImageObject","inLanguage":"es","@id":"https:\/\/luchonoticias.com\/editor\/#\/schema\/person\/image\/","url":"https:\/\/luchonoticias.com\/editor\/wp-content\/uploads\/2024\/02\/cropped-cropped-logolu.webp","contentUrl":"https:\/\/luchonoticias.com\/editor\/wp-content\/uploads\/2024\/02\/cropped-cropped-logolu.webp","width":382,"height":170,"caption":"admin"},"logo":{"@id":"https:\/\/luchonoticias.com\/editor\/#\/schema\/person\/image\/"},"sameAs":["https:\/\/www.facebook.com\/luchonoticiasneiva"]},{"@type":"Person","@id":"https:\/\/luchonoticias.com\/editor\/#\/schema\/person\/29217990ddf6f14e35912b2866d591fb","name":"Editor General","image":{"@type":"ImageObject","inLanguage":"es","@id":"https:\/\/luchonoticias.com\/editor\/#\/schema\/person\/image\/","url":"https:\/\/luchonoticias.com\/editor\/wp-content\/uploads\/2024\/02\/cropped-cropped-logolu-150x150.webp","contentUrl":"https:\/\/luchonoticias.com\/editor\/wp-content\/uploads\/2024\/02\/cropped-cropped-logolu-150x150.webp","caption":"Editor General"},"sameAs":["https:\/\/luchonoticias.com\/"],"url":"https:\/\/luchonoticias.com\/editor\/author\/editor-general\/"}]}},"_links":{"self":[{"href":"https:\/\/luchonoticias.com\/editor\/wp-json\/wp\/v2\/posts\/46935","targetHints":{"allow":["GET"]}}],"collection":[{"href":"https:\/\/luchonoticias.com\/editor\/wp-json\/wp\/v2\/posts"}],"about":[{"href":"https:\/\/luchonoticias.com\/editor\/wp-json\/wp\/v2\/types\/post"}],"author":[{"embeddable":true,"href":"https:\/\/luchonoticias.com\/editor\/wp-json\/wp\/v2\/users\/2"}],"replies":[{"embeddable":true,"href":"https:\/\/luchonoticias.com\/editor\/wp-json\/wp\/v2\/comments?post=46935"}],"version-history":[{"count":0,"href":"https:\/\/luchonoticias.com\/editor\/wp-json\/wp\/v2\/posts\/46935\/revisions"}],"wp:attachment":[{"href":"https:\/\/luchonoticias.com\/editor\/wp-json\/wp\/v2\/media?parent=46935"}],"wp:term":[{"taxonomy":"category","embeddable":true,"href":"https:\/\/luchonoticias.com\/editor\/wp-json\/wp\/v2\/categories?post=46935"},{"taxonomy":"post_tag","embeddable":true,"href":"https:\/\/luchonoticias.com\/editor\/wp-json\/wp\/v2\/tags?post=46935"}],"curies":[{"name":"wp","href":"https:\/\/api.w.org\/{rel}","templated":true}]}}