{"id":46950,"date":"2023-02-25T08:31:53","date_gmt":"2023-02-25T13:31:53","guid":{"rendered":"https:\/\/luchonoticias.com\/?p=46950"},"modified":"2023-02-25T08:31:54","modified_gmt":"2023-02-25T13:31:54","slug":"liga-de-futbol-y-comfamiliar-huila-se-toman-la-mano","status":"publish","type":"post","link":"https:\/\/luchonoticias.com\/editor\/liga-de-futbol-y-comfamiliar-huila-se-toman-la-mano\/","title":{"rendered":"Liga de F\u00fatbol y Comfamiliar Huila se &#8216;toman la mano&#8217;"},"content":{"rendered":"\n<p>La&nbsp;<strong>Liga de F\u00fatbol del Huila<\/strong>&nbsp;sostuvo en d\u00edas pasados, un encuentro con las directivas de la Caja de Compensaci\u00f3n Familiar del Huila, en busca de alianzas para el sector.<\/p>\n\n\n\n<p>De todas ellas la m\u00e1s importante es el&nbsp;<strong>apoyo de la entidad para ofrecer sus escenarios deportivos<\/strong>&nbsp;para los entrenamientos de las diversas selecciones regionales tanto en f\u00fatbol como en f\u00fatbol playa.<\/p>\n\n\n\n<p>Otro punto no menos importante es la consolidaci\u00f3n de un alianza para que los clubes, sus futbolistas y padres de familia puedan&nbsp;<strong>acceder a los centros recreacionales<\/strong>&nbsp;a precios accesibles presentando sus identificaciones de liga.<\/p>\n\n\n\n<h5 class=\"wp-block-heading\">Congresillo t\u00e9cnico<\/h5>\n\n\n\n<p>La socializaci\u00f3n de la alianza se hizo durante el&nbsp;<strong>congresillo t\u00e9cnico de los torneos de la liga<\/strong>, cumplido en las instalaciones de la Universidad Cooperativa y con la presencia de entrenadores y presidentes de los clubes adscritos a la liga.<\/p>\n\n\n\n<p>Dentro de las novedades que presenta la competencia, es la&nbsp;<strong>realizaci\u00f3n de divisiones de ascenso y descenso<\/strong>, esto con miras a aumentar el nivel de exigencia.<\/p>\n\n\n\n<p>Adicional al apoyo para los entrenamientos de las diversas selecciones,&nbsp;<strong>Comfamiliar Huila&nbsp;<\/strong>ser\u00e1 adem\u00e1s uno de los aliados de la liga para la realizaci\u00f3n de competencias.<\/p>\n","protected":false},"excerpt":{"rendered":"<p>La&nbsp;Liga de F\u00fatbol del Huila&nbsp;sostuvo en d\u00edas pasados, un encuentro con las directivas de la Caja de Compensaci\u00f3n Familiar del Huila, en busca de alianzas para el sector. De todas ellas la m\u00e1s importante es el&nbsp;apoyo de la entidad para ofrecer sus escenarios deportivos&nbsp;para los entrenamientos de las diversas selecciones regionales tanto en f\u00fatbol como [&hellip;]<\/p>\n","protected":false},"author":2,"featured_media":0,"comment_status":"open","ping_status":"open","sticky":false,"template":"","format":"standard","meta":{"footnotes":""},"categories":[34],"tags":[],"class_list":["post-46950","post","type-post","status-publish","format-standard","hentry","category-deportes"],"yoast_head":"<!-- This site is optimized with the Yoast SEO plugin v26.6 - https:\/\/yoast.com\/wordpress\/plugins\/seo\/ -->\n<title>Liga de F\u00fatbol y Comfamiliar Huila se &#039;toman la mano&#039; -<\/title>\n<meta name=\"robots\" content=\"index, follow, max-snippet:-1, max-image-preview:large, max-video-preview:-1\" \/>\n<link rel=\"canonical\" href=\"https:\/\/luchonoticias.com\/editor\/liga-de-futbol-y-comfamiliar-huila-se-toman-la-mano\/\" \/>\n<meta property=\"og:locale\" content=\"es_ES\" \/>\n<meta property=\"og:type\" content=\"article\" \/>\n<meta property=\"og:title\" content=\"Liga de F\u00fatbol y Comfamiliar Huila se &#039;toman la mano&#039; -\" \/>\n<meta property=\"og:url\" content=\"https:\/\/luchonoticias.com\/editor\/liga-de-futbol-y-comfamiliar-huila-se-toman-la-mano\/\" \/>\n<meta property=\"article:publisher\" content=\"https:\/\/www.facebook.com\/luchonoticiasneiva\" \/>\n<meta property=\"article:published_time\" content=\"2023-02-25T13:31:53+00:00\" \/>\n<meta property=\"article:modified_time\" content=\"2023-02-25T13:31:54+00:00\" \/>\n<meta name=\"author\" content=\"Editor General\" \/>\n<meta name=\"twitter:card\" content=\"summary_large_image\" \/>\n<meta name=\"twitter:label1\" content=\"Escrito por\" \/>\n\t<meta name=\"twitter:data1\" content=\"Editor General\" \/>\n\t<meta name=\"twitter:label2\" content=\"Tiempo de lectura\" \/>\n\t<meta name=\"twitter:data2\" content=\"1 minuto\" \/>\n<script type=\"application\/ld+json\" class=\"yoast-schema-graph\">{\"@context\":\"https:\/\/schema.org\",\"@graph\":[{\"@type\":\"Article\",\"@id\":\"https:\/\/luchonoticias.com\/editor\/liga-de-futbol-y-comfamiliar-huila-se-toman-la-mano\/#article\",\"isPartOf\":{\"@id\":\"https:\/\/luchonoticias.com\/editor\/liga-de-futbol-y-comfamiliar-huila-se-toman-la-mano\/\"},\"author\":{\"name\":\"Editor General\",\"@id\":\"https:\/\/luchonoticias.com\/editor\/#\/schema\/person\/29217990ddf6f14e35912b2866d591fb\"},\"headline\":\"Liga de F\u00fatbol y Comfamiliar Huila se &#8216;toman la mano&#8217;\",\"datePublished\":\"2023-02-25T13:31:53+00:00\",\"dateModified\":\"2023-02-25T13:31:54+00:00\",\"mainEntityOfPage\":{\"@id\":\"https:\/\/luchonoticias.com\/editor\/liga-de-futbol-y-comfamiliar-huila-se-toman-la-mano\/\"},\"wordCount\":225,\"commentCount\":0,\"publisher\":{\"@id\":\"https:\/\/luchonoticias.com\/editor\/#\/schema\/person\/7a7fd911f58561fd056dbac7b55af9cd\"},\"articleSection\":[\"Deportes\"],\"inLanguage\":\"es\",\"potentialAction\":[{\"@type\":\"CommentAction\",\"name\":\"Comment\",\"target\":[\"https:\/\/luchonoticias.com\/editor\/liga-de-futbol-y-comfamiliar-huila-se-toman-la-mano\/#respond\"]}]},{\"@type\":\"WebPage\",\"@id\":\"https:\/\/luchonoticias.com\/editor\/liga-de-futbol-y-comfamiliar-huila-se-toman-la-mano\/\",\"url\":\"https:\/\/luchonoticias.com\/editor\/liga-de-futbol-y-comfamiliar-huila-se-toman-la-mano\/\",\"name\":\"Liga de F\u00fatbol y Comfamiliar Huila se 'toman la mano' -\",\"isPartOf\":{\"@id\":\"https:\/\/luchonoticias.com\/editor\/#website\"},\"datePublished\":\"2023-02-25T13:31:53+00:00\",\"dateModified\":\"2023-02-25T13:31:54+00:00\",\"breadcrumb\":{\"@id\":\"https:\/\/luchonoticias.com\/editor\/liga-de-futbol-y-comfamiliar-huila-se-toman-la-mano\/#breadcrumb\"},\"inLanguage\":\"es\",\"potentialAction\":[{\"@type\":\"ReadAction\",\"target\":[\"https:\/\/luchonoticias.com\/editor\/liga-de-futbol-y-comfamiliar-huila-se-toman-la-mano\/\"]}]},{\"@type\":\"BreadcrumbList\",\"@id\":\"https:\/\/luchonoticias.com\/editor\/liga-de-futbol-y-comfamiliar-huila-se-toman-la-mano\/#breadcrumb\",\"itemListElement\":[{\"@type\":\"ListItem\",\"position\":1,\"name\":\"Portada\",\"item\":\"https:\/\/luchonoticias.com\/editor\/\"},{\"@type\":\"ListItem\",\"position\":2,\"name\":\"Liga de F\u00fatbol y Comfamiliar Huila se &#8216;toman la mano&#8217;\"}]},{\"@type\":\"WebSite\",\"@id\":\"https:\/\/luchonoticias.com\/editor\/#website\",\"url\":\"https:\/\/luchonoticias.com\/editor\/\",\"name\":\"\",\"description\":\"\",\"publisher\":{\"@id\":\"https:\/\/luchonoticias.com\/editor\/#\/schema\/person\/7a7fd911f58561fd056dbac7b55af9cd\"},\"potentialAction\":[{\"@type\":\"SearchAction\",\"target\":{\"@type\":\"EntryPoint\",\"urlTemplate\":\"https:\/\/luchonoticias.com\/editor\/?s={search_term_string}\"},\"query-input\":{\"@type\":\"PropertyValueSpecification\",\"valueRequired\":true,\"valueName\":\"search_term_string\"}}],\"inLanguage\":\"es\"},{\"@type\":[\"Person\",\"Organization\"],\"@id\":\"https:\/\/luchonoticias.com\/editor\/#\/schema\/person\/7a7fd911f58561fd056dbac7b55af9cd\",\"name\":\"admin\",\"image\":{\"@type\":\"ImageObject\",\"inLanguage\":\"es\",\"@id\":\"https:\/\/luchonoticias.com\/editor\/#\/schema\/person\/image\/\",\"url\":\"https:\/\/luchonoticias.com\/editor\/wp-content\/uploads\/2024\/02\/cropped-cropped-logolu.webp\",\"contentUrl\":\"https:\/\/luchonoticias.com\/editor\/wp-content\/uploads\/2024\/02\/cropped-cropped-logolu.webp\",\"width\":382,\"height\":170,\"caption\":\"admin\"},\"logo\":{\"@id\":\"https:\/\/luchonoticias.com\/editor\/#\/schema\/person\/image\/\"},\"sameAs\":[\"https:\/\/www.facebook.com\/luchonoticiasneiva\"]},{\"@type\":\"Person\",\"@id\":\"https:\/\/luchonoticias.com\/editor\/#\/schema\/person\/29217990ddf6f14e35912b2866d591fb\",\"name\":\"Editor General\",\"image\":{\"@type\":\"ImageObject\",\"inLanguage\":\"es\",\"@id\":\"https:\/\/luchonoticias.com\/editor\/#\/schema\/person\/image\/\",\"url\":\"https:\/\/luchonoticias.com\/editor\/wp-content\/uploads\/2024\/02\/cropped-cropped-logolu-150x150.webp\",\"contentUrl\":\"https:\/\/luchonoticias.com\/editor\/wp-content\/uploads\/2024\/02\/cropped-cropped-logolu-150x150.webp\",\"caption\":\"Editor General\"},\"sameAs\":[\"https:\/\/luchonoticias.com\/\"],\"url\":\"https:\/\/luchonoticias.com\/editor\/author\/editor-general\/\"}]}<\/script>\n<!-- \/ Yoast SEO plugin. -->","yoast_head_json":{"title":"Liga de F\u00fatbol y Comfamiliar Huila se 'toman la mano' -","robots":{"index":"index","follow":"follow","max-snippet":"max-snippet:-1","max-image-preview":"max-image-preview:large","max-video-preview":"max-video-preview:-1"},"canonical":"https:\/\/luchonoticias.com\/editor\/liga-de-futbol-y-comfamiliar-huila-se-toman-la-mano\/","og_locale":"es_ES","og_type":"article","og_title":"Liga de F\u00fatbol y Comfamiliar Huila se 'toman la mano' -","og_url":"https:\/\/luchonoticias.com\/editor\/liga-de-futbol-y-comfamiliar-huila-se-toman-la-mano\/","article_publisher":"https:\/\/www.facebook.com\/luchonoticiasneiva","article_published_time":"2023-02-25T13:31:53+00:00","article_modified_time":"2023-02-25T13:31:54+00:00","author":"Editor General","twitter_card":"summary_large_image","twitter_misc":{"Escrito por":"Editor General","Tiempo de lectura":"1 minuto"},"schema":{"@context":"https:\/\/schema.org","@graph":[{"@type":"Article","@id":"https:\/\/luchonoticias.com\/editor\/liga-de-futbol-y-comfamiliar-huila-se-toman-la-mano\/#article","isPartOf":{"@id":"https:\/\/luchonoticias.com\/editor\/liga-de-futbol-y-comfamiliar-huila-se-toman-la-mano\/"},"author":{"name":"Editor General","@id":"https:\/\/luchonoticias.com\/editor\/#\/schema\/person\/29217990ddf6f14e35912b2866d591fb"},"headline":"Liga de F\u00fatbol y Comfamiliar Huila se &#8216;toman la mano&#8217;","datePublished":"2023-02-25T13:31:53+00:00","dateModified":"2023-02-25T13:31:54+00:00","mainEntityOfPage":{"@id":"https:\/\/luchonoticias.com\/editor\/liga-de-futbol-y-comfamiliar-huila-se-toman-la-mano\/"},"wordCount":225,"commentCount":0,"publisher":{"@id":"https:\/\/luchonoticias.com\/editor\/#\/schema\/person\/7a7fd911f58561fd056dbac7b55af9cd"},"articleSection":["Deportes"],"inLanguage":"es","potentialAction":[{"@type":"CommentAction","name":"Comment","target":["https:\/\/luchonoticias.com\/editor\/liga-de-futbol-y-comfamiliar-huila-se-toman-la-mano\/#respond"]}]},{"@type":"WebPage","@id":"https:\/\/luchonoticias.com\/editor\/liga-de-futbol-y-comfamiliar-huila-se-toman-la-mano\/","url":"https:\/\/luchonoticias.com\/editor\/liga-de-futbol-y-comfamiliar-huila-se-toman-la-mano\/","name":"Liga de F\u00fatbol y Comfamiliar Huila se 'toman la mano' -","isPartOf":{"@id":"https:\/\/luchonoticias.com\/editor\/#website"},"datePublished":"2023-02-25T13:31:53+00:00","dateModified":"2023-02-25T13:31:54+00:00","breadcrumb":{"@id":"https:\/\/luchonoticias.com\/editor\/liga-de-futbol-y-comfamiliar-huila-se-toman-la-mano\/#breadcrumb"},"inLanguage":"es","potentialAction":[{"@type":"ReadAction","target":["https:\/\/luchonoticias.com\/editor\/liga-de-futbol-y-comfamiliar-huila-se-toman-la-mano\/"]}]},{"@type":"BreadcrumbList","@id":"https:\/\/luchonoticias.com\/editor\/liga-de-futbol-y-comfamiliar-huila-se-toman-la-mano\/#breadcrumb","itemListElement":[{"@type":"ListItem","position":1,"name":"Portada","item":"https:\/\/luchonoticias.com\/editor\/"},{"@type":"ListItem","position":2,"name":"Liga de F\u00fatbol y Comfamiliar Huila se &#8216;toman la mano&#8217;"}]},{"@type":"WebSite","@id":"https:\/\/luchonoticias.com\/editor\/#website","url":"https:\/\/luchonoticias.com\/editor\/","name":"","description":"","publisher":{"@id":"https:\/\/luchonoticias.com\/editor\/#\/schema\/person\/7a7fd911f58561fd056dbac7b55af9cd"},"potentialAction":[{"@type":"SearchAction","target":{"@type":"EntryPoint","urlTemplate":"https:\/\/luchonoticias.com\/editor\/?s={search_term_string}"},"query-input":{"@type":"PropertyValueSpecification","valueRequired":true,"valueName":"search_term_string"}}],"inLanguage":"es"},{"@type":["Person","Organization"],"@id":"https:\/\/luchonoticias.com\/editor\/#\/schema\/person\/7a7fd911f58561fd056dbac7b55af9cd","name":"admin","image":{"@type":"ImageObject","inLanguage":"es","@id":"https:\/\/luchonoticias.com\/editor\/#\/schema\/person\/image\/","url":"https:\/\/luchonoticias.com\/editor\/wp-content\/uploads\/2024\/02\/cropped-cropped-logolu.webp","contentUrl":"https:\/\/luchonoticias.com\/editor\/wp-content\/uploads\/2024\/02\/cropped-cropped-logolu.webp","width":382,"height":170,"caption":"admin"},"logo":{"@id":"https:\/\/luchonoticias.com\/editor\/#\/schema\/person\/image\/"},"sameAs":["https:\/\/www.facebook.com\/luchonoticiasneiva"]},{"@type":"Person","@id":"https:\/\/luchonoticias.com\/editor\/#\/schema\/person\/29217990ddf6f14e35912b2866d591fb","name":"Editor General","image":{"@type":"ImageObject","inLanguage":"es","@id":"https:\/\/luchonoticias.com\/editor\/#\/schema\/person\/image\/","url":"https:\/\/luchonoticias.com\/editor\/wp-content\/uploads\/2024\/02\/cropped-cropped-logolu-150x150.webp","contentUrl":"https:\/\/luchonoticias.com\/editor\/wp-content\/uploads\/2024\/02\/cropped-cropped-logolu-150x150.webp","caption":"Editor General"},"sameAs":["https:\/\/luchonoticias.com\/"],"url":"https:\/\/luchonoticias.com\/editor\/author\/editor-general\/"}]}},"_links":{"self":[{"href":"https:\/\/luchonoticias.com\/editor\/wp-json\/wp\/v2\/posts\/46950","targetHints":{"allow":["GET"]}}],"collection":[{"href":"https:\/\/luchonoticias.com\/editor\/wp-json\/wp\/v2\/posts"}],"about":[{"href":"https:\/\/luchonoticias.com\/editor\/wp-json\/wp\/v2\/types\/post"}],"author":[{"embeddable":true,"href":"https:\/\/luchonoticias.com\/editor\/wp-json\/wp\/v2\/users\/2"}],"replies":[{"embeddable":true,"href":"https:\/\/luchonoticias.com\/editor\/wp-json\/wp\/v2\/comments?post=46950"}],"version-history":[{"count":0,"href":"https:\/\/luchonoticias.com\/editor\/wp-json\/wp\/v2\/posts\/46950\/revisions"}],"wp:attachment":[{"href":"https:\/\/luchonoticias.com\/editor\/wp-json\/wp\/v2\/media?parent=46950"}],"wp:term":[{"taxonomy":"category","embeddable":true,"href":"https:\/\/luchonoticias.com\/editor\/wp-json\/wp\/v2\/categories?post=46950"},{"taxonomy":"post_tag","embeddable":true,"href":"https:\/\/luchonoticias.com\/editor\/wp-json\/wp\/v2\/tags?post=46950"}],"curies":[{"name":"wp","href":"https:\/\/api.w.org\/{rel}","templated":true}]}}