{"id":46955,"date":"2023-02-25T17:16:56","date_gmt":"2023-02-25T22:16:56","guid":{"rendered":"https:\/\/luchonoticias.com\/?p=46955"},"modified":"2023-02-25T17:16:57","modified_gmt":"2023-02-25T22:16:57","slug":"seguridad-e-inversion-social-nuestra-apuesta-para-zona-rural-de-neiva-en-2023-gorky-munoz","status":"publish","type":"post","link":"https:\/\/luchonoticias.com\/editor\/seguridad-e-inversion-social-nuestra-apuesta-para-zona-rural-de-neiva-en-2023-gorky-munoz\/","title":{"rendered":"Seguridad e inversi\u00f3n social, nuestra apuesta para zona rural de Neiva en 2023: Gorky Mu\u00f1oz"},"content":{"rendered":"\n<p>En Consejo Extraordinario de Seguridad, la Alcald\u00eda Municipal convoc\u00f3 a la Polic\u00eda Metropolitana, Ej\u00e9rcito Nacional y al Ministerio P\u00fablico, para tratar una situaci\u00f3n que en materia de seguridad se viene presentando en el casco urbano y rural de la capital del Huila.<\/p>\n\n\n\n<p>\u201cQueremos hacerle seguimiento y acompa\u00f1amiento a los \u00faltimos sucesos que se han presentado en el occidente del municipio de Neiva.<\/p>\n\n\n\n<p>Estamos tomando medidas y acciones inmediatas para darle aplicabilidad\u201d dijo el Alcalde, Gorky Mu\u00f1oz Calder\u00f3n quien afirm\u00f3 adem\u00e1s que \u201cla apuesta de la Administraci\u00f3n Municipal seguir\u00e1 siendo la seguridad de los ciudadanos\u201d.<\/p>\n\n\n\n<figure class=\"wp-block-gallery has-nested-images columns-default is-cropped wp-block-gallery-1 is-layout-flex wp-block-gallery-is-layout-flex\">\n<figure class=\"wp-block-image size-large\"><img decoding=\"async\" data-id=\"46957\" src=\"https:\/\/luchonoticias.com\/wp-content\/uploads\/2023\/02\/WhatsApp-Image-2023-02-25-at-2.56.23-PM-1024x768.jpeg\" alt=\"\" class=\"wp-image-46957\"\/><\/figure>\n\n\n\n<figure class=\"wp-block-image size-large\"><img decoding=\"async\" data-id=\"46958\" src=\"https:\/\/luchonoticias.com\/wp-content\/uploads\/2023\/02\/WhatsApp-Image-2023-02-25-at-2.56.22-PM-1024x768.jpeg\" alt=\"\" class=\"wp-image-46958\"\/><\/figure>\n\n\n\n<figure class=\"wp-block-image size-large\"><img decoding=\"async\" data-id=\"46959\" src=\"https:\/\/luchonoticias.com\/wp-content\/uploads\/2023\/02\/WhatsApp-Image-2023-02-25-at-2.56.21-PM-1-1024x768.jpeg\" alt=\"\" class=\"wp-image-46959\"\/><\/figure>\n<\/figure>\n\n\n\n<p><strong>Inversi\u00f3n social y seguridad<\/strong><\/p>\n\n\n\n<p>Este factor, m\u00e1s proyectos de inversi\u00f3n social, ser\u00e1 fundamental para romper las brechas y devolverle la tranquilidad a los neivanos de sector urbano y rural. En los pr\u00f3ximos d\u00edas se realizar\u00e1 la entrega de obras para los corregimientos.<\/p>\n\n\n\n<p>\u201cVamos a inaugurar algunas obras de importancia en el sector occidental de Neiva. entregaremos seis escuelas veredales, proyectos de placa huella, muros de contenci\u00f3n, esquemas para la educaci\u00f3n de nuestros ni\u00f1os y ni\u00f1as, entregaremos tecnolog\u00eda, y, adem\u00e1s, vamos a revisar la obra de la cubierta fotovoltaica en Aipecito, para que la instituci\u00f3n educativa de esa zona, reciba energ\u00eda el\u00e9ctrica por medio del sol\u201d puntualiz\u00f3 el mandatario de los neivanos.<\/p>\n\n\n\n<p>El respaldo de la Fuerza P\u00fablica ser\u00e1 fundamental en el trabajo que pretende realizar la Administraci\u00f3n Municipal para atacar a los grupos delincuenciales que le vienen haciendo da\u00f1o a los ciudadanos. En el caso de Neiva, las medidas que se fijaron por medio del Decreto 0163 de 2023, empezar\u00e1n a regir desde el 1 de marzo.<\/p>\n","protected":false},"excerpt":{"rendered":"<p>En Consejo Extraordinario de Seguridad, la Alcald\u00eda Municipal convoc\u00f3 a la Polic\u00eda Metropolitana, Ej\u00e9rcito Nacional y al Ministerio P\u00fablico, para tratar una situaci\u00f3n que en materia de seguridad se viene presentando en el casco urbano y rural de la capital del Huila. \u201cQueremos hacerle seguimiento y acompa\u00f1amiento a los \u00faltimos sucesos que se han presentado [&hellip;]<\/p>\n","protected":false},"author":2,"featured_media":0,"comment_status":"open","ping_status":"open","sticky":false,"template":"","format":"standard","meta":{"footnotes":""},"categories":[36,53],"tags":[],"class_list":["post-46955","post","type-post","status-publish","format-standard","hentry","category-destacado","category-neiva"],"yoast_head":"<!-- This site is optimized with the Yoast SEO plugin v26.6 - https:\/\/yoast.com\/wordpress\/plugins\/seo\/ -->\n<title>Seguridad e inversi\u00f3n social, nuestra apuesta para zona rural de Neiva en 2023: Gorky Mu\u00f1oz -<\/title>\n<meta name=\"robots\" content=\"index, follow, max-snippet:-1, max-image-preview:large, max-video-preview:-1\" \/>\n<link rel=\"canonical\" href=\"https:\/\/luchonoticias.com\/editor\/seguridad-e-inversion-social-nuestra-apuesta-para-zona-rural-de-neiva-en-2023-gorky-munoz\/\" \/>\n<meta property=\"og:locale\" content=\"es_ES\" \/>\n<meta property=\"og:type\" content=\"article\" \/>\n<meta property=\"og:title\" content=\"Seguridad e inversi\u00f3n social, nuestra apuesta para zona rural de Neiva en 2023: Gorky Mu\u00f1oz -\" \/>\n<meta property=\"og:url\" content=\"https:\/\/luchonoticias.com\/editor\/seguridad-e-inversion-social-nuestra-apuesta-para-zona-rural-de-neiva-en-2023-gorky-munoz\/\" \/>\n<meta property=\"article:publisher\" content=\"https:\/\/www.facebook.com\/luchonoticiasneiva\" \/>\n<meta property=\"article:published_time\" content=\"2023-02-25T22:16:56+00:00\" \/>\n<meta property=\"article:modified_time\" content=\"2023-02-25T22:16:57+00:00\" \/>\n<meta property=\"og:image\" content=\"https:\/\/luchonoticias.com\/wp-content\/uploads\/2023\/02\/WhatsApp-Image-2023-02-25-at-2.56.23-PM-1024x768.jpeg\" \/>\n<meta name=\"author\" content=\"Editor General\" \/>\n<meta name=\"twitter:card\" content=\"summary_large_image\" \/>\n<meta name=\"twitter:label1\" content=\"Escrito por\" \/>\n\t<meta name=\"twitter:data1\" content=\"Editor General\" \/>\n\t<meta name=\"twitter:label2\" content=\"Tiempo de lectura\" \/>\n\t<meta name=\"twitter:data2\" content=\"1 minuto\" \/>\n<script type=\"application\/ld+json\" class=\"yoast-schema-graph\">{\"@context\":\"https:\/\/schema.org\",\"@graph\":[{\"@type\":\"Article\",\"@id\":\"https:\/\/luchonoticias.com\/editor\/seguridad-e-inversion-social-nuestra-apuesta-para-zona-rural-de-neiva-en-2023-gorky-munoz\/#article\",\"isPartOf\":{\"@id\":\"https:\/\/luchonoticias.com\/editor\/seguridad-e-inversion-social-nuestra-apuesta-para-zona-rural-de-neiva-en-2023-gorky-munoz\/\"},\"author\":{\"name\":\"Editor General\",\"@id\":\"https:\/\/luchonoticias.com\/editor\/#\/schema\/person\/29217990ddf6f14e35912b2866d591fb\"},\"headline\":\"Seguridad e inversi\u00f3n social, nuestra apuesta para zona rural de Neiva en 2023: Gorky Mu\u00f1oz\",\"datePublished\":\"2023-02-25T22:16:56+00:00\",\"dateModified\":\"2023-02-25T22:16:57+00:00\",\"mainEntityOfPage\":{\"@id\":\"https:\/\/luchonoticias.com\/editor\/seguridad-e-inversion-social-nuestra-apuesta-para-zona-rural-de-neiva-en-2023-gorky-munoz\/\"},\"wordCount\":302,\"commentCount\":0,\"publisher\":{\"@id\":\"https:\/\/luchonoticias.com\/editor\/#\/schema\/person\/7a7fd911f58561fd056dbac7b55af9cd\"},\"image\":{\"@id\":\"https:\/\/luchonoticias.com\/editor\/seguridad-e-inversion-social-nuestra-apuesta-para-zona-rural-de-neiva-en-2023-gorky-munoz\/#primaryimage\"},\"thumbnailUrl\":\"https:\/\/luchonoticias.com\/wp-content\/uploads\/2023\/02\/WhatsApp-Image-2023-02-25-at-2.56.23-PM-1024x768.jpeg\",\"articleSection\":[\"Destacado\",\"Neiva\"],\"inLanguage\":\"es\",\"potentialAction\":[{\"@type\":\"CommentAction\",\"name\":\"Comment\",\"target\":[\"https:\/\/luchonoticias.com\/editor\/seguridad-e-inversion-social-nuestra-apuesta-para-zona-rural-de-neiva-en-2023-gorky-munoz\/#respond\"]}]},{\"@type\":\"WebPage\",\"@id\":\"https:\/\/luchonoticias.com\/editor\/seguridad-e-inversion-social-nuestra-apuesta-para-zona-rural-de-neiva-en-2023-gorky-munoz\/\",\"url\":\"https:\/\/luchonoticias.com\/editor\/seguridad-e-inversion-social-nuestra-apuesta-para-zona-rural-de-neiva-en-2023-gorky-munoz\/\",\"name\":\"Seguridad e inversi\u00f3n social, nuestra apuesta para zona rural de Neiva en 2023: Gorky Mu\u00f1oz -\",\"isPartOf\":{\"@id\":\"https:\/\/luchonoticias.com\/editor\/#website\"},\"primaryImageOfPage\":{\"@id\":\"https:\/\/luchonoticias.com\/editor\/seguridad-e-inversion-social-nuestra-apuesta-para-zona-rural-de-neiva-en-2023-gorky-munoz\/#primaryimage\"},\"image\":{\"@id\":\"https:\/\/luchonoticias.com\/editor\/seguridad-e-inversion-social-nuestra-apuesta-para-zona-rural-de-neiva-en-2023-gorky-munoz\/#primaryimage\"},\"thumbnailUrl\":\"https:\/\/luchonoticias.com\/wp-content\/uploads\/2023\/02\/WhatsApp-Image-2023-02-25-at-2.56.23-PM-1024x768.jpeg\",\"datePublished\":\"2023-02-25T22:16:56+00:00\",\"dateModified\":\"2023-02-25T22:16:57+00:00\",\"breadcrumb\":{\"@id\":\"https:\/\/luchonoticias.com\/editor\/seguridad-e-inversion-social-nuestra-apuesta-para-zona-rural-de-neiva-en-2023-gorky-munoz\/#breadcrumb\"},\"inLanguage\":\"es\",\"potentialAction\":[{\"@type\":\"ReadAction\",\"target\":[\"https:\/\/luchonoticias.com\/editor\/seguridad-e-inversion-social-nuestra-apuesta-para-zona-rural-de-neiva-en-2023-gorky-munoz\/\"]}]},{\"@type\":\"ImageObject\",\"inLanguage\":\"es\",\"@id\":\"https:\/\/luchonoticias.com\/editor\/seguridad-e-inversion-social-nuestra-apuesta-para-zona-rural-de-neiva-en-2023-gorky-munoz\/#primaryimage\",\"url\":\"https:\/\/luchonoticias.com\/wp-content\/uploads\/2023\/02\/WhatsApp-Image-2023-02-25-at-2.56.23-PM-1024x768.jpeg\",\"contentUrl\":\"https:\/\/luchonoticias.com\/wp-content\/uploads\/2023\/02\/WhatsApp-Image-2023-02-25-at-2.56.23-PM-1024x768.jpeg\"},{\"@type\":\"BreadcrumbList\",\"@id\":\"https:\/\/luchonoticias.com\/editor\/seguridad-e-inversion-social-nuestra-apuesta-para-zona-rural-de-neiva-en-2023-gorky-munoz\/#breadcrumb\",\"itemListElement\":[{\"@type\":\"ListItem\",\"position\":1,\"name\":\"Portada\",\"item\":\"https:\/\/luchonoticias.com\/editor\/\"},{\"@type\":\"ListItem\",\"position\":2,\"name\":\"Seguridad e inversi\u00f3n social, nuestra apuesta para zona rural de Neiva en 2023: Gorky Mu\u00f1oz\"}]},{\"@type\":\"WebSite\",\"@id\":\"https:\/\/luchonoticias.com\/editor\/#website\",\"url\":\"https:\/\/luchonoticias.com\/editor\/\",\"name\":\"\",\"description\":\"\",\"publisher\":{\"@id\":\"https:\/\/luchonoticias.com\/editor\/#\/schema\/person\/7a7fd911f58561fd056dbac7b55af9cd\"},\"potentialAction\":[{\"@type\":\"SearchAction\",\"target\":{\"@type\":\"EntryPoint\",\"urlTemplate\":\"https:\/\/luchonoticias.com\/editor\/?s={search_term_string}\"},\"query-input\":{\"@type\":\"PropertyValueSpecification\",\"valueRequired\":true,\"valueName\":\"search_term_string\"}}],\"inLanguage\":\"es\"},{\"@type\":[\"Person\",\"Organization\"],\"@id\":\"https:\/\/luchonoticias.com\/editor\/#\/schema\/person\/7a7fd911f58561fd056dbac7b55af9cd\",\"name\":\"admin\",\"image\":{\"@type\":\"ImageObject\",\"inLanguage\":\"es\",\"@id\":\"https:\/\/luchonoticias.com\/editor\/#\/schema\/person\/image\/\",\"url\":\"https:\/\/luchonoticias.com\/editor\/wp-content\/uploads\/2024\/02\/cropped-cropped-logolu.webp\",\"contentUrl\":\"https:\/\/luchonoticias.com\/editor\/wp-content\/uploads\/2024\/02\/cropped-cropped-logolu.webp\",\"width\":382,\"height\":170,\"caption\":\"admin\"},\"logo\":{\"@id\":\"https:\/\/luchonoticias.com\/editor\/#\/schema\/person\/image\/\"},\"sameAs\":[\"https:\/\/www.facebook.com\/luchonoticiasneiva\"]},{\"@type\":\"Person\",\"@id\":\"https:\/\/luchonoticias.com\/editor\/#\/schema\/person\/29217990ddf6f14e35912b2866d591fb\",\"name\":\"Editor General\",\"image\":{\"@type\":\"ImageObject\",\"inLanguage\":\"es\",\"@id\":\"https:\/\/luchonoticias.com\/editor\/#\/schema\/person\/image\/\",\"url\":\"https:\/\/luchonoticias.com\/editor\/wp-content\/uploads\/2024\/02\/cropped-cropped-logolu-150x150.webp\",\"contentUrl\":\"https:\/\/luchonoticias.com\/editor\/wp-content\/uploads\/2024\/02\/cropped-cropped-logolu-150x150.webp\",\"caption\":\"Editor General\"},\"sameAs\":[\"https:\/\/luchonoticias.com\/\"],\"url\":\"https:\/\/luchonoticias.com\/editor\/author\/editor-general\/\"}]}<\/script>\n<!-- \/ Yoast SEO plugin. -->","yoast_head_json":{"title":"Seguridad e inversi\u00f3n social, nuestra apuesta para zona rural de Neiva en 2023: Gorky Mu\u00f1oz -","robots":{"index":"index","follow":"follow","max-snippet":"max-snippet:-1","max-image-preview":"max-image-preview:large","max-video-preview":"max-video-preview:-1"},"canonical":"https:\/\/luchonoticias.com\/editor\/seguridad-e-inversion-social-nuestra-apuesta-para-zona-rural-de-neiva-en-2023-gorky-munoz\/","og_locale":"es_ES","og_type":"article","og_title":"Seguridad e inversi\u00f3n social, nuestra apuesta para zona rural de Neiva en 2023: Gorky Mu\u00f1oz -","og_url":"https:\/\/luchonoticias.com\/editor\/seguridad-e-inversion-social-nuestra-apuesta-para-zona-rural-de-neiva-en-2023-gorky-munoz\/","article_publisher":"https:\/\/www.facebook.com\/luchonoticiasneiva","article_published_time":"2023-02-25T22:16:56+00:00","article_modified_time":"2023-02-25T22:16:57+00:00","og_image":[{"url":"https:\/\/luchonoticias.com\/wp-content\/uploads\/2023\/02\/WhatsApp-Image-2023-02-25-at-2.56.23-PM-1024x768.jpeg","type":"","width":"","height":""}],"author":"Editor General","twitter_card":"summary_large_image","twitter_misc":{"Escrito por":"Editor General","Tiempo de lectura":"1 minuto"},"schema":{"@context":"https:\/\/schema.org","@graph":[{"@type":"Article","@id":"https:\/\/luchonoticias.com\/editor\/seguridad-e-inversion-social-nuestra-apuesta-para-zona-rural-de-neiva-en-2023-gorky-munoz\/#article","isPartOf":{"@id":"https:\/\/luchonoticias.com\/editor\/seguridad-e-inversion-social-nuestra-apuesta-para-zona-rural-de-neiva-en-2023-gorky-munoz\/"},"author":{"name":"Editor General","@id":"https:\/\/luchonoticias.com\/editor\/#\/schema\/person\/29217990ddf6f14e35912b2866d591fb"},"headline":"Seguridad e inversi\u00f3n social, nuestra apuesta para zona rural de Neiva en 2023: Gorky Mu\u00f1oz","datePublished":"2023-02-25T22:16:56+00:00","dateModified":"2023-02-25T22:16:57+00:00","mainEntityOfPage":{"@id":"https:\/\/luchonoticias.com\/editor\/seguridad-e-inversion-social-nuestra-apuesta-para-zona-rural-de-neiva-en-2023-gorky-munoz\/"},"wordCount":302,"commentCount":0,"publisher":{"@id":"https:\/\/luchonoticias.com\/editor\/#\/schema\/person\/7a7fd911f58561fd056dbac7b55af9cd"},"image":{"@id":"https:\/\/luchonoticias.com\/editor\/seguridad-e-inversion-social-nuestra-apuesta-para-zona-rural-de-neiva-en-2023-gorky-munoz\/#primaryimage"},"thumbnailUrl":"https:\/\/luchonoticias.com\/wp-content\/uploads\/2023\/02\/WhatsApp-Image-2023-02-25-at-2.56.23-PM-1024x768.jpeg","articleSection":["Destacado","Neiva"],"inLanguage":"es","potentialAction":[{"@type":"CommentAction","name":"Comment","target":["https:\/\/luchonoticias.com\/editor\/seguridad-e-inversion-social-nuestra-apuesta-para-zona-rural-de-neiva-en-2023-gorky-munoz\/#respond"]}]},{"@type":"WebPage","@id":"https:\/\/luchonoticias.com\/editor\/seguridad-e-inversion-social-nuestra-apuesta-para-zona-rural-de-neiva-en-2023-gorky-munoz\/","url":"https:\/\/luchonoticias.com\/editor\/seguridad-e-inversion-social-nuestra-apuesta-para-zona-rural-de-neiva-en-2023-gorky-munoz\/","name":"Seguridad e inversi\u00f3n social, nuestra apuesta para zona rural de Neiva en 2023: Gorky Mu\u00f1oz -","isPartOf":{"@id":"https:\/\/luchonoticias.com\/editor\/#website"},"primaryImageOfPage":{"@id":"https:\/\/luchonoticias.com\/editor\/seguridad-e-inversion-social-nuestra-apuesta-para-zona-rural-de-neiva-en-2023-gorky-munoz\/#primaryimage"},"image":{"@id":"https:\/\/luchonoticias.com\/editor\/seguridad-e-inversion-social-nuestra-apuesta-para-zona-rural-de-neiva-en-2023-gorky-munoz\/#primaryimage"},"thumbnailUrl":"https:\/\/luchonoticias.com\/wp-content\/uploads\/2023\/02\/WhatsApp-Image-2023-02-25-at-2.56.23-PM-1024x768.jpeg","datePublished":"2023-02-25T22:16:56+00:00","dateModified":"2023-02-25T22:16:57+00:00","breadcrumb":{"@id":"https:\/\/luchonoticias.com\/editor\/seguridad-e-inversion-social-nuestra-apuesta-para-zona-rural-de-neiva-en-2023-gorky-munoz\/#breadcrumb"},"inLanguage":"es","potentialAction":[{"@type":"ReadAction","target":["https:\/\/luchonoticias.com\/editor\/seguridad-e-inversion-social-nuestra-apuesta-para-zona-rural-de-neiva-en-2023-gorky-munoz\/"]}]},{"@type":"ImageObject","inLanguage":"es","@id":"https:\/\/luchonoticias.com\/editor\/seguridad-e-inversion-social-nuestra-apuesta-para-zona-rural-de-neiva-en-2023-gorky-munoz\/#primaryimage","url":"https:\/\/luchonoticias.com\/wp-content\/uploads\/2023\/02\/WhatsApp-Image-2023-02-25-at-2.56.23-PM-1024x768.jpeg","contentUrl":"https:\/\/luchonoticias.com\/wp-content\/uploads\/2023\/02\/WhatsApp-Image-2023-02-25-at-2.56.23-PM-1024x768.jpeg"},{"@type":"BreadcrumbList","@id":"https:\/\/luchonoticias.com\/editor\/seguridad-e-inversion-social-nuestra-apuesta-para-zona-rural-de-neiva-en-2023-gorky-munoz\/#breadcrumb","itemListElement":[{"@type":"ListItem","position":1,"name":"Portada","item":"https:\/\/luchonoticias.com\/editor\/"},{"@type":"ListItem","position":2,"name":"Seguridad e inversi\u00f3n social, nuestra apuesta para zona rural de Neiva en 2023: Gorky Mu\u00f1oz"}]},{"@type":"WebSite","@id":"https:\/\/luchonoticias.com\/editor\/#website","url":"https:\/\/luchonoticias.com\/editor\/","name":"","description":"","publisher":{"@id":"https:\/\/luchonoticias.com\/editor\/#\/schema\/person\/7a7fd911f58561fd056dbac7b55af9cd"},"potentialAction":[{"@type":"SearchAction","target":{"@type":"EntryPoint","urlTemplate":"https:\/\/luchonoticias.com\/editor\/?s={search_term_string}"},"query-input":{"@type":"PropertyValueSpecification","valueRequired":true,"valueName":"search_term_string"}}],"inLanguage":"es"},{"@type":["Person","Organization"],"@id":"https:\/\/luchonoticias.com\/editor\/#\/schema\/person\/7a7fd911f58561fd056dbac7b55af9cd","name":"admin","image":{"@type":"ImageObject","inLanguage":"es","@id":"https:\/\/luchonoticias.com\/editor\/#\/schema\/person\/image\/","url":"https:\/\/luchonoticias.com\/editor\/wp-content\/uploads\/2024\/02\/cropped-cropped-logolu.webp","contentUrl":"https:\/\/luchonoticias.com\/editor\/wp-content\/uploads\/2024\/02\/cropped-cropped-logolu.webp","width":382,"height":170,"caption":"admin"},"logo":{"@id":"https:\/\/luchonoticias.com\/editor\/#\/schema\/person\/image\/"},"sameAs":["https:\/\/www.facebook.com\/luchonoticiasneiva"]},{"@type":"Person","@id":"https:\/\/luchonoticias.com\/editor\/#\/schema\/person\/29217990ddf6f14e35912b2866d591fb","name":"Editor General","image":{"@type":"ImageObject","inLanguage":"es","@id":"https:\/\/luchonoticias.com\/editor\/#\/schema\/person\/image\/","url":"https:\/\/luchonoticias.com\/editor\/wp-content\/uploads\/2024\/02\/cropped-cropped-logolu-150x150.webp","contentUrl":"https:\/\/luchonoticias.com\/editor\/wp-content\/uploads\/2024\/02\/cropped-cropped-logolu-150x150.webp","caption":"Editor General"},"sameAs":["https:\/\/luchonoticias.com\/"],"url":"https:\/\/luchonoticias.com\/editor\/author\/editor-general\/"}]}},"_links":{"self":[{"href":"https:\/\/luchonoticias.com\/editor\/wp-json\/wp\/v2\/posts\/46955","targetHints":{"allow":["GET"]}}],"collection":[{"href":"https:\/\/luchonoticias.com\/editor\/wp-json\/wp\/v2\/posts"}],"about":[{"href":"https:\/\/luchonoticias.com\/editor\/wp-json\/wp\/v2\/types\/post"}],"author":[{"embeddable":true,"href":"https:\/\/luchonoticias.com\/editor\/wp-json\/wp\/v2\/users\/2"}],"replies":[{"embeddable":true,"href":"https:\/\/luchonoticias.com\/editor\/wp-json\/wp\/v2\/comments?post=46955"}],"version-history":[{"count":0,"href":"https:\/\/luchonoticias.com\/editor\/wp-json\/wp\/v2\/posts\/46955\/revisions"}],"wp:attachment":[{"href":"https:\/\/luchonoticias.com\/editor\/wp-json\/wp\/v2\/media?parent=46955"}],"wp:term":[{"taxonomy":"category","embeddable":true,"href":"https:\/\/luchonoticias.com\/editor\/wp-json\/wp\/v2\/categories?post=46955"},{"taxonomy":"post_tag","embeddable":true,"href":"https:\/\/luchonoticias.com\/editor\/wp-json\/wp\/v2\/tags?post=46955"}],"curies":[{"name":"wp","href":"https:\/\/api.w.org\/{rel}","templated":true}]}}