{"id":46961,"date":"2023-02-25T17:29:57","date_gmt":"2023-02-25T22:29:57","guid":{"rendered":"https:\/\/luchonoticias.com\/?p=46961"},"modified":"2023-02-25T17:29:59","modified_gmt":"2023-02-25T22:29:59","slug":"como-un-heroe-el-huila-despidio-al-joven-soldado-wilmer-vargas-medina","status":"publish","type":"post","link":"https:\/\/luchonoticias.com\/editor\/como-un-heroe-el-huila-despidio-al-joven-soldado-wilmer-vargas-medina\/","title":{"rendered":"\u00a1Como un H\u00e9roe! El Huila despidi\u00f3 al joven soldado Wilmer Vargas Medina"},"content":{"rendered":"\n<p>Con honores, fue sepultado el d\u00eda de hoy en el municipio de Pitalito el Soldado Profesional Wilmer Vargas Medina, quien fue cruelmente asesinado en una emboscada el pasado 21 de febrero a su pelot\u00f3n en zona rural del municipio de La Plata por parte del Grupo Armado Organizado residual Columna M\u00f3vil Dagoberto Ramos de las disidencias de las FARC.<\/p>\n\n\n\n<figure class=\"wp-block-gallery has-nested-images columns-default is-cropped wp-block-gallery-1 is-layout-flex wp-block-gallery-is-layout-flex\">\n<figure class=\"wp-block-image size-large\"><img decoding=\"async\" data-id=\"46964\" src=\"https:\/\/luchonoticias.com\/wp-content\/uploads\/2023\/02\/WhatsApp-Image-2023-02-25-at-1.25.41-PM-1-1024x682.jpeg\" alt=\"\" class=\"wp-image-46964\"\/><\/figure>\n\n\n\n<figure class=\"wp-block-image size-large\"><img decoding=\"async\" data-id=\"46963\" src=\"https:\/\/luchonoticias.com\/wp-content\/uploads\/2023\/02\/WhatsApp-Image-2023-02-25-at-1.05.39-PM-2-1024x683.jpeg\" alt=\"\" class=\"wp-image-46963\"\/><\/figure>\n\n\n\n<figure class=\"wp-block-image size-large\"><img decoding=\"async\" data-id=\"46965\" src=\"https:\/\/luchonoticias.com\/wp-content\/uploads\/2023\/02\/WhatsApp-Image-2023-02-25-at-1.05.39-PM-1-1024x683.jpeg\" alt=\"\" class=\"wp-image-46965\"\/><\/figure>\n<\/figure>\n\n\n\n<p>Sus honras f\u00fanebres, fueron realizadas en presencia de su se\u00f1ora madre y dem\u00e1s familiares quienes rechazaron el hecho terrorista, donde tambi\u00e9n result\u00f3 herido un Oficial del Ej\u00e9rcito Nacional.<\/p>\n\n\n\n<figure class=\"wp-block-gallery has-nested-images columns-default is-cropped wp-block-gallery-2 is-layout-flex wp-block-gallery-is-layout-flex\">\n<figure class=\"wp-block-image size-large\"><img decoding=\"async\" data-id=\"46967\" src=\"https:\/\/luchonoticias.com\/wp-content\/uploads\/2023\/02\/WhatsApp-Image-2023-02-25-at-1.02.11-PM-1-1024x683.jpeg\" alt=\"\" class=\"wp-image-46967\"\/><\/figure>\n\n\n\n<figure class=\"wp-block-image size-large\"><img decoding=\"async\" data-id=\"46966\" src=\"https:\/\/luchonoticias.com\/wp-content\/uploads\/2023\/02\/WhatsApp-Image-2023-02-25-at-1.02.11-PM-1024x682.jpeg\" alt=\"\" class=\"wp-image-46966\"\/><\/figure>\n\n\n\n<figure class=\"wp-block-image size-large\"><img decoding=\"async\" data-id=\"46968\" src=\"https:\/\/luchonoticias.com\/wp-content\/uploads\/2023\/02\/WhatsApp-Image-2023-02-25-at-1.02.10-PM-1024x683.jpeg\" alt=\"\" class=\"wp-image-46968\"\/><\/figure>\n<\/figure>\n\n\n\n<p>\u201cDespedimos a nuestro Soldado Profesional de #NovenaBrigada @COL_EJERCITO, Wilmer Vargas. Rendimos tributo a su memoria y sacrificio supremo, luego que el pasado 21 de febrero fuera asesinado por GAOr en zona rural de La Plata\u201d, indicaron la Novena Brigada, quienes en conjunto de todas las autoridades huilenses, le han rendido esta despedida a este H\u00e9roe Huilense que dio su vida por la seguridad del Departamento.<\/p>\n","protected":false},"excerpt":{"rendered":"<p>Con honores, fue sepultado el d\u00eda de hoy en el municipio de Pitalito el Soldado Profesional Wilmer Vargas Medina, quien fue cruelmente asesinado en una emboscada el pasado 21 de febrero a su pelot\u00f3n en zona rural del municipio de La Plata por parte del Grupo Armado Organizado residual Columna M\u00f3vil Dagoberto Ramos de las [&hellip;]<\/p>\n","protected":false},"author":2,"featured_media":0,"comment_status":"open","ping_status":"open","sticky":false,"template":"","format":"standard","meta":{"footnotes":""},"categories":[36,29],"tags":[],"class_list":["post-46961","post","type-post","status-publish","format-standard","hentry","category-destacado","category-judicial"],"yoast_head":"<!-- This site is optimized with the Yoast SEO plugin v26.6 - https:\/\/yoast.com\/wordpress\/plugins\/seo\/ -->\n<title>\u00a1Como un H\u00e9roe! El Huila despidi\u00f3 al joven soldado Wilmer Vargas Medina -<\/title>\n<meta name=\"robots\" content=\"index, follow, max-snippet:-1, max-image-preview:large, max-video-preview:-1\" \/>\n<link rel=\"canonical\" href=\"https:\/\/luchonoticias.com\/editor\/como-un-heroe-el-huila-despidio-al-joven-soldado-wilmer-vargas-medina\/\" \/>\n<meta property=\"og:locale\" content=\"es_ES\" \/>\n<meta property=\"og:type\" content=\"article\" \/>\n<meta property=\"og:title\" content=\"\u00a1Como un H\u00e9roe! El Huila despidi\u00f3 al joven soldado Wilmer Vargas Medina -\" \/>\n<meta property=\"og:url\" content=\"https:\/\/luchonoticias.com\/editor\/como-un-heroe-el-huila-despidio-al-joven-soldado-wilmer-vargas-medina\/\" \/>\n<meta property=\"article:publisher\" content=\"https:\/\/www.facebook.com\/luchonoticiasneiva\" \/>\n<meta property=\"article:published_time\" content=\"2023-02-25T22:29:57+00:00\" \/>\n<meta property=\"article:modified_time\" content=\"2023-02-25T22:29:59+00:00\" \/>\n<meta property=\"og:image\" content=\"https:\/\/luchonoticias.com\/wp-content\/uploads\/2023\/02\/WhatsApp-Image-2023-02-25-at-1.25.41-PM-1-1024x682.jpeg\" \/>\n<meta name=\"author\" content=\"Editor General\" \/>\n<meta name=\"twitter:card\" content=\"summary_large_image\" \/>\n<meta name=\"twitter:label1\" content=\"Escrito por\" \/>\n\t<meta name=\"twitter:data1\" content=\"Editor General\" \/>\n\t<meta name=\"twitter:label2\" content=\"Tiempo de lectura\" \/>\n\t<meta name=\"twitter:data2\" content=\"1 minuto\" \/>\n<script type=\"application\/ld+json\" class=\"yoast-schema-graph\">{\"@context\":\"https:\/\/schema.org\",\"@graph\":[{\"@type\":\"Article\",\"@id\":\"https:\/\/luchonoticias.com\/editor\/como-un-heroe-el-huila-despidio-al-joven-soldado-wilmer-vargas-medina\/#article\",\"isPartOf\":{\"@id\":\"https:\/\/luchonoticias.com\/editor\/como-un-heroe-el-huila-despidio-al-joven-soldado-wilmer-vargas-medina\/\"},\"author\":{\"name\":\"Editor General\",\"@id\":\"https:\/\/luchonoticias.com\/editor\/#\/schema\/person\/29217990ddf6f14e35912b2866d591fb\"},\"headline\":\"\u00a1Como un H\u00e9roe! El Huila despidi\u00f3 al joven soldado Wilmer Vargas Medina\",\"datePublished\":\"2023-02-25T22:29:57+00:00\",\"dateModified\":\"2023-02-25T22:29:59+00:00\",\"mainEntityOfPage\":{\"@id\":\"https:\/\/luchonoticias.com\/editor\/como-un-heroe-el-huila-despidio-al-joven-soldado-wilmer-vargas-medina\/\"},\"wordCount\":173,\"commentCount\":0,\"publisher\":{\"@id\":\"https:\/\/luchonoticias.com\/editor\/#\/schema\/person\/7a7fd911f58561fd056dbac7b55af9cd\"},\"image\":{\"@id\":\"https:\/\/luchonoticias.com\/editor\/como-un-heroe-el-huila-despidio-al-joven-soldado-wilmer-vargas-medina\/#primaryimage\"},\"thumbnailUrl\":\"https:\/\/luchonoticias.com\/wp-content\/uploads\/2023\/02\/WhatsApp-Image-2023-02-25-at-1.25.41-PM-1-1024x682.jpeg\",\"articleSection\":[\"Destacado\",\"Judicial\"],\"inLanguage\":\"es\",\"potentialAction\":[{\"@type\":\"CommentAction\",\"name\":\"Comment\",\"target\":[\"https:\/\/luchonoticias.com\/editor\/como-un-heroe-el-huila-despidio-al-joven-soldado-wilmer-vargas-medina\/#respond\"]}]},{\"@type\":\"WebPage\",\"@id\":\"https:\/\/luchonoticias.com\/editor\/como-un-heroe-el-huila-despidio-al-joven-soldado-wilmer-vargas-medina\/\",\"url\":\"https:\/\/luchonoticias.com\/editor\/como-un-heroe-el-huila-despidio-al-joven-soldado-wilmer-vargas-medina\/\",\"name\":\"\u00a1Como un H\u00e9roe! El Huila despidi\u00f3 al joven soldado Wilmer Vargas Medina -\",\"isPartOf\":{\"@id\":\"https:\/\/luchonoticias.com\/editor\/#website\"},\"primaryImageOfPage\":{\"@id\":\"https:\/\/luchonoticias.com\/editor\/como-un-heroe-el-huila-despidio-al-joven-soldado-wilmer-vargas-medina\/#primaryimage\"},\"image\":{\"@id\":\"https:\/\/luchonoticias.com\/editor\/como-un-heroe-el-huila-despidio-al-joven-soldado-wilmer-vargas-medina\/#primaryimage\"},\"thumbnailUrl\":\"https:\/\/luchonoticias.com\/wp-content\/uploads\/2023\/02\/WhatsApp-Image-2023-02-25-at-1.25.41-PM-1-1024x682.jpeg\",\"datePublished\":\"2023-02-25T22:29:57+00:00\",\"dateModified\":\"2023-02-25T22:29:59+00:00\",\"breadcrumb\":{\"@id\":\"https:\/\/luchonoticias.com\/editor\/como-un-heroe-el-huila-despidio-al-joven-soldado-wilmer-vargas-medina\/#breadcrumb\"},\"inLanguage\":\"es\",\"potentialAction\":[{\"@type\":\"ReadAction\",\"target\":[\"https:\/\/luchonoticias.com\/editor\/como-un-heroe-el-huila-despidio-al-joven-soldado-wilmer-vargas-medina\/\"]}]},{\"@type\":\"ImageObject\",\"inLanguage\":\"es\",\"@id\":\"https:\/\/luchonoticias.com\/editor\/como-un-heroe-el-huila-despidio-al-joven-soldado-wilmer-vargas-medina\/#primaryimage\",\"url\":\"https:\/\/luchonoticias.com\/wp-content\/uploads\/2023\/02\/WhatsApp-Image-2023-02-25-at-1.25.41-PM-1-1024x682.jpeg\",\"contentUrl\":\"https:\/\/luchonoticias.com\/wp-content\/uploads\/2023\/02\/WhatsApp-Image-2023-02-25-at-1.25.41-PM-1-1024x682.jpeg\"},{\"@type\":\"BreadcrumbList\",\"@id\":\"https:\/\/luchonoticias.com\/editor\/como-un-heroe-el-huila-despidio-al-joven-soldado-wilmer-vargas-medina\/#breadcrumb\",\"itemListElement\":[{\"@type\":\"ListItem\",\"position\":1,\"name\":\"Portada\",\"item\":\"https:\/\/luchonoticias.com\/editor\/\"},{\"@type\":\"ListItem\",\"position\":2,\"name\":\"\u00a1Como un H\u00e9roe! El Huila despidi\u00f3 al joven soldado Wilmer Vargas Medina\"}]},{\"@type\":\"WebSite\",\"@id\":\"https:\/\/luchonoticias.com\/editor\/#website\",\"url\":\"https:\/\/luchonoticias.com\/editor\/\",\"name\":\"\",\"description\":\"\",\"publisher\":{\"@id\":\"https:\/\/luchonoticias.com\/editor\/#\/schema\/person\/7a7fd911f58561fd056dbac7b55af9cd\"},\"potentialAction\":[{\"@type\":\"SearchAction\",\"target\":{\"@type\":\"EntryPoint\",\"urlTemplate\":\"https:\/\/luchonoticias.com\/editor\/?s={search_term_string}\"},\"query-input\":{\"@type\":\"PropertyValueSpecification\",\"valueRequired\":true,\"valueName\":\"search_term_string\"}}],\"inLanguage\":\"es\"},{\"@type\":[\"Person\",\"Organization\"],\"@id\":\"https:\/\/luchonoticias.com\/editor\/#\/schema\/person\/7a7fd911f58561fd056dbac7b55af9cd\",\"name\":\"admin\",\"image\":{\"@type\":\"ImageObject\",\"inLanguage\":\"es\",\"@id\":\"https:\/\/luchonoticias.com\/editor\/#\/schema\/person\/image\/\",\"url\":\"https:\/\/luchonoticias.com\/editor\/wp-content\/uploads\/2024\/02\/cropped-cropped-logolu.webp\",\"contentUrl\":\"https:\/\/luchonoticias.com\/editor\/wp-content\/uploads\/2024\/02\/cropped-cropped-logolu.webp\",\"width\":382,\"height\":170,\"caption\":\"admin\"},\"logo\":{\"@id\":\"https:\/\/luchonoticias.com\/editor\/#\/schema\/person\/image\/\"},\"sameAs\":[\"https:\/\/www.facebook.com\/luchonoticiasneiva\"]},{\"@type\":\"Person\",\"@id\":\"https:\/\/luchonoticias.com\/editor\/#\/schema\/person\/29217990ddf6f14e35912b2866d591fb\",\"name\":\"Editor General\",\"image\":{\"@type\":\"ImageObject\",\"inLanguage\":\"es\",\"@id\":\"https:\/\/luchonoticias.com\/editor\/#\/schema\/person\/image\/\",\"url\":\"https:\/\/luchonoticias.com\/editor\/wp-content\/uploads\/2024\/02\/cropped-cropped-logolu-150x150.webp\",\"contentUrl\":\"https:\/\/luchonoticias.com\/editor\/wp-content\/uploads\/2024\/02\/cropped-cropped-logolu-150x150.webp\",\"caption\":\"Editor General\"},\"sameAs\":[\"https:\/\/luchonoticias.com\/\"],\"url\":\"https:\/\/luchonoticias.com\/editor\/author\/editor-general\/\"}]}<\/script>\n<!-- \/ Yoast SEO plugin. -->","yoast_head_json":{"title":"\u00a1Como un H\u00e9roe! El Huila despidi\u00f3 al joven soldado Wilmer Vargas Medina -","robots":{"index":"index","follow":"follow","max-snippet":"max-snippet:-1","max-image-preview":"max-image-preview:large","max-video-preview":"max-video-preview:-1"},"canonical":"https:\/\/luchonoticias.com\/editor\/como-un-heroe-el-huila-despidio-al-joven-soldado-wilmer-vargas-medina\/","og_locale":"es_ES","og_type":"article","og_title":"\u00a1Como un H\u00e9roe! El Huila despidi\u00f3 al joven soldado Wilmer Vargas Medina -","og_url":"https:\/\/luchonoticias.com\/editor\/como-un-heroe-el-huila-despidio-al-joven-soldado-wilmer-vargas-medina\/","article_publisher":"https:\/\/www.facebook.com\/luchonoticiasneiva","article_published_time":"2023-02-25T22:29:57+00:00","article_modified_time":"2023-02-25T22:29:59+00:00","og_image":[{"url":"https:\/\/luchonoticias.com\/wp-content\/uploads\/2023\/02\/WhatsApp-Image-2023-02-25-at-1.25.41-PM-1-1024x682.jpeg","type":"","width":"","height":""}],"author":"Editor General","twitter_card":"summary_large_image","twitter_misc":{"Escrito por":"Editor General","Tiempo de lectura":"1 minuto"},"schema":{"@context":"https:\/\/schema.org","@graph":[{"@type":"Article","@id":"https:\/\/luchonoticias.com\/editor\/como-un-heroe-el-huila-despidio-al-joven-soldado-wilmer-vargas-medina\/#article","isPartOf":{"@id":"https:\/\/luchonoticias.com\/editor\/como-un-heroe-el-huila-despidio-al-joven-soldado-wilmer-vargas-medina\/"},"author":{"name":"Editor General","@id":"https:\/\/luchonoticias.com\/editor\/#\/schema\/person\/29217990ddf6f14e35912b2866d591fb"},"headline":"\u00a1Como un H\u00e9roe! El Huila despidi\u00f3 al joven soldado Wilmer Vargas Medina","datePublished":"2023-02-25T22:29:57+00:00","dateModified":"2023-02-25T22:29:59+00:00","mainEntityOfPage":{"@id":"https:\/\/luchonoticias.com\/editor\/como-un-heroe-el-huila-despidio-al-joven-soldado-wilmer-vargas-medina\/"},"wordCount":173,"commentCount":0,"publisher":{"@id":"https:\/\/luchonoticias.com\/editor\/#\/schema\/person\/7a7fd911f58561fd056dbac7b55af9cd"},"image":{"@id":"https:\/\/luchonoticias.com\/editor\/como-un-heroe-el-huila-despidio-al-joven-soldado-wilmer-vargas-medina\/#primaryimage"},"thumbnailUrl":"https:\/\/luchonoticias.com\/wp-content\/uploads\/2023\/02\/WhatsApp-Image-2023-02-25-at-1.25.41-PM-1-1024x682.jpeg","articleSection":["Destacado","Judicial"],"inLanguage":"es","potentialAction":[{"@type":"CommentAction","name":"Comment","target":["https:\/\/luchonoticias.com\/editor\/como-un-heroe-el-huila-despidio-al-joven-soldado-wilmer-vargas-medina\/#respond"]}]},{"@type":"WebPage","@id":"https:\/\/luchonoticias.com\/editor\/como-un-heroe-el-huila-despidio-al-joven-soldado-wilmer-vargas-medina\/","url":"https:\/\/luchonoticias.com\/editor\/como-un-heroe-el-huila-despidio-al-joven-soldado-wilmer-vargas-medina\/","name":"\u00a1Como un H\u00e9roe! El Huila despidi\u00f3 al joven soldado Wilmer Vargas Medina -","isPartOf":{"@id":"https:\/\/luchonoticias.com\/editor\/#website"},"primaryImageOfPage":{"@id":"https:\/\/luchonoticias.com\/editor\/como-un-heroe-el-huila-despidio-al-joven-soldado-wilmer-vargas-medina\/#primaryimage"},"image":{"@id":"https:\/\/luchonoticias.com\/editor\/como-un-heroe-el-huila-despidio-al-joven-soldado-wilmer-vargas-medina\/#primaryimage"},"thumbnailUrl":"https:\/\/luchonoticias.com\/wp-content\/uploads\/2023\/02\/WhatsApp-Image-2023-02-25-at-1.25.41-PM-1-1024x682.jpeg","datePublished":"2023-02-25T22:29:57+00:00","dateModified":"2023-02-25T22:29:59+00:00","breadcrumb":{"@id":"https:\/\/luchonoticias.com\/editor\/como-un-heroe-el-huila-despidio-al-joven-soldado-wilmer-vargas-medina\/#breadcrumb"},"inLanguage":"es","potentialAction":[{"@type":"ReadAction","target":["https:\/\/luchonoticias.com\/editor\/como-un-heroe-el-huila-despidio-al-joven-soldado-wilmer-vargas-medina\/"]}]},{"@type":"ImageObject","inLanguage":"es","@id":"https:\/\/luchonoticias.com\/editor\/como-un-heroe-el-huila-despidio-al-joven-soldado-wilmer-vargas-medina\/#primaryimage","url":"https:\/\/luchonoticias.com\/wp-content\/uploads\/2023\/02\/WhatsApp-Image-2023-02-25-at-1.25.41-PM-1-1024x682.jpeg","contentUrl":"https:\/\/luchonoticias.com\/wp-content\/uploads\/2023\/02\/WhatsApp-Image-2023-02-25-at-1.25.41-PM-1-1024x682.jpeg"},{"@type":"BreadcrumbList","@id":"https:\/\/luchonoticias.com\/editor\/como-un-heroe-el-huila-despidio-al-joven-soldado-wilmer-vargas-medina\/#breadcrumb","itemListElement":[{"@type":"ListItem","position":1,"name":"Portada","item":"https:\/\/luchonoticias.com\/editor\/"},{"@type":"ListItem","position":2,"name":"\u00a1Como un H\u00e9roe! El Huila despidi\u00f3 al joven soldado Wilmer Vargas Medina"}]},{"@type":"WebSite","@id":"https:\/\/luchonoticias.com\/editor\/#website","url":"https:\/\/luchonoticias.com\/editor\/","name":"","description":"","publisher":{"@id":"https:\/\/luchonoticias.com\/editor\/#\/schema\/person\/7a7fd911f58561fd056dbac7b55af9cd"},"potentialAction":[{"@type":"SearchAction","target":{"@type":"EntryPoint","urlTemplate":"https:\/\/luchonoticias.com\/editor\/?s={search_term_string}"},"query-input":{"@type":"PropertyValueSpecification","valueRequired":true,"valueName":"search_term_string"}}],"inLanguage":"es"},{"@type":["Person","Organization"],"@id":"https:\/\/luchonoticias.com\/editor\/#\/schema\/person\/7a7fd911f58561fd056dbac7b55af9cd","name":"admin","image":{"@type":"ImageObject","inLanguage":"es","@id":"https:\/\/luchonoticias.com\/editor\/#\/schema\/person\/image\/","url":"https:\/\/luchonoticias.com\/editor\/wp-content\/uploads\/2024\/02\/cropped-cropped-logolu.webp","contentUrl":"https:\/\/luchonoticias.com\/editor\/wp-content\/uploads\/2024\/02\/cropped-cropped-logolu.webp","width":382,"height":170,"caption":"admin"},"logo":{"@id":"https:\/\/luchonoticias.com\/editor\/#\/schema\/person\/image\/"},"sameAs":["https:\/\/www.facebook.com\/luchonoticiasneiva"]},{"@type":"Person","@id":"https:\/\/luchonoticias.com\/editor\/#\/schema\/person\/29217990ddf6f14e35912b2866d591fb","name":"Editor General","image":{"@type":"ImageObject","inLanguage":"es","@id":"https:\/\/luchonoticias.com\/editor\/#\/schema\/person\/image\/","url":"https:\/\/luchonoticias.com\/editor\/wp-content\/uploads\/2024\/02\/cropped-cropped-logolu-150x150.webp","contentUrl":"https:\/\/luchonoticias.com\/editor\/wp-content\/uploads\/2024\/02\/cropped-cropped-logolu-150x150.webp","caption":"Editor General"},"sameAs":["https:\/\/luchonoticias.com\/"],"url":"https:\/\/luchonoticias.com\/editor\/author\/editor-general\/"}]}},"_links":{"self":[{"href":"https:\/\/luchonoticias.com\/editor\/wp-json\/wp\/v2\/posts\/46961","targetHints":{"allow":["GET"]}}],"collection":[{"href":"https:\/\/luchonoticias.com\/editor\/wp-json\/wp\/v2\/posts"}],"about":[{"href":"https:\/\/luchonoticias.com\/editor\/wp-json\/wp\/v2\/types\/post"}],"author":[{"embeddable":true,"href":"https:\/\/luchonoticias.com\/editor\/wp-json\/wp\/v2\/users\/2"}],"replies":[{"embeddable":true,"href":"https:\/\/luchonoticias.com\/editor\/wp-json\/wp\/v2\/comments?post=46961"}],"version-history":[{"count":0,"href":"https:\/\/luchonoticias.com\/editor\/wp-json\/wp\/v2\/posts\/46961\/revisions"}],"wp:attachment":[{"href":"https:\/\/luchonoticias.com\/editor\/wp-json\/wp\/v2\/media?parent=46961"}],"wp:term":[{"taxonomy":"category","embeddable":true,"href":"https:\/\/luchonoticias.com\/editor\/wp-json\/wp\/v2\/categories?post=46961"},{"taxonomy":"post_tag","embeddable":true,"href":"https:\/\/luchonoticias.com\/editor\/wp-json\/wp\/v2\/tags?post=46961"}],"curies":[{"name":"wp","href":"https:\/\/api.w.org\/{rel}","templated":true}]}}