{"id":46976,"date":"2023-02-25T17:53:43","date_gmt":"2023-02-25T22:53:43","guid":{"rendered":"https:\/\/luchonoticias.com\/?p=46976"},"modified":"2023-02-25T17:53:44","modified_gmt":"2023-02-25T22:53:44","slug":"cayo-rosario-tijeras-presunta-ladrona-de-motociclistas-de-neiva","status":"publish","type":"post","link":"https:\/\/luchonoticias.com\/editor\/cayo-rosario-tijeras-presunta-ladrona-de-motociclistas-de-neiva\/","title":{"rendered":"Cay\u00f3 \u2018Rosario Tijeras\u2019 \u00b4presunta ladrona de motociclistas de Neiva"},"content":{"rendered":"\n<p>La Polic\u00eda Metropolitana de Neiva dieron a conocer que, mediante el desarrollo de los diferentes planes y controles desplegados con el prop\u00f3sito de mitigar actividades delictivas, fue capturada una mujer solicitada mediante orden judicial por el delito de Hurto Calificado y Agravado.<\/p>\n\n\n\n<p>\u201cUniformados adscritos a la Seccional de Investigaci\u00f3n Criminal SIJIN, logran en el asentamiento Buenos Aires de la comuna 8, la captura por orden judicial de Martha Luc\u00eda Mora Cruz, conocida como \u2018Rosario Tijeras\u2019 de 25 a\u00f1os, quien al verificar su documento de identidad, registra orden de captura vigente por el delito de Hurto Calificado y Agravado\u201d, indicaron las autoridades en comunicado.<\/p>\n\n\n\n<p>En lo conocido de las investigaciones de Fiscal\u00eda General de La Naci\u00f3n, al parecer la implicada enga\u00f1aba seduc\u00eda con su belleza a mototaxistas, con el fin de llevarlos a lugares alejados y desolados, con el prop\u00f3sito, de en compa\u00f1\u00eda de otro sujeto, hurtar las motocicletas y pertenencias de sus v\u00edctimas.<\/p>\n\n\n\n<p>\u201cDe acuerdo a las actividades de investigaci\u00f3n adelantadas en coordinaci\u00f3n con la Fiscal\u00eda General de la Naci\u00f3n, esta mujer, presuntamente, ser\u00eda la encargada de enga\u00f1ar a moto taxistas, usando este servicio, con el fin de llevarlos a lugares alejados y desolados, con el prop\u00f3sito, de en compa\u00f1\u00eda de otro sujeto, hurtar las motocicletas y pertenencias de sus v\u00edctimas\u201d, afirmaron las fuentes oficiales.<\/p>\n\n\n\n<p>Finalmente, las autoridades revelaron que esta mujer, quien cuenta con anotaciones como indiciada por el delito de hurto calificado y agravado, fue dejada a disposici\u00f3n de autoridad competente por el delito en menci\u00f3n, donde un Juez de La Republica decidido dejarla en libertad, pero continuar\u00e1 vinculada a este proceso, a fin de determinar su responsabilidad en los hechos ac\u00e1 investigados.<\/p>\n","protected":false},"excerpt":{"rendered":"<p>La Polic\u00eda Metropolitana de Neiva dieron a conocer que, mediante el desarrollo de los diferentes planes y controles desplegados con el prop\u00f3sito de mitigar actividades delictivas, fue capturada una mujer solicitada mediante orden judicial por el delito de Hurto Calificado y Agravado. \u201cUniformados adscritos a la Seccional de Investigaci\u00f3n Criminal SIJIN, logran en el asentamiento [&hellip;]<\/p>\n","protected":false},"author":2,"featured_media":0,"comment_status":"open","ping_status":"open","sticky":false,"template":"","format":"standard","meta":{"footnotes":""},"categories":[36,29],"tags":[],"class_list":["post-46976","post","type-post","status-publish","format-standard","hentry","category-destacado","category-judicial"],"yoast_head":"<!-- This site is optimized with the Yoast SEO plugin v26.6 - https:\/\/yoast.com\/wordpress\/plugins\/seo\/ -->\n<title>Cay\u00f3 \u2018Rosario Tijeras\u2019 \u00b4presunta ladrona de motociclistas de Neiva -<\/title>\n<meta name=\"robots\" content=\"index, follow, max-snippet:-1, max-image-preview:large, max-video-preview:-1\" \/>\n<link rel=\"canonical\" href=\"https:\/\/luchonoticias.com\/editor\/cayo-rosario-tijeras-presunta-ladrona-de-motociclistas-de-neiva\/\" \/>\n<meta property=\"og:locale\" content=\"es_ES\" \/>\n<meta property=\"og:type\" content=\"article\" \/>\n<meta property=\"og:title\" content=\"Cay\u00f3 \u2018Rosario Tijeras\u2019 \u00b4presunta ladrona de motociclistas de Neiva -\" \/>\n<meta property=\"og:url\" content=\"https:\/\/luchonoticias.com\/editor\/cayo-rosario-tijeras-presunta-ladrona-de-motociclistas-de-neiva\/\" \/>\n<meta property=\"article:publisher\" content=\"https:\/\/www.facebook.com\/luchonoticiasneiva\" \/>\n<meta property=\"article:published_time\" content=\"2023-02-25T22:53:43+00:00\" \/>\n<meta property=\"article:modified_time\" content=\"2023-02-25T22:53:44+00:00\" \/>\n<meta name=\"author\" content=\"Editor General\" \/>\n<meta name=\"twitter:card\" content=\"summary_large_image\" \/>\n<meta name=\"twitter:label1\" content=\"Escrito por\" \/>\n\t<meta name=\"twitter:data1\" content=\"Editor General\" \/>\n\t<meta name=\"twitter:label2\" content=\"Tiempo de lectura\" \/>\n\t<meta name=\"twitter:data2\" content=\"1 minuto\" \/>\n<script type=\"application\/ld+json\" class=\"yoast-schema-graph\">{\"@context\":\"https:\/\/schema.org\",\"@graph\":[{\"@type\":\"Article\",\"@id\":\"https:\/\/luchonoticias.com\/editor\/cayo-rosario-tijeras-presunta-ladrona-de-motociclistas-de-neiva\/#article\",\"isPartOf\":{\"@id\":\"https:\/\/luchonoticias.com\/editor\/cayo-rosario-tijeras-presunta-ladrona-de-motociclistas-de-neiva\/\"},\"author\":{\"name\":\"Editor General\",\"@id\":\"https:\/\/luchonoticias.com\/editor\/#\/schema\/person\/29217990ddf6f14e35912b2866d591fb\"},\"headline\":\"Cay\u00f3 \u2018Rosario Tijeras\u2019 \u00b4presunta ladrona de motociclistas de Neiva\",\"datePublished\":\"2023-02-25T22:53:43+00:00\",\"dateModified\":\"2023-02-25T22:53:44+00:00\",\"mainEntityOfPage\":{\"@id\":\"https:\/\/luchonoticias.com\/editor\/cayo-rosario-tijeras-presunta-ladrona-de-motociclistas-de-neiva\/\"},\"wordCount\":305,\"commentCount\":0,\"publisher\":{\"@id\":\"https:\/\/luchonoticias.com\/editor\/#\/schema\/person\/7a7fd911f58561fd056dbac7b55af9cd\"},\"articleSection\":[\"Destacado\",\"Judicial\"],\"inLanguage\":\"es\",\"potentialAction\":[{\"@type\":\"CommentAction\",\"name\":\"Comment\",\"target\":[\"https:\/\/luchonoticias.com\/editor\/cayo-rosario-tijeras-presunta-ladrona-de-motociclistas-de-neiva\/#respond\"]}]},{\"@type\":\"WebPage\",\"@id\":\"https:\/\/luchonoticias.com\/editor\/cayo-rosario-tijeras-presunta-ladrona-de-motociclistas-de-neiva\/\",\"url\":\"https:\/\/luchonoticias.com\/editor\/cayo-rosario-tijeras-presunta-ladrona-de-motociclistas-de-neiva\/\",\"name\":\"Cay\u00f3 \u2018Rosario Tijeras\u2019 \u00b4presunta ladrona de motociclistas de Neiva -\",\"isPartOf\":{\"@id\":\"https:\/\/luchonoticias.com\/editor\/#website\"},\"datePublished\":\"2023-02-25T22:53:43+00:00\",\"dateModified\":\"2023-02-25T22:53:44+00:00\",\"breadcrumb\":{\"@id\":\"https:\/\/luchonoticias.com\/editor\/cayo-rosario-tijeras-presunta-ladrona-de-motociclistas-de-neiva\/#breadcrumb\"},\"inLanguage\":\"es\",\"potentialAction\":[{\"@type\":\"ReadAction\",\"target\":[\"https:\/\/luchonoticias.com\/editor\/cayo-rosario-tijeras-presunta-ladrona-de-motociclistas-de-neiva\/\"]}]},{\"@type\":\"BreadcrumbList\",\"@id\":\"https:\/\/luchonoticias.com\/editor\/cayo-rosario-tijeras-presunta-ladrona-de-motociclistas-de-neiva\/#breadcrumb\",\"itemListElement\":[{\"@type\":\"ListItem\",\"position\":1,\"name\":\"Portada\",\"item\":\"https:\/\/luchonoticias.com\/editor\/\"},{\"@type\":\"ListItem\",\"position\":2,\"name\":\"Cay\u00f3 \u2018Rosario Tijeras\u2019 \u00b4presunta ladrona de motociclistas de Neiva\"}]},{\"@type\":\"WebSite\",\"@id\":\"https:\/\/luchonoticias.com\/editor\/#website\",\"url\":\"https:\/\/luchonoticias.com\/editor\/\",\"name\":\"\",\"description\":\"\",\"publisher\":{\"@id\":\"https:\/\/luchonoticias.com\/editor\/#\/schema\/person\/7a7fd911f58561fd056dbac7b55af9cd\"},\"potentialAction\":[{\"@type\":\"SearchAction\",\"target\":{\"@type\":\"EntryPoint\",\"urlTemplate\":\"https:\/\/luchonoticias.com\/editor\/?s={search_term_string}\"},\"query-input\":{\"@type\":\"PropertyValueSpecification\",\"valueRequired\":true,\"valueName\":\"search_term_string\"}}],\"inLanguage\":\"es\"},{\"@type\":[\"Person\",\"Organization\"],\"@id\":\"https:\/\/luchonoticias.com\/editor\/#\/schema\/person\/7a7fd911f58561fd056dbac7b55af9cd\",\"name\":\"admin\",\"image\":{\"@type\":\"ImageObject\",\"inLanguage\":\"es\",\"@id\":\"https:\/\/luchonoticias.com\/editor\/#\/schema\/person\/image\/\",\"url\":\"https:\/\/luchonoticias.com\/editor\/wp-content\/uploads\/2024\/02\/cropped-cropped-logolu.webp\",\"contentUrl\":\"https:\/\/luchonoticias.com\/editor\/wp-content\/uploads\/2024\/02\/cropped-cropped-logolu.webp\",\"width\":382,\"height\":170,\"caption\":\"admin\"},\"logo\":{\"@id\":\"https:\/\/luchonoticias.com\/editor\/#\/schema\/person\/image\/\"},\"sameAs\":[\"https:\/\/www.facebook.com\/luchonoticiasneiva\"]},{\"@type\":\"Person\",\"@id\":\"https:\/\/luchonoticias.com\/editor\/#\/schema\/person\/29217990ddf6f14e35912b2866d591fb\",\"name\":\"Editor General\",\"image\":{\"@type\":\"ImageObject\",\"inLanguage\":\"es\",\"@id\":\"https:\/\/luchonoticias.com\/editor\/#\/schema\/person\/image\/\",\"url\":\"https:\/\/luchonoticias.com\/editor\/wp-content\/uploads\/2024\/02\/cropped-cropped-logolu-150x150.webp\",\"contentUrl\":\"https:\/\/luchonoticias.com\/editor\/wp-content\/uploads\/2024\/02\/cropped-cropped-logolu-150x150.webp\",\"caption\":\"Editor General\"},\"sameAs\":[\"https:\/\/luchonoticias.com\/\"],\"url\":\"https:\/\/luchonoticias.com\/editor\/author\/editor-general\/\"}]}<\/script>\n<!-- \/ Yoast SEO plugin. -->","yoast_head_json":{"title":"Cay\u00f3 \u2018Rosario Tijeras\u2019 \u00b4presunta ladrona de motociclistas de Neiva -","robots":{"index":"index","follow":"follow","max-snippet":"max-snippet:-1","max-image-preview":"max-image-preview:large","max-video-preview":"max-video-preview:-1"},"canonical":"https:\/\/luchonoticias.com\/editor\/cayo-rosario-tijeras-presunta-ladrona-de-motociclistas-de-neiva\/","og_locale":"es_ES","og_type":"article","og_title":"Cay\u00f3 \u2018Rosario Tijeras\u2019 \u00b4presunta ladrona de motociclistas de Neiva -","og_url":"https:\/\/luchonoticias.com\/editor\/cayo-rosario-tijeras-presunta-ladrona-de-motociclistas-de-neiva\/","article_publisher":"https:\/\/www.facebook.com\/luchonoticiasneiva","article_published_time":"2023-02-25T22:53:43+00:00","article_modified_time":"2023-02-25T22:53:44+00:00","author":"Editor General","twitter_card":"summary_large_image","twitter_misc":{"Escrito por":"Editor General","Tiempo de lectura":"1 minuto"},"schema":{"@context":"https:\/\/schema.org","@graph":[{"@type":"Article","@id":"https:\/\/luchonoticias.com\/editor\/cayo-rosario-tijeras-presunta-ladrona-de-motociclistas-de-neiva\/#article","isPartOf":{"@id":"https:\/\/luchonoticias.com\/editor\/cayo-rosario-tijeras-presunta-ladrona-de-motociclistas-de-neiva\/"},"author":{"name":"Editor General","@id":"https:\/\/luchonoticias.com\/editor\/#\/schema\/person\/29217990ddf6f14e35912b2866d591fb"},"headline":"Cay\u00f3 \u2018Rosario Tijeras\u2019 \u00b4presunta ladrona de motociclistas de Neiva","datePublished":"2023-02-25T22:53:43+00:00","dateModified":"2023-02-25T22:53:44+00:00","mainEntityOfPage":{"@id":"https:\/\/luchonoticias.com\/editor\/cayo-rosario-tijeras-presunta-ladrona-de-motociclistas-de-neiva\/"},"wordCount":305,"commentCount":0,"publisher":{"@id":"https:\/\/luchonoticias.com\/editor\/#\/schema\/person\/7a7fd911f58561fd056dbac7b55af9cd"},"articleSection":["Destacado","Judicial"],"inLanguage":"es","potentialAction":[{"@type":"CommentAction","name":"Comment","target":["https:\/\/luchonoticias.com\/editor\/cayo-rosario-tijeras-presunta-ladrona-de-motociclistas-de-neiva\/#respond"]}]},{"@type":"WebPage","@id":"https:\/\/luchonoticias.com\/editor\/cayo-rosario-tijeras-presunta-ladrona-de-motociclistas-de-neiva\/","url":"https:\/\/luchonoticias.com\/editor\/cayo-rosario-tijeras-presunta-ladrona-de-motociclistas-de-neiva\/","name":"Cay\u00f3 \u2018Rosario Tijeras\u2019 \u00b4presunta ladrona de motociclistas de Neiva -","isPartOf":{"@id":"https:\/\/luchonoticias.com\/editor\/#website"},"datePublished":"2023-02-25T22:53:43+00:00","dateModified":"2023-02-25T22:53:44+00:00","breadcrumb":{"@id":"https:\/\/luchonoticias.com\/editor\/cayo-rosario-tijeras-presunta-ladrona-de-motociclistas-de-neiva\/#breadcrumb"},"inLanguage":"es","potentialAction":[{"@type":"ReadAction","target":["https:\/\/luchonoticias.com\/editor\/cayo-rosario-tijeras-presunta-ladrona-de-motociclistas-de-neiva\/"]}]},{"@type":"BreadcrumbList","@id":"https:\/\/luchonoticias.com\/editor\/cayo-rosario-tijeras-presunta-ladrona-de-motociclistas-de-neiva\/#breadcrumb","itemListElement":[{"@type":"ListItem","position":1,"name":"Portada","item":"https:\/\/luchonoticias.com\/editor\/"},{"@type":"ListItem","position":2,"name":"Cay\u00f3 \u2018Rosario Tijeras\u2019 \u00b4presunta ladrona de motociclistas de Neiva"}]},{"@type":"WebSite","@id":"https:\/\/luchonoticias.com\/editor\/#website","url":"https:\/\/luchonoticias.com\/editor\/","name":"","description":"","publisher":{"@id":"https:\/\/luchonoticias.com\/editor\/#\/schema\/person\/7a7fd911f58561fd056dbac7b55af9cd"},"potentialAction":[{"@type":"SearchAction","target":{"@type":"EntryPoint","urlTemplate":"https:\/\/luchonoticias.com\/editor\/?s={search_term_string}"},"query-input":{"@type":"PropertyValueSpecification","valueRequired":true,"valueName":"search_term_string"}}],"inLanguage":"es"},{"@type":["Person","Organization"],"@id":"https:\/\/luchonoticias.com\/editor\/#\/schema\/person\/7a7fd911f58561fd056dbac7b55af9cd","name":"admin","image":{"@type":"ImageObject","inLanguage":"es","@id":"https:\/\/luchonoticias.com\/editor\/#\/schema\/person\/image\/","url":"https:\/\/luchonoticias.com\/editor\/wp-content\/uploads\/2024\/02\/cropped-cropped-logolu.webp","contentUrl":"https:\/\/luchonoticias.com\/editor\/wp-content\/uploads\/2024\/02\/cropped-cropped-logolu.webp","width":382,"height":170,"caption":"admin"},"logo":{"@id":"https:\/\/luchonoticias.com\/editor\/#\/schema\/person\/image\/"},"sameAs":["https:\/\/www.facebook.com\/luchonoticiasneiva"]},{"@type":"Person","@id":"https:\/\/luchonoticias.com\/editor\/#\/schema\/person\/29217990ddf6f14e35912b2866d591fb","name":"Editor General","image":{"@type":"ImageObject","inLanguage":"es","@id":"https:\/\/luchonoticias.com\/editor\/#\/schema\/person\/image\/","url":"https:\/\/luchonoticias.com\/editor\/wp-content\/uploads\/2024\/02\/cropped-cropped-logolu-150x150.webp","contentUrl":"https:\/\/luchonoticias.com\/editor\/wp-content\/uploads\/2024\/02\/cropped-cropped-logolu-150x150.webp","caption":"Editor General"},"sameAs":["https:\/\/luchonoticias.com\/"],"url":"https:\/\/luchonoticias.com\/editor\/author\/editor-general\/"}]}},"_links":{"self":[{"href":"https:\/\/luchonoticias.com\/editor\/wp-json\/wp\/v2\/posts\/46976","targetHints":{"allow":["GET"]}}],"collection":[{"href":"https:\/\/luchonoticias.com\/editor\/wp-json\/wp\/v2\/posts"}],"about":[{"href":"https:\/\/luchonoticias.com\/editor\/wp-json\/wp\/v2\/types\/post"}],"author":[{"embeddable":true,"href":"https:\/\/luchonoticias.com\/editor\/wp-json\/wp\/v2\/users\/2"}],"replies":[{"embeddable":true,"href":"https:\/\/luchonoticias.com\/editor\/wp-json\/wp\/v2\/comments?post=46976"}],"version-history":[{"count":0,"href":"https:\/\/luchonoticias.com\/editor\/wp-json\/wp\/v2\/posts\/46976\/revisions"}],"wp:attachment":[{"href":"https:\/\/luchonoticias.com\/editor\/wp-json\/wp\/v2\/media?parent=46976"}],"wp:term":[{"taxonomy":"category","embeddable":true,"href":"https:\/\/luchonoticias.com\/editor\/wp-json\/wp\/v2\/categories?post=46976"},{"taxonomy":"post_tag","embeddable":true,"href":"https:\/\/luchonoticias.com\/editor\/wp-json\/wp\/v2\/tags?post=46976"}],"curies":[{"name":"wp","href":"https:\/\/api.w.org\/{rel}","templated":true}]}}