{"id":46990,"date":"2023-02-26T08:17:55","date_gmt":"2023-02-26T13:17:55","guid":{"rendered":"https:\/\/luchonoticias.com\/?p=46990"},"modified":"2023-02-26T08:17:56","modified_gmt":"2023-02-26T13:17:56","slug":"tres-accidentes-de-transito-ocurrieron-en-las-ultimas-horas-en-carreteras-del-huila","status":"publish","type":"post","link":"https:\/\/luchonoticias.com\/editor\/tres-accidentes-de-transito-ocurrieron-en-las-ultimas-horas-en-carreteras-del-huila\/","title":{"rendered":"Tres accidentes de tr\u00e1nsito ocurrieron en las \u00faltimas horas en carreteras del Huila"},"content":{"rendered":"\n<p>En las \u00faltimas horas, la autoridades de Transito y Carretera del Huila, dieron a conocer que en lo transcurrido este ultimo fin de semana, por las diferentes carreteras del Departamento, se presentaron tres graves percances viales, donde hasta ahora ha dejado el saldo de 1 persona fallecida.<\/p>\n\n\n\n<p>El primer hecho conocido por las fuentes oficiales, es el ocurrido hoy sobre las 5 de la ma\u00f1ana sobre el sector de la vereda Matanzas, v\u00eda que conduce del municipio de Pitalito a San Agust\u00edn, sur del Huila, donde tras el choque de frente de una motocicleta contra un cami\u00f3n, donde perdi\u00f3 la vida una persona y otra sali\u00f3 gravemente herida.<\/p>\n\n\n\n<p>\u201cEl hecho se registr\u00f3 la madrugada de este domingo a la altura del puente de la vereda Matanzas. En el accidente se vieron involucrados un veh\u00edculo de carga de placas TGU-860 y una motocicleta de placa YUX-58E. Uno de los ocupantes del velomotor falleci\u00f3 en el lugar de los hechos, mientras que otro hombre fue trasladado en estado cr\u00edtico al Hospital San Antonio de Pitalito\u201d, indicaron las autoridades.<\/p>\n\n\n\n<figure class=\"wp-block-gallery has-nested-images columns-default is-cropped wp-block-gallery-1 is-layout-flex wp-block-gallery-is-layout-flex\">\n<figure class=\"wp-block-image size-large\"><img decoding=\"async\" data-id=\"46993\" src=\"https:\/\/luchonoticias.com\/wp-content\/uploads\/2023\/02\/329949054_731419465122878_8574318069392085385_n-768x1024.jpg\" alt=\"\" class=\"wp-image-46993\"\/><\/figure>\n\n\n\n<figure class=\"wp-block-image size-large\"><img decoding=\"async\" data-id=\"46992\" src=\"https:\/\/luchonoticias.com\/wp-content\/uploads\/2023\/02\/330286506_903898764132731_6440288655054257185_n-768x1024.jpg\" alt=\"\" class=\"wp-image-46992\"\/><\/figure>\n\n\n\n<figure class=\"wp-block-image size-large\"><img decoding=\"async\" data-id=\"46994\" src=\"https:\/\/luchonoticias.com\/wp-content\/uploads\/2023\/02\/331716124_920996375695983_5385064300407204993_n-768x1024.jpg\" alt=\"\" class=\"wp-image-46994\"\/><\/figure>\n<\/figure>\n\n\n\n<p>El seg\u00fan percance vial reportado por las autoridades, es el ocurrido ayer en horas de la noche sobre la v\u00eda que conduce del municipio de Garz\u00f3n al corregimiento La Jagua, donde un veh\u00edculo particular chocho contra la parte trasera de un carro cisterna. Afortunadamente en el hecho solo hubo da\u00f1os materiales.<\/p>\n\n\n\n<p>\u201cSe registra un nuevo accidente de tr\u00e1nsito sobre la ruta 45, v\u00eda Garz\u00f3n &#8211; La Jagua. En el lugar se vieron involucrados un autom\u00f3vil de servicio particular de placas BZH-919 y un carrotanque.<\/p>\n\n\n\n<p>El siniestro vial dej\u00f3 por varias horas con cierre total la v\u00eda que de Garz\u00f3n conduce al centro poblado de la Jagua, sobre la Ruta 45 sector Alto de Garz\u00f3n. Solo hubo da\u00f1os materiales\u201d, revel\u00f3 una fuente oficial a este medio de comunicaci\u00f3n.<\/p>\n\n\n\n<p>Finalmente, las autoridades dieron a conocer que sobre el cruce entre el corregimiento El Juncal al municipio de Palermo, norte del Huila, un joven result\u00f3 herido, tras chochar la motocicleta en la que se movilizaba con la parte trasera de un cami\u00f3n.<\/p>\n\n\n\n<p>\u201cSe report\u00f3 un accidente de tr\u00e1nsito en la glorieta de la v\u00eda Juncal, una persona de sexo masculino que se movilizaba en una motocicleta con placas FCF- 92C, choc\u00f3 con la parte trasera de un cami\u00f3n. El herido fue trasladado a un centro asistencial de la capital del Huila\u201d, revelaron las autoridades.<\/p>\n\n\n\n<figure class=\"wp-block-gallery has-nested-images columns-default is-cropped wp-block-gallery-2 is-layout-flex wp-block-gallery-is-layout-flex\">\n<figure class=\"wp-block-image size-large\"><img decoding=\"async\" data-id=\"46996\" src=\"https:\/\/luchonoticias.com\/wp-content\/uploads\/2023\/02\/331427764_732685731785937_6559799345681461989_n-766x1024.jpg\" alt=\"\" class=\"wp-image-46996\"\/><\/figure>\n\n\n\n<figure class=\"wp-block-image size-large\"><img decoding=\"async\" data-id=\"46995\" src=\"https:\/\/luchonoticias.com\/wp-content\/uploads\/2023\/02\/333229458_5853289374767757_8276280820933994402_n.jpg\" alt=\"\" class=\"wp-image-46995\"\/><\/figure>\n<\/figure>\n\n\n\n<p>Finalmente, la Seccional de Transito y Transporte del Huila, hicieron un llamado a los conductores que se movilizan por las diferentes carreteras del Departamento, a cumplir las normas de tr\u00e1nsito para evitar hechos que lleven tragedias a los diferentes hogares huilenses.<\/p>\n","protected":false},"excerpt":{"rendered":"<p>En las \u00faltimas horas, la autoridades de Transito y Carretera del Huila, dieron a conocer que en lo transcurrido este ultimo fin de semana, por las diferentes carreteras del Departamento, se presentaron tres graves percances viales, donde hasta ahora ha dejado el saldo de 1 persona fallecida. El primer hecho conocido por las fuentes oficiales, [&hellip;]<\/p>\n","protected":false},"author":2,"featured_media":0,"comment_status":"open","ping_status":"open","sticky":false,"template":"","format":"standard","meta":{"footnotes":""},"categories":[36,29],"tags":[],"class_list":["post-46990","post","type-post","status-publish","format-standard","hentry","category-destacado","category-judicial"],"yoast_head":"<!-- This site is optimized with the Yoast SEO plugin v26.6 - https:\/\/yoast.com\/wordpress\/plugins\/seo\/ -->\n<title>Tres accidentes de tr\u00e1nsito ocurrieron en las \u00faltimas horas en carreteras del Huila -<\/title>\n<meta name=\"robots\" content=\"index, follow, max-snippet:-1, max-image-preview:large, max-video-preview:-1\" \/>\n<link rel=\"canonical\" href=\"https:\/\/luchonoticias.com\/editor\/tres-accidentes-de-transito-ocurrieron-en-las-ultimas-horas-en-carreteras-del-huila\/\" \/>\n<meta property=\"og:locale\" content=\"es_ES\" \/>\n<meta property=\"og:type\" content=\"article\" \/>\n<meta property=\"og:title\" content=\"Tres accidentes de tr\u00e1nsito ocurrieron en las \u00faltimas horas en carreteras del Huila -\" \/>\n<meta property=\"og:url\" content=\"https:\/\/luchonoticias.com\/editor\/tres-accidentes-de-transito-ocurrieron-en-las-ultimas-horas-en-carreteras-del-huila\/\" \/>\n<meta property=\"article:publisher\" content=\"https:\/\/www.facebook.com\/luchonoticiasneiva\" \/>\n<meta property=\"article:published_time\" content=\"2023-02-26T13:17:55+00:00\" \/>\n<meta property=\"article:modified_time\" content=\"2023-02-26T13:17:56+00:00\" \/>\n<meta property=\"og:image\" content=\"https:\/\/luchonoticias.com\/wp-content\/uploads\/2023\/02\/329949054_731419465122878_8574318069392085385_n-768x1024.jpg\" \/>\n<meta name=\"author\" content=\"Editor General\" \/>\n<meta name=\"twitter:card\" content=\"summary_large_image\" \/>\n<meta name=\"twitter:label1\" content=\"Escrito por\" \/>\n\t<meta name=\"twitter:data1\" content=\"Editor General\" \/>\n\t<meta name=\"twitter:label2\" content=\"Tiempo de lectura\" \/>\n\t<meta name=\"twitter:data2\" content=\"2 minutos\" \/>\n<script type=\"application\/ld+json\" class=\"yoast-schema-graph\">{\"@context\":\"https:\/\/schema.org\",\"@graph\":[{\"@type\":\"Article\",\"@id\":\"https:\/\/luchonoticias.com\/editor\/tres-accidentes-de-transito-ocurrieron-en-las-ultimas-horas-en-carreteras-del-huila\/#article\",\"isPartOf\":{\"@id\":\"https:\/\/luchonoticias.com\/editor\/tres-accidentes-de-transito-ocurrieron-en-las-ultimas-horas-en-carreteras-del-huila\/\"},\"author\":{\"name\":\"Editor General\",\"@id\":\"https:\/\/luchonoticias.com\/editor\/#\/schema\/person\/29217990ddf6f14e35912b2866d591fb\"},\"headline\":\"Tres accidentes de tr\u00e1nsito ocurrieron en las \u00faltimas horas en carreteras del Huila\",\"datePublished\":\"2023-02-26T13:17:55+00:00\",\"dateModified\":\"2023-02-26T13:17:56+00:00\",\"mainEntityOfPage\":{\"@id\":\"https:\/\/luchonoticias.com\/editor\/tres-accidentes-de-transito-ocurrieron-en-las-ultimas-horas-en-carreteras-del-huila\/\"},\"wordCount\":474,\"commentCount\":0,\"publisher\":{\"@id\":\"https:\/\/luchonoticias.com\/editor\/#\/schema\/person\/7a7fd911f58561fd056dbac7b55af9cd\"},\"image\":{\"@id\":\"https:\/\/luchonoticias.com\/editor\/tres-accidentes-de-transito-ocurrieron-en-las-ultimas-horas-en-carreteras-del-huila\/#primaryimage\"},\"thumbnailUrl\":\"https:\/\/luchonoticias.com\/wp-content\/uploads\/2023\/02\/329949054_731419465122878_8574318069392085385_n-768x1024.jpg\",\"articleSection\":[\"Destacado\",\"Judicial\"],\"inLanguage\":\"es\",\"potentialAction\":[{\"@type\":\"CommentAction\",\"name\":\"Comment\",\"target\":[\"https:\/\/luchonoticias.com\/editor\/tres-accidentes-de-transito-ocurrieron-en-las-ultimas-horas-en-carreteras-del-huila\/#respond\"]}]},{\"@type\":\"WebPage\",\"@id\":\"https:\/\/luchonoticias.com\/editor\/tres-accidentes-de-transito-ocurrieron-en-las-ultimas-horas-en-carreteras-del-huila\/\",\"url\":\"https:\/\/luchonoticias.com\/editor\/tres-accidentes-de-transito-ocurrieron-en-las-ultimas-horas-en-carreteras-del-huila\/\",\"name\":\"Tres accidentes de tr\u00e1nsito ocurrieron en las \u00faltimas horas en carreteras del Huila -\",\"isPartOf\":{\"@id\":\"https:\/\/luchonoticias.com\/editor\/#website\"},\"primaryImageOfPage\":{\"@id\":\"https:\/\/luchonoticias.com\/editor\/tres-accidentes-de-transito-ocurrieron-en-las-ultimas-horas-en-carreteras-del-huila\/#primaryimage\"},\"image\":{\"@id\":\"https:\/\/luchonoticias.com\/editor\/tres-accidentes-de-transito-ocurrieron-en-las-ultimas-horas-en-carreteras-del-huila\/#primaryimage\"},\"thumbnailUrl\":\"https:\/\/luchonoticias.com\/wp-content\/uploads\/2023\/02\/329949054_731419465122878_8574318069392085385_n-768x1024.jpg\",\"datePublished\":\"2023-02-26T13:17:55+00:00\",\"dateModified\":\"2023-02-26T13:17:56+00:00\",\"breadcrumb\":{\"@id\":\"https:\/\/luchonoticias.com\/editor\/tres-accidentes-de-transito-ocurrieron-en-las-ultimas-horas-en-carreteras-del-huila\/#breadcrumb\"},\"inLanguage\":\"es\",\"potentialAction\":[{\"@type\":\"ReadAction\",\"target\":[\"https:\/\/luchonoticias.com\/editor\/tres-accidentes-de-transito-ocurrieron-en-las-ultimas-horas-en-carreteras-del-huila\/\"]}]},{\"@type\":\"ImageObject\",\"inLanguage\":\"es\",\"@id\":\"https:\/\/luchonoticias.com\/editor\/tres-accidentes-de-transito-ocurrieron-en-las-ultimas-horas-en-carreteras-del-huila\/#primaryimage\",\"url\":\"https:\/\/luchonoticias.com\/wp-content\/uploads\/2023\/02\/329949054_731419465122878_8574318069392085385_n-768x1024.jpg\",\"contentUrl\":\"https:\/\/luchonoticias.com\/wp-content\/uploads\/2023\/02\/329949054_731419465122878_8574318069392085385_n-768x1024.jpg\"},{\"@type\":\"BreadcrumbList\",\"@id\":\"https:\/\/luchonoticias.com\/editor\/tres-accidentes-de-transito-ocurrieron-en-las-ultimas-horas-en-carreteras-del-huila\/#breadcrumb\",\"itemListElement\":[{\"@type\":\"ListItem\",\"position\":1,\"name\":\"Portada\",\"item\":\"https:\/\/luchonoticias.com\/editor\/\"},{\"@type\":\"ListItem\",\"position\":2,\"name\":\"Tres accidentes de tr\u00e1nsito ocurrieron en las \u00faltimas horas en carreteras del Huila\"}]},{\"@type\":\"WebSite\",\"@id\":\"https:\/\/luchonoticias.com\/editor\/#website\",\"url\":\"https:\/\/luchonoticias.com\/editor\/\",\"name\":\"\",\"description\":\"\",\"publisher\":{\"@id\":\"https:\/\/luchonoticias.com\/editor\/#\/schema\/person\/7a7fd911f58561fd056dbac7b55af9cd\"},\"potentialAction\":[{\"@type\":\"SearchAction\",\"target\":{\"@type\":\"EntryPoint\",\"urlTemplate\":\"https:\/\/luchonoticias.com\/editor\/?s={search_term_string}\"},\"query-input\":{\"@type\":\"PropertyValueSpecification\",\"valueRequired\":true,\"valueName\":\"search_term_string\"}}],\"inLanguage\":\"es\"},{\"@type\":[\"Person\",\"Organization\"],\"@id\":\"https:\/\/luchonoticias.com\/editor\/#\/schema\/person\/7a7fd911f58561fd056dbac7b55af9cd\",\"name\":\"admin\",\"image\":{\"@type\":\"ImageObject\",\"inLanguage\":\"es\",\"@id\":\"https:\/\/luchonoticias.com\/editor\/#\/schema\/person\/image\/\",\"url\":\"https:\/\/luchonoticias.com\/editor\/wp-content\/uploads\/2024\/02\/cropped-cropped-logolu.webp\",\"contentUrl\":\"https:\/\/luchonoticias.com\/editor\/wp-content\/uploads\/2024\/02\/cropped-cropped-logolu.webp\",\"width\":382,\"height\":170,\"caption\":\"admin\"},\"logo\":{\"@id\":\"https:\/\/luchonoticias.com\/editor\/#\/schema\/person\/image\/\"},\"sameAs\":[\"https:\/\/www.facebook.com\/luchonoticiasneiva\"]},{\"@type\":\"Person\",\"@id\":\"https:\/\/luchonoticias.com\/editor\/#\/schema\/person\/29217990ddf6f14e35912b2866d591fb\",\"name\":\"Editor General\",\"image\":{\"@type\":\"ImageObject\",\"inLanguage\":\"es\",\"@id\":\"https:\/\/luchonoticias.com\/editor\/#\/schema\/person\/image\/\",\"url\":\"https:\/\/luchonoticias.com\/editor\/wp-content\/uploads\/2024\/02\/cropped-cropped-logolu-150x150.webp\",\"contentUrl\":\"https:\/\/luchonoticias.com\/editor\/wp-content\/uploads\/2024\/02\/cropped-cropped-logolu-150x150.webp\",\"caption\":\"Editor General\"},\"sameAs\":[\"https:\/\/luchonoticias.com\/\"],\"url\":\"https:\/\/luchonoticias.com\/editor\/author\/editor-general\/\"}]}<\/script>\n<!-- \/ Yoast SEO plugin. -->","yoast_head_json":{"title":"Tres accidentes de tr\u00e1nsito ocurrieron en las \u00faltimas horas en carreteras del Huila -","robots":{"index":"index","follow":"follow","max-snippet":"max-snippet:-1","max-image-preview":"max-image-preview:large","max-video-preview":"max-video-preview:-1"},"canonical":"https:\/\/luchonoticias.com\/editor\/tres-accidentes-de-transito-ocurrieron-en-las-ultimas-horas-en-carreteras-del-huila\/","og_locale":"es_ES","og_type":"article","og_title":"Tres accidentes de tr\u00e1nsito ocurrieron en las \u00faltimas horas en carreteras del Huila -","og_url":"https:\/\/luchonoticias.com\/editor\/tres-accidentes-de-transito-ocurrieron-en-las-ultimas-horas-en-carreteras-del-huila\/","article_publisher":"https:\/\/www.facebook.com\/luchonoticiasneiva","article_published_time":"2023-02-26T13:17:55+00:00","article_modified_time":"2023-02-26T13:17:56+00:00","og_image":[{"url":"https:\/\/luchonoticias.com\/wp-content\/uploads\/2023\/02\/329949054_731419465122878_8574318069392085385_n-768x1024.jpg","type":"","width":"","height":""}],"author":"Editor General","twitter_card":"summary_large_image","twitter_misc":{"Escrito por":"Editor General","Tiempo de lectura":"2 minutos"},"schema":{"@context":"https:\/\/schema.org","@graph":[{"@type":"Article","@id":"https:\/\/luchonoticias.com\/editor\/tres-accidentes-de-transito-ocurrieron-en-las-ultimas-horas-en-carreteras-del-huila\/#article","isPartOf":{"@id":"https:\/\/luchonoticias.com\/editor\/tres-accidentes-de-transito-ocurrieron-en-las-ultimas-horas-en-carreteras-del-huila\/"},"author":{"name":"Editor General","@id":"https:\/\/luchonoticias.com\/editor\/#\/schema\/person\/29217990ddf6f14e35912b2866d591fb"},"headline":"Tres accidentes de tr\u00e1nsito ocurrieron en las \u00faltimas horas en carreteras del Huila","datePublished":"2023-02-26T13:17:55+00:00","dateModified":"2023-02-26T13:17:56+00:00","mainEntityOfPage":{"@id":"https:\/\/luchonoticias.com\/editor\/tres-accidentes-de-transito-ocurrieron-en-las-ultimas-horas-en-carreteras-del-huila\/"},"wordCount":474,"commentCount":0,"publisher":{"@id":"https:\/\/luchonoticias.com\/editor\/#\/schema\/person\/7a7fd911f58561fd056dbac7b55af9cd"},"image":{"@id":"https:\/\/luchonoticias.com\/editor\/tres-accidentes-de-transito-ocurrieron-en-las-ultimas-horas-en-carreteras-del-huila\/#primaryimage"},"thumbnailUrl":"https:\/\/luchonoticias.com\/wp-content\/uploads\/2023\/02\/329949054_731419465122878_8574318069392085385_n-768x1024.jpg","articleSection":["Destacado","Judicial"],"inLanguage":"es","potentialAction":[{"@type":"CommentAction","name":"Comment","target":["https:\/\/luchonoticias.com\/editor\/tres-accidentes-de-transito-ocurrieron-en-las-ultimas-horas-en-carreteras-del-huila\/#respond"]}]},{"@type":"WebPage","@id":"https:\/\/luchonoticias.com\/editor\/tres-accidentes-de-transito-ocurrieron-en-las-ultimas-horas-en-carreteras-del-huila\/","url":"https:\/\/luchonoticias.com\/editor\/tres-accidentes-de-transito-ocurrieron-en-las-ultimas-horas-en-carreteras-del-huila\/","name":"Tres accidentes de tr\u00e1nsito ocurrieron en las \u00faltimas horas en carreteras del Huila -","isPartOf":{"@id":"https:\/\/luchonoticias.com\/editor\/#website"},"primaryImageOfPage":{"@id":"https:\/\/luchonoticias.com\/editor\/tres-accidentes-de-transito-ocurrieron-en-las-ultimas-horas-en-carreteras-del-huila\/#primaryimage"},"image":{"@id":"https:\/\/luchonoticias.com\/editor\/tres-accidentes-de-transito-ocurrieron-en-las-ultimas-horas-en-carreteras-del-huila\/#primaryimage"},"thumbnailUrl":"https:\/\/luchonoticias.com\/wp-content\/uploads\/2023\/02\/329949054_731419465122878_8574318069392085385_n-768x1024.jpg","datePublished":"2023-02-26T13:17:55+00:00","dateModified":"2023-02-26T13:17:56+00:00","breadcrumb":{"@id":"https:\/\/luchonoticias.com\/editor\/tres-accidentes-de-transito-ocurrieron-en-las-ultimas-horas-en-carreteras-del-huila\/#breadcrumb"},"inLanguage":"es","potentialAction":[{"@type":"ReadAction","target":["https:\/\/luchonoticias.com\/editor\/tres-accidentes-de-transito-ocurrieron-en-las-ultimas-horas-en-carreteras-del-huila\/"]}]},{"@type":"ImageObject","inLanguage":"es","@id":"https:\/\/luchonoticias.com\/editor\/tres-accidentes-de-transito-ocurrieron-en-las-ultimas-horas-en-carreteras-del-huila\/#primaryimage","url":"https:\/\/luchonoticias.com\/wp-content\/uploads\/2023\/02\/329949054_731419465122878_8574318069392085385_n-768x1024.jpg","contentUrl":"https:\/\/luchonoticias.com\/wp-content\/uploads\/2023\/02\/329949054_731419465122878_8574318069392085385_n-768x1024.jpg"},{"@type":"BreadcrumbList","@id":"https:\/\/luchonoticias.com\/editor\/tres-accidentes-de-transito-ocurrieron-en-las-ultimas-horas-en-carreteras-del-huila\/#breadcrumb","itemListElement":[{"@type":"ListItem","position":1,"name":"Portada","item":"https:\/\/luchonoticias.com\/editor\/"},{"@type":"ListItem","position":2,"name":"Tres accidentes de tr\u00e1nsito ocurrieron en las \u00faltimas horas en carreteras del Huila"}]},{"@type":"WebSite","@id":"https:\/\/luchonoticias.com\/editor\/#website","url":"https:\/\/luchonoticias.com\/editor\/","name":"","description":"","publisher":{"@id":"https:\/\/luchonoticias.com\/editor\/#\/schema\/person\/7a7fd911f58561fd056dbac7b55af9cd"},"potentialAction":[{"@type":"SearchAction","target":{"@type":"EntryPoint","urlTemplate":"https:\/\/luchonoticias.com\/editor\/?s={search_term_string}"},"query-input":{"@type":"PropertyValueSpecification","valueRequired":true,"valueName":"search_term_string"}}],"inLanguage":"es"},{"@type":["Person","Organization"],"@id":"https:\/\/luchonoticias.com\/editor\/#\/schema\/person\/7a7fd911f58561fd056dbac7b55af9cd","name":"admin","image":{"@type":"ImageObject","inLanguage":"es","@id":"https:\/\/luchonoticias.com\/editor\/#\/schema\/person\/image\/","url":"https:\/\/luchonoticias.com\/editor\/wp-content\/uploads\/2024\/02\/cropped-cropped-logolu.webp","contentUrl":"https:\/\/luchonoticias.com\/editor\/wp-content\/uploads\/2024\/02\/cropped-cropped-logolu.webp","width":382,"height":170,"caption":"admin"},"logo":{"@id":"https:\/\/luchonoticias.com\/editor\/#\/schema\/person\/image\/"},"sameAs":["https:\/\/www.facebook.com\/luchonoticiasneiva"]},{"@type":"Person","@id":"https:\/\/luchonoticias.com\/editor\/#\/schema\/person\/29217990ddf6f14e35912b2866d591fb","name":"Editor General","image":{"@type":"ImageObject","inLanguage":"es","@id":"https:\/\/luchonoticias.com\/editor\/#\/schema\/person\/image\/","url":"https:\/\/luchonoticias.com\/editor\/wp-content\/uploads\/2024\/02\/cropped-cropped-logolu-150x150.webp","contentUrl":"https:\/\/luchonoticias.com\/editor\/wp-content\/uploads\/2024\/02\/cropped-cropped-logolu-150x150.webp","caption":"Editor General"},"sameAs":["https:\/\/luchonoticias.com\/"],"url":"https:\/\/luchonoticias.com\/editor\/author\/editor-general\/"}]}},"_links":{"self":[{"href":"https:\/\/luchonoticias.com\/editor\/wp-json\/wp\/v2\/posts\/46990","targetHints":{"allow":["GET"]}}],"collection":[{"href":"https:\/\/luchonoticias.com\/editor\/wp-json\/wp\/v2\/posts"}],"about":[{"href":"https:\/\/luchonoticias.com\/editor\/wp-json\/wp\/v2\/types\/post"}],"author":[{"embeddable":true,"href":"https:\/\/luchonoticias.com\/editor\/wp-json\/wp\/v2\/users\/2"}],"replies":[{"embeddable":true,"href":"https:\/\/luchonoticias.com\/editor\/wp-json\/wp\/v2\/comments?post=46990"}],"version-history":[{"count":0,"href":"https:\/\/luchonoticias.com\/editor\/wp-json\/wp\/v2\/posts\/46990\/revisions"}],"wp:attachment":[{"href":"https:\/\/luchonoticias.com\/editor\/wp-json\/wp\/v2\/media?parent=46990"}],"wp:term":[{"taxonomy":"category","embeddable":true,"href":"https:\/\/luchonoticias.com\/editor\/wp-json\/wp\/v2\/categories?post=46990"},{"taxonomy":"post_tag","embeddable":true,"href":"https:\/\/luchonoticias.com\/editor\/wp-json\/wp\/v2\/tags?post=46990"}],"curies":[{"name":"wp","href":"https:\/\/api.w.org\/{rel}","templated":true}]}}