{"id":47009,"date":"2023-02-26T12:25:36","date_gmt":"2023-02-26T17:25:36","guid":{"rendered":"https:\/\/luchonoticias.com\/?p=47009"},"modified":"2023-02-26T12:25:37","modified_gmt":"2023-02-26T17:25:37","slug":"carcel-a-supuesto-brujo-por-el-homicidio-de-una-mujer-durante-un-ritual-de-sanacion","status":"publish","type":"post","link":"https:\/\/luchonoticias.com\/editor\/carcel-a-supuesto-brujo-por-el-homicidio-de-una-mujer-durante-un-ritual-de-sanacion\/","title":{"rendered":"C\u00e1rcel a supuesto brujo por el homicidio de una mujer durante un ritual de sanaci\u00f3n"},"content":{"rendered":"\n<p>La Fiscal\u00eda General de la Naci\u00f3n obtuvo medida de aseguramiento en centro carcelario en contra de Mart\u00edn Rangel Londo\u00f1o Jaramillo, alias Hoyito o el Brujo de Liborina, como presunto responsable del homicidio de una mujer de 31 a\u00f1os en el municipio de Sopetr\u00e1n (Antioquia).<\/p>\n\n\n\n<p>Los hechos investigados ocurrieron en zona rural de la citada poblaci\u00f3n la tarde del 16 de septiembre de 2021, cuando el investigado en medio de un ritual de sanaci\u00f3n, habr\u00eda ungido a la v\u00edctima con un l\u00edquido inflamable a base de alcohol, azufre y alcanfor.<\/p>\n\n\n\n<p>Seg\u00fan la investigaci\u00f3n, el hoy procesado, al parecer, le prendi\u00f3 fuego a una porci\u00f3n de la sustancia que estaba en el piso, pero las llamas alcanzaron a la mujer, madre de cuatro hijos menores de edad.<\/p>\n\n\n\n<p>La Fiscal\u00eda estableci\u00f3 que, al parecer, la afectada debi\u00f3 sofocar las llamas por s\u00ed misma, frente a la mirada indiferente del presunto responsable. Se evidenci\u00f3 adem\u00e1s que el supuesto brujo se habr\u00eda opuesto a que la familia de la v\u00edctima la trasladara a un hospital para recibir atenci\u00f3n m\u00e9dica y recomend\u00f3 tratar las heridas con algunas plantas.<\/p>\n\n\n\n<p>La mujer falleci\u00f3 una semana despu\u00e9s en un centro asistencial de la capital antioque\u00f1a por la gravedad de las quemaduras que le afectaron el 70% de la superficie corporal.<\/p>\n\n\n\n<p>Londo\u00f1o Jaramillo, de 56 a\u00f1os, fue capturado por la Polic\u00eda Nacional y no se allan\u00f3 a los cargos que le imput\u00f3 la Fiscal\u00eda por el delito de homicidio con dolo eventual.<\/p>\n","protected":false},"excerpt":{"rendered":"<p>La Fiscal\u00eda General de la Naci\u00f3n obtuvo medida de aseguramiento en centro carcelario en contra de Mart\u00edn Rangel Londo\u00f1o Jaramillo, alias Hoyito o el Brujo de Liborina, como presunto responsable del homicidio de una mujer de 31 a\u00f1os en el municipio de Sopetr\u00e1n (Antioquia). Los hechos investigados ocurrieron en zona rural de la citada poblaci\u00f3n [&hellip;]<\/p>\n","protected":false},"author":2,"featured_media":0,"comment_status":"open","ping_status":"open","sticky":false,"template":"","format":"standard","meta":{"footnotes":""},"categories":[36,29],"tags":[],"class_list":["post-47009","post","type-post","status-publish","format-standard","hentry","category-destacado","category-judicial"],"yoast_head":"<!-- This site is optimized with the Yoast SEO plugin v26.6 - https:\/\/yoast.com\/wordpress\/plugins\/seo\/ -->\n<title>C\u00e1rcel a supuesto brujo por el homicidio de una mujer durante un ritual de sanaci\u00f3n -<\/title>\n<meta name=\"robots\" content=\"index, follow, max-snippet:-1, max-image-preview:large, max-video-preview:-1\" \/>\n<link rel=\"canonical\" href=\"https:\/\/luchonoticias.com\/editor\/carcel-a-supuesto-brujo-por-el-homicidio-de-una-mujer-durante-un-ritual-de-sanacion\/\" \/>\n<meta property=\"og:locale\" content=\"es_ES\" \/>\n<meta property=\"og:type\" content=\"article\" \/>\n<meta property=\"og:title\" content=\"C\u00e1rcel a supuesto brujo por el homicidio de una mujer durante un ritual de sanaci\u00f3n -\" \/>\n<meta property=\"og:url\" content=\"https:\/\/luchonoticias.com\/editor\/carcel-a-supuesto-brujo-por-el-homicidio-de-una-mujer-durante-un-ritual-de-sanacion\/\" \/>\n<meta property=\"article:publisher\" content=\"https:\/\/www.facebook.com\/luchonoticiasneiva\" \/>\n<meta property=\"article:published_time\" content=\"2023-02-26T17:25:36+00:00\" \/>\n<meta property=\"article:modified_time\" content=\"2023-02-26T17:25:37+00:00\" \/>\n<meta name=\"author\" content=\"Editor General\" \/>\n<meta name=\"twitter:card\" content=\"summary_large_image\" \/>\n<meta name=\"twitter:label1\" content=\"Escrito por\" \/>\n\t<meta name=\"twitter:data1\" content=\"Editor General\" \/>\n\t<meta name=\"twitter:label2\" content=\"Tiempo de lectura\" \/>\n\t<meta name=\"twitter:data2\" content=\"1 minuto\" \/>\n<script type=\"application\/ld+json\" class=\"yoast-schema-graph\">{\"@context\":\"https:\/\/schema.org\",\"@graph\":[{\"@type\":\"Article\",\"@id\":\"https:\/\/luchonoticias.com\/editor\/carcel-a-supuesto-brujo-por-el-homicidio-de-una-mujer-durante-un-ritual-de-sanacion\/#article\",\"isPartOf\":{\"@id\":\"https:\/\/luchonoticias.com\/editor\/carcel-a-supuesto-brujo-por-el-homicidio-de-una-mujer-durante-un-ritual-de-sanacion\/\"},\"author\":{\"name\":\"Editor General\",\"@id\":\"https:\/\/luchonoticias.com\/editor\/#\/schema\/person\/29217990ddf6f14e35912b2866d591fb\"},\"headline\":\"C\u00e1rcel a supuesto brujo por el homicidio de una mujer durante un ritual de sanaci\u00f3n\",\"datePublished\":\"2023-02-26T17:25:36+00:00\",\"dateModified\":\"2023-02-26T17:25:37+00:00\",\"mainEntityOfPage\":{\"@id\":\"https:\/\/luchonoticias.com\/editor\/carcel-a-supuesto-brujo-por-el-homicidio-de-una-mujer-durante-un-ritual-de-sanacion\/\"},\"wordCount\":280,\"commentCount\":0,\"publisher\":{\"@id\":\"https:\/\/luchonoticias.com\/editor\/#\/schema\/person\/7a7fd911f58561fd056dbac7b55af9cd\"},\"articleSection\":[\"Destacado\",\"Judicial\"],\"inLanguage\":\"es\",\"potentialAction\":[{\"@type\":\"CommentAction\",\"name\":\"Comment\",\"target\":[\"https:\/\/luchonoticias.com\/editor\/carcel-a-supuesto-brujo-por-el-homicidio-de-una-mujer-durante-un-ritual-de-sanacion\/#respond\"]}]},{\"@type\":\"WebPage\",\"@id\":\"https:\/\/luchonoticias.com\/editor\/carcel-a-supuesto-brujo-por-el-homicidio-de-una-mujer-durante-un-ritual-de-sanacion\/\",\"url\":\"https:\/\/luchonoticias.com\/editor\/carcel-a-supuesto-brujo-por-el-homicidio-de-una-mujer-durante-un-ritual-de-sanacion\/\",\"name\":\"C\u00e1rcel a supuesto brujo por el homicidio de una mujer durante un ritual de sanaci\u00f3n -\",\"isPartOf\":{\"@id\":\"https:\/\/luchonoticias.com\/editor\/#website\"},\"datePublished\":\"2023-02-26T17:25:36+00:00\",\"dateModified\":\"2023-02-26T17:25:37+00:00\",\"breadcrumb\":{\"@id\":\"https:\/\/luchonoticias.com\/editor\/carcel-a-supuesto-brujo-por-el-homicidio-de-una-mujer-durante-un-ritual-de-sanacion\/#breadcrumb\"},\"inLanguage\":\"es\",\"potentialAction\":[{\"@type\":\"ReadAction\",\"target\":[\"https:\/\/luchonoticias.com\/editor\/carcel-a-supuesto-brujo-por-el-homicidio-de-una-mujer-durante-un-ritual-de-sanacion\/\"]}]},{\"@type\":\"BreadcrumbList\",\"@id\":\"https:\/\/luchonoticias.com\/editor\/carcel-a-supuesto-brujo-por-el-homicidio-de-una-mujer-durante-un-ritual-de-sanacion\/#breadcrumb\",\"itemListElement\":[{\"@type\":\"ListItem\",\"position\":1,\"name\":\"Portada\",\"item\":\"https:\/\/luchonoticias.com\/editor\/\"},{\"@type\":\"ListItem\",\"position\":2,\"name\":\"C\u00e1rcel a supuesto brujo por el homicidio de una mujer durante un ritual de sanaci\u00f3n\"}]},{\"@type\":\"WebSite\",\"@id\":\"https:\/\/luchonoticias.com\/editor\/#website\",\"url\":\"https:\/\/luchonoticias.com\/editor\/\",\"name\":\"\",\"description\":\"\",\"publisher\":{\"@id\":\"https:\/\/luchonoticias.com\/editor\/#\/schema\/person\/7a7fd911f58561fd056dbac7b55af9cd\"},\"potentialAction\":[{\"@type\":\"SearchAction\",\"target\":{\"@type\":\"EntryPoint\",\"urlTemplate\":\"https:\/\/luchonoticias.com\/editor\/?s={search_term_string}\"},\"query-input\":{\"@type\":\"PropertyValueSpecification\",\"valueRequired\":true,\"valueName\":\"search_term_string\"}}],\"inLanguage\":\"es\"},{\"@type\":[\"Person\",\"Organization\"],\"@id\":\"https:\/\/luchonoticias.com\/editor\/#\/schema\/person\/7a7fd911f58561fd056dbac7b55af9cd\",\"name\":\"admin\",\"image\":{\"@type\":\"ImageObject\",\"inLanguage\":\"es\",\"@id\":\"https:\/\/luchonoticias.com\/editor\/#\/schema\/person\/image\/\",\"url\":\"https:\/\/luchonoticias.com\/editor\/wp-content\/uploads\/2024\/02\/cropped-cropped-logolu.webp\",\"contentUrl\":\"https:\/\/luchonoticias.com\/editor\/wp-content\/uploads\/2024\/02\/cropped-cropped-logolu.webp\",\"width\":382,\"height\":170,\"caption\":\"admin\"},\"logo\":{\"@id\":\"https:\/\/luchonoticias.com\/editor\/#\/schema\/person\/image\/\"},\"sameAs\":[\"https:\/\/www.facebook.com\/luchonoticiasneiva\"]},{\"@type\":\"Person\",\"@id\":\"https:\/\/luchonoticias.com\/editor\/#\/schema\/person\/29217990ddf6f14e35912b2866d591fb\",\"name\":\"Editor General\",\"image\":{\"@type\":\"ImageObject\",\"inLanguage\":\"es\",\"@id\":\"https:\/\/luchonoticias.com\/editor\/#\/schema\/person\/image\/\",\"url\":\"https:\/\/luchonoticias.com\/editor\/wp-content\/uploads\/2024\/02\/cropped-cropped-logolu-150x150.webp\",\"contentUrl\":\"https:\/\/luchonoticias.com\/editor\/wp-content\/uploads\/2024\/02\/cropped-cropped-logolu-150x150.webp\",\"caption\":\"Editor General\"},\"sameAs\":[\"https:\/\/luchonoticias.com\/\"],\"url\":\"https:\/\/luchonoticias.com\/editor\/author\/editor-general\/\"}]}<\/script>\n<!-- \/ Yoast SEO plugin. -->","yoast_head_json":{"title":"C\u00e1rcel a supuesto brujo por el homicidio de una mujer durante un ritual de sanaci\u00f3n -","robots":{"index":"index","follow":"follow","max-snippet":"max-snippet:-1","max-image-preview":"max-image-preview:large","max-video-preview":"max-video-preview:-1"},"canonical":"https:\/\/luchonoticias.com\/editor\/carcel-a-supuesto-brujo-por-el-homicidio-de-una-mujer-durante-un-ritual-de-sanacion\/","og_locale":"es_ES","og_type":"article","og_title":"C\u00e1rcel a supuesto brujo por el homicidio de una mujer durante un ritual de sanaci\u00f3n -","og_url":"https:\/\/luchonoticias.com\/editor\/carcel-a-supuesto-brujo-por-el-homicidio-de-una-mujer-durante-un-ritual-de-sanacion\/","article_publisher":"https:\/\/www.facebook.com\/luchonoticiasneiva","article_published_time":"2023-02-26T17:25:36+00:00","article_modified_time":"2023-02-26T17:25:37+00:00","author":"Editor General","twitter_card":"summary_large_image","twitter_misc":{"Escrito por":"Editor General","Tiempo de lectura":"1 minuto"},"schema":{"@context":"https:\/\/schema.org","@graph":[{"@type":"Article","@id":"https:\/\/luchonoticias.com\/editor\/carcel-a-supuesto-brujo-por-el-homicidio-de-una-mujer-durante-un-ritual-de-sanacion\/#article","isPartOf":{"@id":"https:\/\/luchonoticias.com\/editor\/carcel-a-supuesto-brujo-por-el-homicidio-de-una-mujer-durante-un-ritual-de-sanacion\/"},"author":{"name":"Editor General","@id":"https:\/\/luchonoticias.com\/editor\/#\/schema\/person\/29217990ddf6f14e35912b2866d591fb"},"headline":"C\u00e1rcel a supuesto brujo por el homicidio de una mujer durante un ritual de sanaci\u00f3n","datePublished":"2023-02-26T17:25:36+00:00","dateModified":"2023-02-26T17:25:37+00:00","mainEntityOfPage":{"@id":"https:\/\/luchonoticias.com\/editor\/carcel-a-supuesto-brujo-por-el-homicidio-de-una-mujer-durante-un-ritual-de-sanacion\/"},"wordCount":280,"commentCount":0,"publisher":{"@id":"https:\/\/luchonoticias.com\/editor\/#\/schema\/person\/7a7fd911f58561fd056dbac7b55af9cd"},"articleSection":["Destacado","Judicial"],"inLanguage":"es","potentialAction":[{"@type":"CommentAction","name":"Comment","target":["https:\/\/luchonoticias.com\/editor\/carcel-a-supuesto-brujo-por-el-homicidio-de-una-mujer-durante-un-ritual-de-sanacion\/#respond"]}]},{"@type":"WebPage","@id":"https:\/\/luchonoticias.com\/editor\/carcel-a-supuesto-brujo-por-el-homicidio-de-una-mujer-durante-un-ritual-de-sanacion\/","url":"https:\/\/luchonoticias.com\/editor\/carcel-a-supuesto-brujo-por-el-homicidio-de-una-mujer-durante-un-ritual-de-sanacion\/","name":"C\u00e1rcel a supuesto brujo por el homicidio de una mujer durante un ritual de sanaci\u00f3n -","isPartOf":{"@id":"https:\/\/luchonoticias.com\/editor\/#website"},"datePublished":"2023-02-26T17:25:36+00:00","dateModified":"2023-02-26T17:25:37+00:00","breadcrumb":{"@id":"https:\/\/luchonoticias.com\/editor\/carcel-a-supuesto-brujo-por-el-homicidio-de-una-mujer-durante-un-ritual-de-sanacion\/#breadcrumb"},"inLanguage":"es","potentialAction":[{"@type":"ReadAction","target":["https:\/\/luchonoticias.com\/editor\/carcel-a-supuesto-brujo-por-el-homicidio-de-una-mujer-durante-un-ritual-de-sanacion\/"]}]},{"@type":"BreadcrumbList","@id":"https:\/\/luchonoticias.com\/editor\/carcel-a-supuesto-brujo-por-el-homicidio-de-una-mujer-durante-un-ritual-de-sanacion\/#breadcrumb","itemListElement":[{"@type":"ListItem","position":1,"name":"Portada","item":"https:\/\/luchonoticias.com\/editor\/"},{"@type":"ListItem","position":2,"name":"C\u00e1rcel a supuesto brujo por el homicidio de una mujer durante un ritual de sanaci\u00f3n"}]},{"@type":"WebSite","@id":"https:\/\/luchonoticias.com\/editor\/#website","url":"https:\/\/luchonoticias.com\/editor\/","name":"","description":"","publisher":{"@id":"https:\/\/luchonoticias.com\/editor\/#\/schema\/person\/7a7fd911f58561fd056dbac7b55af9cd"},"potentialAction":[{"@type":"SearchAction","target":{"@type":"EntryPoint","urlTemplate":"https:\/\/luchonoticias.com\/editor\/?s={search_term_string}"},"query-input":{"@type":"PropertyValueSpecification","valueRequired":true,"valueName":"search_term_string"}}],"inLanguage":"es"},{"@type":["Person","Organization"],"@id":"https:\/\/luchonoticias.com\/editor\/#\/schema\/person\/7a7fd911f58561fd056dbac7b55af9cd","name":"admin","image":{"@type":"ImageObject","inLanguage":"es","@id":"https:\/\/luchonoticias.com\/editor\/#\/schema\/person\/image\/","url":"https:\/\/luchonoticias.com\/editor\/wp-content\/uploads\/2024\/02\/cropped-cropped-logolu.webp","contentUrl":"https:\/\/luchonoticias.com\/editor\/wp-content\/uploads\/2024\/02\/cropped-cropped-logolu.webp","width":382,"height":170,"caption":"admin"},"logo":{"@id":"https:\/\/luchonoticias.com\/editor\/#\/schema\/person\/image\/"},"sameAs":["https:\/\/www.facebook.com\/luchonoticiasneiva"]},{"@type":"Person","@id":"https:\/\/luchonoticias.com\/editor\/#\/schema\/person\/29217990ddf6f14e35912b2866d591fb","name":"Editor General","image":{"@type":"ImageObject","inLanguage":"es","@id":"https:\/\/luchonoticias.com\/editor\/#\/schema\/person\/image\/","url":"https:\/\/luchonoticias.com\/editor\/wp-content\/uploads\/2024\/02\/cropped-cropped-logolu-150x150.webp","contentUrl":"https:\/\/luchonoticias.com\/editor\/wp-content\/uploads\/2024\/02\/cropped-cropped-logolu-150x150.webp","caption":"Editor General"},"sameAs":["https:\/\/luchonoticias.com\/"],"url":"https:\/\/luchonoticias.com\/editor\/author\/editor-general\/"}]}},"_links":{"self":[{"href":"https:\/\/luchonoticias.com\/editor\/wp-json\/wp\/v2\/posts\/47009","targetHints":{"allow":["GET"]}}],"collection":[{"href":"https:\/\/luchonoticias.com\/editor\/wp-json\/wp\/v2\/posts"}],"about":[{"href":"https:\/\/luchonoticias.com\/editor\/wp-json\/wp\/v2\/types\/post"}],"author":[{"embeddable":true,"href":"https:\/\/luchonoticias.com\/editor\/wp-json\/wp\/v2\/users\/2"}],"replies":[{"embeddable":true,"href":"https:\/\/luchonoticias.com\/editor\/wp-json\/wp\/v2\/comments?post=47009"}],"version-history":[{"count":0,"href":"https:\/\/luchonoticias.com\/editor\/wp-json\/wp\/v2\/posts\/47009\/revisions"}],"wp:attachment":[{"href":"https:\/\/luchonoticias.com\/editor\/wp-json\/wp\/v2\/media?parent=47009"}],"wp:term":[{"taxonomy":"category","embeddable":true,"href":"https:\/\/luchonoticias.com\/editor\/wp-json\/wp\/v2\/categories?post=47009"},{"taxonomy":"post_tag","embeddable":true,"href":"https:\/\/luchonoticias.com\/editor\/wp-json\/wp\/v2\/tags?post=47009"}],"curies":[{"name":"wp","href":"https:\/\/api.w.org\/{rel}","templated":true}]}}