{"id":47016,"date":"2023-02-27T07:02:13","date_gmt":"2023-02-27T12:02:13","guid":{"rendered":"https:\/\/luchonoticias.com\/?p=47016"},"modified":"2023-02-27T07:02:14","modified_gmt":"2023-02-27T12:02:14","slug":"en-flagrancia-y-con-dos-celulares-hurtados-fueron-capturados-dos-sujetos-al-norte-de-neiva","status":"publish","type":"post","link":"https:\/\/luchonoticias.com\/editor\/en-flagrancia-y-con-dos-celulares-hurtados-fueron-capturados-dos-sujetos-al-norte-de-neiva\/","title":{"rendered":"En flagrancia y con dos celulares hurtados, fueron capturados dos sujetos al norte de Neiva."},"content":{"rendered":"\n<p>La Polic\u00eda Metropolitana de Neiva, dieron a conocer la captura de dos hombres en flagrancia por el delito de Hurto y lesiones personales en el barrio Tercer Milenio al norte de la Capital Huilense.<\/p>\n\n\n\n<p>\u201cUnidades del c CAI C\u00e1ndido, logran en efectiva respuesta a denuncia ciudadana, en el sector de la carrera 3 con calle 71, del Barrio Tercer Milenio, despu\u00e9s de un oportuno \u201cPlan Candado\u201d, la captura de Jos\u00e9 Ricardo C\u00e9spedes Becerra de 20 a\u00f1os de edad y Armando David Duss\u00e1n P\u00e9rez de 21 a\u00f1os de edad, quienes minutos antes, presuntamente, en motocicleta y haciendo uso de un arma corto punzante, hurtaron un celular a un ciudadano en el centro de la ciudad\u201d, indicaron fuentes oficiales.<\/p>\n\n\n\n<p>Igualmente, las autoridades opitas dieron a conocer que, mientras se efectuaba el respectivo procedimiento de captura, al realiz\u00e1rseles un registro preventivo, se les hallan 2 celulares, los cuales, fueron reconocidos por un hombre y una mujer que llegaron al lugar, se\u00f1alaron a los detenidos, como los presuntos responsables de haberlos intimidado momentos antes con un cuchillo, hurtando sus tel\u00e9fonos m\u00f3viles; resaltando, que en uno de los casos, lesionaron con el arma cortopunzante, a una de sus v\u00edctimas en la parte superior izquierda de la espalda.<\/p>\n\n\n\n<figure class=\"wp-block-image size-full\"><img decoding=\"async\" src=\"https:\/\/luchonoticias.com\/wp-content\/uploads\/2023\/02\/WhatsApp-Image-2023-02-26-at-2.10.52-PM.jpeg\" alt=\"\" class=\"wp-image-47019\"\/><\/figure>\n\n\n\n<p>\u201cAs\u00ed las cosas, como resultado del operativo de captura de estos individuos, se logra la recuperaci\u00f3n de dos tel\u00e9fonos celulares avaluados en aproximadamente 3 millones de pesos, la incautaci\u00f3n de un arma corto punzante y una motocicleta marca AKT NKD de placas UWO69F utilizada como herramienta para cometer y huir, una vez consumado el hecho delictivo\u201d, afirmaron.<\/p>\n\n\n\n<p>Finalmente se estableci\u00f3 que los hoy detenidos fueron dejados a disposici\u00f3n de la Fiscal\u00eda General de la Naci\u00f3n, la cual le imputo los delitos de Hurto Calificado y Agravado, donde posteriormente un juez de control de garant\u00edas, teniendo en cuenta las condiciones en que se suscit\u00f3 la conducta, dict\u00f3 medida de aseguramiento en establecimiento carcelario.<\/p>\n","protected":false},"excerpt":{"rendered":"<p>La Polic\u00eda Metropolitana de Neiva, dieron a conocer la captura de dos hombres en flagrancia por el delito de Hurto y lesiones personales en el barrio Tercer Milenio al norte de la Capital Huilense. \u201cUnidades del c CAI C\u00e1ndido, logran en efectiva respuesta a denuncia ciudadana, en el sector de la carrera 3 con calle [&hellip;]<\/p>\n","protected":false},"author":2,"featured_media":0,"comment_status":"open","ping_status":"open","sticky":false,"template":"","format":"standard","meta":{"footnotes":""},"categories":[36,29],"tags":[],"class_list":["post-47016","post","type-post","status-publish","format-standard","hentry","category-destacado","category-judicial"],"yoast_head":"<!-- This site is optimized with the Yoast SEO plugin v26.6 - https:\/\/yoast.com\/wordpress\/plugins\/seo\/ -->\n<title>En flagrancia y con dos celulares hurtados, fueron capturados dos sujetos al norte de Neiva. -<\/title>\n<meta name=\"robots\" content=\"index, follow, max-snippet:-1, max-image-preview:large, max-video-preview:-1\" \/>\n<link rel=\"canonical\" href=\"https:\/\/luchonoticias.com\/editor\/en-flagrancia-y-con-dos-celulares-hurtados-fueron-capturados-dos-sujetos-al-norte-de-neiva\/\" \/>\n<meta property=\"og:locale\" content=\"es_ES\" \/>\n<meta property=\"og:type\" content=\"article\" \/>\n<meta property=\"og:title\" content=\"En flagrancia y con dos celulares hurtados, fueron capturados dos sujetos al norte de Neiva. -\" \/>\n<meta property=\"og:url\" content=\"https:\/\/luchonoticias.com\/editor\/en-flagrancia-y-con-dos-celulares-hurtados-fueron-capturados-dos-sujetos-al-norte-de-neiva\/\" \/>\n<meta property=\"article:publisher\" content=\"https:\/\/www.facebook.com\/luchonoticiasneiva\" \/>\n<meta property=\"article:published_time\" content=\"2023-02-27T12:02:13+00:00\" \/>\n<meta property=\"article:modified_time\" content=\"2023-02-27T12:02:14+00:00\" \/>\n<meta property=\"og:image\" content=\"https:\/\/luchonoticias.com\/wp-content\/uploads\/2023\/02\/WhatsApp-Image-2023-02-26-at-2.10.52-PM.jpeg\" \/>\n<meta name=\"author\" content=\"Editor General\" \/>\n<meta name=\"twitter:card\" content=\"summary_large_image\" \/>\n<meta name=\"twitter:label1\" content=\"Escrito por\" \/>\n\t<meta name=\"twitter:data1\" content=\"Editor General\" \/>\n\t<meta name=\"twitter:label2\" content=\"Tiempo de lectura\" \/>\n\t<meta name=\"twitter:data2\" content=\"2 minutos\" \/>\n<script type=\"application\/ld+json\" class=\"yoast-schema-graph\">{\"@context\":\"https:\/\/schema.org\",\"@graph\":[{\"@type\":\"Article\",\"@id\":\"https:\/\/luchonoticias.com\/editor\/en-flagrancia-y-con-dos-celulares-hurtados-fueron-capturados-dos-sujetos-al-norte-de-neiva\/#article\",\"isPartOf\":{\"@id\":\"https:\/\/luchonoticias.com\/editor\/en-flagrancia-y-con-dos-celulares-hurtados-fueron-capturados-dos-sujetos-al-norte-de-neiva\/\"},\"author\":{\"name\":\"Editor General\",\"@id\":\"https:\/\/luchonoticias.com\/editor\/#\/schema\/person\/29217990ddf6f14e35912b2866d591fb\"},\"headline\":\"En flagrancia y con dos celulares hurtados, fueron capturados dos sujetos al norte de Neiva.\",\"datePublished\":\"2023-02-27T12:02:13+00:00\",\"dateModified\":\"2023-02-27T12:02:14+00:00\",\"mainEntityOfPage\":{\"@id\":\"https:\/\/luchonoticias.com\/editor\/en-flagrancia-y-con-dos-celulares-hurtados-fueron-capturados-dos-sujetos-al-norte-de-neiva\/\"},\"wordCount\":344,\"commentCount\":0,\"publisher\":{\"@id\":\"https:\/\/luchonoticias.com\/editor\/#\/schema\/person\/7a7fd911f58561fd056dbac7b55af9cd\"},\"image\":{\"@id\":\"https:\/\/luchonoticias.com\/editor\/en-flagrancia-y-con-dos-celulares-hurtados-fueron-capturados-dos-sujetos-al-norte-de-neiva\/#primaryimage\"},\"thumbnailUrl\":\"https:\/\/luchonoticias.com\/wp-content\/uploads\/2023\/02\/WhatsApp-Image-2023-02-26-at-2.10.52-PM.jpeg\",\"articleSection\":[\"Destacado\",\"Judicial\"],\"inLanguage\":\"es\",\"potentialAction\":[{\"@type\":\"CommentAction\",\"name\":\"Comment\",\"target\":[\"https:\/\/luchonoticias.com\/editor\/en-flagrancia-y-con-dos-celulares-hurtados-fueron-capturados-dos-sujetos-al-norte-de-neiva\/#respond\"]}]},{\"@type\":\"WebPage\",\"@id\":\"https:\/\/luchonoticias.com\/editor\/en-flagrancia-y-con-dos-celulares-hurtados-fueron-capturados-dos-sujetos-al-norte-de-neiva\/\",\"url\":\"https:\/\/luchonoticias.com\/editor\/en-flagrancia-y-con-dos-celulares-hurtados-fueron-capturados-dos-sujetos-al-norte-de-neiva\/\",\"name\":\"En flagrancia y con dos celulares hurtados, fueron capturados dos sujetos al norte de Neiva. -\",\"isPartOf\":{\"@id\":\"https:\/\/luchonoticias.com\/editor\/#website\"},\"primaryImageOfPage\":{\"@id\":\"https:\/\/luchonoticias.com\/editor\/en-flagrancia-y-con-dos-celulares-hurtados-fueron-capturados-dos-sujetos-al-norte-de-neiva\/#primaryimage\"},\"image\":{\"@id\":\"https:\/\/luchonoticias.com\/editor\/en-flagrancia-y-con-dos-celulares-hurtados-fueron-capturados-dos-sujetos-al-norte-de-neiva\/#primaryimage\"},\"thumbnailUrl\":\"https:\/\/luchonoticias.com\/wp-content\/uploads\/2023\/02\/WhatsApp-Image-2023-02-26-at-2.10.52-PM.jpeg\",\"datePublished\":\"2023-02-27T12:02:13+00:00\",\"dateModified\":\"2023-02-27T12:02:14+00:00\",\"breadcrumb\":{\"@id\":\"https:\/\/luchonoticias.com\/editor\/en-flagrancia-y-con-dos-celulares-hurtados-fueron-capturados-dos-sujetos-al-norte-de-neiva\/#breadcrumb\"},\"inLanguage\":\"es\",\"potentialAction\":[{\"@type\":\"ReadAction\",\"target\":[\"https:\/\/luchonoticias.com\/editor\/en-flagrancia-y-con-dos-celulares-hurtados-fueron-capturados-dos-sujetos-al-norte-de-neiva\/\"]}]},{\"@type\":\"ImageObject\",\"inLanguage\":\"es\",\"@id\":\"https:\/\/luchonoticias.com\/editor\/en-flagrancia-y-con-dos-celulares-hurtados-fueron-capturados-dos-sujetos-al-norte-de-neiva\/#primaryimage\",\"url\":\"https:\/\/luchonoticias.com\/wp-content\/uploads\/2023\/02\/WhatsApp-Image-2023-02-26-at-2.10.52-PM.jpeg\",\"contentUrl\":\"https:\/\/luchonoticias.com\/wp-content\/uploads\/2023\/02\/WhatsApp-Image-2023-02-26-at-2.10.52-PM.jpeg\"},{\"@type\":\"BreadcrumbList\",\"@id\":\"https:\/\/luchonoticias.com\/editor\/en-flagrancia-y-con-dos-celulares-hurtados-fueron-capturados-dos-sujetos-al-norte-de-neiva\/#breadcrumb\",\"itemListElement\":[{\"@type\":\"ListItem\",\"position\":1,\"name\":\"Portada\",\"item\":\"https:\/\/luchonoticias.com\/editor\/\"},{\"@type\":\"ListItem\",\"position\":2,\"name\":\"En flagrancia y con dos celulares hurtados, fueron capturados dos sujetos al norte de Neiva.\"}]},{\"@type\":\"WebSite\",\"@id\":\"https:\/\/luchonoticias.com\/editor\/#website\",\"url\":\"https:\/\/luchonoticias.com\/editor\/\",\"name\":\"\",\"description\":\"\",\"publisher\":{\"@id\":\"https:\/\/luchonoticias.com\/editor\/#\/schema\/person\/7a7fd911f58561fd056dbac7b55af9cd\"},\"potentialAction\":[{\"@type\":\"SearchAction\",\"target\":{\"@type\":\"EntryPoint\",\"urlTemplate\":\"https:\/\/luchonoticias.com\/editor\/?s={search_term_string}\"},\"query-input\":{\"@type\":\"PropertyValueSpecification\",\"valueRequired\":true,\"valueName\":\"search_term_string\"}}],\"inLanguage\":\"es\"},{\"@type\":[\"Person\",\"Organization\"],\"@id\":\"https:\/\/luchonoticias.com\/editor\/#\/schema\/person\/7a7fd911f58561fd056dbac7b55af9cd\",\"name\":\"admin\",\"image\":{\"@type\":\"ImageObject\",\"inLanguage\":\"es\",\"@id\":\"https:\/\/luchonoticias.com\/editor\/#\/schema\/person\/image\/\",\"url\":\"https:\/\/luchonoticias.com\/editor\/wp-content\/uploads\/2024\/02\/cropped-cropped-logolu.webp\",\"contentUrl\":\"https:\/\/luchonoticias.com\/editor\/wp-content\/uploads\/2024\/02\/cropped-cropped-logolu.webp\",\"width\":382,\"height\":170,\"caption\":\"admin\"},\"logo\":{\"@id\":\"https:\/\/luchonoticias.com\/editor\/#\/schema\/person\/image\/\"},\"sameAs\":[\"https:\/\/www.facebook.com\/luchonoticiasneiva\"]},{\"@type\":\"Person\",\"@id\":\"https:\/\/luchonoticias.com\/editor\/#\/schema\/person\/29217990ddf6f14e35912b2866d591fb\",\"name\":\"Editor General\",\"image\":{\"@type\":\"ImageObject\",\"inLanguage\":\"es\",\"@id\":\"https:\/\/luchonoticias.com\/editor\/#\/schema\/person\/image\/\",\"url\":\"https:\/\/luchonoticias.com\/editor\/wp-content\/uploads\/2024\/02\/cropped-cropped-logolu-150x150.webp\",\"contentUrl\":\"https:\/\/luchonoticias.com\/editor\/wp-content\/uploads\/2024\/02\/cropped-cropped-logolu-150x150.webp\",\"caption\":\"Editor General\"},\"sameAs\":[\"https:\/\/luchonoticias.com\/\"],\"url\":\"https:\/\/luchonoticias.com\/editor\/author\/editor-general\/\"}]}<\/script>\n<!-- \/ Yoast SEO plugin. -->","yoast_head_json":{"title":"En flagrancia y con dos celulares hurtados, fueron capturados dos sujetos al norte de Neiva. -","robots":{"index":"index","follow":"follow","max-snippet":"max-snippet:-1","max-image-preview":"max-image-preview:large","max-video-preview":"max-video-preview:-1"},"canonical":"https:\/\/luchonoticias.com\/editor\/en-flagrancia-y-con-dos-celulares-hurtados-fueron-capturados-dos-sujetos-al-norte-de-neiva\/","og_locale":"es_ES","og_type":"article","og_title":"En flagrancia y con dos celulares hurtados, fueron capturados dos sujetos al norte de Neiva. -","og_url":"https:\/\/luchonoticias.com\/editor\/en-flagrancia-y-con-dos-celulares-hurtados-fueron-capturados-dos-sujetos-al-norte-de-neiva\/","article_publisher":"https:\/\/www.facebook.com\/luchonoticiasneiva","article_published_time":"2023-02-27T12:02:13+00:00","article_modified_time":"2023-02-27T12:02:14+00:00","og_image":[{"url":"https:\/\/luchonoticias.com\/wp-content\/uploads\/2023\/02\/WhatsApp-Image-2023-02-26-at-2.10.52-PM.jpeg","type":"","width":"","height":""}],"author":"Editor General","twitter_card":"summary_large_image","twitter_misc":{"Escrito por":"Editor General","Tiempo de lectura":"2 minutos"},"schema":{"@context":"https:\/\/schema.org","@graph":[{"@type":"Article","@id":"https:\/\/luchonoticias.com\/editor\/en-flagrancia-y-con-dos-celulares-hurtados-fueron-capturados-dos-sujetos-al-norte-de-neiva\/#article","isPartOf":{"@id":"https:\/\/luchonoticias.com\/editor\/en-flagrancia-y-con-dos-celulares-hurtados-fueron-capturados-dos-sujetos-al-norte-de-neiva\/"},"author":{"name":"Editor General","@id":"https:\/\/luchonoticias.com\/editor\/#\/schema\/person\/29217990ddf6f14e35912b2866d591fb"},"headline":"En flagrancia y con dos celulares hurtados, fueron capturados dos sujetos al norte de Neiva.","datePublished":"2023-02-27T12:02:13+00:00","dateModified":"2023-02-27T12:02:14+00:00","mainEntityOfPage":{"@id":"https:\/\/luchonoticias.com\/editor\/en-flagrancia-y-con-dos-celulares-hurtados-fueron-capturados-dos-sujetos-al-norte-de-neiva\/"},"wordCount":344,"commentCount":0,"publisher":{"@id":"https:\/\/luchonoticias.com\/editor\/#\/schema\/person\/7a7fd911f58561fd056dbac7b55af9cd"},"image":{"@id":"https:\/\/luchonoticias.com\/editor\/en-flagrancia-y-con-dos-celulares-hurtados-fueron-capturados-dos-sujetos-al-norte-de-neiva\/#primaryimage"},"thumbnailUrl":"https:\/\/luchonoticias.com\/wp-content\/uploads\/2023\/02\/WhatsApp-Image-2023-02-26-at-2.10.52-PM.jpeg","articleSection":["Destacado","Judicial"],"inLanguage":"es","potentialAction":[{"@type":"CommentAction","name":"Comment","target":["https:\/\/luchonoticias.com\/editor\/en-flagrancia-y-con-dos-celulares-hurtados-fueron-capturados-dos-sujetos-al-norte-de-neiva\/#respond"]}]},{"@type":"WebPage","@id":"https:\/\/luchonoticias.com\/editor\/en-flagrancia-y-con-dos-celulares-hurtados-fueron-capturados-dos-sujetos-al-norte-de-neiva\/","url":"https:\/\/luchonoticias.com\/editor\/en-flagrancia-y-con-dos-celulares-hurtados-fueron-capturados-dos-sujetos-al-norte-de-neiva\/","name":"En flagrancia y con dos celulares hurtados, fueron capturados dos sujetos al norte de Neiva. -","isPartOf":{"@id":"https:\/\/luchonoticias.com\/editor\/#website"},"primaryImageOfPage":{"@id":"https:\/\/luchonoticias.com\/editor\/en-flagrancia-y-con-dos-celulares-hurtados-fueron-capturados-dos-sujetos-al-norte-de-neiva\/#primaryimage"},"image":{"@id":"https:\/\/luchonoticias.com\/editor\/en-flagrancia-y-con-dos-celulares-hurtados-fueron-capturados-dos-sujetos-al-norte-de-neiva\/#primaryimage"},"thumbnailUrl":"https:\/\/luchonoticias.com\/wp-content\/uploads\/2023\/02\/WhatsApp-Image-2023-02-26-at-2.10.52-PM.jpeg","datePublished":"2023-02-27T12:02:13+00:00","dateModified":"2023-02-27T12:02:14+00:00","breadcrumb":{"@id":"https:\/\/luchonoticias.com\/editor\/en-flagrancia-y-con-dos-celulares-hurtados-fueron-capturados-dos-sujetos-al-norte-de-neiva\/#breadcrumb"},"inLanguage":"es","potentialAction":[{"@type":"ReadAction","target":["https:\/\/luchonoticias.com\/editor\/en-flagrancia-y-con-dos-celulares-hurtados-fueron-capturados-dos-sujetos-al-norte-de-neiva\/"]}]},{"@type":"ImageObject","inLanguage":"es","@id":"https:\/\/luchonoticias.com\/editor\/en-flagrancia-y-con-dos-celulares-hurtados-fueron-capturados-dos-sujetos-al-norte-de-neiva\/#primaryimage","url":"https:\/\/luchonoticias.com\/wp-content\/uploads\/2023\/02\/WhatsApp-Image-2023-02-26-at-2.10.52-PM.jpeg","contentUrl":"https:\/\/luchonoticias.com\/wp-content\/uploads\/2023\/02\/WhatsApp-Image-2023-02-26-at-2.10.52-PM.jpeg"},{"@type":"BreadcrumbList","@id":"https:\/\/luchonoticias.com\/editor\/en-flagrancia-y-con-dos-celulares-hurtados-fueron-capturados-dos-sujetos-al-norte-de-neiva\/#breadcrumb","itemListElement":[{"@type":"ListItem","position":1,"name":"Portada","item":"https:\/\/luchonoticias.com\/editor\/"},{"@type":"ListItem","position":2,"name":"En flagrancia y con dos celulares hurtados, fueron capturados dos sujetos al norte de Neiva."}]},{"@type":"WebSite","@id":"https:\/\/luchonoticias.com\/editor\/#website","url":"https:\/\/luchonoticias.com\/editor\/","name":"","description":"","publisher":{"@id":"https:\/\/luchonoticias.com\/editor\/#\/schema\/person\/7a7fd911f58561fd056dbac7b55af9cd"},"potentialAction":[{"@type":"SearchAction","target":{"@type":"EntryPoint","urlTemplate":"https:\/\/luchonoticias.com\/editor\/?s={search_term_string}"},"query-input":{"@type":"PropertyValueSpecification","valueRequired":true,"valueName":"search_term_string"}}],"inLanguage":"es"},{"@type":["Person","Organization"],"@id":"https:\/\/luchonoticias.com\/editor\/#\/schema\/person\/7a7fd911f58561fd056dbac7b55af9cd","name":"admin","image":{"@type":"ImageObject","inLanguage":"es","@id":"https:\/\/luchonoticias.com\/editor\/#\/schema\/person\/image\/","url":"https:\/\/luchonoticias.com\/editor\/wp-content\/uploads\/2024\/02\/cropped-cropped-logolu.webp","contentUrl":"https:\/\/luchonoticias.com\/editor\/wp-content\/uploads\/2024\/02\/cropped-cropped-logolu.webp","width":382,"height":170,"caption":"admin"},"logo":{"@id":"https:\/\/luchonoticias.com\/editor\/#\/schema\/person\/image\/"},"sameAs":["https:\/\/www.facebook.com\/luchonoticiasneiva"]},{"@type":"Person","@id":"https:\/\/luchonoticias.com\/editor\/#\/schema\/person\/29217990ddf6f14e35912b2866d591fb","name":"Editor General","image":{"@type":"ImageObject","inLanguage":"es","@id":"https:\/\/luchonoticias.com\/editor\/#\/schema\/person\/image\/","url":"https:\/\/luchonoticias.com\/editor\/wp-content\/uploads\/2024\/02\/cropped-cropped-logolu-150x150.webp","contentUrl":"https:\/\/luchonoticias.com\/editor\/wp-content\/uploads\/2024\/02\/cropped-cropped-logolu-150x150.webp","caption":"Editor General"},"sameAs":["https:\/\/luchonoticias.com\/"],"url":"https:\/\/luchonoticias.com\/editor\/author\/editor-general\/"}]}},"_links":{"self":[{"href":"https:\/\/luchonoticias.com\/editor\/wp-json\/wp\/v2\/posts\/47016","targetHints":{"allow":["GET"]}}],"collection":[{"href":"https:\/\/luchonoticias.com\/editor\/wp-json\/wp\/v2\/posts"}],"about":[{"href":"https:\/\/luchonoticias.com\/editor\/wp-json\/wp\/v2\/types\/post"}],"author":[{"embeddable":true,"href":"https:\/\/luchonoticias.com\/editor\/wp-json\/wp\/v2\/users\/2"}],"replies":[{"embeddable":true,"href":"https:\/\/luchonoticias.com\/editor\/wp-json\/wp\/v2\/comments?post=47016"}],"version-history":[{"count":0,"href":"https:\/\/luchonoticias.com\/editor\/wp-json\/wp\/v2\/posts\/47016\/revisions"}],"wp:attachment":[{"href":"https:\/\/luchonoticias.com\/editor\/wp-json\/wp\/v2\/media?parent=47016"}],"wp:term":[{"taxonomy":"category","embeddable":true,"href":"https:\/\/luchonoticias.com\/editor\/wp-json\/wp\/v2\/categories?post=47016"},{"taxonomy":"post_tag","embeddable":true,"href":"https:\/\/luchonoticias.com\/editor\/wp-json\/wp\/v2\/tags?post=47016"}],"curies":[{"name":"wp","href":"https:\/\/api.w.org\/{rel}","templated":true}]}}