{"id":47027,"date":"2023-02-27T07:29:15","date_gmt":"2023-02-27T12:29:15","guid":{"rendered":"https:\/\/luchonoticias.com\/?p=47027"},"modified":"2023-02-27T07:29:17","modified_gmt":"2023-02-27T12:29:17","slug":"excelentes-resultados-contra-el-microtrafico-logro-la-policia-del-huila-el-fin-de-semana","status":"publish","type":"post","link":"https:\/\/luchonoticias.com\/editor\/excelentes-resultados-contra-el-microtrafico-logro-la-policia-del-huila-el-fin-de-semana\/","title":{"rendered":"Excelentes resultados contra el microtr\u00e1fico logr\u00f3 la Polic\u00eda del Huila el fin de semana"},"content":{"rendered":"\n<p>Gracias a los planes desplegados durante el fin de semana en el Departamento de Polic\u00eda Huila, se logr\u00f3 la captura de 17 personas, comprometidos en distintos delitos, la incautaci\u00f3n de 1 arma de fuego, 2 traum\u00e1ticas y 62 corto punzantes. Igualmente, la recuperaci\u00f3n de 4 motocicletas, 2 veh\u00edculos y 5 celulares que figuraban hurtados.<\/p>\n\n\n\n<p>En la lucha frontal contra el microtr\u00e1fico, se logr\u00f3 la incautaci\u00f3n de m\u00e1s de 10 mil gramos de estupefacientes (bazuco, marihuana, base de coca y clorhidrato de coca\u00edna) en casos diferentes de capturas e incautaci\u00f3n de sustancias, donde se resalta que, en planes de control en sector de la vereda El Cedro, jurisdicci\u00f3n del municipio de Pitalito, Polic\u00edas de tr\u00e1nsito lograron la inmovilizaci\u00f3n de un veh\u00edculo, la captura de dos personas y la incautaci\u00f3n de m\u00e1s de 5 mil gramos de base de coca.<\/p>\n\n\n\n<figure class=\"wp-block-gallery has-nested-images columns-default is-cropped wp-block-gallery-1 is-layout-flex wp-block-gallery-is-layout-flex\">\n<figure class=\"wp-block-image size-large\"><img decoding=\"async\" data-id=\"47032\" src=\"https:\/\/luchonoticias.com\/wp-content\/uploads\/2023\/02\/WhatsApp-Image-2023-02-26-at-9.22.43-PM-1-1024x793.jpeg\" alt=\"\" class=\"wp-image-47032\"\/><\/figure>\n\n\n\n<figure class=\"wp-block-image size-large\"><img decoding=\"async\" data-id=\"47031\" src=\"https:\/\/luchonoticias.com\/wp-content\/uploads\/2023\/02\/WhatsApp-Image-2023-02-26-at-9.22.42-PM-1024x988.jpeg\" alt=\"\" class=\"wp-image-47031\"\/><\/figure>\n\n\n\n<figure class=\"wp-block-image size-large\"><img decoding=\"async\" data-id=\"47030\" src=\"https:\/\/luchonoticias.com\/wp-content\/uploads\/2023\/02\/WhatsApp-Image-2023-02-26-at-9.22.41-PM-1-1024x768.jpeg\" alt=\"\" class=\"wp-image-47030\"\/><\/figure>\n<\/figure>\n\n\n\n<p>En cuanto a la aplicaci\u00f3n del C\u00f3digo de Convivencia y Seguridad Ciudadana, fueron impuestos 95 \u00f3rdenes de comparendos por comportamientos contrarios a la convivencia, teniendo como faltas m\u00e1s recurrentes, aquellas que ponen en riesgo la vida e integridad, 62 portar armas, elementos cortantes, punzantes o semejantes, 14 por re\u00f1ir, incitar o incurrir en confrontaciones violentas y\u00a0 11 portar o consumir sustancias prohibidas en espacios p\u00fablicos,\u00a0\u00a0 cabe resaltar que los municipios con mayor \u00edndice de infracciones son Garz\u00f3n 12, Santa Mar\u00eda 11 y Pitalito con 11.<\/p>\n\n\n\n<figure class=\"wp-block-gallery has-nested-images columns-default is-cropped wp-block-gallery-2 is-layout-flex wp-block-gallery-is-layout-flex\">\n<figure class=\"wp-block-image size-large\"><img decoding=\"async\" data-id=\"47033\" src=\"https:\/\/luchonoticias.com\/wp-content\/uploads\/2023\/02\/WhatsApp-Image-2023-02-26-at-9.22.48-PM-1-1.jpeg\" alt=\"\" class=\"wp-image-47033\"\/><\/figure>\n\n\n\n<figure class=\"wp-block-image size-large\"><img decoding=\"async\" data-id=\"47034\" src=\"https:\/\/luchonoticias.com\/wp-content\/uploads\/2023\/02\/WhatsApp-Image-2023-02-26-at-9.22.48-PM.jpeg\" alt=\"\" class=\"wp-image-47034\"\/><\/figure>\n\n\n\n<figure class=\"wp-block-image size-large\"><img decoding=\"async\" data-id=\"47035\" src=\"https:\/\/luchonoticias.com\/wp-content\/uploads\/2023\/02\/WhatsApp-Image-2023-02-26-at-9.22.43-PM.jpeg\" alt=\"\" class=\"wp-image-47035\"\/><\/figure>\n<\/figure>\n\n\n\n<p>En temas de movilidad debemos indicar que, m\u00e1s de 59 mil veh\u00edculos se movilizaron por las v\u00edas del Departamento. De igual forma en la jurisdicci\u00f3n de Polic\u00eda Huila, en las distintas \u00e1reas de control para prevenir la siniestralidad vial, se impusieron un total de 127 \u00f3rdenes de comparendo, de estos, 44 por no tener licencia de conducci\u00f3n.<\/p>\n\n\n\n<p>\u00bb Hacemos un llamado a los ciudadanos a hacer parte de la red de participaci\u00f3n c\u00edvica de los municipios, igualmente a que informen y denuncien a las personas que infringen las leyes y crean zozobra en la comunidad.\u00bb Teniente Coronel Jenny Paola Franco Rodr\u00edguez Subcomandante Departamento de Polic\u00eda Huila.<\/p>\n\n\n\n<figure class=\"wp-block-video\"><video autoplay controls src=\"https:\/\/luchonoticias.com\/wp-content\/uploads\/2023\/02\/WhatsApp-Video-2023-02-26-at-9.24.28-PM-1.mp4\"><\/video><\/figure>\n","protected":false},"excerpt":{"rendered":"<p>Gracias a los planes desplegados durante el fin de semana en el Departamento de Polic\u00eda Huila, se logr\u00f3 la captura de 17 personas, comprometidos en distintos delitos, la incautaci\u00f3n de 1 arma de fuego, 2 traum\u00e1ticas y 62 corto punzantes. Igualmente, la recuperaci\u00f3n de 4 motocicletas, 2 veh\u00edculos y 5 celulares que figuraban hurtados. En [&hellip;]<\/p>\n","protected":false},"author":2,"featured_media":0,"comment_status":"open","ping_status":"open","sticky":false,"template":"","format":"standard","meta":{"footnotes":""},"categories":[36,29],"tags":[],"class_list":["post-47027","post","type-post","status-publish","format-standard","hentry","category-destacado","category-judicial"],"yoast_head":"<!-- This site is optimized with the Yoast SEO plugin v26.6 - https:\/\/yoast.com\/wordpress\/plugins\/seo\/ -->\n<title>Excelentes resultados contra el microtr\u00e1fico logr\u00f3 la Polic\u00eda del Huila el fin de semana -<\/title>\n<meta name=\"robots\" content=\"index, follow, max-snippet:-1, max-image-preview:large, max-video-preview:-1\" \/>\n<link rel=\"canonical\" href=\"https:\/\/luchonoticias.com\/editor\/excelentes-resultados-contra-el-microtrafico-logro-la-policia-del-huila-el-fin-de-semana\/\" \/>\n<meta property=\"og:locale\" content=\"es_ES\" \/>\n<meta property=\"og:type\" content=\"article\" \/>\n<meta property=\"og:title\" content=\"Excelentes resultados contra el microtr\u00e1fico logr\u00f3 la Polic\u00eda del Huila el fin de semana -\" \/>\n<meta property=\"og:url\" content=\"https:\/\/luchonoticias.com\/editor\/excelentes-resultados-contra-el-microtrafico-logro-la-policia-del-huila-el-fin-de-semana\/\" \/>\n<meta property=\"article:publisher\" content=\"https:\/\/www.facebook.com\/luchonoticiasneiva\" \/>\n<meta property=\"article:published_time\" content=\"2023-02-27T12:29:15+00:00\" \/>\n<meta property=\"article:modified_time\" content=\"2023-02-27T12:29:17+00:00\" \/>\n<meta property=\"og:image\" content=\"https:\/\/luchonoticias.com\/wp-content\/uploads\/2023\/02\/WhatsApp-Image-2023-02-26-at-9.22.43-PM-1-1024x793.jpeg\" \/>\n<meta name=\"author\" content=\"Editor General\" \/>\n<meta name=\"twitter:card\" content=\"summary_large_image\" \/>\n<meta name=\"twitter:label1\" content=\"Escrito por\" \/>\n\t<meta name=\"twitter:data1\" content=\"Editor General\" \/>\n\t<meta name=\"twitter:label2\" content=\"Tiempo de lectura\" \/>\n\t<meta name=\"twitter:data2\" content=\"2 minutos\" \/>\n<script type=\"application\/ld+json\" class=\"yoast-schema-graph\">{\"@context\":\"https:\/\/schema.org\",\"@graph\":[{\"@type\":\"Article\",\"@id\":\"https:\/\/luchonoticias.com\/editor\/excelentes-resultados-contra-el-microtrafico-logro-la-policia-del-huila-el-fin-de-semana\/#article\",\"isPartOf\":{\"@id\":\"https:\/\/luchonoticias.com\/editor\/excelentes-resultados-contra-el-microtrafico-logro-la-policia-del-huila-el-fin-de-semana\/\"},\"author\":{\"name\":\"Editor General\",\"@id\":\"https:\/\/luchonoticias.com\/editor\/#\/schema\/person\/29217990ddf6f14e35912b2866d591fb\"},\"headline\":\"Excelentes resultados contra el microtr\u00e1fico logr\u00f3 la Polic\u00eda del Huila el fin de semana\",\"datePublished\":\"2023-02-27T12:29:15+00:00\",\"dateModified\":\"2023-02-27T12:29:17+00:00\",\"mainEntityOfPage\":{\"@id\":\"https:\/\/luchonoticias.com\/editor\/excelentes-resultados-contra-el-microtrafico-logro-la-policia-del-huila-el-fin-de-semana\/\"},\"wordCount\":359,\"commentCount\":0,\"publisher\":{\"@id\":\"https:\/\/luchonoticias.com\/editor\/#\/schema\/person\/7a7fd911f58561fd056dbac7b55af9cd\"},\"image\":{\"@id\":\"https:\/\/luchonoticias.com\/editor\/excelentes-resultados-contra-el-microtrafico-logro-la-policia-del-huila-el-fin-de-semana\/#primaryimage\"},\"thumbnailUrl\":\"https:\/\/luchonoticias.com\/wp-content\/uploads\/2023\/02\/WhatsApp-Image-2023-02-26-at-9.22.43-PM-1-1024x793.jpeg\",\"articleSection\":[\"Destacado\",\"Judicial\"],\"inLanguage\":\"es\",\"potentialAction\":[{\"@type\":\"CommentAction\",\"name\":\"Comment\",\"target\":[\"https:\/\/luchonoticias.com\/editor\/excelentes-resultados-contra-el-microtrafico-logro-la-policia-del-huila-el-fin-de-semana\/#respond\"]}]},{\"@type\":\"WebPage\",\"@id\":\"https:\/\/luchonoticias.com\/editor\/excelentes-resultados-contra-el-microtrafico-logro-la-policia-del-huila-el-fin-de-semana\/\",\"url\":\"https:\/\/luchonoticias.com\/editor\/excelentes-resultados-contra-el-microtrafico-logro-la-policia-del-huila-el-fin-de-semana\/\",\"name\":\"Excelentes resultados contra el microtr\u00e1fico logr\u00f3 la Polic\u00eda del Huila el fin de semana -\",\"isPartOf\":{\"@id\":\"https:\/\/luchonoticias.com\/editor\/#website\"},\"primaryImageOfPage\":{\"@id\":\"https:\/\/luchonoticias.com\/editor\/excelentes-resultados-contra-el-microtrafico-logro-la-policia-del-huila-el-fin-de-semana\/#primaryimage\"},\"image\":{\"@id\":\"https:\/\/luchonoticias.com\/editor\/excelentes-resultados-contra-el-microtrafico-logro-la-policia-del-huila-el-fin-de-semana\/#primaryimage\"},\"thumbnailUrl\":\"https:\/\/luchonoticias.com\/wp-content\/uploads\/2023\/02\/WhatsApp-Image-2023-02-26-at-9.22.43-PM-1-1024x793.jpeg\",\"datePublished\":\"2023-02-27T12:29:15+00:00\",\"dateModified\":\"2023-02-27T12:29:17+00:00\",\"breadcrumb\":{\"@id\":\"https:\/\/luchonoticias.com\/editor\/excelentes-resultados-contra-el-microtrafico-logro-la-policia-del-huila-el-fin-de-semana\/#breadcrumb\"},\"inLanguage\":\"es\",\"potentialAction\":[{\"@type\":\"ReadAction\",\"target\":[\"https:\/\/luchonoticias.com\/editor\/excelentes-resultados-contra-el-microtrafico-logro-la-policia-del-huila-el-fin-de-semana\/\"]}]},{\"@type\":\"ImageObject\",\"inLanguage\":\"es\",\"@id\":\"https:\/\/luchonoticias.com\/editor\/excelentes-resultados-contra-el-microtrafico-logro-la-policia-del-huila-el-fin-de-semana\/#primaryimage\",\"url\":\"https:\/\/luchonoticias.com\/wp-content\/uploads\/2023\/02\/WhatsApp-Image-2023-02-26-at-9.22.43-PM-1-1024x793.jpeg\",\"contentUrl\":\"https:\/\/luchonoticias.com\/wp-content\/uploads\/2023\/02\/WhatsApp-Image-2023-02-26-at-9.22.43-PM-1-1024x793.jpeg\"},{\"@type\":\"BreadcrumbList\",\"@id\":\"https:\/\/luchonoticias.com\/editor\/excelentes-resultados-contra-el-microtrafico-logro-la-policia-del-huila-el-fin-de-semana\/#breadcrumb\",\"itemListElement\":[{\"@type\":\"ListItem\",\"position\":1,\"name\":\"Portada\",\"item\":\"https:\/\/luchonoticias.com\/editor\/\"},{\"@type\":\"ListItem\",\"position\":2,\"name\":\"Excelentes resultados contra el microtr\u00e1fico logr\u00f3 la Polic\u00eda del Huila el fin de semana\"}]},{\"@type\":\"WebSite\",\"@id\":\"https:\/\/luchonoticias.com\/editor\/#website\",\"url\":\"https:\/\/luchonoticias.com\/editor\/\",\"name\":\"\",\"description\":\"\",\"publisher\":{\"@id\":\"https:\/\/luchonoticias.com\/editor\/#\/schema\/person\/7a7fd911f58561fd056dbac7b55af9cd\"},\"potentialAction\":[{\"@type\":\"SearchAction\",\"target\":{\"@type\":\"EntryPoint\",\"urlTemplate\":\"https:\/\/luchonoticias.com\/editor\/?s={search_term_string}\"},\"query-input\":{\"@type\":\"PropertyValueSpecification\",\"valueRequired\":true,\"valueName\":\"search_term_string\"}}],\"inLanguage\":\"es\"},{\"@type\":[\"Person\",\"Organization\"],\"@id\":\"https:\/\/luchonoticias.com\/editor\/#\/schema\/person\/7a7fd911f58561fd056dbac7b55af9cd\",\"name\":\"admin\",\"image\":{\"@type\":\"ImageObject\",\"inLanguage\":\"es\",\"@id\":\"https:\/\/luchonoticias.com\/editor\/#\/schema\/person\/image\/\",\"url\":\"https:\/\/luchonoticias.com\/editor\/wp-content\/uploads\/2024\/02\/cropped-cropped-logolu.webp\",\"contentUrl\":\"https:\/\/luchonoticias.com\/editor\/wp-content\/uploads\/2024\/02\/cropped-cropped-logolu.webp\",\"width\":382,\"height\":170,\"caption\":\"admin\"},\"logo\":{\"@id\":\"https:\/\/luchonoticias.com\/editor\/#\/schema\/person\/image\/\"},\"sameAs\":[\"https:\/\/www.facebook.com\/luchonoticiasneiva\"]},{\"@type\":\"Person\",\"@id\":\"https:\/\/luchonoticias.com\/editor\/#\/schema\/person\/29217990ddf6f14e35912b2866d591fb\",\"name\":\"Editor General\",\"image\":{\"@type\":\"ImageObject\",\"inLanguage\":\"es\",\"@id\":\"https:\/\/luchonoticias.com\/editor\/#\/schema\/person\/image\/\",\"url\":\"https:\/\/luchonoticias.com\/editor\/wp-content\/uploads\/2024\/02\/cropped-cropped-logolu-150x150.webp\",\"contentUrl\":\"https:\/\/luchonoticias.com\/editor\/wp-content\/uploads\/2024\/02\/cropped-cropped-logolu-150x150.webp\",\"caption\":\"Editor General\"},\"sameAs\":[\"https:\/\/luchonoticias.com\/\"],\"url\":\"https:\/\/luchonoticias.com\/editor\/author\/editor-general\/\"}]}<\/script>\n<!-- \/ Yoast SEO plugin. -->","yoast_head_json":{"title":"Excelentes resultados contra el microtr\u00e1fico logr\u00f3 la Polic\u00eda del Huila el fin de semana -","robots":{"index":"index","follow":"follow","max-snippet":"max-snippet:-1","max-image-preview":"max-image-preview:large","max-video-preview":"max-video-preview:-1"},"canonical":"https:\/\/luchonoticias.com\/editor\/excelentes-resultados-contra-el-microtrafico-logro-la-policia-del-huila-el-fin-de-semana\/","og_locale":"es_ES","og_type":"article","og_title":"Excelentes resultados contra el microtr\u00e1fico logr\u00f3 la Polic\u00eda del Huila el fin de semana -","og_url":"https:\/\/luchonoticias.com\/editor\/excelentes-resultados-contra-el-microtrafico-logro-la-policia-del-huila-el-fin-de-semana\/","article_publisher":"https:\/\/www.facebook.com\/luchonoticiasneiva","article_published_time":"2023-02-27T12:29:15+00:00","article_modified_time":"2023-02-27T12:29:17+00:00","og_image":[{"url":"https:\/\/luchonoticias.com\/wp-content\/uploads\/2023\/02\/WhatsApp-Image-2023-02-26-at-9.22.43-PM-1-1024x793.jpeg","type":"","width":"","height":""}],"author":"Editor General","twitter_card":"summary_large_image","twitter_misc":{"Escrito por":"Editor General","Tiempo de lectura":"2 minutos"},"schema":{"@context":"https:\/\/schema.org","@graph":[{"@type":"Article","@id":"https:\/\/luchonoticias.com\/editor\/excelentes-resultados-contra-el-microtrafico-logro-la-policia-del-huila-el-fin-de-semana\/#article","isPartOf":{"@id":"https:\/\/luchonoticias.com\/editor\/excelentes-resultados-contra-el-microtrafico-logro-la-policia-del-huila-el-fin-de-semana\/"},"author":{"name":"Editor General","@id":"https:\/\/luchonoticias.com\/editor\/#\/schema\/person\/29217990ddf6f14e35912b2866d591fb"},"headline":"Excelentes resultados contra el microtr\u00e1fico logr\u00f3 la Polic\u00eda del Huila el fin de semana","datePublished":"2023-02-27T12:29:15+00:00","dateModified":"2023-02-27T12:29:17+00:00","mainEntityOfPage":{"@id":"https:\/\/luchonoticias.com\/editor\/excelentes-resultados-contra-el-microtrafico-logro-la-policia-del-huila-el-fin-de-semana\/"},"wordCount":359,"commentCount":0,"publisher":{"@id":"https:\/\/luchonoticias.com\/editor\/#\/schema\/person\/7a7fd911f58561fd056dbac7b55af9cd"},"image":{"@id":"https:\/\/luchonoticias.com\/editor\/excelentes-resultados-contra-el-microtrafico-logro-la-policia-del-huila-el-fin-de-semana\/#primaryimage"},"thumbnailUrl":"https:\/\/luchonoticias.com\/wp-content\/uploads\/2023\/02\/WhatsApp-Image-2023-02-26-at-9.22.43-PM-1-1024x793.jpeg","articleSection":["Destacado","Judicial"],"inLanguage":"es","potentialAction":[{"@type":"CommentAction","name":"Comment","target":["https:\/\/luchonoticias.com\/editor\/excelentes-resultados-contra-el-microtrafico-logro-la-policia-del-huila-el-fin-de-semana\/#respond"]}]},{"@type":"WebPage","@id":"https:\/\/luchonoticias.com\/editor\/excelentes-resultados-contra-el-microtrafico-logro-la-policia-del-huila-el-fin-de-semana\/","url":"https:\/\/luchonoticias.com\/editor\/excelentes-resultados-contra-el-microtrafico-logro-la-policia-del-huila-el-fin-de-semana\/","name":"Excelentes resultados contra el microtr\u00e1fico logr\u00f3 la Polic\u00eda del Huila el fin de semana -","isPartOf":{"@id":"https:\/\/luchonoticias.com\/editor\/#website"},"primaryImageOfPage":{"@id":"https:\/\/luchonoticias.com\/editor\/excelentes-resultados-contra-el-microtrafico-logro-la-policia-del-huila-el-fin-de-semana\/#primaryimage"},"image":{"@id":"https:\/\/luchonoticias.com\/editor\/excelentes-resultados-contra-el-microtrafico-logro-la-policia-del-huila-el-fin-de-semana\/#primaryimage"},"thumbnailUrl":"https:\/\/luchonoticias.com\/wp-content\/uploads\/2023\/02\/WhatsApp-Image-2023-02-26-at-9.22.43-PM-1-1024x793.jpeg","datePublished":"2023-02-27T12:29:15+00:00","dateModified":"2023-02-27T12:29:17+00:00","breadcrumb":{"@id":"https:\/\/luchonoticias.com\/editor\/excelentes-resultados-contra-el-microtrafico-logro-la-policia-del-huila-el-fin-de-semana\/#breadcrumb"},"inLanguage":"es","potentialAction":[{"@type":"ReadAction","target":["https:\/\/luchonoticias.com\/editor\/excelentes-resultados-contra-el-microtrafico-logro-la-policia-del-huila-el-fin-de-semana\/"]}]},{"@type":"ImageObject","inLanguage":"es","@id":"https:\/\/luchonoticias.com\/editor\/excelentes-resultados-contra-el-microtrafico-logro-la-policia-del-huila-el-fin-de-semana\/#primaryimage","url":"https:\/\/luchonoticias.com\/wp-content\/uploads\/2023\/02\/WhatsApp-Image-2023-02-26-at-9.22.43-PM-1-1024x793.jpeg","contentUrl":"https:\/\/luchonoticias.com\/wp-content\/uploads\/2023\/02\/WhatsApp-Image-2023-02-26-at-9.22.43-PM-1-1024x793.jpeg"},{"@type":"BreadcrumbList","@id":"https:\/\/luchonoticias.com\/editor\/excelentes-resultados-contra-el-microtrafico-logro-la-policia-del-huila-el-fin-de-semana\/#breadcrumb","itemListElement":[{"@type":"ListItem","position":1,"name":"Portada","item":"https:\/\/luchonoticias.com\/editor\/"},{"@type":"ListItem","position":2,"name":"Excelentes resultados contra el microtr\u00e1fico logr\u00f3 la Polic\u00eda del Huila el fin de semana"}]},{"@type":"WebSite","@id":"https:\/\/luchonoticias.com\/editor\/#website","url":"https:\/\/luchonoticias.com\/editor\/","name":"","description":"","publisher":{"@id":"https:\/\/luchonoticias.com\/editor\/#\/schema\/person\/7a7fd911f58561fd056dbac7b55af9cd"},"potentialAction":[{"@type":"SearchAction","target":{"@type":"EntryPoint","urlTemplate":"https:\/\/luchonoticias.com\/editor\/?s={search_term_string}"},"query-input":{"@type":"PropertyValueSpecification","valueRequired":true,"valueName":"search_term_string"}}],"inLanguage":"es"},{"@type":["Person","Organization"],"@id":"https:\/\/luchonoticias.com\/editor\/#\/schema\/person\/7a7fd911f58561fd056dbac7b55af9cd","name":"admin","image":{"@type":"ImageObject","inLanguage":"es","@id":"https:\/\/luchonoticias.com\/editor\/#\/schema\/person\/image\/","url":"https:\/\/luchonoticias.com\/editor\/wp-content\/uploads\/2024\/02\/cropped-cropped-logolu.webp","contentUrl":"https:\/\/luchonoticias.com\/editor\/wp-content\/uploads\/2024\/02\/cropped-cropped-logolu.webp","width":382,"height":170,"caption":"admin"},"logo":{"@id":"https:\/\/luchonoticias.com\/editor\/#\/schema\/person\/image\/"},"sameAs":["https:\/\/www.facebook.com\/luchonoticiasneiva"]},{"@type":"Person","@id":"https:\/\/luchonoticias.com\/editor\/#\/schema\/person\/29217990ddf6f14e35912b2866d591fb","name":"Editor General","image":{"@type":"ImageObject","inLanguage":"es","@id":"https:\/\/luchonoticias.com\/editor\/#\/schema\/person\/image\/","url":"https:\/\/luchonoticias.com\/editor\/wp-content\/uploads\/2024\/02\/cropped-cropped-logolu-150x150.webp","contentUrl":"https:\/\/luchonoticias.com\/editor\/wp-content\/uploads\/2024\/02\/cropped-cropped-logolu-150x150.webp","caption":"Editor General"},"sameAs":["https:\/\/luchonoticias.com\/"],"url":"https:\/\/luchonoticias.com\/editor\/author\/editor-general\/"}]}},"_links":{"self":[{"href":"https:\/\/luchonoticias.com\/editor\/wp-json\/wp\/v2\/posts\/47027","targetHints":{"allow":["GET"]}}],"collection":[{"href":"https:\/\/luchonoticias.com\/editor\/wp-json\/wp\/v2\/posts"}],"about":[{"href":"https:\/\/luchonoticias.com\/editor\/wp-json\/wp\/v2\/types\/post"}],"author":[{"embeddable":true,"href":"https:\/\/luchonoticias.com\/editor\/wp-json\/wp\/v2\/users\/2"}],"replies":[{"embeddable":true,"href":"https:\/\/luchonoticias.com\/editor\/wp-json\/wp\/v2\/comments?post=47027"}],"version-history":[{"count":0,"href":"https:\/\/luchonoticias.com\/editor\/wp-json\/wp\/v2\/posts\/47027\/revisions"}],"wp:attachment":[{"href":"https:\/\/luchonoticias.com\/editor\/wp-json\/wp\/v2\/media?parent=47027"}],"wp:term":[{"taxonomy":"category","embeddable":true,"href":"https:\/\/luchonoticias.com\/editor\/wp-json\/wp\/v2\/categories?post=47027"},{"taxonomy":"post_tag","embeddable":true,"href":"https:\/\/luchonoticias.com\/editor\/wp-json\/wp\/v2\/tags?post=47027"}],"curies":[{"name":"wp","href":"https:\/\/api.w.org\/{rel}","templated":true}]}}