{"id":47038,"date":"2023-02-27T07:37:49","date_gmt":"2023-02-27T12:37:49","guid":{"rendered":"https:\/\/luchonoticias.com\/?p=47038"},"modified":"2023-02-27T07:37:50","modified_gmt":"2023-02-27T12:37:50","slug":"condenados-cabecillas-de-las-disidencias-de-las-farc-por-la-toma-de-mitu-vaupes","status":"publish","type":"post","link":"https:\/\/luchonoticias.com\/editor\/condenados-cabecillas-de-las-disidencias-de-las-farc-por-la-toma-de-mitu-vaupes\/","title":{"rendered":"Condenados cabecillas de las disidencias de Las Farc por la toma de Mit\u00fa, Vaup\u00e9s"},"content":{"rendered":"\n<p>La Fiscal\u00eda General de la Naci\u00f3n obtuvo sentencia condenatoria contra cuatro se\u00f1alados cabecillas de las estructuras disidentes de las Farc por hechos relacionados con la toma de Mit\u00fa (Vaup\u00e9s), ocurrida el 1 de noviembre de 1998.<\/p>\n\n\n\n<p>Un fiscal de la Direcci\u00f3n Especializada contra las Violaciones a los Derechos Humanos demostr\u00f3 que los entonces frentes primero y s\u00e9ptimo de las extintas Farc, grupos cuyos m\u00e1ximos jefes se mantienen en la clandestinidad, tuvieron participaci\u00f3n directa en los hechos de zozobra que enfrent\u00f3 la poblaci\u00f3n, que dejaron 43 personas muertas, entre integrantes de la fuerza p\u00fablica y civiles; y 61 militares y polic\u00edas secuestrados.<\/p>\n\n\n\n<p>En ese sentido, una juez penal especializada de Villavicencio conden\u00f3 a Miguel Botache Santillana, alias Gentil Duarte, a 40 a\u00f1os de prisi\u00f3n por los delitos de homicidio agravado; desaparici\u00f3n forzada, por el caso del intendente Luis Hernando Pe\u00f1a de quien se desconoce su paradero; y secuestro extorsivo agravado, por la retenci\u00f3n de los comandantes de polic\u00eda en Vaup\u00e9s para la \u00e9poca, los entonces coronel Luis Herlindo Mendieta Ovalle; y capit\u00e1n Enrique Murillo S\u00e1nchez. Por las dem\u00e1s v\u00edctimas de este \u00faltimo delito se sigue otro proceso judicial.<\/p>\n\n\n\n<p>De otra parte, fueron sentenciados Carlos Arturo Esquivel Herr\u00e1n, alias Alonso 45; y Abimelec Eregua Torres, alias Arnubal, a 34 a\u00f1os y 6 meses de prisi\u00f3n por los delitos de secuestro extorsivo agravado y rebeli\u00f3n.<\/p>\n\n\n\n<p>\u2018Alonso 45\u2019 fue uno de los cabecillas que entreg\u00f3 los secuestrados a las misiones humanitarias que participaron en varias liberaciones en el oriente del pa\u00eds hace m\u00e1s de 10 a\u00f1os, actualmente ser\u00eda el jefe de un grupo disidente de las Farc que delinque en Nari\u00f1o. Por su parte, alias Arnubal fue el denominado \u2018carcelero\u2019 de los oficiales Mendieta Ovalle y Murillo S\u00e1nchez, en el entendido de que los mantuvo encerrados durante varios a\u00f1os y en condiciones infrahumanas.<\/p>\n\n\n\n<p>Finalmente, fue condenado N\u00e9stor Gregorio Vera Fern\u00e1ndez, alias Iv\u00e1n Mordisco, a 6 a\u00f1os de prisi\u00f3n por el delito de rebeli\u00f3n. Este hombre es el se\u00f1alado cabecilla de las disidencias del frente primero de las Farc.<\/p>\n","protected":false},"excerpt":{"rendered":"<p>La Fiscal\u00eda General de la Naci\u00f3n obtuvo sentencia condenatoria contra cuatro se\u00f1alados cabecillas de las estructuras disidentes de las Farc por hechos relacionados con la toma de Mit\u00fa (Vaup\u00e9s), ocurrida el 1 de noviembre de 1998. Un fiscal de la Direcci\u00f3n Especializada contra las Violaciones a los Derechos Humanos demostr\u00f3 que los entonces frentes primero [&hellip;]<\/p>\n","protected":false},"author":2,"featured_media":0,"comment_status":"open","ping_status":"open","sticky":false,"template":"","format":"standard","meta":{"footnotes":""},"categories":[36,29],"tags":[],"class_list":["post-47038","post","type-post","status-publish","format-standard","hentry","category-destacado","category-judicial"],"yoast_head":"<!-- This site is optimized with the Yoast SEO plugin v26.6 - https:\/\/yoast.com\/wordpress\/plugins\/seo\/ -->\n<title>Condenados cabecillas de las disidencias de Las Farc por la toma de Mit\u00fa, Vaup\u00e9s -<\/title>\n<meta name=\"robots\" content=\"index, follow, max-snippet:-1, max-image-preview:large, max-video-preview:-1\" \/>\n<link rel=\"canonical\" href=\"https:\/\/luchonoticias.com\/editor\/condenados-cabecillas-de-las-disidencias-de-las-farc-por-la-toma-de-mitu-vaupes\/\" \/>\n<meta property=\"og:locale\" content=\"es_ES\" \/>\n<meta property=\"og:type\" content=\"article\" \/>\n<meta property=\"og:title\" content=\"Condenados cabecillas de las disidencias de Las Farc por la toma de Mit\u00fa, Vaup\u00e9s -\" \/>\n<meta property=\"og:url\" content=\"https:\/\/luchonoticias.com\/editor\/condenados-cabecillas-de-las-disidencias-de-las-farc-por-la-toma-de-mitu-vaupes\/\" \/>\n<meta property=\"article:publisher\" content=\"https:\/\/www.facebook.com\/luchonoticiasneiva\" \/>\n<meta property=\"article:published_time\" content=\"2023-02-27T12:37:49+00:00\" \/>\n<meta property=\"article:modified_time\" content=\"2023-02-27T12:37:50+00:00\" \/>\n<meta name=\"author\" content=\"Editor General\" \/>\n<meta name=\"twitter:card\" content=\"summary_large_image\" \/>\n<meta name=\"twitter:label1\" content=\"Escrito por\" \/>\n\t<meta name=\"twitter:data1\" content=\"Editor General\" \/>\n\t<meta name=\"twitter:label2\" content=\"Tiempo de lectura\" \/>\n\t<meta name=\"twitter:data2\" content=\"2 minutos\" \/>\n<script type=\"application\/ld+json\" class=\"yoast-schema-graph\">{\"@context\":\"https:\/\/schema.org\",\"@graph\":[{\"@type\":\"Article\",\"@id\":\"https:\/\/luchonoticias.com\/editor\/condenados-cabecillas-de-las-disidencias-de-las-farc-por-la-toma-de-mitu-vaupes\/#article\",\"isPartOf\":{\"@id\":\"https:\/\/luchonoticias.com\/editor\/condenados-cabecillas-de-las-disidencias-de-las-farc-por-la-toma-de-mitu-vaupes\/\"},\"author\":{\"name\":\"Editor General\",\"@id\":\"https:\/\/luchonoticias.com\/editor\/#\/schema\/person\/29217990ddf6f14e35912b2866d591fb\"},\"headline\":\"Condenados cabecillas de las disidencias de Las Farc por la toma de Mit\u00fa, Vaup\u00e9s\",\"datePublished\":\"2023-02-27T12:37:49+00:00\",\"dateModified\":\"2023-02-27T12:37:50+00:00\",\"mainEntityOfPage\":{\"@id\":\"https:\/\/luchonoticias.com\/editor\/condenados-cabecillas-de-las-disidencias-de-las-farc-por-la-toma-de-mitu-vaupes\/\"},\"wordCount\":378,\"commentCount\":0,\"publisher\":{\"@id\":\"https:\/\/luchonoticias.com\/editor\/#\/schema\/person\/7a7fd911f58561fd056dbac7b55af9cd\"},\"articleSection\":[\"Destacado\",\"Judicial\"],\"inLanguage\":\"es\",\"potentialAction\":[{\"@type\":\"CommentAction\",\"name\":\"Comment\",\"target\":[\"https:\/\/luchonoticias.com\/editor\/condenados-cabecillas-de-las-disidencias-de-las-farc-por-la-toma-de-mitu-vaupes\/#respond\"]}]},{\"@type\":\"WebPage\",\"@id\":\"https:\/\/luchonoticias.com\/editor\/condenados-cabecillas-de-las-disidencias-de-las-farc-por-la-toma-de-mitu-vaupes\/\",\"url\":\"https:\/\/luchonoticias.com\/editor\/condenados-cabecillas-de-las-disidencias-de-las-farc-por-la-toma-de-mitu-vaupes\/\",\"name\":\"Condenados cabecillas de las disidencias de Las Farc por la toma de Mit\u00fa, Vaup\u00e9s -\",\"isPartOf\":{\"@id\":\"https:\/\/luchonoticias.com\/editor\/#website\"},\"datePublished\":\"2023-02-27T12:37:49+00:00\",\"dateModified\":\"2023-02-27T12:37:50+00:00\",\"breadcrumb\":{\"@id\":\"https:\/\/luchonoticias.com\/editor\/condenados-cabecillas-de-las-disidencias-de-las-farc-por-la-toma-de-mitu-vaupes\/#breadcrumb\"},\"inLanguage\":\"es\",\"potentialAction\":[{\"@type\":\"ReadAction\",\"target\":[\"https:\/\/luchonoticias.com\/editor\/condenados-cabecillas-de-las-disidencias-de-las-farc-por-la-toma-de-mitu-vaupes\/\"]}]},{\"@type\":\"BreadcrumbList\",\"@id\":\"https:\/\/luchonoticias.com\/editor\/condenados-cabecillas-de-las-disidencias-de-las-farc-por-la-toma-de-mitu-vaupes\/#breadcrumb\",\"itemListElement\":[{\"@type\":\"ListItem\",\"position\":1,\"name\":\"Portada\",\"item\":\"https:\/\/luchonoticias.com\/editor\/\"},{\"@type\":\"ListItem\",\"position\":2,\"name\":\"Condenados cabecillas de las disidencias de Las Farc por la toma de Mit\u00fa, Vaup\u00e9s\"}]},{\"@type\":\"WebSite\",\"@id\":\"https:\/\/luchonoticias.com\/editor\/#website\",\"url\":\"https:\/\/luchonoticias.com\/editor\/\",\"name\":\"\",\"description\":\"\",\"publisher\":{\"@id\":\"https:\/\/luchonoticias.com\/editor\/#\/schema\/person\/7a7fd911f58561fd056dbac7b55af9cd\"},\"potentialAction\":[{\"@type\":\"SearchAction\",\"target\":{\"@type\":\"EntryPoint\",\"urlTemplate\":\"https:\/\/luchonoticias.com\/editor\/?s={search_term_string}\"},\"query-input\":{\"@type\":\"PropertyValueSpecification\",\"valueRequired\":true,\"valueName\":\"search_term_string\"}}],\"inLanguage\":\"es\"},{\"@type\":[\"Person\",\"Organization\"],\"@id\":\"https:\/\/luchonoticias.com\/editor\/#\/schema\/person\/7a7fd911f58561fd056dbac7b55af9cd\",\"name\":\"admin\",\"image\":{\"@type\":\"ImageObject\",\"inLanguage\":\"es\",\"@id\":\"https:\/\/luchonoticias.com\/editor\/#\/schema\/person\/image\/\",\"url\":\"https:\/\/luchonoticias.com\/editor\/wp-content\/uploads\/2024\/02\/cropped-cropped-logolu.webp\",\"contentUrl\":\"https:\/\/luchonoticias.com\/editor\/wp-content\/uploads\/2024\/02\/cropped-cropped-logolu.webp\",\"width\":382,\"height\":170,\"caption\":\"admin\"},\"logo\":{\"@id\":\"https:\/\/luchonoticias.com\/editor\/#\/schema\/person\/image\/\"},\"sameAs\":[\"https:\/\/www.facebook.com\/luchonoticiasneiva\"]},{\"@type\":\"Person\",\"@id\":\"https:\/\/luchonoticias.com\/editor\/#\/schema\/person\/29217990ddf6f14e35912b2866d591fb\",\"name\":\"Editor General\",\"image\":{\"@type\":\"ImageObject\",\"inLanguage\":\"es\",\"@id\":\"https:\/\/luchonoticias.com\/editor\/#\/schema\/person\/image\/\",\"url\":\"https:\/\/luchonoticias.com\/editor\/wp-content\/uploads\/2024\/02\/cropped-cropped-logolu-150x150.webp\",\"contentUrl\":\"https:\/\/luchonoticias.com\/editor\/wp-content\/uploads\/2024\/02\/cropped-cropped-logolu-150x150.webp\",\"caption\":\"Editor General\"},\"sameAs\":[\"https:\/\/luchonoticias.com\/\"],\"url\":\"https:\/\/luchonoticias.com\/editor\/author\/editor-general\/\"}]}<\/script>\n<!-- \/ Yoast SEO plugin. -->","yoast_head_json":{"title":"Condenados cabecillas de las disidencias de Las Farc por la toma de Mit\u00fa, Vaup\u00e9s -","robots":{"index":"index","follow":"follow","max-snippet":"max-snippet:-1","max-image-preview":"max-image-preview:large","max-video-preview":"max-video-preview:-1"},"canonical":"https:\/\/luchonoticias.com\/editor\/condenados-cabecillas-de-las-disidencias-de-las-farc-por-la-toma-de-mitu-vaupes\/","og_locale":"es_ES","og_type":"article","og_title":"Condenados cabecillas de las disidencias de Las Farc por la toma de Mit\u00fa, Vaup\u00e9s -","og_url":"https:\/\/luchonoticias.com\/editor\/condenados-cabecillas-de-las-disidencias-de-las-farc-por-la-toma-de-mitu-vaupes\/","article_publisher":"https:\/\/www.facebook.com\/luchonoticiasneiva","article_published_time":"2023-02-27T12:37:49+00:00","article_modified_time":"2023-02-27T12:37:50+00:00","author":"Editor General","twitter_card":"summary_large_image","twitter_misc":{"Escrito por":"Editor General","Tiempo de lectura":"2 minutos"},"schema":{"@context":"https:\/\/schema.org","@graph":[{"@type":"Article","@id":"https:\/\/luchonoticias.com\/editor\/condenados-cabecillas-de-las-disidencias-de-las-farc-por-la-toma-de-mitu-vaupes\/#article","isPartOf":{"@id":"https:\/\/luchonoticias.com\/editor\/condenados-cabecillas-de-las-disidencias-de-las-farc-por-la-toma-de-mitu-vaupes\/"},"author":{"name":"Editor General","@id":"https:\/\/luchonoticias.com\/editor\/#\/schema\/person\/29217990ddf6f14e35912b2866d591fb"},"headline":"Condenados cabecillas de las disidencias de Las Farc por la toma de Mit\u00fa, Vaup\u00e9s","datePublished":"2023-02-27T12:37:49+00:00","dateModified":"2023-02-27T12:37:50+00:00","mainEntityOfPage":{"@id":"https:\/\/luchonoticias.com\/editor\/condenados-cabecillas-de-las-disidencias-de-las-farc-por-la-toma-de-mitu-vaupes\/"},"wordCount":378,"commentCount":0,"publisher":{"@id":"https:\/\/luchonoticias.com\/editor\/#\/schema\/person\/7a7fd911f58561fd056dbac7b55af9cd"},"articleSection":["Destacado","Judicial"],"inLanguage":"es","potentialAction":[{"@type":"CommentAction","name":"Comment","target":["https:\/\/luchonoticias.com\/editor\/condenados-cabecillas-de-las-disidencias-de-las-farc-por-la-toma-de-mitu-vaupes\/#respond"]}]},{"@type":"WebPage","@id":"https:\/\/luchonoticias.com\/editor\/condenados-cabecillas-de-las-disidencias-de-las-farc-por-la-toma-de-mitu-vaupes\/","url":"https:\/\/luchonoticias.com\/editor\/condenados-cabecillas-de-las-disidencias-de-las-farc-por-la-toma-de-mitu-vaupes\/","name":"Condenados cabecillas de las disidencias de Las Farc por la toma de Mit\u00fa, Vaup\u00e9s -","isPartOf":{"@id":"https:\/\/luchonoticias.com\/editor\/#website"},"datePublished":"2023-02-27T12:37:49+00:00","dateModified":"2023-02-27T12:37:50+00:00","breadcrumb":{"@id":"https:\/\/luchonoticias.com\/editor\/condenados-cabecillas-de-las-disidencias-de-las-farc-por-la-toma-de-mitu-vaupes\/#breadcrumb"},"inLanguage":"es","potentialAction":[{"@type":"ReadAction","target":["https:\/\/luchonoticias.com\/editor\/condenados-cabecillas-de-las-disidencias-de-las-farc-por-la-toma-de-mitu-vaupes\/"]}]},{"@type":"BreadcrumbList","@id":"https:\/\/luchonoticias.com\/editor\/condenados-cabecillas-de-las-disidencias-de-las-farc-por-la-toma-de-mitu-vaupes\/#breadcrumb","itemListElement":[{"@type":"ListItem","position":1,"name":"Portada","item":"https:\/\/luchonoticias.com\/editor\/"},{"@type":"ListItem","position":2,"name":"Condenados cabecillas de las disidencias de Las Farc por la toma de Mit\u00fa, Vaup\u00e9s"}]},{"@type":"WebSite","@id":"https:\/\/luchonoticias.com\/editor\/#website","url":"https:\/\/luchonoticias.com\/editor\/","name":"","description":"","publisher":{"@id":"https:\/\/luchonoticias.com\/editor\/#\/schema\/person\/7a7fd911f58561fd056dbac7b55af9cd"},"potentialAction":[{"@type":"SearchAction","target":{"@type":"EntryPoint","urlTemplate":"https:\/\/luchonoticias.com\/editor\/?s={search_term_string}"},"query-input":{"@type":"PropertyValueSpecification","valueRequired":true,"valueName":"search_term_string"}}],"inLanguage":"es"},{"@type":["Person","Organization"],"@id":"https:\/\/luchonoticias.com\/editor\/#\/schema\/person\/7a7fd911f58561fd056dbac7b55af9cd","name":"admin","image":{"@type":"ImageObject","inLanguage":"es","@id":"https:\/\/luchonoticias.com\/editor\/#\/schema\/person\/image\/","url":"https:\/\/luchonoticias.com\/editor\/wp-content\/uploads\/2024\/02\/cropped-cropped-logolu.webp","contentUrl":"https:\/\/luchonoticias.com\/editor\/wp-content\/uploads\/2024\/02\/cropped-cropped-logolu.webp","width":382,"height":170,"caption":"admin"},"logo":{"@id":"https:\/\/luchonoticias.com\/editor\/#\/schema\/person\/image\/"},"sameAs":["https:\/\/www.facebook.com\/luchonoticiasneiva"]},{"@type":"Person","@id":"https:\/\/luchonoticias.com\/editor\/#\/schema\/person\/29217990ddf6f14e35912b2866d591fb","name":"Editor General","image":{"@type":"ImageObject","inLanguage":"es","@id":"https:\/\/luchonoticias.com\/editor\/#\/schema\/person\/image\/","url":"https:\/\/luchonoticias.com\/editor\/wp-content\/uploads\/2024\/02\/cropped-cropped-logolu-150x150.webp","contentUrl":"https:\/\/luchonoticias.com\/editor\/wp-content\/uploads\/2024\/02\/cropped-cropped-logolu-150x150.webp","caption":"Editor General"},"sameAs":["https:\/\/luchonoticias.com\/"],"url":"https:\/\/luchonoticias.com\/editor\/author\/editor-general\/"}]}},"_links":{"self":[{"href":"https:\/\/luchonoticias.com\/editor\/wp-json\/wp\/v2\/posts\/47038","targetHints":{"allow":["GET"]}}],"collection":[{"href":"https:\/\/luchonoticias.com\/editor\/wp-json\/wp\/v2\/posts"}],"about":[{"href":"https:\/\/luchonoticias.com\/editor\/wp-json\/wp\/v2\/types\/post"}],"author":[{"embeddable":true,"href":"https:\/\/luchonoticias.com\/editor\/wp-json\/wp\/v2\/users\/2"}],"replies":[{"embeddable":true,"href":"https:\/\/luchonoticias.com\/editor\/wp-json\/wp\/v2\/comments?post=47038"}],"version-history":[{"count":0,"href":"https:\/\/luchonoticias.com\/editor\/wp-json\/wp\/v2\/posts\/47038\/revisions"}],"wp:attachment":[{"href":"https:\/\/luchonoticias.com\/editor\/wp-json\/wp\/v2\/media?parent=47038"}],"wp:term":[{"taxonomy":"category","embeddable":true,"href":"https:\/\/luchonoticias.com\/editor\/wp-json\/wp\/v2\/categories?post=47038"},{"taxonomy":"post_tag","embeddable":true,"href":"https:\/\/luchonoticias.com\/editor\/wp-json\/wp\/v2\/tags?post=47038"}],"curies":[{"name":"wp","href":"https:\/\/api.w.org\/{rel}","templated":true}]}}