{"id":47158,"date":"2023-02-28T14:03:32","date_gmt":"2023-02-28T19:03:32","guid":{"rendered":"https:\/\/luchonoticias.com\/?p=47158"},"modified":"2023-02-28T14:03:33","modified_gmt":"2023-02-28T19:03:33","slug":"por-hurto-y-lesiones-personales-fueron-capturados-dos-hombres-en-el-pital-huila","status":"publish","type":"post","link":"https:\/\/luchonoticias.com\/editor\/por-hurto-y-lesiones-personales-fueron-capturados-dos-hombres-en-el-pital-huila\/","title":{"rendered":"Por hurto y lesiones personales fueron capturados dos hombres en El Pital, Huila"},"content":{"rendered":"\n<p>En el desarrollo de las actividades que realiza el Departamento de Polic\u00eda Huila en el \u00abPlan Cazador\u00bb, fue capturado un hombre de 22 a\u00f1os de edad, quien, en compa\u00f1\u00eda de un adolescente de 17 a\u00f1os y moviliz\u00e1ndose en una motocicleta, hab\u00edan atracado momentos antes a un ciudadano de 62 a\u00f1os de edad, cuando transitaba por el barrio La Esperanza.<\/p>\n\n\n\n<p>En la reacci\u00f3n de la patrulla del cuadrante y gracias al oportuno aviso de unos ciudadanos que presenciaron el hecho delictivo, estos sujetos fueron interceptados pretendiendo huir en la v\u00eda que conduce al municipio de Tarqui.<\/p>\n\n\n\n<p>Seg\u00fan testigos, estos delincuentes habr\u00edan lesionado con la empu\u00f1adura del arma traum\u00e1tica a la v\u00edctima, luego que se resistiera al atraco.<\/p>\n\n\n\n<p>Seg\u00fan las declaraciones del comandante del municipio del Pital, intendente Jefe Rafael Rodr\u00edguez, estos sujetos provenientes de la zona rural de Gigante, habr\u00edan llegado inicialmente hasta el municipio del Agrado donde presuntamente se habr\u00edan hurtado un celular y posteriormente se vieron comprometidos en el hecho delictivo del Pital, donde gracias a la oportuna reacci\u00f3n del cuadrante fueron capturados.<\/p>\n\n\n\n<p>En el momento estos dos hombres est\u00e1n siendo presentados antes las autoridades competentes como presuntos responsables de los delitos de puerto calificado y agravado y lesiones personales.<\/p>\n","protected":false},"excerpt":{"rendered":"<p>En el desarrollo de las actividades que realiza el Departamento de Polic\u00eda Huila en el \u00abPlan Cazador\u00bb, fue capturado un hombre de 22 a\u00f1os de edad, quien, en compa\u00f1\u00eda de un adolescente de 17 a\u00f1os y moviliz\u00e1ndose en una motocicleta, hab\u00edan atracado momentos antes a un ciudadano de 62 a\u00f1os de edad, cuando transitaba por [&hellip;]<\/p>\n","protected":false},"author":2,"featured_media":0,"comment_status":"open","ping_status":"open","sticky":false,"template":"","format":"standard","meta":{"footnotes":""},"categories":[36,29],"tags":[],"class_list":["post-47158","post","type-post","status-publish","format-standard","hentry","category-destacado","category-judicial"],"yoast_head":"<!-- This site is optimized with the Yoast SEO plugin v26.6 - https:\/\/yoast.com\/wordpress\/plugins\/seo\/ -->\n<title>Por hurto y lesiones personales fueron capturados dos hombres en El Pital, Huila -<\/title>\n<meta name=\"robots\" content=\"index, follow, max-snippet:-1, max-image-preview:large, max-video-preview:-1\" \/>\n<link rel=\"canonical\" href=\"https:\/\/luchonoticias.com\/editor\/por-hurto-y-lesiones-personales-fueron-capturados-dos-hombres-en-el-pital-huila\/\" \/>\n<meta property=\"og:locale\" content=\"es_ES\" \/>\n<meta property=\"og:type\" content=\"article\" \/>\n<meta property=\"og:title\" content=\"Por hurto y lesiones personales fueron capturados dos hombres en El Pital, Huila -\" \/>\n<meta property=\"og:url\" content=\"https:\/\/luchonoticias.com\/editor\/por-hurto-y-lesiones-personales-fueron-capturados-dos-hombres-en-el-pital-huila\/\" \/>\n<meta property=\"article:publisher\" content=\"https:\/\/www.facebook.com\/luchonoticiasneiva\" \/>\n<meta property=\"article:published_time\" content=\"2023-02-28T19:03:32+00:00\" \/>\n<meta property=\"article:modified_time\" content=\"2023-02-28T19:03:33+00:00\" \/>\n<meta name=\"author\" content=\"Editor General\" \/>\n<meta name=\"twitter:card\" content=\"summary_large_image\" \/>\n<meta name=\"twitter:label1\" content=\"Escrito por\" \/>\n\t<meta name=\"twitter:data1\" content=\"Editor General\" \/>\n\t<meta name=\"twitter:label2\" content=\"Tiempo de lectura\" \/>\n\t<meta name=\"twitter:data2\" content=\"1 minuto\" \/>\n<script type=\"application\/ld+json\" class=\"yoast-schema-graph\">{\"@context\":\"https:\/\/schema.org\",\"@graph\":[{\"@type\":\"Article\",\"@id\":\"https:\/\/luchonoticias.com\/editor\/por-hurto-y-lesiones-personales-fueron-capturados-dos-hombres-en-el-pital-huila\/#article\",\"isPartOf\":{\"@id\":\"https:\/\/luchonoticias.com\/editor\/por-hurto-y-lesiones-personales-fueron-capturados-dos-hombres-en-el-pital-huila\/\"},\"author\":{\"name\":\"Editor General\",\"@id\":\"https:\/\/luchonoticias.com\/editor\/#\/schema\/person\/29217990ddf6f14e35912b2866d591fb\"},\"headline\":\"Por hurto y lesiones personales fueron capturados dos hombres en El Pital, Huila\",\"datePublished\":\"2023-02-28T19:03:32+00:00\",\"dateModified\":\"2023-02-28T19:03:33+00:00\",\"mainEntityOfPage\":{\"@id\":\"https:\/\/luchonoticias.com\/editor\/por-hurto-y-lesiones-personales-fueron-capturados-dos-hombres-en-el-pital-huila\/\"},\"wordCount\":231,\"commentCount\":0,\"publisher\":{\"@id\":\"https:\/\/luchonoticias.com\/editor\/#\/schema\/person\/7a7fd911f58561fd056dbac7b55af9cd\"},\"articleSection\":[\"Destacado\",\"Judicial\"],\"inLanguage\":\"es\",\"potentialAction\":[{\"@type\":\"CommentAction\",\"name\":\"Comment\",\"target\":[\"https:\/\/luchonoticias.com\/editor\/por-hurto-y-lesiones-personales-fueron-capturados-dos-hombres-en-el-pital-huila\/#respond\"]}]},{\"@type\":\"WebPage\",\"@id\":\"https:\/\/luchonoticias.com\/editor\/por-hurto-y-lesiones-personales-fueron-capturados-dos-hombres-en-el-pital-huila\/\",\"url\":\"https:\/\/luchonoticias.com\/editor\/por-hurto-y-lesiones-personales-fueron-capturados-dos-hombres-en-el-pital-huila\/\",\"name\":\"Por hurto y lesiones personales fueron capturados dos hombres en El Pital, Huila -\",\"isPartOf\":{\"@id\":\"https:\/\/luchonoticias.com\/editor\/#website\"},\"datePublished\":\"2023-02-28T19:03:32+00:00\",\"dateModified\":\"2023-02-28T19:03:33+00:00\",\"breadcrumb\":{\"@id\":\"https:\/\/luchonoticias.com\/editor\/por-hurto-y-lesiones-personales-fueron-capturados-dos-hombres-en-el-pital-huila\/#breadcrumb\"},\"inLanguage\":\"es\",\"potentialAction\":[{\"@type\":\"ReadAction\",\"target\":[\"https:\/\/luchonoticias.com\/editor\/por-hurto-y-lesiones-personales-fueron-capturados-dos-hombres-en-el-pital-huila\/\"]}]},{\"@type\":\"BreadcrumbList\",\"@id\":\"https:\/\/luchonoticias.com\/editor\/por-hurto-y-lesiones-personales-fueron-capturados-dos-hombres-en-el-pital-huila\/#breadcrumb\",\"itemListElement\":[{\"@type\":\"ListItem\",\"position\":1,\"name\":\"Portada\",\"item\":\"https:\/\/luchonoticias.com\/editor\/\"},{\"@type\":\"ListItem\",\"position\":2,\"name\":\"Por hurto y lesiones personales fueron capturados dos hombres en El Pital, Huila\"}]},{\"@type\":\"WebSite\",\"@id\":\"https:\/\/luchonoticias.com\/editor\/#website\",\"url\":\"https:\/\/luchonoticias.com\/editor\/\",\"name\":\"\",\"description\":\"\",\"publisher\":{\"@id\":\"https:\/\/luchonoticias.com\/editor\/#\/schema\/person\/7a7fd911f58561fd056dbac7b55af9cd\"},\"potentialAction\":[{\"@type\":\"SearchAction\",\"target\":{\"@type\":\"EntryPoint\",\"urlTemplate\":\"https:\/\/luchonoticias.com\/editor\/?s={search_term_string}\"},\"query-input\":{\"@type\":\"PropertyValueSpecification\",\"valueRequired\":true,\"valueName\":\"search_term_string\"}}],\"inLanguage\":\"es\"},{\"@type\":[\"Person\",\"Organization\"],\"@id\":\"https:\/\/luchonoticias.com\/editor\/#\/schema\/person\/7a7fd911f58561fd056dbac7b55af9cd\",\"name\":\"admin\",\"image\":{\"@type\":\"ImageObject\",\"inLanguage\":\"es\",\"@id\":\"https:\/\/luchonoticias.com\/editor\/#\/schema\/person\/image\/\",\"url\":\"https:\/\/luchonoticias.com\/editor\/wp-content\/uploads\/2024\/02\/cropped-cropped-logolu.webp\",\"contentUrl\":\"https:\/\/luchonoticias.com\/editor\/wp-content\/uploads\/2024\/02\/cropped-cropped-logolu.webp\",\"width\":382,\"height\":170,\"caption\":\"admin\"},\"logo\":{\"@id\":\"https:\/\/luchonoticias.com\/editor\/#\/schema\/person\/image\/\"},\"sameAs\":[\"https:\/\/www.facebook.com\/luchonoticiasneiva\"]},{\"@type\":\"Person\",\"@id\":\"https:\/\/luchonoticias.com\/editor\/#\/schema\/person\/29217990ddf6f14e35912b2866d591fb\",\"name\":\"Editor General\",\"image\":{\"@type\":\"ImageObject\",\"inLanguage\":\"es\",\"@id\":\"https:\/\/luchonoticias.com\/editor\/#\/schema\/person\/image\/\",\"url\":\"https:\/\/luchonoticias.com\/editor\/wp-content\/uploads\/2024\/02\/cropped-cropped-logolu-150x150.webp\",\"contentUrl\":\"https:\/\/luchonoticias.com\/editor\/wp-content\/uploads\/2024\/02\/cropped-cropped-logolu-150x150.webp\",\"caption\":\"Editor General\"},\"sameAs\":[\"https:\/\/luchonoticias.com\/\"],\"url\":\"https:\/\/luchonoticias.com\/editor\/author\/editor-general\/\"}]}<\/script>\n<!-- \/ Yoast SEO plugin. -->","yoast_head_json":{"title":"Por hurto y lesiones personales fueron capturados dos hombres en El Pital, Huila -","robots":{"index":"index","follow":"follow","max-snippet":"max-snippet:-1","max-image-preview":"max-image-preview:large","max-video-preview":"max-video-preview:-1"},"canonical":"https:\/\/luchonoticias.com\/editor\/por-hurto-y-lesiones-personales-fueron-capturados-dos-hombres-en-el-pital-huila\/","og_locale":"es_ES","og_type":"article","og_title":"Por hurto y lesiones personales fueron capturados dos hombres en El Pital, Huila -","og_url":"https:\/\/luchonoticias.com\/editor\/por-hurto-y-lesiones-personales-fueron-capturados-dos-hombres-en-el-pital-huila\/","article_publisher":"https:\/\/www.facebook.com\/luchonoticiasneiva","article_published_time":"2023-02-28T19:03:32+00:00","article_modified_time":"2023-02-28T19:03:33+00:00","author":"Editor General","twitter_card":"summary_large_image","twitter_misc":{"Escrito por":"Editor General","Tiempo de lectura":"1 minuto"},"schema":{"@context":"https:\/\/schema.org","@graph":[{"@type":"Article","@id":"https:\/\/luchonoticias.com\/editor\/por-hurto-y-lesiones-personales-fueron-capturados-dos-hombres-en-el-pital-huila\/#article","isPartOf":{"@id":"https:\/\/luchonoticias.com\/editor\/por-hurto-y-lesiones-personales-fueron-capturados-dos-hombres-en-el-pital-huila\/"},"author":{"name":"Editor General","@id":"https:\/\/luchonoticias.com\/editor\/#\/schema\/person\/29217990ddf6f14e35912b2866d591fb"},"headline":"Por hurto y lesiones personales fueron capturados dos hombres en El Pital, Huila","datePublished":"2023-02-28T19:03:32+00:00","dateModified":"2023-02-28T19:03:33+00:00","mainEntityOfPage":{"@id":"https:\/\/luchonoticias.com\/editor\/por-hurto-y-lesiones-personales-fueron-capturados-dos-hombres-en-el-pital-huila\/"},"wordCount":231,"commentCount":0,"publisher":{"@id":"https:\/\/luchonoticias.com\/editor\/#\/schema\/person\/7a7fd911f58561fd056dbac7b55af9cd"},"articleSection":["Destacado","Judicial"],"inLanguage":"es","potentialAction":[{"@type":"CommentAction","name":"Comment","target":["https:\/\/luchonoticias.com\/editor\/por-hurto-y-lesiones-personales-fueron-capturados-dos-hombres-en-el-pital-huila\/#respond"]}]},{"@type":"WebPage","@id":"https:\/\/luchonoticias.com\/editor\/por-hurto-y-lesiones-personales-fueron-capturados-dos-hombres-en-el-pital-huila\/","url":"https:\/\/luchonoticias.com\/editor\/por-hurto-y-lesiones-personales-fueron-capturados-dos-hombres-en-el-pital-huila\/","name":"Por hurto y lesiones personales fueron capturados dos hombres en El Pital, Huila -","isPartOf":{"@id":"https:\/\/luchonoticias.com\/editor\/#website"},"datePublished":"2023-02-28T19:03:32+00:00","dateModified":"2023-02-28T19:03:33+00:00","breadcrumb":{"@id":"https:\/\/luchonoticias.com\/editor\/por-hurto-y-lesiones-personales-fueron-capturados-dos-hombres-en-el-pital-huila\/#breadcrumb"},"inLanguage":"es","potentialAction":[{"@type":"ReadAction","target":["https:\/\/luchonoticias.com\/editor\/por-hurto-y-lesiones-personales-fueron-capturados-dos-hombres-en-el-pital-huila\/"]}]},{"@type":"BreadcrumbList","@id":"https:\/\/luchonoticias.com\/editor\/por-hurto-y-lesiones-personales-fueron-capturados-dos-hombres-en-el-pital-huila\/#breadcrumb","itemListElement":[{"@type":"ListItem","position":1,"name":"Portada","item":"https:\/\/luchonoticias.com\/editor\/"},{"@type":"ListItem","position":2,"name":"Por hurto y lesiones personales fueron capturados dos hombres en El Pital, Huila"}]},{"@type":"WebSite","@id":"https:\/\/luchonoticias.com\/editor\/#website","url":"https:\/\/luchonoticias.com\/editor\/","name":"","description":"","publisher":{"@id":"https:\/\/luchonoticias.com\/editor\/#\/schema\/person\/7a7fd911f58561fd056dbac7b55af9cd"},"potentialAction":[{"@type":"SearchAction","target":{"@type":"EntryPoint","urlTemplate":"https:\/\/luchonoticias.com\/editor\/?s={search_term_string}"},"query-input":{"@type":"PropertyValueSpecification","valueRequired":true,"valueName":"search_term_string"}}],"inLanguage":"es"},{"@type":["Person","Organization"],"@id":"https:\/\/luchonoticias.com\/editor\/#\/schema\/person\/7a7fd911f58561fd056dbac7b55af9cd","name":"admin","image":{"@type":"ImageObject","inLanguage":"es","@id":"https:\/\/luchonoticias.com\/editor\/#\/schema\/person\/image\/","url":"https:\/\/luchonoticias.com\/editor\/wp-content\/uploads\/2024\/02\/cropped-cropped-logolu.webp","contentUrl":"https:\/\/luchonoticias.com\/editor\/wp-content\/uploads\/2024\/02\/cropped-cropped-logolu.webp","width":382,"height":170,"caption":"admin"},"logo":{"@id":"https:\/\/luchonoticias.com\/editor\/#\/schema\/person\/image\/"},"sameAs":["https:\/\/www.facebook.com\/luchonoticiasneiva"]},{"@type":"Person","@id":"https:\/\/luchonoticias.com\/editor\/#\/schema\/person\/29217990ddf6f14e35912b2866d591fb","name":"Editor General","image":{"@type":"ImageObject","inLanguage":"es","@id":"https:\/\/luchonoticias.com\/editor\/#\/schema\/person\/image\/","url":"https:\/\/luchonoticias.com\/editor\/wp-content\/uploads\/2024\/02\/cropped-cropped-logolu-150x150.webp","contentUrl":"https:\/\/luchonoticias.com\/editor\/wp-content\/uploads\/2024\/02\/cropped-cropped-logolu-150x150.webp","caption":"Editor General"},"sameAs":["https:\/\/luchonoticias.com\/"],"url":"https:\/\/luchonoticias.com\/editor\/author\/editor-general\/"}]}},"_links":{"self":[{"href":"https:\/\/luchonoticias.com\/editor\/wp-json\/wp\/v2\/posts\/47158","targetHints":{"allow":["GET"]}}],"collection":[{"href":"https:\/\/luchonoticias.com\/editor\/wp-json\/wp\/v2\/posts"}],"about":[{"href":"https:\/\/luchonoticias.com\/editor\/wp-json\/wp\/v2\/types\/post"}],"author":[{"embeddable":true,"href":"https:\/\/luchonoticias.com\/editor\/wp-json\/wp\/v2\/users\/2"}],"replies":[{"embeddable":true,"href":"https:\/\/luchonoticias.com\/editor\/wp-json\/wp\/v2\/comments?post=47158"}],"version-history":[{"count":0,"href":"https:\/\/luchonoticias.com\/editor\/wp-json\/wp\/v2\/posts\/47158\/revisions"}],"wp:attachment":[{"href":"https:\/\/luchonoticias.com\/editor\/wp-json\/wp\/v2\/media?parent=47158"}],"wp:term":[{"taxonomy":"category","embeddable":true,"href":"https:\/\/luchonoticias.com\/editor\/wp-json\/wp\/v2\/categories?post=47158"},{"taxonomy":"post_tag","embeddable":true,"href":"https:\/\/luchonoticias.com\/editor\/wp-json\/wp\/v2\/tags?post=47158"}],"curies":[{"name":"wp","href":"https:\/\/api.w.org\/{rel}","templated":true}]}}