{"id":47164,"date":"2023-02-28T14:19:10","date_gmt":"2023-02-28T19:19:10","guid":{"rendered":"https:\/\/luchonoticias.com\/?p=47164"},"modified":"2023-02-28T14:19:11","modified_gmt":"2023-02-28T19:19:11","slug":"capturada-la-abuela-del-crimen-de-neiva","status":"publish","type":"post","link":"https:\/\/luchonoticias.com\/editor\/capturada-la-abuela-del-crimen-de-neiva\/","title":{"rendered":"Capturada \u2018La abuela del crimen\u2019 de Neiva"},"content":{"rendered":"\n<p>En las \u00faltimas horas, la Polic\u00eda Metropolitana de Neiva, dieron a conocer la captura de una mujer de 62 a\u00f1os identificada como Fabiola M\u00f3rea, quien presuntamente tiene una vida criminal por m\u00e1s de 23 a\u00f1os, por diversos delitos como Desplazamiento Forzado, Amenazas, Lesiones personales, Hurto, Amenazas a defensores de derechos humanos y por tr\u00e1fico de estupefacientes.<\/p>\n\n\n\n<p>\u201cDe esta forma, en un trabajo conjunto de nuestras unidades del Grupo FENIX y la Seccional de Inteligencia Policial, se logra en la Diagonal 16 Sur con 29, del barrio Pozo Azul, la captura de Fabiola M\u00f3rea, \u201cCucha Fabiola\u201d o la \u201cAbuela del crimen\u201d de 62 a\u00f1os de edad y de su hijo Jefferson Stick Laverde, \u201cDiablo\u201d o \u201cCalvin Clein\u201d, de 27 a\u00f1os de edad, en momentos en que transportaban en una motocicleta, 746.6 gramos de Clorhidrato de Coca\u00edna, avaluados en aproximadamente $7.500.000 pesos\u201d, indicaron las fuentes oficiales.<\/p>\n\n\n\n<p>En lo revelado por las autoridades, la mujer de la tercera edad &nbsp;presenta un amplio prontuario criminal de m\u00e1s de 23 a\u00f1os de vida delictiva, registrando inicialmente, 3 sentencias condenatorias: 2 por Tr\u00e1fico de estupefacientes y 1 por hurto calificado y agravado.<\/p>\n\n\n\n<p>\u201cAdicional, registra 10 anotaciones como indiciada, por los delitos de: Desplazamiento Forzado, Amenazas, Lesiones personales, Hurto, Amenazas a defensores de derechos humanos y por tr\u00e1fico de estupefacientes. Esta mujer, de acuerdo a informaci\u00f3n de inteligencia y de la comunidad, manten\u00eda una hegemon\u00eda criminal en el barrio Jos\u00e9 Antonio Gal\u00e1n de la comuna 6, especialmente en lo relacionado con el tr\u00e1fico de estupefacientes y al hurto. Situaci\u00f3n por la cual, especialmente, desde el a\u00f1o 2017, se viene registrando una puja por el control de la l\u00ednea de microtr\u00e1fico de estupefacientes, con otro actor criminal residente del sector\u201d, agregaron las autoridades neivanas.<\/p>\n\n\n\n<figure class=\"wp-block-gallery has-nested-images columns-default is-cropped wp-block-gallery-1 is-layout-flex wp-block-gallery-is-layout-flex\">\n<figure class=\"wp-block-image size-large\"><img decoding=\"async\" data-id=\"47166\" src=\"https:\/\/luchonoticias.com\/wp-content\/uploads\/2023\/02\/WhatsApp-Image-2023-02-28-at-12.24.37-PM-2-1024x582.jpeg\" alt=\"\" class=\"wp-image-47166\"\/><\/figure>\n\n\n\n<figure class=\"wp-block-image size-large\"><img decoding=\"async\" data-id=\"47168\" src=\"https:\/\/luchonoticias.com\/wp-content\/uploads\/2023\/02\/WhatsApp-Image-2023-02-28-at-12.24.37-PM-1-1-1024x576.jpeg\" alt=\"\" class=\"wp-image-47168\"\/><\/figure>\n\n\n\n<figure class=\"wp-block-image size-large\"><img decoding=\"async\" data-id=\"47167\" src=\"https:\/\/luchonoticias.com\/wp-content\/uploads\/2023\/02\/WhatsApp-Image-2023-02-28-at-12.24.37-PM-1-1024x640.jpeg\" alt=\"\" class=\"wp-image-47167\"\/><\/figure>\n<\/figure>\n\n\n\n<p><strong>Prontuario de \u2018El Diablo\u2019<\/strong><\/p>\n\n\n\n<p>Igualmente, en lo informado por la Polic\u00eda Metropolitana, se estableci\u00f3 que Jefferson Stick Laverde, hoy capturado, al parecer es un reconocido actor delincuencial de la comuna 6, quien registra 4 anotaciones judiciales como indiciado por los delitos de: Concierto para delinquir, Uso de menores para la comisi\u00f3n de delitos, Hurto calificado y agravado y Tr\u00e1fico de estupefacientes.<\/p>\n\n\n\n<p>\u201cEste individuo, igualmente, fue capturado junto a otras 4 personas en el mes de octubre del a\u00f1o 2019, al hacer parte del grupo delincuencial \u201cLas \u00c1guilas\u201d dedicados al hurto en todas sus modalidades en la ciudad de Neiva\u201d, concluyeron.<\/p>\n\n\n\n<figure class=\"wp-block-audio\"><audio controls src=\"https:\/\/luchonoticias.com\/wp-content\/uploads\/2023\/02\/18c2c52d-7ef3-45eb-9090-c23955fd41f3.mp3\" autoplay><\/audio><figcaption class=\"wp-element-caption\">Coronel Juan Pablo Ruiz Rodr\u00edguez Comandante Polic\u00eda Metropolitana de Neiva.<\/figcaption><\/figure>\n\n\n\n<p>Finalmente, se conoci\u00f3 que los 2 capturados, una vez adelantado su proceso de judicializaci\u00f3n, fueron cobijados con medida de aseguramiento en establecimiento carcelario.<\/p>\n","protected":false},"excerpt":{"rendered":"<p>En las \u00faltimas horas, la Polic\u00eda Metropolitana de Neiva, dieron a conocer la captura de una mujer de 62 a\u00f1os identificada como Fabiola M\u00f3rea, quien presuntamente tiene una vida criminal por m\u00e1s de 23 a\u00f1os, por diversos delitos como Desplazamiento Forzado, Amenazas, Lesiones personales, Hurto, Amenazas a defensores de derechos humanos y por tr\u00e1fico de [&hellip;]<\/p>\n","protected":false},"author":2,"featured_media":0,"comment_status":"open","ping_status":"open","sticky":false,"template":"","format":"standard","meta":{"footnotes":""},"categories":[36,29],"tags":[],"class_list":["post-47164","post","type-post","status-publish","format-standard","hentry","category-destacado","category-judicial"],"yoast_head":"<!-- This site is optimized with the Yoast SEO plugin v26.6 - https:\/\/yoast.com\/wordpress\/plugins\/seo\/ -->\n<title>Capturada \u2018La abuela del crimen\u2019 de Neiva -<\/title>\n<meta name=\"robots\" content=\"index, follow, max-snippet:-1, max-image-preview:large, max-video-preview:-1\" \/>\n<link rel=\"canonical\" href=\"https:\/\/luchonoticias.com\/editor\/capturada-la-abuela-del-crimen-de-neiva\/\" \/>\n<meta property=\"og:locale\" content=\"es_ES\" \/>\n<meta property=\"og:type\" content=\"article\" \/>\n<meta property=\"og:title\" content=\"Capturada \u2018La abuela del crimen\u2019 de Neiva -\" \/>\n<meta property=\"og:url\" content=\"https:\/\/luchonoticias.com\/editor\/capturada-la-abuela-del-crimen-de-neiva\/\" \/>\n<meta property=\"article:publisher\" content=\"https:\/\/www.facebook.com\/luchonoticiasneiva\" \/>\n<meta property=\"article:published_time\" content=\"2023-02-28T19:19:10+00:00\" \/>\n<meta property=\"article:modified_time\" content=\"2023-02-28T19:19:11+00:00\" \/>\n<meta property=\"og:image\" content=\"https:\/\/luchonoticias.com\/wp-content\/uploads\/2023\/02\/WhatsApp-Image-2023-02-28-at-12.24.37-PM-2-1024x582.jpeg\" \/>\n<meta name=\"author\" content=\"Editor General\" \/>\n<meta name=\"twitter:card\" content=\"summary_large_image\" \/>\n<meta name=\"twitter:label1\" content=\"Escrito por\" \/>\n\t<meta name=\"twitter:data1\" content=\"Editor General\" \/>\n\t<meta name=\"twitter:label2\" content=\"Tiempo de lectura\" \/>\n\t<meta name=\"twitter:data2\" content=\"2 minutos\" \/>\n<script type=\"application\/ld+json\" class=\"yoast-schema-graph\">{\"@context\":\"https:\/\/schema.org\",\"@graph\":[{\"@type\":\"Article\",\"@id\":\"https:\/\/luchonoticias.com\/editor\/capturada-la-abuela-del-crimen-de-neiva\/#article\",\"isPartOf\":{\"@id\":\"https:\/\/luchonoticias.com\/editor\/capturada-la-abuela-del-crimen-de-neiva\/\"},\"author\":{\"name\":\"Editor General\",\"@id\":\"https:\/\/luchonoticias.com\/editor\/#\/schema\/person\/29217990ddf6f14e35912b2866d591fb\"},\"headline\":\"Capturada \u2018La abuela del crimen\u2019 de Neiva\",\"datePublished\":\"2023-02-28T19:19:10+00:00\",\"dateModified\":\"2023-02-28T19:19:11+00:00\",\"mainEntityOfPage\":{\"@id\":\"https:\/\/luchonoticias.com\/editor\/capturada-la-abuela-del-crimen-de-neiva\/\"},\"wordCount\":437,\"commentCount\":0,\"publisher\":{\"@id\":\"https:\/\/luchonoticias.com\/editor\/#\/schema\/person\/7a7fd911f58561fd056dbac7b55af9cd\"},\"image\":{\"@id\":\"https:\/\/luchonoticias.com\/editor\/capturada-la-abuela-del-crimen-de-neiva\/#primaryimage\"},\"thumbnailUrl\":\"https:\/\/luchonoticias.com\/wp-content\/uploads\/2023\/02\/WhatsApp-Image-2023-02-28-at-12.24.37-PM-2-1024x582.jpeg\",\"articleSection\":[\"Destacado\",\"Judicial\"],\"inLanguage\":\"es\",\"potentialAction\":[{\"@type\":\"CommentAction\",\"name\":\"Comment\",\"target\":[\"https:\/\/luchonoticias.com\/editor\/capturada-la-abuela-del-crimen-de-neiva\/#respond\"]}]},{\"@type\":\"WebPage\",\"@id\":\"https:\/\/luchonoticias.com\/editor\/capturada-la-abuela-del-crimen-de-neiva\/\",\"url\":\"https:\/\/luchonoticias.com\/editor\/capturada-la-abuela-del-crimen-de-neiva\/\",\"name\":\"Capturada \u2018La abuela del crimen\u2019 de Neiva -\",\"isPartOf\":{\"@id\":\"https:\/\/luchonoticias.com\/editor\/#website\"},\"primaryImageOfPage\":{\"@id\":\"https:\/\/luchonoticias.com\/editor\/capturada-la-abuela-del-crimen-de-neiva\/#primaryimage\"},\"image\":{\"@id\":\"https:\/\/luchonoticias.com\/editor\/capturada-la-abuela-del-crimen-de-neiva\/#primaryimage\"},\"thumbnailUrl\":\"https:\/\/luchonoticias.com\/wp-content\/uploads\/2023\/02\/WhatsApp-Image-2023-02-28-at-12.24.37-PM-2-1024x582.jpeg\",\"datePublished\":\"2023-02-28T19:19:10+00:00\",\"dateModified\":\"2023-02-28T19:19:11+00:00\",\"breadcrumb\":{\"@id\":\"https:\/\/luchonoticias.com\/editor\/capturada-la-abuela-del-crimen-de-neiva\/#breadcrumb\"},\"inLanguage\":\"es\",\"potentialAction\":[{\"@type\":\"ReadAction\",\"target\":[\"https:\/\/luchonoticias.com\/editor\/capturada-la-abuela-del-crimen-de-neiva\/\"]}]},{\"@type\":\"ImageObject\",\"inLanguage\":\"es\",\"@id\":\"https:\/\/luchonoticias.com\/editor\/capturada-la-abuela-del-crimen-de-neiva\/#primaryimage\",\"url\":\"https:\/\/luchonoticias.com\/wp-content\/uploads\/2023\/02\/WhatsApp-Image-2023-02-28-at-12.24.37-PM-2-1024x582.jpeg\",\"contentUrl\":\"https:\/\/luchonoticias.com\/wp-content\/uploads\/2023\/02\/WhatsApp-Image-2023-02-28-at-12.24.37-PM-2-1024x582.jpeg\"},{\"@type\":\"BreadcrumbList\",\"@id\":\"https:\/\/luchonoticias.com\/editor\/capturada-la-abuela-del-crimen-de-neiva\/#breadcrumb\",\"itemListElement\":[{\"@type\":\"ListItem\",\"position\":1,\"name\":\"Portada\",\"item\":\"https:\/\/luchonoticias.com\/editor\/\"},{\"@type\":\"ListItem\",\"position\":2,\"name\":\"Capturada \u2018La abuela del crimen\u2019 de Neiva\"}]},{\"@type\":\"WebSite\",\"@id\":\"https:\/\/luchonoticias.com\/editor\/#website\",\"url\":\"https:\/\/luchonoticias.com\/editor\/\",\"name\":\"\",\"description\":\"\",\"publisher\":{\"@id\":\"https:\/\/luchonoticias.com\/editor\/#\/schema\/person\/7a7fd911f58561fd056dbac7b55af9cd\"},\"potentialAction\":[{\"@type\":\"SearchAction\",\"target\":{\"@type\":\"EntryPoint\",\"urlTemplate\":\"https:\/\/luchonoticias.com\/editor\/?s={search_term_string}\"},\"query-input\":{\"@type\":\"PropertyValueSpecification\",\"valueRequired\":true,\"valueName\":\"search_term_string\"}}],\"inLanguage\":\"es\"},{\"@type\":[\"Person\",\"Organization\"],\"@id\":\"https:\/\/luchonoticias.com\/editor\/#\/schema\/person\/7a7fd911f58561fd056dbac7b55af9cd\",\"name\":\"admin\",\"image\":{\"@type\":\"ImageObject\",\"inLanguage\":\"es\",\"@id\":\"https:\/\/luchonoticias.com\/editor\/#\/schema\/person\/image\/\",\"url\":\"https:\/\/luchonoticias.com\/editor\/wp-content\/uploads\/2024\/02\/cropped-cropped-logolu.webp\",\"contentUrl\":\"https:\/\/luchonoticias.com\/editor\/wp-content\/uploads\/2024\/02\/cropped-cropped-logolu.webp\",\"width\":382,\"height\":170,\"caption\":\"admin\"},\"logo\":{\"@id\":\"https:\/\/luchonoticias.com\/editor\/#\/schema\/person\/image\/\"},\"sameAs\":[\"https:\/\/www.facebook.com\/luchonoticiasneiva\"]},{\"@type\":\"Person\",\"@id\":\"https:\/\/luchonoticias.com\/editor\/#\/schema\/person\/29217990ddf6f14e35912b2866d591fb\",\"name\":\"Editor General\",\"image\":{\"@type\":\"ImageObject\",\"inLanguage\":\"es\",\"@id\":\"https:\/\/luchonoticias.com\/editor\/#\/schema\/person\/image\/\",\"url\":\"https:\/\/luchonoticias.com\/editor\/wp-content\/uploads\/2024\/02\/cropped-cropped-logolu-150x150.webp\",\"contentUrl\":\"https:\/\/luchonoticias.com\/editor\/wp-content\/uploads\/2024\/02\/cropped-cropped-logolu-150x150.webp\",\"caption\":\"Editor General\"},\"sameAs\":[\"https:\/\/luchonoticias.com\/\"],\"url\":\"https:\/\/luchonoticias.com\/editor\/author\/editor-general\/\"}]}<\/script>\n<!-- \/ Yoast SEO plugin. -->","yoast_head_json":{"title":"Capturada \u2018La abuela del crimen\u2019 de Neiva -","robots":{"index":"index","follow":"follow","max-snippet":"max-snippet:-1","max-image-preview":"max-image-preview:large","max-video-preview":"max-video-preview:-1"},"canonical":"https:\/\/luchonoticias.com\/editor\/capturada-la-abuela-del-crimen-de-neiva\/","og_locale":"es_ES","og_type":"article","og_title":"Capturada \u2018La abuela del crimen\u2019 de Neiva -","og_url":"https:\/\/luchonoticias.com\/editor\/capturada-la-abuela-del-crimen-de-neiva\/","article_publisher":"https:\/\/www.facebook.com\/luchonoticiasneiva","article_published_time":"2023-02-28T19:19:10+00:00","article_modified_time":"2023-02-28T19:19:11+00:00","og_image":[{"url":"https:\/\/luchonoticias.com\/wp-content\/uploads\/2023\/02\/WhatsApp-Image-2023-02-28-at-12.24.37-PM-2-1024x582.jpeg","type":"","width":"","height":""}],"author":"Editor General","twitter_card":"summary_large_image","twitter_misc":{"Escrito por":"Editor General","Tiempo de lectura":"2 minutos"},"schema":{"@context":"https:\/\/schema.org","@graph":[{"@type":"Article","@id":"https:\/\/luchonoticias.com\/editor\/capturada-la-abuela-del-crimen-de-neiva\/#article","isPartOf":{"@id":"https:\/\/luchonoticias.com\/editor\/capturada-la-abuela-del-crimen-de-neiva\/"},"author":{"name":"Editor General","@id":"https:\/\/luchonoticias.com\/editor\/#\/schema\/person\/29217990ddf6f14e35912b2866d591fb"},"headline":"Capturada \u2018La abuela del crimen\u2019 de Neiva","datePublished":"2023-02-28T19:19:10+00:00","dateModified":"2023-02-28T19:19:11+00:00","mainEntityOfPage":{"@id":"https:\/\/luchonoticias.com\/editor\/capturada-la-abuela-del-crimen-de-neiva\/"},"wordCount":437,"commentCount":0,"publisher":{"@id":"https:\/\/luchonoticias.com\/editor\/#\/schema\/person\/7a7fd911f58561fd056dbac7b55af9cd"},"image":{"@id":"https:\/\/luchonoticias.com\/editor\/capturada-la-abuela-del-crimen-de-neiva\/#primaryimage"},"thumbnailUrl":"https:\/\/luchonoticias.com\/wp-content\/uploads\/2023\/02\/WhatsApp-Image-2023-02-28-at-12.24.37-PM-2-1024x582.jpeg","articleSection":["Destacado","Judicial"],"inLanguage":"es","potentialAction":[{"@type":"CommentAction","name":"Comment","target":["https:\/\/luchonoticias.com\/editor\/capturada-la-abuela-del-crimen-de-neiva\/#respond"]}]},{"@type":"WebPage","@id":"https:\/\/luchonoticias.com\/editor\/capturada-la-abuela-del-crimen-de-neiva\/","url":"https:\/\/luchonoticias.com\/editor\/capturada-la-abuela-del-crimen-de-neiva\/","name":"Capturada \u2018La abuela del crimen\u2019 de Neiva -","isPartOf":{"@id":"https:\/\/luchonoticias.com\/editor\/#website"},"primaryImageOfPage":{"@id":"https:\/\/luchonoticias.com\/editor\/capturada-la-abuela-del-crimen-de-neiva\/#primaryimage"},"image":{"@id":"https:\/\/luchonoticias.com\/editor\/capturada-la-abuela-del-crimen-de-neiva\/#primaryimage"},"thumbnailUrl":"https:\/\/luchonoticias.com\/wp-content\/uploads\/2023\/02\/WhatsApp-Image-2023-02-28-at-12.24.37-PM-2-1024x582.jpeg","datePublished":"2023-02-28T19:19:10+00:00","dateModified":"2023-02-28T19:19:11+00:00","breadcrumb":{"@id":"https:\/\/luchonoticias.com\/editor\/capturada-la-abuela-del-crimen-de-neiva\/#breadcrumb"},"inLanguage":"es","potentialAction":[{"@type":"ReadAction","target":["https:\/\/luchonoticias.com\/editor\/capturada-la-abuela-del-crimen-de-neiva\/"]}]},{"@type":"ImageObject","inLanguage":"es","@id":"https:\/\/luchonoticias.com\/editor\/capturada-la-abuela-del-crimen-de-neiva\/#primaryimage","url":"https:\/\/luchonoticias.com\/wp-content\/uploads\/2023\/02\/WhatsApp-Image-2023-02-28-at-12.24.37-PM-2-1024x582.jpeg","contentUrl":"https:\/\/luchonoticias.com\/wp-content\/uploads\/2023\/02\/WhatsApp-Image-2023-02-28-at-12.24.37-PM-2-1024x582.jpeg"},{"@type":"BreadcrumbList","@id":"https:\/\/luchonoticias.com\/editor\/capturada-la-abuela-del-crimen-de-neiva\/#breadcrumb","itemListElement":[{"@type":"ListItem","position":1,"name":"Portada","item":"https:\/\/luchonoticias.com\/editor\/"},{"@type":"ListItem","position":2,"name":"Capturada \u2018La abuela del crimen\u2019 de Neiva"}]},{"@type":"WebSite","@id":"https:\/\/luchonoticias.com\/editor\/#website","url":"https:\/\/luchonoticias.com\/editor\/","name":"","description":"","publisher":{"@id":"https:\/\/luchonoticias.com\/editor\/#\/schema\/person\/7a7fd911f58561fd056dbac7b55af9cd"},"potentialAction":[{"@type":"SearchAction","target":{"@type":"EntryPoint","urlTemplate":"https:\/\/luchonoticias.com\/editor\/?s={search_term_string}"},"query-input":{"@type":"PropertyValueSpecification","valueRequired":true,"valueName":"search_term_string"}}],"inLanguage":"es"},{"@type":["Person","Organization"],"@id":"https:\/\/luchonoticias.com\/editor\/#\/schema\/person\/7a7fd911f58561fd056dbac7b55af9cd","name":"admin","image":{"@type":"ImageObject","inLanguage":"es","@id":"https:\/\/luchonoticias.com\/editor\/#\/schema\/person\/image\/","url":"https:\/\/luchonoticias.com\/editor\/wp-content\/uploads\/2024\/02\/cropped-cropped-logolu.webp","contentUrl":"https:\/\/luchonoticias.com\/editor\/wp-content\/uploads\/2024\/02\/cropped-cropped-logolu.webp","width":382,"height":170,"caption":"admin"},"logo":{"@id":"https:\/\/luchonoticias.com\/editor\/#\/schema\/person\/image\/"},"sameAs":["https:\/\/www.facebook.com\/luchonoticiasneiva"]},{"@type":"Person","@id":"https:\/\/luchonoticias.com\/editor\/#\/schema\/person\/29217990ddf6f14e35912b2866d591fb","name":"Editor General","image":{"@type":"ImageObject","inLanguage":"es","@id":"https:\/\/luchonoticias.com\/editor\/#\/schema\/person\/image\/","url":"https:\/\/luchonoticias.com\/editor\/wp-content\/uploads\/2024\/02\/cropped-cropped-logolu-150x150.webp","contentUrl":"https:\/\/luchonoticias.com\/editor\/wp-content\/uploads\/2024\/02\/cropped-cropped-logolu-150x150.webp","caption":"Editor General"},"sameAs":["https:\/\/luchonoticias.com\/"],"url":"https:\/\/luchonoticias.com\/editor\/author\/editor-general\/"}]}},"_links":{"self":[{"href":"https:\/\/luchonoticias.com\/editor\/wp-json\/wp\/v2\/posts\/47164","targetHints":{"allow":["GET"]}}],"collection":[{"href":"https:\/\/luchonoticias.com\/editor\/wp-json\/wp\/v2\/posts"}],"about":[{"href":"https:\/\/luchonoticias.com\/editor\/wp-json\/wp\/v2\/types\/post"}],"author":[{"embeddable":true,"href":"https:\/\/luchonoticias.com\/editor\/wp-json\/wp\/v2\/users\/2"}],"replies":[{"embeddable":true,"href":"https:\/\/luchonoticias.com\/editor\/wp-json\/wp\/v2\/comments?post=47164"}],"version-history":[{"count":0,"href":"https:\/\/luchonoticias.com\/editor\/wp-json\/wp\/v2\/posts\/47164\/revisions"}],"wp:attachment":[{"href":"https:\/\/luchonoticias.com\/editor\/wp-json\/wp\/v2\/media?parent=47164"}],"wp:term":[{"taxonomy":"category","embeddable":true,"href":"https:\/\/luchonoticias.com\/editor\/wp-json\/wp\/v2\/categories?post=47164"},{"taxonomy":"post_tag","embeddable":true,"href":"https:\/\/luchonoticias.com\/editor\/wp-json\/wp\/v2\/tags?post=47164"}],"curies":[{"name":"wp","href":"https:\/\/api.w.org\/{rel}","templated":true}]}}