{"id":47171,"date":"2023-02-28T14:54:10","date_gmt":"2023-02-28T19:54:10","guid":{"rendered":"https:\/\/luchonoticias.com\/?p=47171"},"modified":"2023-02-28T14:54:12","modified_gmt":"2023-02-28T19:54:12","slug":"herido-por-explosion-de-polvorera-de-pitalito-no-logro-sobrevivir","status":"publish","type":"post","link":"https:\/\/luchonoticias.com\/editor\/herido-por-explosion-de-polvorera-de-pitalito-no-logro-sobrevivir\/","title":{"rendered":"Herido por explosi\u00f3n de polvorera de Pitalito no logr\u00f3 sobrevivir"},"content":{"rendered":"\n<p>El pasado 21 de febrero en la v\u00eda que de Pitalito conduce al sector de Yambor\u00f3, por razones que aun las autoridades est\u00e1n investigando, se present\u00f3 una gran explosi\u00f3n en una polvorera, donde desafortunadamente \u00d3scar Alejandro Garc\u00e9s Chilito sufri\u00f3 graves quemaduras en diferentes partes de su cuerpo y tras varios d\u00edas luchando por su vida en el Hospital Sim\u00f3n Bol\u00edvar de la ciudad de Bogot\u00e1, desafortunadamente perdi\u00f3 la lucha contra la muerte.<\/p>\n\n\n\n<p>En lo establecido por este medio de comunicaci\u00f3n, Garc\u00e9s Chilito se encontraba en la f\u00e1brica de p\u00f3lvora ubicada en la vereda El C\u00e1lamo en un d\u00eda sus actividades de rutina, cuando fue la fuerte explosi\u00f3n, donde fue auxiliado y trasladado hasta el Hospital Departamental San Antonio del Valle de Laboyos, donde por las gravedades de sus heridas, los galenos posteriormente decidieron remitirlos hasta la unidad de quemados del Hospital Sim\u00f3n Bol\u00edvar, donde los especialistas hicieron lo posible por salvarle la vida.<\/p>\n\n\n\n<p>Hasta el momento se conoce que los familiares de \u00d3scar Alejandro Garc\u00e9s Chilito, se encuentran a la espera que su cuerpo sea entregado, para realizarles sus respectivas honras f\u00fanebres.<\/p>\n","protected":false},"excerpt":{"rendered":"<p>El pasado 21 de febrero en la v\u00eda que de Pitalito conduce al sector de Yambor\u00f3, por razones que aun las autoridades est\u00e1n investigando, se present\u00f3 una gran explosi\u00f3n en una polvorera, donde desafortunadamente \u00d3scar Alejandro Garc\u00e9s Chilito sufri\u00f3 graves quemaduras en diferentes partes de su cuerpo y tras varios d\u00edas luchando por su vida [&hellip;]<\/p>\n","protected":false},"author":2,"featured_media":0,"comment_status":"open","ping_status":"open","sticky":false,"template":"","format":"standard","meta":{"footnotes":""},"categories":[36,29],"tags":[],"class_list":["post-47171","post","type-post","status-publish","format-standard","hentry","category-destacado","category-judicial"],"yoast_head":"<!-- This site is optimized with the Yoast SEO plugin v26.6 - https:\/\/yoast.com\/wordpress\/plugins\/seo\/ -->\n<title>Herido por explosi\u00f3n de polvorera de Pitalito no logr\u00f3 sobrevivir -<\/title>\n<meta name=\"robots\" content=\"index, follow, max-snippet:-1, max-image-preview:large, max-video-preview:-1\" \/>\n<link rel=\"canonical\" href=\"https:\/\/luchonoticias.com\/editor\/herido-por-explosion-de-polvorera-de-pitalito-no-logro-sobrevivir\/\" \/>\n<meta property=\"og:locale\" content=\"es_ES\" \/>\n<meta property=\"og:type\" content=\"article\" \/>\n<meta property=\"og:title\" content=\"Herido por explosi\u00f3n de polvorera de Pitalito no logr\u00f3 sobrevivir -\" \/>\n<meta property=\"og:url\" content=\"https:\/\/luchonoticias.com\/editor\/herido-por-explosion-de-polvorera-de-pitalito-no-logro-sobrevivir\/\" \/>\n<meta property=\"article:publisher\" content=\"https:\/\/www.facebook.com\/luchonoticiasneiva\" \/>\n<meta property=\"article:published_time\" content=\"2023-02-28T19:54:10+00:00\" \/>\n<meta property=\"article:modified_time\" content=\"2023-02-28T19:54:12+00:00\" \/>\n<meta name=\"author\" content=\"Editor General\" \/>\n<meta name=\"twitter:card\" content=\"summary_large_image\" \/>\n<meta name=\"twitter:label1\" content=\"Escrito por\" \/>\n\t<meta name=\"twitter:data1\" content=\"Editor General\" \/>\n\t<meta name=\"twitter:label2\" content=\"Tiempo de lectura\" \/>\n\t<meta name=\"twitter:data2\" content=\"1 minuto\" \/>\n<script type=\"application\/ld+json\" class=\"yoast-schema-graph\">{\"@context\":\"https:\/\/schema.org\",\"@graph\":[{\"@type\":\"Article\",\"@id\":\"https:\/\/luchonoticias.com\/editor\/herido-por-explosion-de-polvorera-de-pitalito-no-logro-sobrevivir\/#article\",\"isPartOf\":{\"@id\":\"https:\/\/luchonoticias.com\/editor\/herido-por-explosion-de-polvorera-de-pitalito-no-logro-sobrevivir\/\"},\"author\":{\"name\":\"Editor General\",\"@id\":\"https:\/\/luchonoticias.com\/editor\/#\/schema\/person\/29217990ddf6f14e35912b2866d591fb\"},\"headline\":\"Herido por explosi\u00f3n de polvorera de Pitalito no logr\u00f3 sobrevivir\",\"datePublished\":\"2023-02-28T19:54:10+00:00\",\"dateModified\":\"2023-02-28T19:54:12+00:00\",\"mainEntityOfPage\":{\"@id\":\"https:\/\/luchonoticias.com\/editor\/herido-por-explosion-de-polvorera-de-pitalito-no-logro-sobrevivir\/\"},\"wordCount\":210,\"commentCount\":0,\"publisher\":{\"@id\":\"https:\/\/luchonoticias.com\/editor\/#\/schema\/person\/7a7fd911f58561fd056dbac7b55af9cd\"},\"articleSection\":[\"Destacado\",\"Judicial\"],\"inLanguage\":\"es\",\"potentialAction\":[{\"@type\":\"CommentAction\",\"name\":\"Comment\",\"target\":[\"https:\/\/luchonoticias.com\/editor\/herido-por-explosion-de-polvorera-de-pitalito-no-logro-sobrevivir\/#respond\"]}]},{\"@type\":\"WebPage\",\"@id\":\"https:\/\/luchonoticias.com\/editor\/herido-por-explosion-de-polvorera-de-pitalito-no-logro-sobrevivir\/\",\"url\":\"https:\/\/luchonoticias.com\/editor\/herido-por-explosion-de-polvorera-de-pitalito-no-logro-sobrevivir\/\",\"name\":\"Herido por explosi\u00f3n de polvorera de Pitalito no logr\u00f3 sobrevivir -\",\"isPartOf\":{\"@id\":\"https:\/\/luchonoticias.com\/editor\/#website\"},\"datePublished\":\"2023-02-28T19:54:10+00:00\",\"dateModified\":\"2023-02-28T19:54:12+00:00\",\"breadcrumb\":{\"@id\":\"https:\/\/luchonoticias.com\/editor\/herido-por-explosion-de-polvorera-de-pitalito-no-logro-sobrevivir\/#breadcrumb\"},\"inLanguage\":\"es\",\"potentialAction\":[{\"@type\":\"ReadAction\",\"target\":[\"https:\/\/luchonoticias.com\/editor\/herido-por-explosion-de-polvorera-de-pitalito-no-logro-sobrevivir\/\"]}]},{\"@type\":\"BreadcrumbList\",\"@id\":\"https:\/\/luchonoticias.com\/editor\/herido-por-explosion-de-polvorera-de-pitalito-no-logro-sobrevivir\/#breadcrumb\",\"itemListElement\":[{\"@type\":\"ListItem\",\"position\":1,\"name\":\"Portada\",\"item\":\"https:\/\/luchonoticias.com\/editor\/\"},{\"@type\":\"ListItem\",\"position\":2,\"name\":\"Herido por explosi\u00f3n de polvorera de Pitalito no logr\u00f3 sobrevivir\"}]},{\"@type\":\"WebSite\",\"@id\":\"https:\/\/luchonoticias.com\/editor\/#website\",\"url\":\"https:\/\/luchonoticias.com\/editor\/\",\"name\":\"\",\"description\":\"\",\"publisher\":{\"@id\":\"https:\/\/luchonoticias.com\/editor\/#\/schema\/person\/7a7fd911f58561fd056dbac7b55af9cd\"},\"potentialAction\":[{\"@type\":\"SearchAction\",\"target\":{\"@type\":\"EntryPoint\",\"urlTemplate\":\"https:\/\/luchonoticias.com\/editor\/?s={search_term_string}\"},\"query-input\":{\"@type\":\"PropertyValueSpecification\",\"valueRequired\":true,\"valueName\":\"search_term_string\"}}],\"inLanguage\":\"es\"},{\"@type\":[\"Person\",\"Organization\"],\"@id\":\"https:\/\/luchonoticias.com\/editor\/#\/schema\/person\/7a7fd911f58561fd056dbac7b55af9cd\",\"name\":\"admin\",\"image\":{\"@type\":\"ImageObject\",\"inLanguage\":\"es\",\"@id\":\"https:\/\/luchonoticias.com\/editor\/#\/schema\/person\/image\/\",\"url\":\"https:\/\/luchonoticias.com\/editor\/wp-content\/uploads\/2024\/02\/cropped-cropped-logolu.webp\",\"contentUrl\":\"https:\/\/luchonoticias.com\/editor\/wp-content\/uploads\/2024\/02\/cropped-cropped-logolu.webp\",\"width\":382,\"height\":170,\"caption\":\"admin\"},\"logo\":{\"@id\":\"https:\/\/luchonoticias.com\/editor\/#\/schema\/person\/image\/\"},\"sameAs\":[\"https:\/\/www.facebook.com\/luchonoticiasneiva\"]},{\"@type\":\"Person\",\"@id\":\"https:\/\/luchonoticias.com\/editor\/#\/schema\/person\/29217990ddf6f14e35912b2866d591fb\",\"name\":\"Editor General\",\"image\":{\"@type\":\"ImageObject\",\"inLanguage\":\"es\",\"@id\":\"https:\/\/luchonoticias.com\/editor\/#\/schema\/person\/image\/\",\"url\":\"https:\/\/luchonoticias.com\/editor\/wp-content\/uploads\/2024\/02\/cropped-cropped-logolu-150x150.webp\",\"contentUrl\":\"https:\/\/luchonoticias.com\/editor\/wp-content\/uploads\/2024\/02\/cropped-cropped-logolu-150x150.webp\",\"caption\":\"Editor General\"},\"sameAs\":[\"https:\/\/luchonoticias.com\/\"],\"url\":\"https:\/\/luchonoticias.com\/editor\/author\/editor-general\/\"}]}<\/script>\n<!-- \/ Yoast SEO plugin. -->","yoast_head_json":{"title":"Herido por explosi\u00f3n de polvorera de Pitalito no logr\u00f3 sobrevivir -","robots":{"index":"index","follow":"follow","max-snippet":"max-snippet:-1","max-image-preview":"max-image-preview:large","max-video-preview":"max-video-preview:-1"},"canonical":"https:\/\/luchonoticias.com\/editor\/herido-por-explosion-de-polvorera-de-pitalito-no-logro-sobrevivir\/","og_locale":"es_ES","og_type":"article","og_title":"Herido por explosi\u00f3n de polvorera de Pitalito no logr\u00f3 sobrevivir -","og_url":"https:\/\/luchonoticias.com\/editor\/herido-por-explosion-de-polvorera-de-pitalito-no-logro-sobrevivir\/","article_publisher":"https:\/\/www.facebook.com\/luchonoticiasneiva","article_published_time":"2023-02-28T19:54:10+00:00","article_modified_time":"2023-02-28T19:54:12+00:00","author":"Editor General","twitter_card":"summary_large_image","twitter_misc":{"Escrito por":"Editor General","Tiempo de lectura":"1 minuto"},"schema":{"@context":"https:\/\/schema.org","@graph":[{"@type":"Article","@id":"https:\/\/luchonoticias.com\/editor\/herido-por-explosion-de-polvorera-de-pitalito-no-logro-sobrevivir\/#article","isPartOf":{"@id":"https:\/\/luchonoticias.com\/editor\/herido-por-explosion-de-polvorera-de-pitalito-no-logro-sobrevivir\/"},"author":{"name":"Editor General","@id":"https:\/\/luchonoticias.com\/editor\/#\/schema\/person\/29217990ddf6f14e35912b2866d591fb"},"headline":"Herido por explosi\u00f3n de polvorera de Pitalito no logr\u00f3 sobrevivir","datePublished":"2023-02-28T19:54:10+00:00","dateModified":"2023-02-28T19:54:12+00:00","mainEntityOfPage":{"@id":"https:\/\/luchonoticias.com\/editor\/herido-por-explosion-de-polvorera-de-pitalito-no-logro-sobrevivir\/"},"wordCount":210,"commentCount":0,"publisher":{"@id":"https:\/\/luchonoticias.com\/editor\/#\/schema\/person\/7a7fd911f58561fd056dbac7b55af9cd"},"articleSection":["Destacado","Judicial"],"inLanguage":"es","potentialAction":[{"@type":"CommentAction","name":"Comment","target":["https:\/\/luchonoticias.com\/editor\/herido-por-explosion-de-polvorera-de-pitalito-no-logro-sobrevivir\/#respond"]}]},{"@type":"WebPage","@id":"https:\/\/luchonoticias.com\/editor\/herido-por-explosion-de-polvorera-de-pitalito-no-logro-sobrevivir\/","url":"https:\/\/luchonoticias.com\/editor\/herido-por-explosion-de-polvorera-de-pitalito-no-logro-sobrevivir\/","name":"Herido por explosi\u00f3n de polvorera de Pitalito no logr\u00f3 sobrevivir -","isPartOf":{"@id":"https:\/\/luchonoticias.com\/editor\/#website"},"datePublished":"2023-02-28T19:54:10+00:00","dateModified":"2023-02-28T19:54:12+00:00","breadcrumb":{"@id":"https:\/\/luchonoticias.com\/editor\/herido-por-explosion-de-polvorera-de-pitalito-no-logro-sobrevivir\/#breadcrumb"},"inLanguage":"es","potentialAction":[{"@type":"ReadAction","target":["https:\/\/luchonoticias.com\/editor\/herido-por-explosion-de-polvorera-de-pitalito-no-logro-sobrevivir\/"]}]},{"@type":"BreadcrumbList","@id":"https:\/\/luchonoticias.com\/editor\/herido-por-explosion-de-polvorera-de-pitalito-no-logro-sobrevivir\/#breadcrumb","itemListElement":[{"@type":"ListItem","position":1,"name":"Portada","item":"https:\/\/luchonoticias.com\/editor\/"},{"@type":"ListItem","position":2,"name":"Herido por explosi\u00f3n de polvorera de Pitalito no logr\u00f3 sobrevivir"}]},{"@type":"WebSite","@id":"https:\/\/luchonoticias.com\/editor\/#website","url":"https:\/\/luchonoticias.com\/editor\/","name":"","description":"","publisher":{"@id":"https:\/\/luchonoticias.com\/editor\/#\/schema\/person\/7a7fd911f58561fd056dbac7b55af9cd"},"potentialAction":[{"@type":"SearchAction","target":{"@type":"EntryPoint","urlTemplate":"https:\/\/luchonoticias.com\/editor\/?s={search_term_string}"},"query-input":{"@type":"PropertyValueSpecification","valueRequired":true,"valueName":"search_term_string"}}],"inLanguage":"es"},{"@type":["Person","Organization"],"@id":"https:\/\/luchonoticias.com\/editor\/#\/schema\/person\/7a7fd911f58561fd056dbac7b55af9cd","name":"admin","image":{"@type":"ImageObject","inLanguage":"es","@id":"https:\/\/luchonoticias.com\/editor\/#\/schema\/person\/image\/","url":"https:\/\/luchonoticias.com\/editor\/wp-content\/uploads\/2024\/02\/cropped-cropped-logolu.webp","contentUrl":"https:\/\/luchonoticias.com\/editor\/wp-content\/uploads\/2024\/02\/cropped-cropped-logolu.webp","width":382,"height":170,"caption":"admin"},"logo":{"@id":"https:\/\/luchonoticias.com\/editor\/#\/schema\/person\/image\/"},"sameAs":["https:\/\/www.facebook.com\/luchonoticiasneiva"]},{"@type":"Person","@id":"https:\/\/luchonoticias.com\/editor\/#\/schema\/person\/29217990ddf6f14e35912b2866d591fb","name":"Editor General","image":{"@type":"ImageObject","inLanguage":"es","@id":"https:\/\/luchonoticias.com\/editor\/#\/schema\/person\/image\/","url":"https:\/\/luchonoticias.com\/editor\/wp-content\/uploads\/2024\/02\/cropped-cropped-logolu-150x150.webp","contentUrl":"https:\/\/luchonoticias.com\/editor\/wp-content\/uploads\/2024\/02\/cropped-cropped-logolu-150x150.webp","caption":"Editor General"},"sameAs":["https:\/\/luchonoticias.com\/"],"url":"https:\/\/luchonoticias.com\/editor\/author\/editor-general\/"}]}},"_links":{"self":[{"href":"https:\/\/luchonoticias.com\/editor\/wp-json\/wp\/v2\/posts\/47171","targetHints":{"allow":["GET"]}}],"collection":[{"href":"https:\/\/luchonoticias.com\/editor\/wp-json\/wp\/v2\/posts"}],"about":[{"href":"https:\/\/luchonoticias.com\/editor\/wp-json\/wp\/v2\/types\/post"}],"author":[{"embeddable":true,"href":"https:\/\/luchonoticias.com\/editor\/wp-json\/wp\/v2\/users\/2"}],"replies":[{"embeddable":true,"href":"https:\/\/luchonoticias.com\/editor\/wp-json\/wp\/v2\/comments?post=47171"}],"version-history":[{"count":0,"href":"https:\/\/luchonoticias.com\/editor\/wp-json\/wp\/v2\/posts\/47171\/revisions"}],"wp:attachment":[{"href":"https:\/\/luchonoticias.com\/editor\/wp-json\/wp\/v2\/media?parent=47171"}],"wp:term":[{"taxonomy":"category","embeddable":true,"href":"https:\/\/luchonoticias.com\/editor\/wp-json\/wp\/v2\/categories?post=47171"},{"taxonomy":"post_tag","embeddable":true,"href":"https:\/\/luchonoticias.com\/editor\/wp-json\/wp\/v2\/tags?post=47171"}],"curies":[{"name":"wp","href":"https:\/\/api.w.org\/{rel}","templated":true}]}}