{"id":47175,"date":"2023-02-28T14:57:14","date_gmt":"2023-02-28T19:57:14","guid":{"rendered":"https:\/\/luchonoticias.com\/?p=47175"},"modified":"2023-02-28T14:57:15","modified_gmt":"2023-02-28T19:57:15","slug":"es-necesario-crear-el-banco-de-la-defensa-para-garantizar-el-bienestar-de-la-fuerza-publica-petro","status":"publish","type":"post","link":"https:\/\/luchonoticias.com\/editor\/es-necesario-crear-el-banco-de-la-defensa-para-garantizar-el-bienestar-de-la-fuerza-publica-petro\/","title":{"rendered":"Es necesario crear el Banco de la Defensa para garantizar el bienestar de la Fuerza P\u00fablica: Petro"},"content":{"rendered":"\n<p>El Presidente Gustavo Petro expres\u00f3 este martes que es necesario impulsar la creaci\u00f3n de un Banco de la Defensa, que permita garantizar el manejo eficiente de los recursos y planificar la financiaci\u00f3n de programas en beneficio de los miembros de la Fuerza P\u00fablica.<\/p>\n\n\n\n<p>En la instalaci\u00f3n de la Quinta Comisi\u00f3n Intersectorial para la Atenci\u00f3n al Veterano, el Jefe de Estado propuso \u201ccrear un equipo, desde el Ministerio de Defensa, que estudie este tema un poco m\u00e1s a profundidad. O sea, como generar una capacidad gerencial dentro de la Fuerza P\u00fablica que pueda asumir los retos, por ejemplo, de la constituci\u00f3n de un Banco de la Defensa\u201d.<\/p>\n\n\n\n<p>En la sede de la Direcci\u00f3n del Veterano y Rehabilitaci\u00f3n Inclusiva (DIVRI), el Mandatario expres\u00f3 que ese banco no solo es una de sus propuestas de campa\u00f1a, sino un instrumento clave para el manejo de billones de pesos que se mueven en en los fondos rotatorios de las entidades adscritas e, incluso, del mismo presupuesto estatal, lo cual podr\u00eda convertirlo \u201cen uno de los bancos m\u00e1s grandes del pa\u00eds\u201d.<\/p>\n\n\n\n<p>En ese sentido, el Presidente Petro indic\u00f3 que el proyecto consistir\u00eda en \u201cun banco p\u00fablico que, por definici\u00f3n, podr\u00eda, a trav\u00e9s del movimiento financiero, prestar una serie de servicios que hoy no existen: cr\u00e9ditos para vivienda, cr\u00e9ditos para estudiar, fundamentalmente privilegiando a la poblaci\u00f3n de veteranos\u201d.<\/p>\n\n\n\n<p>De esa forma, a\u00f1adi\u00f3, se contar\u00eda con \u201cuna alta capacidad gerencial, porque la responsabilidad del manejo de recursos, del ahorro lo demandan\u201d.<\/p>\n\n\n\n<p>El Banco de la Defensa, indic\u00f3, ser\u00eda una palanca de financiaci\u00f3n para manejar recursos como los que recibir\u00e1 el sector Defensa con la adici\u00f3n presupuestal que se est\u00e1 discutiendo en el Congreso.<\/p>\n\n\n\n<p>\u201cHay 700 mil millones de pesos para el Ministerio de Defensa cuyo objetivo es la protecci\u00f3n social de los integrantes de la Fuerza P\u00fablica. Eso tiene que volverse programas sociales, vivienda, quiz\u00e1s, mejores salarios, nivelaci\u00f3n salarial, mejor salud\u201d, anunci\u00f3 el gobernante.<\/p>\n\n\n\n<p><strong>Evaluar Ley del Veterano y sistema de Salud<\/strong><\/p>\n\n\n\n<p>El Presidente tambi\u00e9n consider\u00f3 necesario una revisi\u00f3n y evaluaci\u00f3n del sistema de salud que rige para los miembros de la Fuerza P\u00fablica. En ese mismo sentido se expres\u00f3 frente a la Ley del Veterano.<\/p>\n\n\n\n<p>Al respecto, el Presidente advirti\u00f3 que las reformas planteadas por el Gobierno a la Salud y a las pensiones no tocan al sector Defensa, que mantiene el mismo sistema y dej\u00f3 a consideraci\u00f3n de los beneficiados la importancia de evaluar el esquema que atiende a la Fuerza P\u00fablica, su funcionamiento, as\u00ed como la de formular al Gobierno sus recomendaciones y si hay necesidad de alg\u00fan tipo de modificaciones.<\/p>\n\n\n\n<p>En cuanto a la Ley del Veterano dijo que se debe evaluar si es suficiente o si est\u00e1 cumpliendo sus objetivos de manera eficiente.<\/p>\n\n\n\n<p>\u201cEl objetivo de una Ley del Veterano es que el veterano y su familia tengan una dignidad en su existencia. Muchos, de acuerdo con las informaci\u00f3n y porcentajes, personas que tienen discapacidades que, al ser producto de su actividad profesional, tienen derechos frente al Estado\u201d, concluy\u00f3.<\/p>\n","protected":false},"excerpt":{"rendered":"<p>El Presidente Gustavo Petro expres\u00f3 este martes que es necesario impulsar la creaci\u00f3n de un Banco de la Defensa, que permita garantizar el manejo eficiente de los recursos y planificar la financiaci\u00f3n de programas en beneficio de los miembros de la Fuerza P\u00fablica. En la instalaci\u00f3n de la Quinta Comisi\u00f3n Intersectorial para la Atenci\u00f3n al [&hellip;]<\/p>\n","protected":false},"author":2,"featured_media":0,"comment_status":"open","ping_status":"open","sticky":false,"template":"","format":"standard","meta":{"footnotes":""},"categories":[36,32],"tags":[],"class_list":["post-47175","post","type-post","status-publish","format-standard","hentry","category-destacado","category-nacional"],"yoast_head":"<!-- This site is optimized with the Yoast SEO plugin v26.6 - https:\/\/yoast.com\/wordpress\/plugins\/seo\/ -->\n<title>Es necesario crear el Banco de la Defensa para garantizar el bienestar de la Fuerza P\u00fablica: Petro -<\/title>\n<meta name=\"robots\" content=\"index, follow, max-snippet:-1, max-image-preview:large, max-video-preview:-1\" \/>\n<link rel=\"canonical\" href=\"https:\/\/luchonoticias.com\/editor\/es-necesario-crear-el-banco-de-la-defensa-para-garantizar-el-bienestar-de-la-fuerza-publica-petro\/\" \/>\n<meta property=\"og:locale\" content=\"es_ES\" \/>\n<meta property=\"og:type\" content=\"article\" \/>\n<meta property=\"og:title\" content=\"Es necesario crear el Banco de la Defensa para garantizar el bienestar de la Fuerza P\u00fablica: Petro -\" \/>\n<meta property=\"og:url\" content=\"https:\/\/luchonoticias.com\/editor\/es-necesario-crear-el-banco-de-la-defensa-para-garantizar-el-bienestar-de-la-fuerza-publica-petro\/\" \/>\n<meta property=\"article:publisher\" content=\"https:\/\/www.facebook.com\/luchonoticiasneiva\" \/>\n<meta property=\"article:published_time\" content=\"2023-02-28T19:57:14+00:00\" \/>\n<meta property=\"article:modified_time\" content=\"2023-02-28T19:57:15+00:00\" \/>\n<meta name=\"author\" content=\"Editor General\" \/>\n<meta name=\"twitter:card\" content=\"summary_large_image\" \/>\n<meta name=\"twitter:label1\" content=\"Escrito por\" \/>\n\t<meta name=\"twitter:data1\" content=\"Editor General\" \/>\n\t<meta name=\"twitter:label2\" content=\"Tiempo de lectura\" \/>\n\t<meta name=\"twitter:data2\" content=\"3 minutos\" \/>\n<script type=\"application\/ld+json\" class=\"yoast-schema-graph\">{\"@context\":\"https:\/\/schema.org\",\"@graph\":[{\"@type\":\"Article\",\"@id\":\"https:\/\/luchonoticias.com\/editor\/es-necesario-crear-el-banco-de-la-defensa-para-garantizar-el-bienestar-de-la-fuerza-publica-petro\/#article\",\"isPartOf\":{\"@id\":\"https:\/\/luchonoticias.com\/editor\/es-necesario-crear-el-banco-de-la-defensa-para-garantizar-el-bienestar-de-la-fuerza-publica-petro\/\"},\"author\":{\"name\":\"Editor General\",\"@id\":\"https:\/\/luchonoticias.com\/editor\/#\/schema\/person\/29217990ddf6f14e35912b2866d591fb\"},\"headline\":\"Es necesario crear el Banco de la Defensa para garantizar el bienestar de la Fuerza P\u00fablica: Petro\",\"datePublished\":\"2023-02-28T19:57:14+00:00\",\"dateModified\":\"2023-02-28T19:57:15+00:00\",\"mainEntityOfPage\":{\"@id\":\"https:\/\/luchonoticias.com\/editor\/es-necesario-crear-el-banco-de-la-defensa-para-garantizar-el-bienestar-de-la-fuerza-publica-petro\/\"},\"wordCount\":553,\"commentCount\":0,\"publisher\":{\"@id\":\"https:\/\/luchonoticias.com\/editor\/#\/schema\/person\/7a7fd911f58561fd056dbac7b55af9cd\"},\"articleSection\":[\"Destacado\",\"Nacional\"],\"inLanguage\":\"es\",\"potentialAction\":[{\"@type\":\"CommentAction\",\"name\":\"Comment\",\"target\":[\"https:\/\/luchonoticias.com\/editor\/es-necesario-crear-el-banco-de-la-defensa-para-garantizar-el-bienestar-de-la-fuerza-publica-petro\/#respond\"]}]},{\"@type\":\"WebPage\",\"@id\":\"https:\/\/luchonoticias.com\/editor\/es-necesario-crear-el-banco-de-la-defensa-para-garantizar-el-bienestar-de-la-fuerza-publica-petro\/\",\"url\":\"https:\/\/luchonoticias.com\/editor\/es-necesario-crear-el-banco-de-la-defensa-para-garantizar-el-bienestar-de-la-fuerza-publica-petro\/\",\"name\":\"Es necesario crear el Banco de la Defensa para garantizar el bienestar de la Fuerza P\u00fablica: Petro -\",\"isPartOf\":{\"@id\":\"https:\/\/luchonoticias.com\/editor\/#website\"},\"datePublished\":\"2023-02-28T19:57:14+00:00\",\"dateModified\":\"2023-02-28T19:57:15+00:00\",\"breadcrumb\":{\"@id\":\"https:\/\/luchonoticias.com\/editor\/es-necesario-crear-el-banco-de-la-defensa-para-garantizar-el-bienestar-de-la-fuerza-publica-petro\/#breadcrumb\"},\"inLanguage\":\"es\",\"potentialAction\":[{\"@type\":\"ReadAction\",\"target\":[\"https:\/\/luchonoticias.com\/editor\/es-necesario-crear-el-banco-de-la-defensa-para-garantizar-el-bienestar-de-la-fuerza-publica-petro\/\"]}]},{\"@type\":\"BreadcrumbList\",\"@id\":\"https:\/\/luchonoticias.com\/editor\/es-necesario-crear-el-banco-de-la-defensa-para-garantizar-el-bienestar-de-la-fuerza-publica-petro\/#breadcrumb\",\"itemListElement\":[{\"@type\":\"ListItem\",\"position\":1,\"name\":\"Portada\",\"item\":\"https:\/\/luchonoticias.com\/editor\/\"},{\"@type\":\"ListItem\",\"position\":2,\"name\":\"Es necesario crear el Banco de la Defensa para garantizar el bienestar de la Fuerza P\u00fablica: Petro\"}]},{\"@type\":\"WebSite\",\"@id\":\"https:\/\/luchonoticias.com\/editor\/#website\",\"url\":\"https:\/\/luchonoticias.com\/editor\/\",\"name\":\"\",\"description\":\"\",\"publisher\":{\"@id\":\"https:\/\/luchonoticias.com\/editor\/#\/schema\/person\/7a7fd911f58561fd056dbac7b55af9cd\"},\"potentialAction\":[{\"@type\":\"SearchAction\",\"target\":{\"@type\":\"EntryPoint\",\"urlTemplate\":\"https:\/\/luchonoticias.com\/editor\/?s={search_term_string}\"},\"query-input\":{\"@type\":\"PropertyValueSpecification\",\"valueRequired\":true,\"valueName\":\"search_term_string\"}}],\"inLanguage\":\"es\"},{\"@type\":[\"Person\",\"Organization\"],\"@id\":\"https:\/\/luchonoticias.com\/editor\/#\/schema\/person\/7a7fd911f58561fd056dbac7b55af9cd\",\"name\":\"admin\",\"image\":{\"@type\":\"ImageObject\",\"inLanguage\":\"es\",\"@id\":\"https:\/\/luchonoticias.com\/editor\/#\/schema\/person\/image\/\",\"url\":\"https:\/\/luchonoticias.com\/editor\/wp-content\/uploads\/2024\/02\/cropped-cropped-logolu.webp\",\"contentUrl\":\"https:\/\/luchonoticias.com\/editor\/wp-content\/uploads\/2024\/02\/cropped-cropped-logolu.webp\",\"width\":382,\"height\":170,\"caption\":\"admin\"},\"logo\":{\"@id\":\"https:\/\/luchonoticias.com\/editor\/#\/schema\/person\/image\/\"},\"sameAs\":[\"https:\/\/www.facebook.com\/luchonoticiasneiva\"]},{\"@type\":\"Person\",\"@id\":\"https:\/\/luchonoticias.com\/editor\/#\/schema\/person\/29217990ddf6f14e35912b2866d591fb\",\"name\":\"Editor General\",\"image\":{\"@type\":\"ImageObject\",\"inLanguage\":\"es\",\"@id\":\"https:\/\/luchonoticias.com\/editor\/#\/schema\/person\/image\/\",\"url\":\"https:\/\/luchonoticias.com\/editor\/wp-content\/uploads\/2024\/02\/cropped-cropped-logolu-150x150.webp\",\"contentUrl\":\"https:\/\/luchonoticias.com\/editor\/wp-content\/uploads\/2024\/02\/cropped-cropped-logolu-150x150.webp\",\"caption\":\"Editor General\"},\"sameAs\":[\"https:\/\/luchonoticias.com\/\"],\"url\":\"https:\/\/luchonoticias.com\/editor\/author\/editor-general\/\"}]}<\/script>\n<!-- \/ Yoast SEO plugin. -->","yoast_head_json":{"title":"Es necesario crear el Banco de la Defensa para garantizar el bienestar de la Fuerza P\u00fablica: Petro -","robots":{"index":"index","follow":"follow","max-snippet":"max-snippet:-1","max-image-preview":"max-image-preview:large","max-video-preview":"max-video-preview:-1"},"canonical":"https:\/\/luchonoticias.com\/editor\/es-necesario-crear-el-banco-de-la-defensa-para-garantizar-el-bienestar-de-la-fuerza-publica-petro\/","og_locale":"es_ES","og_type":"article","og_title":"Es necesario crear el Banco de la Defensa para garantizar el bienestar de la Fuerza P\u00fablica: Petro -","og_url":"https:\/\/luchonoticias.com\/editor\/es-necesario-crear-el-banco-de-la-defensa-para-garantizar-el-bienestar-de-la-fuerza-publica-petro\/","article_publisher":"https:\/\/www.facebook.com\/luchonoticiasneiva","article_published_time":"2023-02-28T19:57:14+00:00","article_modified_time":"2023-02-28T19:57:15+00:00","author":"Editor General","twitter_card":"summary_large_image","twitter_misc":{"Escrito por":"Editor General","Tiempo de lectura":"3 minutos"},"schema":{"@context":"https:\/\/schema.org","@graph":[{"@type":"Article","@id":"https:\/\/luchonoticias.com\/editor\/es-necesario-crear-el-banco-de-la-defensa-para-garantizar-el-bienestar-de-la-fuerza-publica-petro\/#article","isPartOf":{"@id":"https:\/\/luchonoticias.com\/editor\/es-necesario-crear-el-banco-de-la-defensa-para-garantizar-el-bienestar-de-la-fuerza-publica-petro\/"},"author":{"name":"Editor General","@id":"https:\/\/luchonoticias.com\/editor\/#\/schema\/person\/29217990ddf6f14e35912b2866d591fb"},"headline":"Es necesario crear el Banco de la Defensa para garantizar el bienestar de la Fuerza P\u00fablica: Petro","datePublished":"2023-02-28T19:57:14+00:00","dateModified":"2023-02-28T19:57:15+00:00","mainEntityOfPage":{"@id":"https:\/\/luchonoticias.com\/editor\/es-necesario-crear-el-banco-de-la-defensa-para-garantizar-el-bienestar-de-la-fuerza-publica-petro\/"},"wordCount":553,"commentCount":0,"publisher":{"@id":"https:\/\/luchonoticias.com\/editor\/#\/schema\/person\/7a7fd911f58561fd056dbac7b55af9cd"},"articleSection":["Destacado","Nacional"],"inLanguage":"es","potentialAction":[{"@type":"CommentAction","name":"Comment","target":["https:\/\/luchonoticias.com\/editor\/es-necesario-crear-el-banco-de-la-defensa-para-garantizar-el-bienestar-de-la-fuerza-publica-petro\/#respond"]}]},{"@type":"WebPage","@id":"https:\/\/luchonoticias.com\/editor\/es-necesario-crear-el-banco-de-la-defensa-para-garantizar-el-bienestar-de-la-fuerza-publica-petro\/","url":"https:\/\/luchonoticias.com\/editor\/es-necesario-crear-el-banco-de-la-defensa-para-garantizar-el-bienestar-de-la-fuerza-publica-petro\/","name":"Es necesario crear el Banco de la Defensa para garantizar el bienestar de la Fuerza P\u00fablica: Petro -","isPartOf":{"@id":"https:\/\/luchonoticias.com\/editor\/#website"},"datePublished":"2023-02-28T19:57:14+00:00","dateModified":"2023-02-28T19:57:15+00:00","breadcrumb":{"@id":"https:\/\/luchonoticias.com\/editor\/es-necesario-crear-el-banco-de-la-defensa-para-garantizar-el-bienestar-de-la-fuerza-publica-petro\/#breadcrumb"},"inLanguage":"es","potentialAction":[{"@type":"ReadAction","target":["https:\/\/luchonoticias.com\/editor\/es-necesario-crear-el-banco-de-la-defensa-para-garantizar-el-bienestar-de-la-fuerza-publica-petro\/"]}]},{"@type":"BreadcrumbList","@id":"https:\/\/luchonoticias.com\/editor\/es-necesario-crear-el-banco-de-la-defensa-para-garantizar-el-bienestar-de-la-fuerza-publica-petro\/#breadcrumb","itemListElement":[{"@type":"ListItem","position":1,"name":"Portada","item":"https:\/\/luchonoticias.com\/editor\/"},{"@type":"ListItem","position":2,"name":"Es necesario crear el Banco de la Defensa para garantizar el bienestar de la Fuerza P\u00fablica: Petro"}]},{"@type":"WebSite","@id":"https:\/\/luchonoticias.com\/editor\/#website","url":"https:\/\/luchonoticias.com\/editor\/","name":"","description":"","publisher":{"@id":"https:\/\/luchonoticias.com\/editor\/#\/schema\/person\/7a7fd911f58561fd056dbac7b55af9cd"},"potentialAction":[{"@type":"SearchAction","target":{"@type":"EntryPoint","urlTemplate":"https:\/\/luchonoticias.com\/editor\/?s={search_term_string}"},"query-input":{"@type":"PropertyValueSpecification","valueRequired":true,"valueName":"search_term_string"}}],"inLanguage":"es"},{"@type":["Person","Organization"],"@id":"https:\/\/luchonoticias.com\/editor\/#\/schema\/person\/7a7fd911f58561fd056dbac7b55af9cd","name":"admin","image":{"@type":"ImageObject","inLanguage":"es","@id":"https:\/\/luchonoticias.com\/editor\/#\/schema\/person\/image\/","url":"https:\/\/luchonoticias.com\/editor\/wp-content\/uploads\/2024\/02\/cropped-cropped-logolu.webp","contentUrl":"https:\/\/luchonoticias.com\/editor\/wp-content\/uploads\/2024\/02\/cropped-cropped-logolu.webp","width":382,"height":170,"caption":"admin"},"logo":{"@id":"https:\/\/luchonoticias.com\/editor\/#\/schema\/person\/image\/"},"sameAs":["https:\/\/www.facebook.com\/luchonoticiasneiva"]},{"@type":"Person","@id":"https:\/\/luchonoticias.com\/editor\/#\/schema\/person\/29217990ddf6f14e35912b2866d591fb","name":"Editor General","image":{"@type":"ImageObject","inLanguage":"es","@id":"https:\/\/luchonoticias.com\/editor\/#\/schema\/person\/image\/","url":"https:\/\/luchonoticias.com\/editor\/wp-content\/uploads\/2024\/02\/cropped-cropped-logolu-150x150.webp","contentUrl":"https:\/\/luchonoticias.com\/editor\/wp-content\/uploads\/2024\/02\/cropped-cropped-logolu-150x150.webp","caption":"Editor General"},"sameAs":["https:\/\/luchonoticias.com\/"],"url":"https:\/\/luchonoticias.com\/editor\/author\/editor-general\/"}]}},"_links":{"self":[{"href":"https:\/\/luchonoticias.com\/editor\/wp-json\/wp\/v2\/posts\/47175","targetHints":{"allow":["GET"]}}],"collection":[{"href":"https:\/\/luchonoticias.com\/editor\/wp-json\/wp\/v2\/posts"}],"about":[{"href":"https:\/\/luchonoticias.com\/editor\/wp-json\/wp\/v2\/types\/post"}],"author":[{"embeddable":true,"href":"https:\/\/luchonoticias.com\/editor\/wp-json\/wp\/v2\/users\/2"}],"replies":[{"embeddable":true,"href":"https:\/\/luchonoticias.com\/editor\/wp-json\/wp\/v2\/comments?post=47175"}],"version-history":[{"count":0,"href":"https:\/\/luchonoticias.com\/editor\/wp-json\/wp\/v2\/posts\/47175\/revisions"}],"wp:attachment":[{"href":"https:\/\/luchonoticias.com\/editor\/wp-json\/wp\/v2\/media?parent=47175"}],"wp:term":[{"taxonomy":"category","embeddable":true,"href":"https:\/\/luchonoticias.com\/editor\/wp-json\/wp\/v2\/categories?post=47175"},{"taxonomy":"post_tag","embeddable":true,"href":"https:\/\/luchonoticias.com\/editor\/wp-json\/wp\/v2\/tags?post=47175"}],"curies":[{"name":"wp","href":"https:\/\/api.w.org\/{rel}","templated":true}]}}