{"id":47178,"date":"2023-02-28T15:02:05","date_gmt":"2023-02-28T20:02:05","guid":{"rendered":"https:\/\/luchonoticias.com\/?p=47178"},"modified":"2023-02-28T15:02:06","modified_gmt":"2023-02-28T20:02:06","slug":"carcel-para-alias-gafas-presunto-responsable-de-una-ola-de-homicidios-en-el-huila","status":"publish","type":"post","link":"https:\/\/luchonoticias.com\/editor\/carcel-para-alias-gafas-presunto-responsable-de-una-ola-de-homicidios-en-el-huila\/","title":{"rendered":"C\u00e1rcel para alias \u2018Gafas\u2019, presunto responsable de una ola de homicidios en el Huila"},"content":{"rendered":"\n<p>Por solicitud de una fiscal de la Unidad Especial de Investigaci\u00f3n (UEI), un juez de control de garant\u00edas impuso medida de aseguramiento en centro carcelario a Jorge Iv\u00e1n Carvajal Cometa, alias Gafas o Chucuro, como presunto responsable de, por lo menos, cinco homicidios perpetrados en Algeciras (Huila), entre julio y agosto de 2020.<\/p>\n\n\n\n<p>Alias Gafas, se\u00f1alado integrante de la estructura Dagoberto Ramos de las disidencias de las Farc, estar\u00eda involucrado directamente en diferentes acciones delictivas como el asesinato de cuatro personas en la vereda Quebrad\u00f3n Sur, ocurrido el 16 de julio de 2020.<\/p>\n\n\n\n<figure class=\"wp-block-image size-full is-style-rounded\"><img decoding=\"async\" src=\"https:\/\/luchonoticias.com\/wp-content\/uploads\/2023\/02\/WhatsApp-Image-2023-02-28-at-10.22.51-AM.jpeg\" alt=\"\" class=\"wp-image-47181\"\/><\/figure>\n\n\n\n<p>De acuerdo con los elementos de prueba, hombres armados ingresaron a una vivienda y dispararon indiscriminadamente contra una mujer y un menor de edad, que eran familiares de un reincorporado. Minutos despu\u00e9s, en una zona cercana al inmueble, le causaron la muerte a Luis Eduardo G\u00f3mez Marulanda y a un adolescente.<\/p>\n\n\n\n<p>El otro crimen que se le atribuye a alias Gafas es el de un particular identificado como Nixon Francisco Guzm\u00e1n Quiroga, ocurrido el 5 de agosto de 2020. Esta persona fue atacada por un grupo armado que la intercept\u00f3 en v\u00eda p\u00fablica del municipio.<\/p>\n\n\n\n<figure class=\"wp-block-audio\"><audio controls src=\"https:\/\/luchonoticias.com\/wp-content\/uploads\/2023\/02\/a3b692b1-ca8d-44eb-b3b0-4eedb180603a.mp3\" autoplay><\/audio><figcaption class=\"wp-element-caption\">Declaraci\u00f3n director de la Unidad Especial de Investigaci\u00f3n (UEI), Hernando Toro Parra.<\/figcaption><\/figure>\n\n\n\n<p>Por estos hechos, la Fiscal\u00eda imput\u00f3 a Carvajal Cometa los delitos de homicidio agravado, concierto para delinquir agravado con fines de homicidio; y fabricaci\u00f3n, tr\u00e1fico, porte o tenencia de armas de fuego, accesorios, partes o municiones agravado. Los cargos no fueron aceptados por el procesado.<\/p>\n","protected":false},"excerpt":{"rendered":"<p>Por solicitud de una fiscal de la Unidad Especial de Investigaci\u00f3n (UEI), un juez de control de garant\u00edas impuso medida de aseguramiento en centro carcelario a Jorge Iv\u00e1n Carvajal Cometa, alias Gafas o Chucuro, como presunto responsable de, por lo menos, cinco homicidios perpetrados en Algeciras (Huila), entre julio y agosto de 2020. Alias Gafas, [&hellip;]<\/p>\n","protected":false},"author":2,"featured_media":0,"comment_status":"open","ping_status":"open","sticky":false,"template":"","format":"standard","meta":{"footnotes":""},"categories":[36,29],"tags":[],"class_list":["post-47178","post","type-post","status-publish","format-standard","hentry","category-destacado","category-judicial"],"yoast_head":"<!-- This site is optimized with the Yoast SEO plugin v26.6 - https:\/\/yoast.com\/wordpress\/plugins\/seo\/ -->\n<title>C\u00e1rcel para alias \u2018Gafas\u2019, presunto responsable de una ola de homicidios en el Huila -<\/title>\n<meta name=\"robots\" content=\"index, follow, max-snippet:-1, max-image-preview:large, max-video-preview:-1\" \/>\n<link rel=\"canonical\" href=\"https:\/\/luchonoticias.com\/editor\/carcel-para-alias-gafas-presunto-responsable-de-una-ola-de-homicidios-en-el-huila\/\" \/>\n<meta property=\"og:locale\" content=\"es_ES\" \/>\n<meta property=\"og:type\" content=\"article\" \/>\n<meta property=\"og:title\" content=\"C\u00e1rcel para alias \u2018Gafas\u2019, presunto responsable de una ola de homicidios en el Huila -\" \/>\n<meta property=\"og:url\" content=\"https:\/\/luchonoticias.com\/editor\/carcel-para-alias-gafas-presunto-responsable-de-una-ola-de-homicidios-en-el-huila\/\" \/>\n<meta property=\"article:publisher\" content=\"https:\/\/www.facebook.com\/luchonoticiasneiva\" \/>\n<meta property=\"article:published_time\" content=\"2023-02-28T20:02:05+00:00\" \/>\n<meta property=\"article:modified_time\" content=\"2023-02-28T20:02:06+00:00\" \/>\n<meta property=\"og:image\" content=\"https:\/\/luchonoticias.com\/wp-content\/uploads\/2023\/02\/WhatsApp-Image-2023-02-28-at-10.22.51-AM.jpeg\" \/>\n<meta name=\"author\" content=\"Editor General\" \/>\n<meta name=\"twitter:card\" content=\"summary_large_image\" \/>\n<meta name=\"twitter:label1\" content=\"Escrito por\" \/>\n\t<meta name=\"twitter:data1\" content=\"Editor General\" \/>\n\t<meta name=\"twitter:label2\" content=\"Tiempo de lectura\" \/>\n\t<meta name=\"twitter:data2\" content=\"1 minuto\" \/>\n<script type=\"application\/ld+json\" class=\"yoast-schema-graph\">{\"@context\":\"https:\/\/schema.org\",\"@graph\":[{\"@type\":\"Article\",\"@id\":\"https:\/\/luchonoticias.com\/editor\/carcel-para-alias-gafas-presunto-responsable-de-una-ola-de-homicidios-en-el-huila\/#article\",\"isPartOf\":{\"@id\":\"https:\/\/luchonoticias.com\/editor\/carcel-para-alias-gafas-presunto-responsable-de-una-ola-de-homicidios-en-el-huila\/\"},\"author\":{\"name\":\"Editor General\",\"@id\":\"https:\/\/luchonoticias.com\/editor\/#\/schema\/person\/29217990ddf6f14e35912b2866d591fb\"},\"headline\":\"C\u00e1rcel para alias \u2018Gafas\u2019, presunto responsable de una ola de homicidios en el Huila\",\"datePublished\":\"2023-02-28T20:02:05+00:00\",\"dateModified\":\"2023-02-28T20:02:06+00:00\",\"mainEntityOfPage\":{\"@id\":\"https:\/\/luchonoticias.com\/editor\/carcel-para-alias-gafas-presunto-responsable-de-una-ola-de-homicidios-en-el-huila\/\"},\"wordCount\":271,\"commentCount\":0,\"publisher\":{\"@id\":\"https:\/\/luchonoticias.com\/editor\/#\/schema\/person\/7a7fd911f58561fd056dbac7b55af9cd\"},\"image\":{\"@id\":\"https:\/\/luchonoticias.com\/editor\/carcel-para-alias-gafas-presunto-responsable-de-una-ola-de-homicidios-en-el-huila\/#primaryimage\"},\"thumbnailUrl\":\"https:\/\/luchonoticias.com\/wp-content\/uploads\/2023\/02\/WhatsApp-Image-2023-02-28-at-10.22.51-AM.jpeg\",\"articleSection\":[\"Destacado\",\"Judicial\"],\"inLanguage\":\"es\",\"potentialAction\":[{\"@type\":\"CommentAction\",\"name\":\"Comment\",\"target\":[\"https:\/\/luchonoticias.com\/editor\/carcel-para-alias-gafas-presunto-responsable-de-una-ola-de-homicidios-en-el-huila\/#respond\"]}]},{\"@type\":\"WebPage\",\"@id\":\"https:\/\/luchonoticias.com\/editor\/carcel-para-alias-gafas-presunto-responsable-de-una-ola-de-homicidios-en-el-huila\/\",\"url\":\"https:\/\/luchonoticias.com\/editor\/carcel-para-alias-gafas-presunto-responsable-de-una-ola-de-homicidios-en-el-huila\/\",\"name\":\"C\u00e1rcel para alias \u2018Gafas\u2019, presunto responsable de una ola de homicidios en el Huila -\",\"isPartOf\":{\"@id\":\"https:\/\/luchonoticias.com\/editor\/#website\"},\"primaryImageOfPage\":{\"@id\":\"https:\/\/luchonoticias.com\/editor\/carcel-para-alias-gafas-presunto-responsable-de-una-ola-de-homicidios-en-el-huila\/#primaryimage\"},\"image\":{\"@id\":\"https:\/\/luchonoticias.com\/editor\/carcel-para-alias-gafas-presunto-responsable-de-una-ola-de-homicidios-en-el-huila\/#primaryimage\"},\"thumbnailUrl\":\"https:\/\/luchonoticias.com\/wp-content\/uploads\/2023\/02\/WhatsApp-Image-2023-02-28-at-10.22.51-AM.jpeg\",\"datePublished\":\"2023-02-28T20:02:05+00:00\",\"dateModified\":\"2023-02-28T20:02:06+00:00\",\"breadcrumb\":{\"@id\":\"https:\/\/luchonoticias.com\/editor\/carcel-para-alias-gafas-presunto-responsable-de-una-ola-de-homicidios-en-el-huila\/#breadcrumb\"},\"inLanguage\":\"es\",\"potentialAction\":[{\"@type\":\"ReadAction\",\"target\":[\"https:\/\/luchonoticias.com\/editor\/carcel-para-alias-gafas-presunto-responsable-de-una-ola-de-homicidios-en-el-huila\/\"]}]},{\"@type\":\"ImageObject\",\"inLanguage\":\"es\",\"@id\":\"https:\/\/luchonoticias.com\/editor\/carcel-para-alias-gafas-presunto-responsable-de-una-ola-de-homicidios-en-el-huila\/#primaryimage\",\"url\":\"https:\/\/luchonoticias.com\/wp-content\/uploads\/2023\/02\/WhatsApp-Image-2023-02-28-at-10.22.51-AM.jpeg\",\"contentUrl\":\"https:\/\/luchonoticias.com\/wp-content\/uploads\/2023\/02\/WhatsApp-Image-2023-02-28-at-10.22.51-AM.jpeg\"},{\"@type\":\"BreadcrumbList\",\"@id\":\"https:\/\/luchonoticias.com\/editor\/carcel-para-alias-gafas-presunto-responsable-de-una-ola-de-homicidios-en-el-huila\/#breadcrumb\",\"itemListElement\":[{\"@type\":\"ListItem\",\"position\":1,\"name\":\"Portada\",\"item\":\"https:\/\/luchonoticias.com\/editor\/\"},{\"@type\":\"ListItem\",\"position\":2,\"name\":\"C\u00e1rcel para alias \u2018Gafas\u2019, presunto responsable de una ola de homicidios en el Huila\"}]},{\"@type\":\"WebSite\",\"@id\":\"https:\/\/luchonoticias.com\/editor\/#website\",\"url\":\"https:\/\/luchonoticias.com\/editor\/\",\"name\":\"\",\"description\":\"\",\"publisher\":{\"@id\":\"https:\/\/luchonoticias.com\/editor\/#\/schema\/person\/7a7fd911f58561fd056dbac7b55af9cd\"},\"potentialAction\":[{\"@type\":\"SearchAction\",\"target\":{\"@type\":\"EntryPoint\",\"urlTemplate\":\"https:\/\/luchonoticias.com\/editor\/?s={search_term_string}\"},\"query-input\":{\"@type\":\"PropertyValueSpecification\",\"valueRequired\":true,\"valueName\":\"search_term_string\"}}],\"inLanguage\":\"es\"},{\"@type\":[\"Person\",\"Organization\"],\"@id\":\"https:\/\/luchonoticias.com\/editor\/#\/schema\/person\/7a7fd911f58561fd056dbac7b55af9cd\",\"name\":\"admin\",\"image\":{\"@type\":\"ImageObject\",\"inLanguage\":\"es\",\"@id\":\"https:\/\/luchonoticias.com\/editor\/#\/schema\/person\/image\/\",\"url\":\"https:\/\/luchonoticias.com\/editor\/wp-content\/uploads\/2024\/02\/cropped-cropped-logolu.webp\",\"contentUrl\":\"https:\/\/luchonoticias.com\/editor\/wp-content\/uploads\/2024\/02\/cropped-cropped-logolu.webp\",\"width\":382,\"height\":170,\"caption\":\"admin\"},\"logo\":{\"@id\":\"https:\/\/luchonoticias.com\/editor\/#\/schema\/person\/image\/\"},\"sameAs\":[\"https:\/\/www.facebook.com\/luchonoticiasneiva\"]},{\"@type\":\"Person\",\"@id\":\"https:\/\/luchonoticias.com\/editor\/#\/schema\/person\/29217990ddf6f14e35912b2866d591fb\",\"name\":\"Editor General\",\"image\":{\"@type\":\"ImageObject\",\"inLanguage\":\"es\",\"@id\":\"https:\/\/luchonoticias.com\/editor\/#\/schema\/person\/image\/\",\"url\":\"https:\/\/luchonoticias.com\/editor\/wp-content\/uploads\/2024\/02\/cropped-cropped-logolu-150x150.webp\",\"contentUrl\":\"https:\/\/luchonoticias.com\/editor\/wp-content\/uploads\/2024\/02\/cropped-cropped-logolu-150x150.webp\",\"caption\":\"Editor General\"},\"sameAs\":[\"https:\/\/luchonoticias.com\/\"],\"url\":\"https:\/\/luchonoticias.com\/editor\/author\/editor-general\/\"}]}<\/script>\n<!-- \/ Yoast SEO plugin. -->","yoast_head_json":{"title":"C\u00e1rcel para alias \u2018Gafas\u2019, presunto responsable de una ola de homicidios en el Huila -","robots":{"index":"index","follow":"follow","max-snippet":"max-snippet:-1","max-image-preview":"max-image-preview:large","max-video-preview":"max-video-preview:-1"},"canonical":"https:\/\/luchonoticias.com\/editor\/carcel-para-alias-gafas-presunto-responsable-de-una-ola-de-homicidios-en-el-huila\/","og_locale":"es_ES","og_type":"article","og_title":"C\u00e1rcel para alias \u2018Gafas\u2019, presunto responsable de una ola de homicidios en el Huila -","og_url":"https:\/\/luchonoticias.com\/editor\/carcel-para-alias-gafas-presunto-responsable-de-una-ola-de-homicidios-en-el-huila\/","article_publisher":"https:\/\/www.facebook.com\/luchonoticiasneiva","article_published_time":"2023-02-28T20:02:05+00:00","article_modified_time":"2023-02-28T20:02:06+00:00","og_image":[{"url":"https:\/\/luchonoticias.com\/wp-content\/uploads\/2023\/02\/WhatsApp-Image-2023-02-28-at-10.22.51-AM.jpeg","type":"","width":"","height":""}],"author":"Editor General","twitter_card":"summary_large_image","twitter_misc":{"Escrito por":"Editor General","Tiempo de lectura":"1 minuto"},"schema":{"@context":"https:\/\/schema.org","@graph":[{"@type":"Article","@id":"https:\/\/luchonoticias.com\/editor\/carcel-para-alias-gafas-presunto-responsable-de-una-ola-de-homicidios-en-el-huila\/#article","isPartOf":{"@id":"https:\/\/luchonoticias.com\/editor\/carcel-para-alias-gafas-presunto-responsable-de-una-ola-de-homicidios-en-el-huila\/"},"author":{"name":"Editor General","@id":"https:\/\/luchonoticias.com\/editor\/#\/schema\/person\/29217990ddf6f14e35912b2866d591fb"},"headline":"C\u00e1rcel para alias \u2018Gafas\u2019, presunto responsable de una ola de homicidios en el Huila","datePublished":"2023-02-28T20:02:05+00:00","dateModified":"2023-02-28T20:02:06+00:00","mainEntityOfPage":{"@id":"https:\/\/luchonoticias.com\/editor\/carcel-para-alias-gafas-presunto-responsable-de-una-ola-de-homicidios-en-el-huila\/"},"wordCount":271,"commentCount":0,"publisher":{"@id":"https:\/\/luchonoticias.com\/editor\/#\/schema\/person\/7a7fd911f58561fd056dbac7b55af9cd"},"image":{"@id":"https:\/\/luchonoticias.com\/editor\/carcel-para-alias-gafas-presunto-responsable-de-una-ola-de-homicidios-en-el-huila\/#primaryimage"},"thumbnailUrl":"https:\/\/luchonoticias.com\/wp-content\/uploads\/2023\/02\/WhatsApp-Image-2023-02-28-at-10.22.51-AM.jpeg","articleSection":["Destacado","Judicial"],"inLanguage":"es","potentialAction":[{"@type":"CommentAction","name":"Comment","target":["https:\/\/luchonoticias.com\/editor\/carcel-para-alias-gafas-presunto-responsable-de-una-ola-de-homicidios-en-el-huila\/#respond"]}]},{"@type":"WebPage","@id":"https:\/\/luchonoticias.com\/editor\/carcel-para-alias-gafas-presunto-responsable-de-una-ola-de-homicidios-en-el-huila\/","url":"https:\/\/luchonoticias.com\/editor\/carcel-para-alias-gafas-presunto-responsable-de-una-ola-de-homicidios-en-el-huila\/","name":"C\u00e1rcel para alias \u2018Gafas\u2019, presunto responsable de una ola de homicidios en el Huila -","isPartOf":{"@id":"https:\/\/luchonoticias.com\/editor\/#website"},"primaryImageOfPage":{"@id":"https:\/\/luchonoticias.com\/editor\/carcel-para-alias-gafas-presunto-responsable-de-una-ola-de-homicidios-en-el-huila\/#primaryimage"},"image":{"@id":"https:\/\/luchonoticias.com\/editor\/carcel-para-alias-gafas-presunto-responsable-de-una-ola-de-homicidios-en-el-huila\/#primaryimage"},"thumbnailUrl":"https:\/\/luchonoticias.com\/wp-content\/uploads\/2023\/02\/WhatsApp-Image-2023-02-28-at-10.22.51-AM.jpeg","datePublished":"2023-02-28T20:02:05+00:00","dateModified":"2023-02-28T20:02:06+00:00","breadcrumb":{"@id":"https:\/\/luchonoticias.com\/editor\/carcel-para-alias-gafas-presunto-responsable-de-una-ola-de-homicidios-en-el-huila\/#breadcrumb"},"inLanguage":"es","potentialAction":[{"@type":"ReadAction","target":["https:\/\/luchonoticias.com\/editor\/carcel-para-alias-gafas-presunto-responsable-de-una-ola-de-homicidios-en-el-huila\/"]}]},{"@type":"ImageObject","inLanguage":"es","@id":"https:\/\/luchonoticias.com\/editor\/carcel-para-alias-gafas-presunto-responsable-de-una-ola-de-homicidios-en-el-huila\/#primaryimage","url":"https:\/\/luchonoticias.com\/wp-content\/uploads\/2023\/02\/WhatsApp-Image-2023-02-28-at-10.22.51-AM.jpeg","contentUrl":"https:\/\/luchonoticias.com\/wp-content\/uploads\/2023\/02\/WhatsApp-Image-2023-02-28-at-10.22.51-AM.jpeg"},{"@type":"BreadcrumbList","@id":"https:\/\/luchonoticias.com\/editor\/carcel-para-alias-gafas-presunto-responsable-de-una-ola-de-homicidios-en-el-huila\/#breadcrumb","itemListElement":[{"@type":"ListItem","position":1,"name":"Portada","item":"https:\/\/luchonoticias.com\/editor\/"},{"@type":"ListItem","position":2,"name":"C\u00e1rcel para alias \u2018Gafas\u2019, presunto responsable de una ola de homicidios en el Huila"}]},{"@type":"WebSite","@id":"https:\/\/luchonoticias.com\/editor\/#website","url":"https:\/\/luchonoticias.com\/editor\/","name":"","description":"","publisher":{"@id":"https:\/\/luchonoticias.com\/editor\/#\/schema\/person\/7a7fd911f58561fd056dbac7b55af9cd"},"potentialAction":[{"@type":"SearchAction","target":{"@type":"EntryPoint","urlTemplate":"https:\/\/luchonoticias.com\/editor\/?s={search_term_string}"},"query-input":{"@type":"PropertyValueSpecification","valueRequired":true,"valueName":"search_term_string"}}],"inLanguage":"es"},{"@type":["Person","Organization"],"@id":"https:\/\/luchonoticias.com\/editor\/#\/schema\/person\/7a7fd911f58561fd056dbac7b55af9cd","name":"admin","image":{"@type":"ImageObject","inLanguage":"es","@id":"https:\/\/luchonoticias.com\/editor\/#\/schema\/person\/image\/","url":"https:\/\/luchonoticias.com\/editor\/wp-content\/uploads\/2024\/02\/cropped-cropped-logolu.webp","contentUrl":"https:\/\/luchonoticias.com\/editor\/wp-content\/uploads\/2024\/02\/cropped-cropped-logolu.webp","width":382,"height":170,"caption":"admin"},"logo":{"@id":"https:\/\/luchonoticias.com\/editor\/#\/schema\/person\/image\/"},"sameAs":["https:\/\/www.facebook.com\/luchonoticiasneiva"]},{"@type":"Person","@id":"https:\/\/luchonoticias.com\/editor\/#\/schema\/person\/29217990ddf6f14e35912b2866d591fb","name":"Editor General","image":{"@type":"ImageObject","inLanguage":"es","@id":"https:\/\/luchonoticias.com\/editor\/#\/schema\/person\/image\/","url":"https:\/\/luchonoticias.com\/editor\/wp-content\/uploads\/2024\/02\/cropped-cropped-logolu-150x150.webp","contentUrl":"https:\/\/luchonoticias.com\/editor\/wp-content\/uploads\/2024\/02\/cropped-cropped-logolu-150x150.webp","caption":"Editor General"},"sameAs":["https:\/\/luchonoticias.com\/"],"url":"https:\/\/luchonoticias.com\/editor\/author\/editor-general\/"}]}},"_links":{"self":[{"href":"https:\/\/luchonoticias.com\/editor\/wp-json\/wp\/v2\/posts\/47178","targetHints":{"allow":["GET"]}}],"collection":[{"href":"https:\/\/luchonoticias.com\/editor\/wp-json\/wp\/v2\/posts"}],"about":[{"href":"https:\/\/luchonoticias.com\/editor\/wp-json\/wp\/v2\/types\/post"}],"author":[{"embeddable":true,"href":"https:\/\/luchonoticias.com\/editor\/wp-json\/wp\/v2\/users\/2"}],"replies":[{"embeddable":true,"href":"https:\/\/luchonoticias.com\/editor\/wp-json\/wp\/v2\/comments?post=47178"}],"version-history":[{"count":0,"href":"https:\/\/luchonoticias.com\/editor\/wp-json\/wp\/v2\/posts\/47178\/revisions"}],"wp:attachment":[{"href":"https:\/\/luchonoticias.com\/editor\/wp-json\/wp\/v2\/media?parent=47178"}],"wp:term":[{"taxonomy":"category","embeddable":true,"href":"https:\/\/luchonoticias.com\/editor\/wp-json\/wp\/v2\/categories?post=47178"},{"taxonomy":"post_tag","embeddable":true,"href":"https:\/\/luchonoticias.com\/editor\/wp-json\/wp\/v2\/tags?post=47178"}],"curies":[{"name":"wp","href":"https:\/\/api.w.org\/{rel}","templated":true}]}}