{"id":47183,"date":"2023-02-28T15:42:52","date_gmt":"2023-02-28T20:42:52","guid":{"rendered":"https:\/\/luchonoticias.com\/?p=47183"},"modified":"2023-02-28T15:42:53","modified_gmt":"2023-02-28T20:42:53","slug":"importante-convenio-para-el-sector-agropecuario-huilense","status":"publish","type":"post","link":"https:\/\/luchonoticias.com\/editor\/importante-convenio-para-el-sector-agropecuario-huilense\/","title":{"rendered":"Importante convenio para el sector agropecuario huilense"},"content":{"rendered":"\n<p>Se trata de&nbsp;<strong>uno de los proyectos m\u00e1s ambiciosos&nbsp;<\/strong>liderado por el gobernador del Huila, Luis Enrique Duss\u00e1n, en materia de&nbsp;<strong>acompa\u00f1amiento integral a las familias del campo huilense,<\/strong>&nbsp;que impactar\u00e1 a m\u00e1s de 11.000 productores de caf\u00e9, cacao, ca\u00f1a-panela, ganader\u00eda bovina, y ganader\u00eda ovino-caprina, lo que conviertes esta estrategia en modelo a nivel nacional.<\/p>\n\n\n\n<p>El&nbsp;<strong>Plan Departamental de Extensi\u00f3n Agropecuaria<\/strong>&nbsp;es financiado con recursos por el orden de los $8.862.144.789, donde el gobierno departamental hace un aporte de $6.204.644.964, mientras que entidades como el Comit\u00e9 de Ganaderos del Huila, Fedecacao, Fedepanela, y Coocentral, convergen con una contrapartida de $2.657.499.825.<\/p>\n\n\n\n<p>Precisamente para&nbsp;<strong>conocer los alcances del proyecto, y abordar otros temas trascendentales<\/strong>&nbsp;para la regi\u00f3n como el avance de proyectos de distritos de riego, se desarrollar\u00e1 ma\u00f1ana una importante agenda liderada por el gobernador del Huila, Luis Enrique Duss\u00e1n L\u00f3pez, con presencia del presidente de la Agencia de Desarrollo Rural \u2013 ADR, Diego Bautista, y el Viceministro de Asuntos Agropecuarios, Luis Alberto Villegas.<\/p>\n\n\n\n<p>Para dejar en firme este importante servicio de acompa\u00f1amiento integral al campo huilense, mediante la firma de los convenios,&nbsp;<strong>han sido convocados los 37 alcaldes del Huila<\/strong>, enlaces municipales, gremios productivos, t\u00e9cnicos y extensionistas que estar\u00e1n prestando el servicio a productores agropecuarios.<\/p>\n\n\n\n<h5 class=\"wp-block-heading\">As\u00ed ser\u00e1 la jornada<\/h5>\n\n\n\n<p>La agenda&nbsp;<strong>iniciar\u00e1 a las 8:00 de la ma\u00f1ana con una reuni\u00f3n privada&nbsp;<\/strong>entre el gobernador del Huila, Luis Enrique Duss\u00e1n L\u00f3pez, el presidente ADR, y el viceministro de Asuntos Agropecuarios, Luis Alberto Villegas, en el despacho del mandatario regional.<\/p>\n\n\n\n<p>Sobre las 9:00 de la ma\u00f1ana en el sal\u00f3n de ex gobernadores, se dar\u00e1 inicio a la reuni\u00f3n a la que han sido convocados los alcaldes de Tesalia, Carlos Humberto Perdomo, y Paicol, Jonh Jairo Perdomo, los representantes a la C\u00e1mara Flora Perdomo, Leyla Marleny Rinc\u00f3n, Julio Cesar Triana, V\u00edctor Andr\u00e9s Tovar, as\u00ed como beneficiaros del distrito de riego, diputados, y concejales de los municipios impactados.<\/p>\n\n\n\n<p>Posteriormente hacia las 3:00 de la tarde en el sal\u00f3n Los Potros del Centro de Convenciones \u2018Jos\u00e9 Eustasio Rivera\u2019,&nbsp;<strong>se adelantar\u00e1 la firma de los convenios de extensi\u00f3n agropecuaria en caf\u00e9, cacao, ganader\u00eda bovina y ovino caprina<\/strong>, como tambi\u00e9n el convenio de asociatividad, con presencia de los representantes del Comit\u00e9 de Ganaderos del Huila, Fedepanela, Fedecacao, Coocentral, Comit\u00e9 de Cafeteros del Huila, Cadefihuila, Red Cacaotera, y productores.<\/p>\n\n\n\n<p>Este mismo d\u00eda se adelantar\u00e1 una&nbsp;<strong>reuni\u00f3n con gremios productivos del departamento,<\/strong>&nbsp;prevista para las 6:00 de la tarde en el sal\u00f3n de gobernadores del edificio departamental.<\/p>\n","protected":false},"excerpt":{"rendered":"<p>Se trata de&nbsp;uno de los proyectos m\u00e1s ambiciosos&nbsp;liderado por el gobernador del Huila, Luis Enrique Duss\u00e1n, en materia de&nbsp;acompa\u00f1amiento integral a las familias del campo huilense,&nbsp;que impactar\u00e1 a m\u00e1s de 11.000 productores de caf\u00e9, cacao, ca\u00f1a-panela, ganader\u00eda bovina, y ganader\u00eda ovino-caprina, lo que conviertes esta estrategia en modelo a nivel nacional. El&nbsp;Plan Departamental de Extensi\u00f3n [&hellip;]<\/p>\n","protected":false},"author":2,"featured_media":0,"comment_status":"open","ping_status":"open","sticky":false,"template":"","format":"standard","meta":{"footnotes":""},"categories":[33],"tags":[],"class_list":["post-47183","post","type-post","status-publish","format-standard","hentry","category-huila"],"yoast_head":"<!-- This site is optimized with the Yoast SEO plugin v26.6 - https:\/\/yoast.com\/wordpress\/plugins\/seo\/ -->\n<title>Importante convenio para el sector agropecuario huilense -<\/title>\n<meta name=\"robots\" content=\"index, follow, max-snippet:-1, max-image-preview:large, max-video-preview:-1\" \/>\n<link rel=\"canonical\" href=\"https:\/\/luchonoticias.com\/editor\/importante-convenio-para-el-sector-agropecuario-huilense\/\" \/>\n<meta property=\"og:locale\" content=\"es_ES\" \/>\n<meta property=\"og:type\" content=\"article\" \/>\n<meta property=\"og:title\" content=\"Importante convenio para el sector agropecuario huilense -\" \/>\n<meta property=\"og:url\" content=\"https:\/\/luchonoticias.com\/editor\/importante-convenio-para-el-sector-agropecuario-huilense\/\" \/>\n<meta property=\"article:publisher\" content=\"https:\/\/www.facebook.com\/luchonoticiasneiva\" \/>\n<meta property=\"article:published_time\" content=\"2023-02-28T20:42:52+00:00\" \/>\n<meta property=\"article:modified_time\" content=\"2023-02-28T20:42:53+00:00\" \/>\n<meta name=\"author\" content=\"Editor General\" \/>\n<meta name=\"twitter:card\" content=\"summary_large_image\" \/>\n<meta name=\"twitter:label1\" content=\"Escrito por\" \/>\n\t<meta name=\"twitter:data1\" content=\"Editor General\" \/>\n\t<meta name=\"twitter:label2\" content=\"Tiempo de lectura\" \/>\n\t<meta name=\"twitter:data2\" content=\"2 minutos\" \/>\n<script type=\"application\/ld+json\" class=\"yoast-schema-graph\">{\"@context\":\"https:\/\/schema.org\",\"@graph\":[{\"@type\":\"Article\",\"@id\":\"https:\/\/luchonoticias.com\/editor\/importante-convenio-para-el-sector-agropecuario-huilense\/#article\",\"isPartOf\":{\"@id\":\"https:\/\/luchonoticias.com\/editor\/importante-convenio-para-el-sector-agropecuario-huilense\/\"},\"author\":{\"name\":\"Editor General\",\"@id\":\"https:\/\/luchonoticias.com\/editor\/#\/schema\/person\/29217990ddf6f14e35912b2866d591fb\"},\"headline\":\"Importante convenio para el sector agropecuario huilense\",\"datePublished\":\"2023-02-28T20:42:52+00:00\",\"dateModified\":\"2023-02-28T20:42:53+00:00\",\"mainEntityOfPage\":{\"@id\":\"https:\/\/luchonoticias.com\/editor\/importante-convenio-para-el-sector-agropecuario-huilense\/\"},\"wordCount\":453,\"commentCount\":0,\"publisher\":{\"@id\":\"https:\/\/luchonoticias.com\/editor\/#\/schema\/person\/7a7fd911f58561fd056dbac7b55af9cd\"},\"articleSection\":[\"Huila\"],\"inLanguage\":\"es\",\"potentialAction\":[{\"@type\":\"CommentAction\",\"name\":\"Comment\",\"target\":[\"https:\/\/luchonoticias.com\/editor\/importante-convenio-para-el-sector-agropecuario-huilense\/#respond\"]}]},{\"@type\":\"WebPage\",\"@id\":\"https:\/\/luchonoticias.com\/editor\/importante-convenio-para-el-sector-agropecuario-huilense\/\",\"url\":\"https:\/\/luchonoticias.com\/editor\/importante-convenio-para-el-sector-agropecuario-huilense\/\",\"name\":\"Importante convenio para el sector agropecuario huilense -\",\"isPartOf\":{\"@id\":\"https:\/\/luchonoticias.com\/editor\/#website\"},\"datePublished\":\"2023-02-28T20:42:52+00:00\",\"dateModified\":\"2023-02-28T20:42:53+00:00\",\"breadcrumb\":{\"@id\":\"https:\/\/luchonoticias.com\/editor\/importante-convenio-para-el-sector-agropecuario-huilense\/#breadcrumb\"},\"inLanguage\":\"es\",\"potentialAction\":[{\"@type\":\"ReadAction\",\"target\":[\"https:\/\/luchonoticias.com\/editor\/importante-convenio-para-el-sector-agropecuario-huilense\/\"]}]},{\"@type\":\"BreadcrumbList\",\"@id\":\"https:\/\/luchonoticias.com\/editor\/importante-convenio-para-el-sector-agropecuario-huilense\/#breadcrumb\",\"itemListElement\":[{\"@type\":\"ListItem\",\"position\":1,\"name\":\"Portada\",\"item\":\"https:\/\/luchonoticias.com\/editor\/\"},{\"@type\":\"ListItem\",\"position\":2,\"name\":\"Importante convenio para el sector agropecuario huilense\"}]},{\"@type\":\"WebSite\",\"@id\":\"https:\/\/luchonoticias.com\/editor\/#website\",\"url\":\"https:\/\/luchonoticias.com\/editor\/\",\"name\":\"\",\"description\":\"\",\"publisher\":{\"@id\":\"https:\/\/luchonoticias.com\/editor\/#\/schema\/person\/7a7fd911f58561fd056dbac7b55af9cd\"},\"potentialAction\":[{\"@type\":\"SearchAction\",\"target\":{\"@type\":\"EntryPoint\",\"urlTemplate\":\"https:\/\/luchonoticias.com\/editor\/?s={search_term_string}\"},\"query-input\":{\"@type\":\"PropertyValueSpecification\",\"valueRequired\":true,\"valueName\":\"search_term_string\"}}],\"inLanguage\":\"es\"},{\"@type\":[\"Person\",\"Organization\"],\"@id\":\"https:\/\/luchonoticias.com\/editor\/#\/schema\/person\/7a7fd911f58561fd056dbac7b55af9cd\",\"name\":\"admin\",\"image\":{\"@type\":\"ImageObject\",\"inLanguage\":\"es\",\"@id\":\"https:\/\/luchonoticias.com\/editor\/#\/schema\/person\/image\/\",\"url\":\"https:\/\/luchonoticias.com\/editor\/wp-content\/uploads\/2024\/02\/cropped-cropped-logolu.webp\",\"contentUrl\":\"https:\/\/luchonoticias.com\/editor\/wp-content\/uploads\/2024\/02\/cropped-cropped-logolu.webp\",\"width\":382,\"height\":170,\"caption\":\"admin\"},\"logo\":{\"@id\":\"https:\/\/luchonoticias.com\/editor\/#\/schema\/person\/image\/\"},\"sameAs\":[\"https:\/\/www.facebook.com\/luchonoticiasneiva\"]},{\"@type\":\"Person\",\"@id\":\"https:\/\/luchonoticias.com\/editor\/#\/schema\/person\/29217990ddf6f14e35912b2866d591fb\",\"name\":\"Editor General\",\"image\":{\"@type\":\"ImageObject\",\"inLanguage\":\"es\",\"@id\":\"https:\/\/luchonoticias.com\/editor\/#\/schema\/person\/image\/\",\"url\":\"https:\/\/luchonoticias.com\/editor\/wp-content\/uploads\/2024\/02\/cropped-cropped-logolu-150x150.webp\",\"contentUrl\":\"https:\/\/luchonoticias.com\/editor\/wp-content\/uploads\/2024\/02\/cropped-cropped-logolu-150x150.webp\",\"caption\":\"Editor General\"},\"sameAs\":[\"https:\/\/luchonoticias.com\/\"],\"url\":\"https:\/\/luchonoticias.com\/editor\/author\/editor-general\/\"}]}<\/script>\n<!-- \/ Yoast SEO plugin. -->","yoast_head_json":{"title":"Importante convenio para el sector agropecuario huilense -","robots":{"index":"index","follow":"follow","max-snippet":"max-snippet:-1","max-image-preview":"max-image-preview:large","max-video-preview":"max-video-preview:-1"},"canonical":"https:\/\/luchonoticias.com\/editor\/importante-convenio-para-el-sector-agropecuario-huilense\/","og_locale":"es_ES","og_type":"article","og_title":"Importante convenio para el sector agropecuario huilense -","og_url":"https:\/\/luchonoticias.com\/editor\/importante-convenio-para-el-sector-agropecuario-huilense\/","article_publisher":"https:\/\/www.facebook.com\/luchonoticiasneiva","article_published_time":"2023-02-28T20:42:52+00:00","article_modified_time":"2023-02-28T20:42:53+00:00","author":"Editor General","twitter_card":"summary_large_image","twitter_misc":{"Escrito por":"Editor General","Tiempo de lectura":"2 minutos"},"schema":{"@context":"https:\/\/schema.org","@graph":[{"@type":"Article","@id":"https:\/\/luchonoticias.com\/editor\/importante-convenio-para-el-sector-agropecuario-huilense\/#article","isPartOf":{"@id":"https:\/\/luchonoticias.com\/editor\/importante-convenio-para-el-sector-agropecuario-huilense\/"},"author":{"name":"Editor General","@id":"https:\/\/luchonoticias.com\/editor\/#\/schema\/person\/29217990ddf6f14e35912b2866d591fb"},"headline":"Importante convenio para el sector agropecuario huilense","datePublished":"2023-02-28T20:42:52+00:00","dateModified":"2023-02-28T20:42:53+00:00","mainEntityOfPage":{"@id":"https:\/\/luchonoticias.com\/editor\/importante-convenio-para-el-sector-agropecuario-huilense\/"},"wordCount":453,"commentCount":0,"publisher":{"@id":"https:\/\/luchonoticias.com\/editor\/#\/schema\/person\/7a7fd911f58561fd056dbac7b55af9cd"},"articleSection":["Huila"],"inLanguage":"es","potentialAction":[{"@type":"CommentAction","name":"Comment","target":["https:\/\/luchonoticias.com\/editor\/importante-convenio-para-el-sector-agropecuario-huilense\/#respond"]}]},{"@type":"WebPage","@id":"https:\/\/luchonoticias.com\/editor\/importante-convenio-para-el-sector-agropecuario-huilense\/","url":"https:\/\/luchonoticias.com\/editor\/importante-convenio-para-el-sector-agropecuario-huilense\/","name":"Importante convenio para el sector agropecuario huilense -","isPartOf":{"@id":"https:\/\/luchonoticias.com\/editor\/#website"},"datePublished":"2023-02-28T20:42:52+00:00","dateModified":"2023-02-28T20:42:53+00:00","breadcrumb":{"@id":"https:\/\/luchonoticias.com\/editor\/importante-convenio-para-el-sector-agropecuario-huilense\/#breadcrumb"},"inLanguage":"es","potentialAction":[{"@type":"ReadAction","target":["https:\/\/luchonoticias.com\/editor\/importante-convenio-para-el-sector-agropecuario-huilense\/"]}]},{"@type":"BreadcrumbList","@id":"https:\/\/luchonoticias.com\/editor\/importante-convenio-para-el-sector-agropecuario-huilense\/#breadcrumb","itemListElement":[{"@type":"ListItem","position":1,"name":"Portada","item":"https:\/\/luchonoticias.com\/editor\/"},{"@type":"ListItem","position":2,"name":"Importante convenio para el sector agropecuario huilense"}]},{"@type":"WebSite","@id":"https:\/\/luchonoticias.com\/editor\/#website","url":"https:\/\/luchonoticias.com\/editor\/","name":"","description":"","publisher":{"@id":"https:\/\/luchonoticias.com\/editor\/#\/schema\/person\/7a7fd911f58561fd056dbac7b55af9cd"},"potentialAction":[{"@type":"SearchAction","target":{"@type":"EntryPoint","urlTemplate":"https:\/\/luchonoticias.com\/editor\/?s={search_term_string}"},"query-input":{"@type":"PropertyValueSpecification","valueRequired":true,"valueName":"search_term_string"}}],"inLanguage":"es"},{"@type":["Person","Organization"],"@id":"https:\/\/luchonoticias.com\/editor\/#\/schema\/person\/7a7fd911f58561fd056dbac7b55af9cd","name":"admin","image":{"@type":"ImageObject","inLanguage":"es","@id":"https:\/\/luchonoticias.com\/editor\/#\/schema\/person\/image\/","url":"https:\/\/luchonoticias.com\/editor\/wp-content\/uploads\/2024\/02\/cropped-cropped-logolu.webp","contentUrl":"https:\/\/luchonoticias.com\/editor\/wp-content\/uploads\/2024\/02\/cropped-cropped-logolu.webp","width":382,"height":170,"caption":"admin"},"logo":{"@id":"https:\/\/luchonoticias.com\/editor\/#\/schema\/person\/image\/"},"sameAs":["https:\/\/www.facebook.com\/luchonoticiasneiva"]},{"@type":"Person","@id":"https:\/\/luchonoticias.com\/editor\/#\/schema\/person\/29217990ddf6f14e35912b2866d591fb","name":"Editor General","image":{"@type":"ImageObject","inLanguage":"es","@id":"https:\/\/luchonoticias.com\/editor\/#\/schema\/person\/image\/","url":"https:\/\/luchonoticias.com\/editor\/wp-content\/uploads\/2024\/02\/cropped-cropped-logolu-150x150.webp","contentUrl":"https:\/\/luchonoticias.com\/editor\/wp-content\/uploads\/2024\/02\/cropped-cropped-logolu-150x150.webp","caption":"Editor General"},"sameAs":["https:\/\/luchonoticias.com\/"],"url":"https:\/\/luchonoticias.com\/editor\/author\/editor-general\/"}]}},"_links":{"self":[{"href":"https:\/\/luchonoticias.com\/editor\/wp-json\/wp\/v2\/posts\/47183","targetHints":{"allow":["GET"]}}],"collection":[{"href":"https:\/\/luchonoticias.com\/editor\/wp-json\/wp\/v2\/posts"}],"about":[{"href":"https:\/\/luchonoticias.com\/editor\/wp-json\/wp\/v2\/types\/post"}],"author":[{"embeddable":true,"href":"https:\/\/luchonoticias.com\/editor\/wp-json\/wp\/v2\/users\/2"}],"replies":[{"embeddable":true,"href":"https:\/\/luchonoticias.com\/editor\/wp-json\/wp\/v2\/comments?post=47183"}],"version-history":[{"count":0,"href":"https:\/\/luchonoticias.com\/editor\/wp-json\/wp\/v2\/posts\/47183\/revisions"}],"wp:attachment":[{"href":"https:\/\/luchonoticias.com\/editor\/wp-json\/wp\/v2\/media?parent=47183"}],"wp:term":[{"taxonomy":"category","embeddable":true,"href":"https:\/\/luchonoticias.com\/editor\/wp-json\/wp\/v2\/categories?post=47183"},{"taxonomy":"post_tag","embeddable":true,"href":"https:\/\/luchonoticias.com\/editor\/wp-json\/wp\/v2\/tags?post=47183"}],"curies":[{"name":"wp","href":"https:\/\/api.w.org\/{rel}","templated":true}]}}