{"id":47186,"date":"2023-02-28T16:16:53","date_gmt":"2023-02-28T21:16:53","guid":{"rendered":"https:\/\/luchonoticias.com\/?p=47186"},"modified":"2023-02-28T16:16:55","modified_gmt":"2023-02-28T21:16:55","slug":"icetex-destina-8-mil-millones-para-apoyar-con-becas-a-talentos-en-el-sector-del-arte-y-la-cultura","status":"publish","type":"post","link":"https:\/\/luchonoticias.com\/editor\/icetex-destina-8-mil-millones-para-apoyar-con-becas-a-talentos-en-el-sector-del-arte-y-la-cultura\/","title":{"rendered":"ICETEX destina $ 8 mil millones para apoyar con becas a talentos en el sector del arte y la cultura"},"content":{"rendered":"\n<p>El Presidente de Instituto Colombiano de Cr\u00e9dito Educativo y Estudios T\u00e9cnicos en el Exterior, Mariano Ospina P\u00e9rez (ICETEX), Mauricio Toro, anunci\u00f3 este martes que ha destinado 8 mil millones de pesos al programa Talentos, dirigida a brindar becas a personas del sector del arte y de la cultura.<\/p>\n\n\n\n<p>El directivo hizo el anuncio en Colombia Hoy Radio, de la Presidencia de la Rep\u00fablica, donde agreg\u00f3 que el programa Talentos financia hasta con 12 mil d\u00f3lares cursos en el exterior o virtuales, con la condici\u00f3n de elaborar un proyecto de transferencia de conocimientos. A cambio, el ICETEX les condona el ciento por ciento de la deuda.<\/p>\n\n\n\n<p>\u201cImag\u00ednese usted que le den 13 mil d\u00f3lares para estudiar un curso corto en temas de cine, de arte, de cultura, de teatro, vuelva (al pa\u00eds), le cuente a la gente qu\u00e9 fue lo que aprendi\u00f3, comparta ese conocimiento y luego le digan: muchas gracias por ese servicio, cero por ciento a pagar\u201d, coment\u00f3 el Presidente del ICETEX.<\/p>\n\n\n\n<p>Cero intereses<\/p>\n\n\n\n<p>El Presidente del ICETEX tambi\u00e9n confirm\u00f3 que del mill\u00f3n de estudiantes que se benefician en este momento de cr\u00e9ditos de la entidad, casi 500 mil tienen derechos a cr\u00e9ditos que son condonables.<\/p>\n\n\n\n<p>\u201cHay una cantidad de instrumentos que le permiten a los j\u00f3venes hacer toda su carrera. El \u00fanico requisito, terminar sus estudios con un promedio superior a 3,4 y su cr\u00e9dito podr\u00e1 ser condonado. \u00bfQu\u00e9 es ser condonado? Que cuando el joven se grad\u00faa se le borra el total o la mitad del valor de la deuda\u201d, explic\u00f3.<\/p>\n\n\n\n<p>Tambi\u00e9n, reiter\u00f3 los tres beneficios que el ICETEX ofrece a quienes se postulen a cr\u00e9ditos: una tasa de inter\u00e9s del cero por ciento, solo se les cobrar\u00e1 el valor del \u00cdndice de Precios al Consumidor (IPC), tienen el derecho a que se les condone hasta el 50% del total de la deuda y un derecho al sostenimiento mientras cursan sus estudios.<\/p>\n\n\n\n<p>\u201cEl ICETEX tiene 70 a\u00f1os y nunca en su historia hab\u00eda ofrecido tasas de inter\u00e9s del cero por ciento m\u00e1s IPC. Eso empez\u00f3 a operar este a\u00f1o\u201d, indic\u00f3 el Presidente Mauricio Toro.<\/p>\n","protected":false},"excerpt":{"rendered":"<p>El Presidente de Instituto Colombiano de Cr\u00e9dito Educativo y Estudios T\u00e9cnicos en el Exterior, Mariano Ospina P\u00e9rez (ICETEX), Mauricio Toro, anunci\u00f3 este martes que ha destinado 8 mil millones de pesos al programa Talentos, dirigida a brindar becas a personas del sector del arte y de la cultura. El directivo hizo el anuncio en Colombia [&hellip;]<\/p>\n","protected":false},"author":2,"featured_media":0,"comment_status":"open","ping_status":"open","sticky":false,"template":"","format":"standard","meta":{"footnotes":""},"categories":[28,36],"tags":[],"class_list":["post-47186","post","type-post","status-publish","format-standard","hentry","category-actualidad","category-destacado"],"yoast_head":"<!-- This site is optimized with the Yoast SEO plugin v26.6 - https:\/\/yoast.com\/wordpress\/plugins\/seo\/ -->\n<title>ICETEX destina $ 8 mil millones para apoyar con becas a talentos en el sector del arte y la cultura -<\/title>\n<meta name=\"robots\" content=\"index, follow, max-snippet:-1, max-image-preview:large, max-video-preview:-1\" \/>\n<link rel=\"canonical\" href=\"https:\/\/luchonoticias.com\/editor\/icetex-destina-8-mil-millones-para-apoyar-con-becas-a-talentos-en-el-sector-del-arte-y-la-cultura\/\" \/>\n<meta property=\"og:locale\" content=\"es_ES\" \/>\n<meta property=\"og:type\" content=\"article\" \/>\n<meta property=\"og:title\" content=\"ICETEX destina $ 8 mil millones para apoyar con becas a talentos en el sector del arte y la cultura -\" \/>\n<meta property=\"og:url\" content=\"https:\/\/luchonoticias.com\/editor\/icetex-destina-8-mil-millones-para-apoyar-con-becas-a-talentos-en-el-sector-del-arte-y-la-cultura\/\" \/>\n<meta property=\"article:publisher\" content=\"https:\/\/www.facebook.com\/luchonoticiasneiva\" \/>\n<meta property=\"article:published_time\" content=\"2023-02-28T21:16:53+00:00\" \/>\n<meta property=\"article:modified_time\" content=\"2023-02-28T21:16:55+00:00\" \/>\n<meta name=\"author\" content=\"Editor General\" \/>\n<meta name=\"twitter:card\" content=\"summary_large_image\" \/>\n<meta name=\"twitter:label1\" content=\"Escrito por\" \/>\n\t<meta name=\"twitter:data1\" content=\"Editor General\" \/>\n\t<meta name=\"twitter:label2\" content=\"Tiempo de lectura\" \/>\n\t<meta name=\"twitter:data2\" content=\"2 minutos\" \/>\n<script type=\"application\/ld+json\" class=\"yoast-schema-graph\">{\"@context\":\"https:\/\/schema.org\",\"@graph\":[{\"@type\":\"Article\",\"@id\":\"https:\/\/luchonoticias.com\/editor\/icetex-destina-8-mil-millones-para-apoyar-con-becas-a-talentos-en-el-sector-del-arte-y-la-cultura\/#article\",\"isPartOf\":{\"@id\":\"https:\/\/luchonoticias.com\/editor\/icetex-destina-8-mil-millones-para-apoyar-con-becas-a-talentos-en-el-sector-del-arte-y-la-cultura\/\"},\"author\":{\"name\":\"Editor General\",\"@id\":\"https:\/\/luchonoticias.com\/editor\/#\/schema\/person\/29217990ddf6f14e35912b2866d591fb\"},\"headline\":\"ICETEX destina $ 8 mil millones para apoyar con becas a talentos en el sector del arte y la cultura\",\"datePublished\":\"2023-02-28T21:16:53+00:00\",\"dateModified\":\"2023-02-28T21:16:55+00:00\",\"mainEntityOfPage\":{\"@id\":\"https:\/\/luchonoticias.com\/editor\/icetex-destina-8-mil-millones-para-apoyar-con-becas-a-talentos-en-el-sector-del-arte-y-la-cultura\/\"},\"wordCount\":382,\"commentCount\":0,\"publisher\":{\"@id\":\"https:\/\/luchonoticias.com\/editor\/#\/schema\/person\/7a7fd911f58561fd056dbac7b55af9cd\"},\"articleSection\":[\"Actualidad\",\"Destacado\"],\"inLanguage\":\"es\",\"potentialAction\":[{\"@type\":\"CommentAction\",\"name\":\"Comment\",\"target\":[\"https:\/\/luchonoticias.com\/editor\/icetex-destina-8-mil-millones-para-apoyar-con-becas-a-talentos-en-el-sector-del-arte-y-la-cultura\/#respond\"]}]},{\"@type\":\"WebPage\",\"@id\":\"https:\/\/luchonoticias.com\/editor\/icetex-destina-8-mil-millones-para-apoyar-con-becas-a-talentos-en-el-sector-del-arte-y-la-cultura\/\",\"url\":\"https:\/\/luchonoticias.com\/editor\/icetex-destina-8-mil-millones-para-apoyar-con-becas-a-talentos-en-el-sector-del-arte-y-la-cultura\/\",\"name\":\"ICETEX destina $ 8 mil millones para apoyar con becas a talentos en el sector del arte y la cultura -\",\"isPartOf\":{\"@id\":\"https:\/\/luchonoticias.com\/editor\/#website\"},\"datePublished\":\"2023-02-28T21:16:53+00:00\",\"dateModified\":\"2023-02-28T21:16:55+00:00\",\"breadcrumb\":{\"@id\":\"https:\/\/luchonoticias.com\/editor\/icetex-destina-8-mil-millones-para-apoyar-con-becas-a-talentos-en-el-sector-del-arte-y-la-cultura\/#breadcrumb\"},\"inLanguage\":\"es\",\"potentialAction\":[{\"@type\":\"ReadAction\",\"target\":[\"https:\/\/luchonoticias.com\/editor\/icetex-destina-8-mil-millones-para-apoyar-con-becas-a-talentos-en-el-sector-del-arte-y-la-cultura\/\"]}]},{\"@type\":\"BreadcrumbList\",\"@id\":\"https:\/\/luchonoticias.com\/editor\/icetex-destina-8-mil-millones-para-apoyar-con-becas-a-talentos-en-el-sector-del-arte-y-la-cultura\/#breadcrumb\",\"itemListElement\":[{\"@type\":\"ListItem\",\"position\":1,\"name\":\"Portada\",\"item\":\"https:\/\/luchonoticias.com\/editor\/\"},{\"@type\":\"ListItem\",\"position\":2,\"name\":\"ICETEX destina $ 8 mil millones para apoyar con becas a talentos en el sector del arte y la cultura\"}]},{\"@type\":\"WebSite\",\"@id\":\"https:\/\/luchonoticias.com\/editor\/#website\",\"url\":\"https:\/\/luchonoticias.com\/editor\/\",\"name\":\"\",\"description\":\"\",\"publisher\":{\"@id\":\"https:\/\/luchonoticias.com\/editor\/#\/schema\/person\/7a7fd911f58561fd056dbac7b55af9cd\"},\"potentialAction\":[{\"@type\":\"SearchAction\",\"target\":{\"@type\":\"EntryPoint\",\"urlTemplate\":\"https:\/\/luchonoticias.com\/editor\/?s={search_term_string}\"},\"query-input\":{\"@type\":\"PropertyValueSpecification\",\"valueRequired\":true,\"valueName\":\"search_term_string\"}}],\"inLanguage\":\"es\"},{\"@type\":[\"Person\",\"Organization\"],\"@id\":\"https:\/\/luchonoticias.com\/editor\/#\/schema\/person\/7a7fd911f58561fd056dbac7b55af9cd\",\"name\":\"admin\",\"image\":{\"@type\":\"ImageObject\",\"inLanguage\":\"es\",\"@id\":\"https:\/\/luchonoticias.com\/editor\/#\/schema\/person\/image\/\",\"url\":\"https:\/\/luchonoticias.com\/editor\/wp-content\/uploads\/2024\/02\/cropped-cropped-logolu.webp\",\"contentUrl\":\"https:\/\/luchonoticias.com\/editor\/wp-content\/uploads\/2024\/02\/cropped-cropped-logolu.webp\",\"width\":382,\"height\":170,\"caption\":\"admin\"},\"logo\":{\"@id\":\"https:\/\/luchonoticias.com\/editor\/#\/schema\/person\/image\/\"},\"sameAs\":[\"https:\/\/www.facebook.com\/luchonoticiasneiva\"]},{\"@type\":\"Person\",\"@id\":\"https:\/\/luchonoticias.com\/editor\/#\/schema\/person\/29217990ddf6f14e35912b2866d591fb\",\"name\":\"Editor General\",\"image\":{\"@type\":\"ImageObject\",\"inLanguage\":\"es\",\"@id\":\"https:\/\/luchonoticias.com\/editor\/#\/schema\/person\/image\/\",\"url\":\"https:\/\/luchonoticias.com\/editor\/wp-content\/uploads\/2024\/02\/cropped-cropped-logolu-150x150.webp\",\"contentUrl\":\"https:\/\/luchonoticias.com\/editor\/wp-content\/uploads\/2024\/02\/cropped-cropped-logolu-150x150.webp\",\"caption\":\"Editor General\"},\"sameAs\":[\"https:\/\/luchonoticias.com\/\"],\"url\":\"https:\/\/luchonoticias.com\/editor\/author\/editor-general\/\"}]}<\/script>\n<!-- \/ Yoast SEO plugin. -->","yoast_head_json":{"title":"ICETEX destina $ 8 mil millones para apoyar con becas a talentos en el sector del arte y la cultura -","robots":{"index":"index","follow":"follow","max-snippet":"max-snippet:-1","max-image-preview":"max-image-preview:large","max-video-preview":"max-video-preview:-1"},"canonical":"https:\/\/luchonoticias.com\/editor\/icetex-destina-8-mil-millones-para-apoyar-con-becas-a-talentos-en-el-sector-del-arte-y-la-cultura\/","og_locale":"es_ES","og_type":"article","og_title":"ICETEX destina $ 8 mil millones para apoyar con becas a talentos en el sector del arte y la cultura -","og_url":"https:\/\/luchonoticias.com\/editor\/icetex-destina-8-mil-millones-para-apoyar-con-becas-a-talentos-en-el-sector-del-arte-y-la-cultura\/","article_publisher":"https:\/\/www.facebook.com\/luchonoticiasneiva","article_published_time":"2023-02-28T21:16:53+00:00","article_modified_time":"2023-02-28T21:16:55+00:00","author":"Editor General","twitter_card":"summary_large_image","twitter_misc":{"Escrito por":"Editor General","Tiempo de lectura":"2 minutos"},"schema":{"@context":"https:\/\/schema.org","@graph":[{"@type":"Article","@id":"https:\/\/luchonoticias.com\/editor\/icetex-destina-8-mil-millones-para-apoyar-con-becas-a-talentos-en-el-sector-del-arte-y-la-cultura\/#article","isPartOf":{"@id":"https:\/\/luchonoticias.com\/editor\/icetex-destina-8-mil-millones-para-apoyar-con-becas-a-talentos-en-el-sector-del-arte-y-la-cultura\/"},"author":{"name":"Editor General","@id":"https:\/\/luchonoticias.com\/editor\/#\/schema\/person\/29217990ddf6f14e35912b2866d591fb"},"headline":"ICETEX destina $ 8 mil millones para apoyar con becas a talentos en el sector del arte y la cultura","datePublished":"2023-02-28T21:16:53+00:00","dateModified":"2023-02-28T21:16:55+00:00","mainEntityOfPage":{"@id":"https:\/\/luchonoticias.com\/editor\/icetex-destina-8-mil-millones-para-apoyar-con-becas-a-talentos-en-el-sector-del-arte-y-la-cultura\/"},"wordCount":382,"commentCount":0,"publisher":{"@id":"https:\/\/luchonoticias.com\/editor\/#\/schema\/person\/7a7fd911f58561fd056dbac7b55af9cd"},"articleSection":["Actualidad","Destacado"],"inLanguage":"es","potentialAction":[{"@type":"CommentAction","name":"Comment","target":["https:\/\/luchonoticias.com\/editor\/icetex-destina-8-mil-millones-para-apoyar-con-becas-a-talentos-en-el-sector-del-arte-y-la-cultura\/#respond"]}]},{"@type":"WebPage","@id":"https:\/\/luchonoticias.com\/editor\/icetex-destina-8-mil-millones-para-apoyar-con-becas-a-talentos-en-el-sector-del-arte-y-la-cultura\/","url":"https:\/\/luchonoticias.com\/editor\/icetex-destina-8-mil-millones-para-apoyar-con-becas-a-talentos-en-el-sector-del-arte-y-la-cultura\/","name":"ICETEX destina $ 8 mil millones para apoyar con becas a talentos en el sector del arte y la cultura -","isPartOf":{"@id":"https:\/\/luchonoticias.com\/editor\/#website"},"datePublished":"2023-02-28T21:16:53+00:00","dateModified":"2023-02-28T21:16:55+00:00","breadcrumb":{"@id":"https:\/\/luchonoticias.com\/editor\/icetex-destina-8-mil-millones-para-apoyar-con-becas-a-talentos-en-el-sector-del-arte-y-la-cultura\/#breadcrumb"},"inLanguage":"es","potentialAction":[{"@type":"ReadAction","target":["https:\/\/luchonoticias.com\/editor\/icetex-destina-8-mil-millones-para-apoyar-con-becas-a-talentos-en-el-sector-del-arte-y-la-cultura\/"]}]},{"@type":"BreadcrumbList","@id":"https:\/\/luchonoticias.com\/editor\/icetex-destina-8-mil-millones-para-apoyar-con-becas-a-talentos-en-el-sector-del-arte-y-la-cultura\/#breadcrumb","itemListElement":[{"@type":"ListItem","position":1,"name":"Portada","item":"https:\/\/luchonoticias.com\/editor\/"},{"@type":"ListItem","position":2,"name":"ICETEX destina $ 8 mil millones para apoyar con becas a talentos en el sector del arte y la cultura"}]},{"@type":"WebSite","@id":"https:\/\/luchonoticias.com\/editor\/#website","url":"https:\/\/luchonoticias.com\/editor\/","name":"","description":"","publisher":{"@id":"https:\/\/luchonoticias.com\/editor\/#\/schema\/person\/7a7fd911f58561fd056dbac7b55af9cd"},"potentialAction":[{"@type":"SearchAction","target":{"@type":"EntryPoint","urlTemplate":"https:\/\/luchonoticias.com\/editor\/?s={search_term_string}"},"query-input":{"@type":"PropertyValueSpecification","valueRequired":true,"valueName":"search_term_string"}}],"inLanguage":"es"},{"@type":["Person","Organization"],"@id":"https:\/\/luchonoticias.com\/editor\/#\/schema\/person\/7a7fd911f58561fd056dbac7b55af9cd","name":"admin","image":{"@type":"ImageObject","inLanguage":"es","@id":"https:\/\/luchonoticias.com\/editor\/#\/schema\/person\/image\/","url":"https:\/\/luchonoticias.com\/editor\/wp-content\/uploads\/2024\/02\/cropped-cropped-logolu.webp","contentUrl":"https:\/\/luchonoticias.com\/editor\/wp-content\/uploads\/2024\/02\/cropped-cropped-logolu.webp","width":382,"height":170,"caption":"admin"},"logo":{"@id":"https:\/\/luchonoticias.com\/editor\/#\/schema\/person\/image\/"},"sameAs":["https:\/\/www.facebook.com\/luchonoticiasneiva"]},{"@type":"Person","@id":"https:\/\/luchonoticias.com\/editor\/#\/schema\/person\/29217990ddf6f14e35912b2866d591fb","name":"Editor General","image":{"@type":"ImageObject","inLanguage":"es","@id":"https:\/\/luchonoticias.com\/editor\/#\/schema\/person\/image\/","url":"https:\/\/luchonoticias.com\/editor\/wp-content\/uploads\/2024\/02\/cropped-cropped-logolu-150x150.webp","contentUrl":"https:\/\/luchonoticias.com\/editor\/wp-content\/uploads\/2024\/02\/cropped-cropped-logolu-150x150.webp","caption":"Editor General"},"sameAs":["https:\/\/luchonoticias.com\/"],"url":"https:\/\/luchonoticias.com\/editor\/author\/editor-general\/"}]}},"_links":{"self":[{"href":"https:\/\/luchonoticias.com\/editor\/wp-json\/wp\/v2\/posts\/47186","targetHints":{"allow":["GET"]}}],"collection":[{"href":"https:\/\/luchonoticias.com\/editor\/wp-json\/wp\/v2\/posts"}],"about":[{"href":"https:\/\/luchonoticias.com\/editor\/wp-json\/wp\/v2\/types\/post"}],"author":[{"embeddable":true,"href":"https:\/\/luchonoticias.com\/editor\/wp-json\/wp\/v2\/users\/2"}],"replies":[{"embeddable":true,"href":"https:\/\/luchonoticias.com\/editor\/wp-json\/wp\/v2\/comments?post=47186"}],"version-history":[{"count":0,"href":"https:\/\/luchonoticias.com\/editor\/wp-json\/wp\/v2\/posts\/47186\/revisions"}],"wp:attachment":[{"href":"https:\/\/luchonoticias.com\/editor\/wp-json\/wp\/v2\/media?parent=47186"}],"wp:term":[{"taxonomy":"category","embeddable":true,"href":"https:\/\/luchonoticias.com\/editor\/wp-json\/wp\/v2\/categories?post=47186"},{"taxonomy":"post_tag","embeddable":true,"href":"https:\/\/luchonoticias.com\/editor\/wp-json\/wp\/v2\/tags?post=47186"}],"curies":[{"name":"wp","href":"https:\/\/api.w.org\/{rel}","templated":true}]}}