{"id":47189,"date":"2023-03-01T05:05:37","date_gmt":"2023-03-01T10:05:37","guid":{"rendered":"https:\/\/luchonoticias.com\/?p=47189"},"modified":"2023-03-01T05:05:38","modified_gmt":"2023-03-01T10:05:38","slug":"huila-recibe-a-santa-fe-por-la-liga-femenina","status":"publish","type":"post","link":"https:\/\/luchonoticias.com\/editor\/huila-recibe-a-santa-fe-por-la-liga-femenina\/","title":{"rendered":"Huila recibe a Santa Fe por la Liga Femenina"},"content":{"rendered":"\n<p>Hoy en horas de la tarde el\u00a0<strong>Atl\u00e9tico Huila recibir\u00e1 a Santa Fe\u00a0<\/strong>en juego correspondiente a la cuarta fecha de la Liga Femenina.<\/p>\n\n\n\n<p>El\u00a0<strong>onceno femenil huilense llega mejor posicionada\u00a0<\/strong>que el equipo de Bogot\u00e1, toda vez que en la fecha pasada\u00a0<strong>igual\u00f3 con Llaneros\u00a0<\/strong>mientras que Santa Fe perdi\u00f3 ante Am\u00e9rica en condici\u00f3n de Bogot\u00e1.<\/p>\n\n\n\n<p>Las dirigidas por Douglas Calder\u00f3n pr\u00e1cticamente han tenido&nbsp;<strong>poco tiempo de descanso&nbsp;<\/strong>y considerando la proximidad del compromiso, se ha contado con periodos de recuperaci\u00f3n as\u00ed como algunas mejoras en el esquema t\u00e1ctico, con miras a lograr su segunda victoria.<\/p>\n\n\n\n<p>Cap\u00edtulo aparte se dieron a conocer las&nbsp;<strong>programaciones de futuros partidos<\/strong>&nbsp;del equipo femenil huilense: el 23 de marzo se pondr\u00e1 al d\u00eda visitando a&nbsp;<strong>La Equidad&nbsp;<\/strong>en juego pendiente por la primera fecha, el 7 de marzo por la quinta fecha visitar\u00e1 al&nbsp;<strong>Bucaramanga&nbsp;<\/strong>y el 11 recibir\u00e1 al&nbsp;<strong>Am\u00e9rica&nbsp;<\/strong>por la sexta fecha.<\/p>\n","protected":false},"excerpt":{"rendered":"<p>Hoy en horas de la tarde el\u00a0Atl\u00e9tico Huila recibir\u00e1 a Santa Fe\u00a0en juego correspondiente a la cuarta fecha de la Liga Femenina. El\u00a0onceno femenil huilense llega mejor posicionada\u00a0que el equipo de Bogot\u00e1, toda vez que en la fecha pasada\u00a0igual\u00f3 con Llaneros\u00a0mientras que Santa Fe perdi\u00f3 ante Am\u00e9rica en condici\u00f3n de Bogot\u00e1. Las dirigidas por Douglas [&hellip;]<\/p>\n","protected":false},"author":2,"featured_media":0,"comment_status":"open","ping_status":"open","sticky":false,"template":"","format":"standard","meta":{"footnotes":""},"categories":[34],"tags":[],"class_list":["post-47189","post","type-post","status-publish","format-standard","hentry","category-deportes"],"yoast_head":"<!-- This site is optimized with the Yoast SEO plugin v26.6 - https:\/\/yoast.com\/wordpress\/plugins\/seo\/ -->\n<title>Huila recibe a Santa Fe por la Liga Femenina -<\/title>\n<meta name=\"robots\" content=\"index, follow, max-snippet:-1, max-image-preview:large, max-video-preview:-1\" \/>\n<link rel=\"canonical\" href=\"https:\/\/luchonoticias.com\/editor\/huila-recibe-a-santa-fe-por-la-liga-femenina\/\" \/>\n<meta property=\"og:locale\" content=\"es_ES\" \/>\n<meta property=\"og:type\" content=\"article\" \/>\n<meta property=\"og:title\" content=\"Huila recibe a Santa Fe por la Liga Femenina -\" \/>\n<meta property=\"og:url\" content=\"https:\/\/luchonoticias.com\/editor\/huila-recibe-a-santa-fe-por-la-liga-femenina\/\" \/>\n<meta property=\"article:publisher\" content=\"https:\/\/www.facebook.com\/luchonoticiasneiva\" \/>\n<meta property=\"article:published_time\" content=\"2023-03-01T10:05:37+00:00\" \/>\n<meta property=\"article:modified_time\" content=\"2023-03-01T10:05:38+00:00\" \/>\n<meta name=\"author\" content=\"Editor General\" \/>\n<meta name=\"twitter:card\" content=\"summary_large_image\" \/>\n<meta name=\"twitter:label1\" content=\"Escrito por\" \/>\n\t<meta name=\"twitter:data1\" content=\"Editor General\" \/>\n\t<meta name=\"twitter:label2\" content=\"Tiempo de lectura\" \/>\n\t<meta name=\"twitter:data2\" content=\"1 minuto\" \/>\n<script type=\"application\/ld+json\" class=\"yoast-schema-graph\">{\"@context\":\"https:\/\/schema.org\",\"@graph\":[{\"@type\":\"Article\",\"@id\":\"https:\/\/luchonoticias.com\/editor\/huila-recibe-a-santa-fe-por-la-liga-femenina\/#article\",\"isPartOf\":{\"@id\":\"https:\/\/luchonoticias.com\/editor\/huila-recibe-a-santa-fe-por-la-liga-femenina\/\"},\"author\":{\"name\":\"Editor General\",\"@id\":\"https:\/\/luchonoticias.com\/editor\/#\/schema\/person\/29217990ddf6f14e35912b2866d591fb\"},\"headline\":\"Huila recibe a Santa Fe por la Liga Femenina\",\"datePublished\":\"2023-03-01T10:05:37+00:00\",\"dateModified\":\"2023-03-01T10:05:38+00:00\",\"mainEntityOfPage\":{\"@id\":\"https:\/\/luchonoticias.com\/editor\/huila-recibe-a-santa-fe-por-la-liga-femenina\/\"},\"wordCount\":178,\"commentCount\":0,\"publisher\":{\"@id\":\"https:\/\/luchonoticias.com\/editor\/#\/schema\/person\/7a7fd911f58561fd056dbac7b55af9cd\"},\"articleSection\":[\"Deportes\"],\"inLanguage\":\"es\",\"potentialAction\":[{\"@type\":\"CommentAction\",\"name\":\"Comment\",\"target\":[\"https:\/\/luchonoticias.com\/editor\/huila-recibe-a-santa-fe-por-la-liga-femenina\/#respond\"]}]},{\"@type\":\"WebPage\",\"@id\":\"https:\/\/luchonoticias.com\/editor\/huila-recibe-a-santa-fe-por-la-liga-femenina\/\",\"url\":\"https:\/\/luchonoticias.com\/editor\/huila-recibe-a-santa-fe-por-la-liga-femenina\/\",\"name\":\"Huila recibe a Santa Fe por la Liga Femenina -\",\"isPartOf\":{\"@id\":\"https:\/\/luchonoticias.com\/editor\/#website\"},\"datePublished\":\"2023-03-01T10:05:37+00:00\",\"dateModified\":\"2023-03-01T10:05:38+00:00\",\"breadcrumb\":{\"@id\":\"https:\/\/luchonoticias.com\/editor\/huila-recibe-a-santa-fe-por-la-liga-femenina\/#breadcrumb\"},\"inLanguage\":\"es\",\"potentialAction\":[{\"@type\":\"ReadAction\",\"target\":[\"https:\/\/luchonoticias.com\/editor\/huila-recibe-a-santa-fe-por-la-liga-femenina\/\"]}]},{\"@type\":\"BreadcrumbList\",\"@id\":\"https:\/\/luchonoticias.com\/editor\/huila-recibe-a-santa-fe-por-la-liga-femenina\/#breadcrumb\",\"itemListElement\":[{\"@type\":\"ListItem\",\"position\":1,\"name\":\"Portada\",\"item\":\"https:\/\/luchonoticias.com\/editor\/\"},{\"@type\":\"ListItem\",\"position\":2,\"name\":\"Huila recibe a Santa Fe por la Liga Femenina\"}]},{\"@type\":\"WebSite\",\"@id\":\"https:\/\/luchonoticias.com\/editor\/#website\",\"url\":\"https:\/\/luchonoticias.com\/editor\/\",\"name\":\"\",\"description\":\"\",\"publisher\":{\"@id\":\"https:\/\/luchonoticias.com\/editor\/#\/schema\/person\/7a7fd911f58561fd056dbac7b55af9cd\"},\"potentialAction\":[{\"@type\":\"SearchAction\",\"target\":{\"@type\":\"EntryPoint\",\"urlTemplate\":\"https:\/\/luchonoticias.com\/editor\/?s={search_term_string}\"},\"query-input\":{\"@type\":\"PropertyValueSpecification\",\"valueRequired\":true,\"valueName\":\"search_term_string\"}}],\"inLanguage\":\"es\"},{\"@type\":[\"Person\",\"Organization\"],\"@id\":\"https:\/\/luchonoticias.com\/editor\/#\/schema\/person\/7a7fd911f58561fd056dbac7b55af9cd\",\"name\":\"admin\",\"image\":{\"@type\":\"ImageObject\",\"inLanguage\":\"es\",\"@id\":\"https:\/\/luchonoticias.com\/editor\/#\/schema\/person\/image\/\",\"url\":\"https:\/\/luchonoticias.com\/editor\/wp-content\/uploads\/2024\/02\/cropped-cropped-logolu.webp\",\"contentUrl\":\"https:\/\/luchonoticias.com\/editor\/wp-content\/uploads\/2024\/02\/cropped-cropped-logolu.webp\",\"width\":382,\"height\":170,\"caption\":\"admin\"},\"logo\":{\"@id\":\"https:\/\/luchonoticias.com\/editor\/#\/schema\/person\/image\/\"},\"sameAs\":[\"https:\/\/www.facebook.com\/luchonoticiasneiva\"]},{\"@type\":\"Person\",\"@id\":\"https:\/\/luchonoticias.com\/editor\/#\/schema\/person\/29217990ddf6f14e35912b2866d591fb\",\"name\":\"Editor General\",\"image\":{\"@type\":\"ImageObject\",\"inLanguage\":\"es\",\"@id\":\"https:\/\/luchonoticias.com\/editor\/#\/schema\/person\/image\/\",\"url\":\"https:\/\/luchonoticias.com\/editor\/wp-content\/uploads\/2024\/02\/cropped-cropped-logolu-150x150.webp\",\"contentUrl\":\"https:\/\/luchonoticias.com\/editor\/wp-content\/uploads\/2024\/02\/cropped-cropped-logolu-150x150.webp\",\"caption\":\"Editor General\"},\"sameAs\":[\"https:\/\/luchonoticias.com\/\"],\"url\":\"https:\/\/luchonoticias.com\/editor\/author\/editor-general\/\"}]}<\/script>\n<!-- \/ Yoast SEO plugin. -->","yoast_head_json":{"title":"Huila recibe a Santa Fe por la Liga Femenina -","robots":{"index":"index","follow":"follow","max-snippet":"max-snippet:-1","max-image-preview":"max-image-preview:large","max-video-preview":"max-video-preview:-1"},"canonical":"https:\/\/luchonoticias.com\/editor\/huila-recibe-a-santa-fe-por-la-liga-femenina\/","og_locale":"es_ES","og_type":"article","og_title":"Huila recibe a Santa Fe por la Liga Femenina -","og_url":"https:\/\/luchonoticias.com\/editor\/huila-recibe-a-santa-fe-por-la-liga-femenina\/","article_publisher":"https:\/\/www.facebook.com\/luchonoticiasneiva","article_published_time":"2023-03-01T10:05:37+00:00","article_modified_time":"2023-03-01T10:05:38+00:00","author":"Editor General","twitter_card":"summary_large_image","twitter_misc":{"Escrito por":"Editor General","Tiempo de lectura":"1 minuto"},"schema":{"@context":"https:\/\/schema.org","@graph":[{"@type":"Article","@id":"https:\/\/luchonoticias.com\/editor\/huila-recibe-a-santa-fe-por-la-liga-femenina\/#article","isPartOf":{"@id":"https:\/\/luchonoticias.com\/editor\/huila-recibe-a-santa-fe-por-la-liga-femenina\/"},"author":{"name":"Editor General","@id":"https:\/\/luchonoticias.com\/editor\/#\/schema\/person\/29217990ddf6f14e35912b2866d591fb"},"headline":"Huila recibe a Santa Fe por la Liga Femenina","datePublished":"2023-03-01T10:05:37+00:00","dateModified":"2023-03-01T10:05:38+00:00","mainEntityOfPage":{"@id":"https:\/\/luchonoticias.com\/editor\/huila-recibe-a-santa-fe-por-la-liga-femenina\/"},"wordCount":178,"commentCount":0,"publisher":{"@id":"https:\/\/luchonoticias.com\/editor\/#\/schema\/person\/7a7fd911f58561fd056dbac7b55af9cd"},"articleSection":["Deportes"],"inLanguage":"es","potentialAction":[{"@type":"CommentAction","name":"Comment","target":["https:\/\/luchonoticias.com\/editor\/huila-recibe-a-santa-fe-por-la-liga-femenina\/#respond"]}]},{"@type":"WebPage","@id":"https:\/\/luchonoticias.com\/editor\/huila-recibe-a-santa-fe-por-la-liga-femenina\/","url":"https:\/\/luchonoticias.com\/editor\/huila-recibe-a-santa-fe-por-la-liga-femenina\/","name":"Huila recibe a Santa Fe por la Liga Femenina -","isPartOf":{"@id":"https:\/\/luchonoticias.com\/editor\/#website"},"datePublished":"2023-03-01T10:05:37+00:00","dateModified":"2023-03-01T10:05:38+00:00","breadcrumb":{"@id":"https:\/\/luchonoticias.com\/editor\/huila-recibe-a-santa-fe-por-la-liga-femenina\/#breadcrumb"},"inLanguage":"es","potentialAction":[{"@type":"ReadAction","target":["https:\/\/luchonoticias.com\/editor\/huila-recibe-a-santa-fe-por-la-liga-femenina\/"]}]},{"@type":"BreadcrumbList","@id":"https:\/\/luchonoticias.com\/editor\/huila-recibe-a-santa-fe-por-la-liga-femenina\/#breadcrumb","itemListElement":[{"@type":"ListItem","position":1,"name":"Portada","item":"https:\/\/luchonoticias.com\/editor\/"},{"@type":"ListItem","position":2,"name":"Huila recibe a Santa Fe por la Liga Femenina"}]},{"@type":"WebSite","@id":"https:\/\/luchonoticias.com\/editor\/#website","url":"https:\/\/luchonoticias.com\/editor\/","name":"","description":"","publisher":{"@id":"https:\/\/luchonoticias.com\/editor\/#\/schema\/person\/7a7fd911f58561fd056dbac7b55af9cd"},"potentialAction":[{"@type":"SearchAction","target":{"@type":"EntryPoint","urlTemplate":"https:\/\/luchonoticias.com\/editor\/?s={search_term_string}"},"query-input":{"@type":"PropertyValueSpecification","valueRequired":true,"valueName":"search_term_string"}}],"inLanguage":"es"},{"@type":["Person","Organization"],"@id":"https:\/\/luchonoticias.com\/editor\/#\/schema\/person\/7a7fd911f58561fd056dbac7b55af9cd","name":"admin","image":{"@type":"ImageObject","inLanguage":"es","@id":"https:\/\/luchonoticias.com\/editor\/#\/schema\/person\/image\/","url":"https:\/\/luchonoticias.com\/editor\/wp-content\/uploads\/2024\/02\/cropped-cropped-logolu.webp","contentUrl":"https:\/\/luchonoticias.com\/editor\/wp-content\/uploads\/2024\/02\/cropped-cropped-logolu.webp","width":382,"height":170,"caption":"admin"},"logo":{"@id":"https:\/\/luchonoticias.com\/editor\/#\/schema\/person\/image\/"},"sameAs":["https:\/\/www.facebook.com\/luchonoticiasneiva"]},{"@type":"Person","@id":"https:\/\/luchonoticias.com\/editor\/#\/schema\/person\/29217990ddf6f14e35912b2866d591fb","name":"Editor General","image":{"@type":"ImageObject","inLanguage":"es","@id":"https:\/\/luchonoticias.com\/editor\/#\/schema\/person\/image\/","url":"https:\/\/luchonoticias.com\/editor\/wp-content\/uploads\/2024\/02\/cropped-cropped-logolu-150x150.webp","contentUrl":"https:\/\/luchonoticias.com\/editor\/wp-content\/uploads\/2024\/02\/cropped-cropped-logolu-150x150.webp","caption":"Editor General"},"sameAs":["https:\/\/luchonoticias.com\/"],"url":"https:\/\/luchonoticias.com\/editor\/author\/editor-general\/"}]}},"_links":{"self":[{"href":"https:\/\/luchonoticias.com\/editor\/wp-json\/wp\/v2\/posts\/47189","targetHints":{"allow":["GET"]}}],"collection":[{"href":"https:\/\/luchonoticias.com\/editor\/wp-json\/wp\/v2\/posts"}],"about":[{"href":"https:\/\/luchonoticias.com\/editor\/wp-json\/wp\/v2\/types\/post"}],"author":[{"embeddable":true,"href":"https:\/\/luchonoticias.com\/editor\/wp-json\/wp\/v2\/users\/2"}],"replies":[{"embeddable":true,"href":"https:\/\/luchonoticias.com\/editor\/wp-json\/wp\/v2\/comments?post=47189"}],"version-history":[{"count":0,"href":"https:\/\/luchonoticias.com\/editor\/wp-json\/wp\/v2\/posts\/47189\/revisions"}],"wp:attachment":[{"href":"https:\/\/luchonoticias.com\/editor\/wp-json\/wp\/v2\/media?parent=47189"}],"wp:term":[{"taxonomy":"category","embeddable":true,"href":"https:\/\/luchonoticias.com\/editor\/wp-json\/wp\/v2\/categories?post=47189"},{"taxonomy":"post_tag","embeddable":true,"href":"https:\/\/luchonoticias.com\/editor\/wp-json\/wp\/v2\/tags?post=47189"}],"curies":[{"name":"wp","href":"https:\/\/api.w.org\/{rel}","templated":true}]}}