{"id":47192,"date":"2023-03-01T05:08:09","date_gmt":"2023-03-01T10:08:09","guid":{"rendered":"https:\/\/luchonoticias.com\/?p=47192"},"modified":"2023-03-01T05:08:09","modified_gmt":"2023-03-01T10:08:09","slug":"municipios-del-huila-estrenan-nuevas-senalizaciones","status":"publish","type":"post","link":"https:\/\/luchonoticias.com\/editor\/municipios-del-huila-estrenan-nuevas-senalizaciones\/","title":{"rendered":"Municipios del Huila estrenan nuevas se\u00f1alizaciones"},"content":{"rendered":"\n<p>La Argentina, El Agrado, Acevedo, Rivera y Gigante son los\u00a0<strong>primeros Municipios en estrenar la se\u00f1alizaci\u00f3n vial<\/strong>, necesaria para la conducci\u00f3n segura sobre las vias del Departamento.<\/p>\n\n\n\n<p>El objetivo principal del convenio firmado entre la Agencia Nacional de Seguridad Vial y el Instituto de Transportes y Tr\u00e1nsito del Huila es\u00a0<strong>prevenir,<\/strong>\u00a0en las zonas donde antes se ha presentado de manera recurrente,\u00a0<strong>cualquier tipo de accidente en cada uno de los municipios hasta ahora intervenidos.<\/strong><\/p>\n\n\n\n<p>\u201cAl&nbsp;<strong>priorizar unos puntos en estos cinco municipios del Huila<\/strong>&nbsp;donde se tienen altos \u00edndices de accidentalidad y donde es alto el tr\u00e1nsito de estudiantes y peatones, le estamos dando cumplimiento al Plan de Desarrollo Huila Crece\u201d, asegur\u00f3 el director del Instituto de Transportes y Tr\u00e1nsito del Departamento del Huila, Andr\u00e9s Felipe Puentes.<\/p>\n\n\n\n<p>El funcionario asegur\u00f3 que&nbsp;<strong>son muchos los accidentes que se presentan dentro de los municipios por desconocimiento e imprudencia<\/strong>; por ello, se adelantan trabajos de marcaci\u00f3n y se\u00f1alizaci\u00f3n, siempre con la convicci\u00f3n de prevenir que los transe\u00fantes mayormente perjudicados, corran un riesgo mayor.<\/p>\n\n\n\n<p>\u201cAs\u00ed mismo,&nbsp;<strong>para que los conductores que visitan sus v\u00edas tanto como quienes a diario las transitan, sepan donde deben detenerse, quien lleva la v\u00eda<\/strong>, cu\u00e1l es el sentido de la calle y todas las normas que se tienen para el tr\u00e1nsito responsable dentro de la cabecera de los municipios del departamento\u201d, puntualiz\u00f3.<\/p>\n\n\n\n<p>El proyecto en este momento cuenta con la<strong>&nbsp;gesti\u00f3n de m\u00e1s recursos para dar continuidad a la prevenci\u00f3n con se\u00f1alizaci\u00f3n<\/strong>&nbsp;en cada uno de municipios que integran el Huila.<\/p>\n\n\n\n<p>Finalmente el servidor p\u00fablico&nbsp;<strong>invit\u00f3 a los conductores que transitan por el Huila para que ayuden en la identificaci\u00f3n de los infractores<\/strong>, aquellas personas que irresponsablemente cometen faltas al c\u00f3digo y que no cumplen con la normatividad de tr\u00e1nsito atentando contra la vida de las personas que transitan por las v\u00edas del departamento.<\/p>\n\n\n\n<p>La denuncia la pueden hacer de una manera muy f\u00e1cil, a trav\u00e9s del celular marcando la l\u00ednea gratuita #767 y en la opci\u00f3n 3 tendr\u00e1n comunicaci\u00f3n directa con la Superintendencia de Transportes, a donde pueden comentar lo que est\u00e1 sucediendo y entregar la informaci\u00f3n completa solicitada para la plena identificaci\u00f3n del veh\u00edculo y conductor infractor.<\/p>\n","protected":false},"excerpt":{"rendered":"<p>La Argentina, El Agrado, Acevedo, Rivera y Gigante son los\u00a0primeros Municipios en estrenar la se\u00f1alizaci\u00f3n vial, necesaria para la conducci\u00f3n segura sobre las vias del Departamento. El objetivo principal del convenio firmado entre la Agencia Nacional de Seguridad Vial y el Instituto de Transportes y Tr\u00e1nsito del Huila es\u00a0prevenir,\u00a0en las zonas donde antes se ha [&hellip;]<\/p>\n","protected":false},"author":2,"featured_media":0,"comment_status":"open","ping_status":"open","sticky":false,"template":"","format":"standard","meta":{"footnotes":""},"categories":[33],"tags":[],"class_list":["post-47192","post","type-post","status-publish","format-standard","hentry","category-huila"],"yoast_head":"<!-- This site is optimized with the Yoast SEO plugin v26.6 - https:\/\/yoast.com\/wordpress\/plugins\/seo\/ -->\n<title>Municipios del Huila estrenan nuevas se\u00f1alizaciones -<\/title>\n<meta name=\"robots\" content=\"index, follow, max-snippet:-1, max-image-preview:large, max-video-preview:-1\" \/>\n<link rel=\"canonical\" href=\"https:\/\/luchonoticias.com\/editor\/municipios-del-huila-estrenan-nuevas-senalizaciones\/\" \/>\n<meta property=\"og:locale\" content=\"es_ES\" \/>\n<meta property=\"og:type\" content=\"article\" \/>\n<meta property=\"og:title\" content=\"Municipios del Huila estrenan nuevas se\u00f1alizaciones -\" \/>\n<meta property=\"og:url\" content=\"https:\/\/luchonoticias.com\/editor\/municipios-del-huila-estrenan-nuevas-senalizaciones\/\" \/>\n<meta property=\"article:publisher\" content=\"https:\/\/www.facebook.com\/luchonoticiasneiva\" \/>\n<meta property=\"article:published_time\" content=\"2023-03-01T10:08:09+00:00\" \/>\n<meta name=\"author\" content=\"Editor General\" \/>\n<meta name=\"twitter:card\" content=\"summary_large_image\" \/>\n<meta name=\"twitter:label1\" content=\"Escrito por\" \/>\n\t<meta name=\"twitter:data1\" content=\"Editor General\" \/>\n\t<meta name=\"twitter:label2\" content=\"Tiempo de lectura\" \/>\n\t<meta name=\"twitter:data2\" content=\"2 minutos\" \/>\n<script type=\"application\/ld+json\" class=\"yoast-schema-graph\">{\"@context\":\"https:\/\/schema.org\",\"@graph\":[{\"@type\":\"Article\",\"@id\":\"https:\/\/luchonoticias.com\/editor\/municipios-del-huila-estrenan-nuevas-senalizaciones\/#article\",\"isPartOf\":{\"@id\":\"https:\/\/luchonoticias.com\/editor\/municipios-del-huila-estrenan-nuevas-senalizaciones\/\"},\"author\":{\"name\":\"Editor General\",\"@id\":\"https:\/\/luchonoticias.com\/editor\/#\/schema\/person\/29217990ddf6f14e35912b2866d591fb\"},\"headline\":\"Municipios del Huila estrenan nuevas se\u00f1alizaciones\",\"datePublished\":\"2023-03-01T10:08:09+00:00\",\"mainEntityOfPage\":{\"@id\":\"https:\/\/luchonoticias.com\/editor\/municipios-del-huila-estrenan-nuevas-senalizaciones\/\"},\"wordCount\":408,\"commentCount\":0,\"publisher\":{\"@id\":\"https:\/\/luchonoticias.com\/editor\/#\/schema\/person\/7a7fd911f58561fd056dbac7b55af9cd\"},\"articleSection\":[\"Huila\"],\"inLanguage\":\"es\",\"potentialAction\":[{\"@type\":\"CommentAction\",\"name\":\"Comment\",\"target\":[\"https:\/\/luchonoticias.com\/editor\/municipios-del-huila-estrenan-nuevas-senalizaciones\/#respond\"]}]},{\"@type\":\"WebPage\",\"@id\":\"https:\/\/luchonoticias.com\/editor\/municipios-del-huila-estrenan-nuevas-senalizaciones\/\",\"url\":\"https:\/\/luchonoticias.com\/editor\/municipios-del-huila-estrenan-nuevas-senalizaciones\/\",\"name\":\"Municipios del Huila estrenan nuevas se\u00f1alizaciones -\",\"isPartOf\":{\"@id\":\"https:\/\/luchonoticias.com\/editor\/#website\"},\"datePublished\":\"2023-03-01T10:08:09+00:00\",\"breadcrumb\":{\"@id\":\"https:\/\/luchonoticias.com\/editor\/municipios-del-huila-estrenan-nuevas-senalizaciones\/#breadcrumb\"},\"inLanguage\":\"es\",\"potentialAction\":[{\"@type\":\"ReadAction\",\"target\":[\"https:\/\/luchonoticias.com\/editor\/municipios-del-huila-estrenan-nuevas-senalizaciones\/\"]}]},{\"@type\":\"BreadcrumbList\",\"@id\":\"https:\/\/luchonoticias.com\/editor\/municipios-del-huila-estrenan-nuevas-senalizaciones\/#breadcrumb\",\"itemListElement\":[{\"@type\":\"ListItem\",\"position\":1,\"name\":\"Portada\",\"item\":\"https:\/\/luchonoticias.com\/editor\/\"},{\"@type\":\"ListItem\",\"position\":2,\"name\":\"Municipios del Huila estrenan nuevas se\u00f1alizaciones\"}]},{\"@type\":\"WebSite\",\"@id\":\"https:\/\/luchonoticias.com\/editor\/#website\",\"url\":\"https:\/\/luchonoticias.com\/editor\/\",\"name\":\"\",\"description\":\"\",\"publisher\":{\"@id\":\"https:\/\/luchonoticias.com\/editor\/#\/schema\/person\/7a7fd911f58561fd056dbac7b55af9cd\"},\"potentialAction\":[{\"@type\":\"SearchAction\",\"target\":{\"@type\":\"EntryPoint\",\"urlTemplate\":\"https:\/\/luchonoticias.com\/editor\/?s={search_term_string}\"},\"query-input\":{\"@type\":\"PropertyValueSpecification\",\"valueRequired\":true,\"valueName\":\"search_term_string\"}}],\"inLanguage\":\"es\"},{\"@type\":[\"Person\",\"Organization\"],\"@id\":\"https:\/\/luchonoticias.com\/editor\/#\/schema\/person\/7a7fd911f58561fd056dbac7b55af9cd\",\"name\":\"admin\",\"image\":{\"@type\":\"ImageObject\",\"inLanguage\":\"es\",\"@id\":\"https:\/\/luchonoticias.com\/editor\/#\/schema\/person\/image\/\",\"url\":\"https:\/\/luchonoticias.com\/editor\/wp-content\/uploads\/2024\/02\/cropped-cropped-logolu.webp\",\"contentUrl\":\"https:\/\/luchonoticias.com\/editor\/wp-content\/uploads\/2024\/02\/cropped-cropped-logolu.webp\",\"width\":382,\"height\":170,\"caption\":\"admin\"},\"logo\":{\"@id\":\"https:\/\/luchonoticias.com\/editor\/#\/schema\/person\/image\/\"},\"sameAs\":[\"https:\/\/www.facebook.com\/luchonoticiasneiva\"]},{\"@type\":\"Person\",\"@id\":\"https:\/\/luchonoticias.com\/editor\/#\/schema\/person\/29217990ddf6f14e35912b2866d591fb\",\"name\":\"Editor General\",\"image\":{\"@type\":\"ImageObject\",\"inLanguage\":\"es\",\"@id\":\"https:\/\/luchonoticias.com\/editor\/#\/schema\/person\/image\/\",\"url\":\"https:\/\/luchonoticias.com\/editor\/wp-content\/uploads\/2024\/02\/cropped-cropped-logolu-150x150.webp\",\"contentUrl\":\"https:\/\/luchonoticias.com\/editor\/wp-content\/uploads\/2024\/02\/cropped-cropped-logolu-150x150.webp\",\"caption\":\"Editor General\"},\"sameAs\":[\"https:\/\/luchonoticias.com\/\"],\"url\":\"https:\/\/luchonoticias.com\/editor\/author\/editor-general\/\"}]}<\/script>\n<!-- \/ Yoast SEO plugin. -->","yoast_head_json":{"title":"Municipios del Huila estrenan nuevas se\u00f1alizaciones -","robots":{"index":"index","follow":"follow","max-snippet":"max-snippet:-1","max-image-preview":"max-image-preview:large","max-video-preview":"max-video-preview:-1"},"canonical":"https:\/\/luchonoticias.com\/editor\/municipios-del-huila-estrenan-nuevas-senalizaciones\/","og_locale":"es_ES","og_type":"article","og_title":"Municipios del Huila estrenan nuevas se\u00f1alizaciones -","og_url":"https:\/\/luchonoticias.com\/editor\/municipios-del-huila-estrenan-nuevas-senalizaciones\/","article_publisher":"https:\/\/www.facebook.com\/luchonoticiasneiva","article_published_time":"2023-03-01T10:08:09+00:00","author":"Editor General","twitter_card":"summary_large_image","twitter_misc":{"Escrito por":"Editor General","Tiempo de lectura":"2 minutos"},"schema":{"@context":"https:\/\/schema.org","@graph":[{"@type":"Article","@id":"https:\/\/luchonoticias.com\/editor\/municipios-del-huila-estrenan-nuevas-senalizaciones\/#article","isPartOf":{"@id":"https:\/\/luchonoticias.com\/editor\/municipios-del-huila-estrenan-nuevas-senalizaciones\/"},"author":{"name":"Editor General","@id":"https:\/\/luchonoticias.com\/editor\/#\/schema\/person\/29217990ddf6f14e35912b2866d591fb"},"headline":"Municipios del Huila estrenan nuevas se\u00f1alizaciones","datePublished":"2023-03-01T10:08:09+00:00","mainEntityOfPage":{"@id":"https:\/\/luchonoticias.com\/editor\/municipios-del-huila-estrenan-nuevas-senalizaciones\/"},"wordCount":408,"commentCount":0,"publisher":{"@id":"https:\/\/luchonoticias.com\/editor\/#\/schema\/person\/7a7fd911f58561fd056dbac7b55af9cd"},"articleSection":["Huila"],"inLanguage":"es","potentialAction":[{"@type":"CommentAction","name":"Comment","target":["https:\/\/luchonoticias.com\/editor\/municipios-del-huila-estrenan-nuevas-senalizaciones\/#respond"]}]},{"@type":"WebPage","@id":"https:\/\/luchonoticias.com\/editor\/municipios-del-huila-estrenan-nuevas-senalizaciones\/","url":"https:\/\/luchonoticias.com\/editor\/municipios-del-huila-estrenan-nuevas-senalizaciones\/","name":"Municipios del Huila estrenan nuevas se\u00f1alizaciones -","isPartOf":{"@id":"https:\/\/luchonoticias.com\/editor\/#website"},"datePublished":"2023-03-01T10:08:09+00:00","breadcrumb":{"@id":"https:\/\/luchonoticias.com\/editor\/municipios-del-huila-estrenan-nuevas-senalizaciones\/#breadcrumb"},"inLanguage":"es","potentialAction":[{"@type":"ReadAction","target":["https:\/\/luchonoticias.com\/editor\/municipios-del-huila-estrenan-nuevas-senalizaciones\/"]}]},{"@type":"BreadcrumbList","@id":"https:\/\/luchonoticias.com\/editor\/municipios-del-huila-estrenan-nuevas-senalizaciones\/#breadcrumb","itemListElement":[{"@type":"ListItem","position":1,"name":"Portada","item":"https:\/\/luchonoticias.com\/editor\/"},{"@type":"ListItem","position":2,"name":"Municipios del Huila estrenan nuevas se\u00f1alizaciones"}]},{"@type":"WebSite","@id":"https:\/\/luchonoticias.com\/editor\/#website","url":"https:\/\/luchonoticias.com\/editor\/","name":"","description":"","publisher":{"@id":"https:\/\/luchonoticias.com\/editor\/#\/schema\/person\/7a7fd911f58561fd056dbac7b55af9cd"},"potentialAction":[{"@type":"SearchAction","target":{"@type":"EntryPoint","urlTemplate":"https:\/\/luchonoticias.com\/editor\/?s={search_term_string}"},"query-input":{"@type":"PropertyValueSpecification","valueRequired":true,"valueName":"search_term_string"}}],"inLanguage":"es"},{"@type":["Person","Organization"],"@id":"https:\/\/luchonoticias.com\/editor\/#\/schema\/person\/7a7fd911f58561fd056dbac7b55af9cd","name":"admin","image":{"@type":"ImageObject","inLanguage":"es","@id":"https:\/\/luchonoticias.com\/editor\/#\/schema\/person\/image\/","url":"https:\/\/luchonoticias.com\/editor\/wp-content\/uploads\/2024\/02\/cropped-cropped-logolu.webp","contentUrl":"https:\/\/luchonoticias.com\/editor\/wp-content\/uploads\/2024\/02\/cropped-cropped-logolu.webp","width":382,"height":170,"caption":"admin"},"logo":{"@id":"https:\/\/luchonoticias.com\/editor\/#\/schema\/person\/image\/"},"sameAs":["https:\/\/www.facebook.com\/luchonoticiasneiva"]},{"@type":"Person","@id":"https:\/\/luchonoticias.com\/editor\/#\/schema\/person\/29217990ddf6f14e35912b2866d591fb","name":"Editor General","image":{"@type":"ImageObject","inLanguage":"es","@id":"https:\/\/luchonoticias.com\/editor\/#\/schema\/person\/image\/","url":"https:\/\/luchonoticias.com\/editor\/wp-content\/uploads\/2024\/02\/cropped-cropped-logolu-150x150.webp","contentUrl":"https:\/\/luchonoticias.com\/editor\/wp-content\/uploads\/2024\/02\/cropped-cropped-logolu-150x150.webp","caption":"Editor General"},"sameAs":["https:\/\/luchonoticias.com\/"],"url":"https:\/\/luchonoticias.com\/editor\/author\/editor-general\/"}]}},"_links":{"self":[{"href":"https:\/\/luchonoticias.com\/editor\/wp-json\/wp\/v2\/posts\/47192","targetHints":{"allow":["GET"]}}],"collection":[{"href":"https:\/\/luchonoticias.com\/editor\/wp-json\/wp\/v2\/posts"}],"about":[{"href":"https:\/\/luchonoticias.com\/editor\/wp-json\/wp\/v2\/types\/post"}],"author":[{"embeddable":true,"href":"https:\/\/luchonoticias.com\/editor\/wp-json\/wp\/v2\/users\/2"}],"replies":[{"embeddable":true,"href":"https:\/\/luchonoticias.com\/editor\/wp-json\/wp\/v2\/comments?post=47192"}],"version-history":[{"count":0,"href":"https:\/\/luchonoticias.com\/editor\/wp-json\/wp\/v2\/posts\/47192\/revisions"}],"wp:attachment":[{"href":"https:\/\/luchonoticias.com\/editor\/wp-json\/wp\/v2\/media?parent=47192"}],"wp:term":[{"taxonomy":"category","embeddable":true,"href":"https:\/\/luchonoticias.com\/editor\/wp-json\/wp\/v2\/categories?post=47192"},{"taxonomy":"post_tag","embeddable":true,"href":"https:\/\/luchonoticias.com\/editor\/wp-json\/wp\/v2\/tags?post=47192"}],"curies":[{"name":"wp","href":"https:\/\/api.w.org\/{rel}","templated":true}]}}