{"id":47195,"date":"2023-03-01T05:13:39","date_gmt":"2023-03-01T10:13:39","guid":{"rendered":"https:\/\/luchonoticias.com\/?p=47195"},"modified":"2023-03-01T05:13:40","modified_gmt":"2023-03-01T10:13:40","slug":"taekwondo-del-huila-se-refuerza","status":"publish","type":"post","link":"https:\/\/luchonoticias.com\/editor\/taekwondo-del-huila-se-refuerza\/","title":{"rendered":"Taekwondo del Huila &#8216;se refuerza&#8217;"},"content":{"rendered":"\n<p>La\u00a0<strong>Liga de Taekwondo del Huila<\/strong>\u00a0viene llevando a cabo sus respectivos\u00a0<strong>entrenamientos\u00a0<\/strong>con miras a lo que ser\u00e1n los\u00a0<strong>eventos clasificatorios a los Juegos Nacionales<\/strong>\u00a0que ser\u00e1n a finales del presente a\u00f1o.<\/p>\n\n\n\n<p>Dentro de esos entrenamientos, se encuentra como gran novedad el\u00a0<strong>retorno a los entrenamientos de Natalia Vargas<\/strong>, la joven deportista tras unos a\u00f1os apartada de la disciplina, ha vuelto a los trabajos con miras a formar parte de los clasificatorios, sobre eso se ha conocido que Vargas est\u00e1 en\u00a0<strong>planes para integrar el equipo de TK3 adem\u00e1s de combates en los 62 kilogramos.<\/strong><\/p>\n\n\n\n<p>Recordar que Vargas&nbsp;<strong>logr\u00f3 medalla de bronce en los Juegos Nacionales de 2015<\/strong>&nbsp;y en su momento estuvo en lucha para llegar a la Selecci\u00f3n Colombia.<\/p>\n\n\n\n<p>\u00ab<strong>Me da mucho gusto que tengamos a Natalia de nuevo<\/strong>\u00a0porque es un referente, los otros deportistas la conocen, del \u00e9xito que ha tenido y c\u00f3mo ha superado muchas cosas con el taekwondo, est\u00e1 entrenando para lograr esa clasificaci\u00f3n\u00bb, dijo la presidenta de la Liga de Taekwondo del Huila, Mar\u00eda del Rosario Quisa.<\/p>\n\n\n\n<p>FOTO: Ilustraci\u00f3n. <\/p>\n","protected":false},"excerpt":{"rendered":"<p>La\u00a0Liga de Taekwondo del Huila\u00a0viene llevando a cabo sus respectivos\u00a0entrenamientos\u00a0con miras a lo que ser\u00e1n los\u00a0eventos clasificatorios a los Juegos Nacionales\u00a0que ser\u00e1n a finales del presente a\u00f1o. Dentro de esos entrenamientos, se encuentra como gran novedad el\u00a0retorno a los entrenamientos de Natalia Vargas, la joven deportista tras unos a\u00f1os apartada de la disciplina, ha vuelto [&hellip;]<\/p>\n","protected":false},"author":2,"featured_media":0,"comment_status":"open","ping_status":"open","sticky":false,"template":"","format":"standard","meta":{"footnotes":""},"categories":[34],"tags":[],"class_list":["post-47195","post","type-post","status-publish","format-standard","hentry","category-deportes"],"yoast_head":"<!-- This site is optimized with the Yoast SEO plugin v26.6 - https:\/\/yoast.com\/wordpress\/plugins\/seo\/ -->\n<title>Taekwondo del Huila &#039;se refuerza&#039; -<\/title>\n<meta name=\"robots\" content=\"index, follow, max-snippet:-1, max-image-preview:large, max-video-preview:-1\" \/>\n<link rel=\"canonical\" href=\"https:\/\/luchonoticias.com\/editor\/taekwondo-del-huila-se-refuerza\/\" \/>\n<meta property=\"og:locale\" content=\"es_ES\" \/>\n<meta property=\"og:type\" content=\"article\" \/>\n<meta property=\"og:title\" content=\"Taekwondo del Huila &#039;se refuerza&#039; -\" \/>\n<meta property=\"og:url\" content=\"https:\/\/luchonoticias.com\/editor\/taekwondo-del-huila-se-refuerza\/\" \/>\n<meta property=\"article:publisher\" content=\"https:\/\/www.facebook.com\/luchonoticiasneiva\" \/>\n<meta property=\"article:published_time\" content=\"2023-03-01T10:13:39+00:00\" \/>\n<meta property=\"article:modified_time\" content=\"2023-03-01T10:13:40+00:00\" \/>\n<meta name=\"author\" content=\"Editor General\" \/>\n<meta name=\"twitter:card\" content=\"summary_large_image\" \/>\n<meta name=\"twitter:label1\" content=\"Escrito por\" \/>\n\t<meta name=\"twitter:data1\" content=\"Editor General\" \/>\n\t<meta name=\"twitter:label2\" content=\"Tiempo de lectura\" \/>\n\t<meta name=\"twitter:data2\" content=\"1 minuto\" \/>\n<script type=\"application\/ld+json\" class=\"yoast-schema-graph\">{\"@context\":\"https:\/\/schema.org\",\"@graph\":[{\"@type\":\"Article\",\"@id\":\"https:\/\/luchonoticias.com\/editor\/taekwondo-del-huila-se-refuerza\/#article\",\"isPartOf\":{\"@id\":\"https:\/\/luchonoticias.com\/editor\/taekwondo-del-huila-se-refuerza\/\"},\"author\":{\"name\":\"Editor General\",\"@id\":\"https:\/\/luchonoticias.com\/editor\/#\/schema\/person\/29217990ddf6f14e35912b2866d591fb\"},\"headline\":\"Taekwondo del Huila &#8216;se refuerza&#8217;\",\"datePublished\":\"2023-03-01T10:13:39+00:00\",\"dateModified\":\"2023-03-01T10:13:40+00:00\",\"mainEntityOfPage\":{\"@id\":\"https:\/\/luchonoticias.com\/editor\/taekwondo-del-huila-se-refuerza\/\"},\"wordCount\":192,\"commentCount\":0,\"publisher\":{\"@id\":\"https:\/\/luchonoticias.com\/editor\/#\/schema\/person\/7a7fd911f58561fd056dbac7b55af9cd\"},\"articleSection\":[\"Deportes\"],\"inLanguage\":\"es\",\"potentialAction\":[{\"@type\":\"CommentAction\",\"name\":\"Comment\",\"target\":[\"https:\/\/luchonoticias.com\/editor\/taekwondo-del-huila-se-refuerza\/#respond\"]}]},{\"@type\":\"WebPage\",\"@id\":\"https:\/\/luchonoticias.com\/editor\/taekwondo-del-huila-se-refuerza\/\",\"url\":\"https:\/\/luchonoticias.com\/editor\/taekwondo-del-huila-se-refuerza\/\",\"name\":\"Taekwondo del Huila 'se refuerza' -\",\"isPartOf\":{\"@id\":\"https:\/\/luchonoticias.com\/editor\/#website\"},\"datePublished\":\"2023-03-01T10:13:39+00:00\",\"dateModified\":\"2023-03-01T10:13:40+00:00\",\"breadcrumb\":{\"@id\":\"https:\/\/luchonoticias.com\/editor\/taekwondo-del-huila-se-refuerza\/#breadcrumb\"},\"inLanguage\":\"es\",\"potentialAction\":[{\"@type\":\"ReadAction\",\"target\":[\"https:\/\/luchonoticias.com\/editor\/taekwondo-del-huila-se-refuerza\/\"]}]},{\"@type\":\"BreadcrumbList\",\"@id\":\"https:\/\/luchonoticias.com\/editor\/taekwondo-del-huila-se-refuerza\/#breadcrumb\",\"itemListElement\":[{\"@type\":\"ListItem\",\"position\":1,\"name\":\"Portada\",\"item\":\"https:\/\/luchonoticias.com\/editor\/\"},{\"@type\":\"ListItem\",\"position\":2,\"name\":\"Taekwondo del Huila &#8216;se refuerza&#8217;\"}]},{\"@type\":\"WebSite\",\"@id\":\"https:\/\/luchonoticias.com\/editor\/#website\",\"url\":\"https:\/\/luchonoticias.com\/editor\/\",\"name\":\"\",\"description\":\"\",\"publisher\":{\"@id\":\"https:\/\/luchonoticias.com\/editor\/#\/schema\/person\/7a7fd911f58561fd056dbac7b55af9cd\"},\"potentialAction\":[{\"@type\":\"SearchAction\",\"target\":{\"@type\":\"EntryPoint\",\"urlTemplate\":\"https:\/\/luchonoticias.com\/editor\/?s={search_term_string}\"},\"query-input\":{\"@type\":\"PropertyValueSpecification\",\"valueRequired\":true,\"valueName\":\"search_term_string\"}}],\"inLanguage\":\"es\"},{\"@type\":[\"Person\",\"Organization\"],\"@id\":\"https:\/\/luchonoticias.com\/editor\/#\/schema\/person\/7a7fd911f58561fd056dbac7b55af9cd\",\"name\":\"admin\",\"image\":{\"@type\":\"ImageObject\",\"inLanguage\":\"es\",\"@id\":\"https:\/\/luchonoticias.com\/editor\/#\/schema\/person\/image\/\",\"url\":\"https:\/\/luchonoticias.com\/editor\/wp-content\/uploads\/2024\/02\/cropped-cropped-logolu.webp\",\"contentUrl\":\"https:\/\/luchonoticias.com\/editor\/wp-content\/uploads\/2024\/02\/cropped-cropped-logolu.webp\",\"width\":382,\"height\":170,\"caption\":\"admin\"},\"logo\":{\"@id\":\"https:\/\/luchonoticias.com\/editor\/#\/schema\/person\/image\/\"},\"sameAs\":[\"https:\/\/www.facebook.com\/luchonoticiasneiva\"]},{\"@type\":\"Person\",\"@id\":\"https:\/\/luchonoticias.com\/editor\/#\/schema\/person\/29217990ddf6f14e35912b2866d591fb\",\"name\":\"Editor General\",\"image\":{\"@type\":\"ImageObject\",\"inLanguage\":\"es\",\"@id\":\"https:\/\/luchonoticias.com\/editor\/#\/schema\/person\/image\/\",\"url\":\"https:\/\/luchonoticias.com\/editor\/wp-content\/uploads\/2024\/02\/cropped-cropped-logolu-150x150.webp\",\"contentUrl\":\"https:\/\/luchonoticias.com\/editor\/wp-content\/uploads\/2024\/02\/cropped-cropped-logolu-150x150.webp\",\"caption\":\"Editor General\"},\"sameAs\":[\"https:\/\/luchonoticias.com\/\"],\"url\":\"https:\/\/luchonoticias.com\/editor\/author\/editor-general\/\"}]}<\/script>\n<!-- \/ Yoast SEO plugin. -->","yoast_head_json":{"title":"Taekwondo del Huila 'se refuerza' -","robots":{"index":"index","follow":"follow","max-snippet":"max-snippet:-1","max-image-preview":"max-image-preview:large","max-video-preview":"max-video-preview:-1"},"canonical":"https:\/\/luchonoticias.com\/editor\/taekwondo-del-huila-se-refuerza\/","og_locale":"es_ES","og_type":"article","og_title":"Taekwondo del Huila 'se refuerza' -","og_url":"https:\/\/luchonoticias.com\/editor\/taekwondo-del-huila-se-refuerza\/","article_publisher":"https:\/\/www.facebook.com\/luchonoticiasneiva","article_published_time":"2023-03-01T10:13:39+00:00","article_modified_time":"2023-03-01T10:13:40+00:00","author":"Editor General","twitter_card":"summary_large_image","twitter_misc":{"Escrito por":"Editor General","Tiempo de lectura":"1 minuto"},"schema":{"@context":"https:\/\/schema.org","@graph":[{"@type":"Article","@id":"https:\/\/luchonoticias.com\/editor\/taekwondo-del-huila-se-refuerza\/#article","isPartOf":{"@id":"https:\/\/luchonoticias.com\/editor\/taekwondo-del-huila-se-refuerza\/"},"author":{"name":"Editor General","@id":"https:\/\/luchonoticias.com\/editor\/#\/schema\/person\/29217990ddf6f14e35912b2866d591fb"},"headline":"Taekwondo del Huila &#8216;se refuerza&#8217;","datePublished":"2023-03-01T10:13:39+00:00","dateModified":"2023-03-01T10:13:40+00:00","mainEntityOfPage":{"@id":"https:\/\/luchonoticias.com\/editor\/taekwondo-del-huila-se-refuerza\/"},"wordCount":192,"commentCount":0,"publisher":{"@id":"https:\/\/luchonoticias.com\/editor\/#\/schema\/person\/7a7fd911f58561fd056dbac7b55af9cd"},"articleSection":["Deportes"],"inLanguage":"es","potentialAction":[{"@type":"CommentAction","name":"Comment","target":["https:\/\/luchonoticias.com\/editor\/taekwondo-del-huila-se-refuerza\/#respond"]}]},{"@type":"WebPage","@id":"https:\/\/luchonoticias.com\/editor\/taekwondo-del-huila-se-refuerza\/","url":"https:\/\/luchonoticias.com\/editor\/taekwondo-del-huila-se-refuerza\/","name":"Taekwondo del Huila 'se refuerza' -","isPartOf":{"@id":"https:\/\/luchonoticias.com\/editor\/#website"},"datePublished":"2023-03-01T10:13:39+00:00","dateModified":"2023-03-01T10:13:40+00:00","breadcrumb":{"@id":"https:\/\/luchonoticias.com\/editor\/taekwondo-del-huila-se-refuerza\/#breadcrumb"},"inLanguage":"es","potentialAction":[{"@type":"ReadAction","target":["https:\/\/luchonoticias.com\/editor\/taekwondo-del-huila-se-refuerza\/"]}]},{"@type":"BreadcrumbList","@id":"https:\/\/luchonoticias.com\/editor\/taekwondo-del-huila-se-refuerza\/#breadcrumb","itemListElement":[{"@type":"ListItem","position":1,"name":"Portada","item":"https:\/\/luchonoticias.com\/editor\/"},{"@type":"ListItem","position":2,"name":"Taekwondo del Huila &#8216;se refuerza&#8217;"}]},{"@type":"WebSite","@id":"https:\/\/luchonoticias.com\/editor\/#website","url":"https:\/\/luchonoticias.com\/editor\/","name":"","description":"","publisher":{"@id":"https:\/\/luchonoticias.com\/editor\/#\/schema\/person\/7a7fd911f58561fd056dbac7b55af9cd"},"potentialAction":[{"@type":"SearchAction","target":{"@type":"EntryPoint","urlTemplate":"https:\/\/luchonoticias.com\/editor\/?s={search_term_string}"},"query-input":{"@type":"PropertyValueSpecification","valueRequired":true,"valueName":"search_term_string"}}],"inLanguage":"es"},{"@type":["Person","Organization"],"@id":"https:\/\/luchonoticias.com\/editor\/#\/schema\/person\/7a7fd911f58561fd056dbac7b55af9cd","name":"admin","image":{"@type":"ImageObject","inLanguage":"es","@id":"https:\/\/luchonoticias.com\/editor\/#\/schema\/person\/image\/","url":"https:\/\/luchonoticias.com\/editor\/wp-content\/uploads\/2024\/02\/cropped-cropped-logolu.webp","contentUrl":"https:\/\/luchonoticias.com\/editor\/wp-content\/uploads\/2024\/02\/cropped-cropped-logolu.webp","width":382,"height":170,"caption":"admin"},"logo":{"@id":"https:\/\/luchonoticias.com\/editor\/#\/schema\/person\/image\/"},"sameAs":["https:\/\/www.facebook.com\/luchonoticiasneiva"]},{"@type":"Person","@id":"https:\/\/luchonoticias.com\/editor\/#\/schema\/person\/29217990ddf6f14e35912b2866d591fb","name":"Editor General","image":{"@type":"ImageObject","inLanguage":"es","@id":"https:\/\/luchonoticias.com\/editor\/#\/schema\/person\/image\/","url":"https:\/\/luchonoticias.com\/editor\/wp-content\/uploads\/2024\/02\/cropped-cropped-logolu-150x150.webp","contentUrl":"https:\/\/luchonoticias.com\/editor\/wp-content\/uploads\/2024\/02\/cropped-cropped-logolu-150x150.webp","caption":"Editor General"},"sameAs":["https:\/\/luchonoticias.com\/"],"url":"https:\/\/luchonoticias.com\/editor\/author\/editor-general\/"}]}},"_links":{"self":[{"href":"https:\/\/luchonoticias.com\/editor\/wp-json\/wp\/v2\/posts\/47195","targetHints":{"allow":["GET"]}}],"collection":[{"href":"https:\/\/luchonoticias.com\/editor\/wp-json\/wp\/v2\/posts"}],"about":[{"href":"https:\/\/luchonoticias.com\/editor\/wp-json\/wp\/v2\/types\/post"}],"author":[{"embeddable":true,"href":"https:\/\/luchonoticias.com\/editor\/wp-json\/wp\/v2\/users\/2"}],"replies":[{"embeddable":true,"href":"https:\/\/luchonoticias.com\/editor\/wp-json\/wp\/v2\/comments?post=47195"}],"version-history":[{"count":0,"href":"https:\/\/luchonoticias.com\/editor\/wp-json\/wp\/v2\/posts\/47195\/revisions"}],"wp:attachment":[{"href":"https:\/\/luchonoticias.com\/editor\/wp-json\/wp\/v2\/media?parent=47195"}],"wp:term":[{"taxonomy":"category","embeddable":true,"href":"https:\/\/luchonoticias.com\/editor\/wp-json\/wp\/v2\/categories?post=47195"},{"taxonomy":"post_tag","embeddable":true,"href":"https:\/\/luchonoticias.com\/editor\/wp-json\/wp\/v2\/tags?post=47195"}],"curies":[{"name":"wp","href":"https:\/\/api.w.org\/{rel}","templated":true}]}}