{"id":47201,"date":"2023-03-01T06:48:09","date_gmt":"2023-03-01T11:48:09","guid":{"rendered":"https:\/\/luchonoticias.com\/?p=47201"},"modified":"2023-03-01T06:48:11","modified_gmt":"2023-03-01T11:48:11","slug":"parque-del-barrio-sevilla-de-neiva-sera-epicentro-de-la-gran-feria-de-la-hamburguesa","status":"publish","type":"post","link":"https:\/\/luchonoticias.com\/editor\/parque-del-barrio-sevilla-de-neiva-sera-epicentro-de-la-gran-feria-de-la-hamburguesa\/","title":{"rendered":"Parque del barrio Sevilla de Neiva, ser\u00e1 epicentro de la Gran Feria de La Hamburguesa"},"content":{"rendered":"\n<p>El pr\u00f3ximo jueves se dar\u00e1 inicio en Neiva, nuevamente, la Gran Feria de la Hamburguesa, un evento que busca seguir fortaleciendo la reactivaci\u00f3n del sector gastron\u00f3mico de la ciudad y que contar\u00e1 con el apoyo de la Alcald\u00eda de Neiva a trav\u00e9s de la Oficina de Internacionalizaci\u00f3n y Proyectos.<\/p>\n\n\n\n<p>De acuerdo con Rafael S\u00e1nchez D\u00edaz, jefe de la Oficina de Internacionalizaci\u00f3n y Proyectos, la Gran Feria de la Hamburguesa, tiene como principal objetivo apoyar a restaurantes peque\u00f1os y medianos que a trav\u00e9s de nuevas apuestas culinarias mejoran las preparaciones, presentaciones y la innovaci\u00f3n en cada uno de sus productos.<\/p>\n\n\n\n<p>\u201cHay todo un plan de reactivaci\u00f3n econ\u00f3mica en el Municipio de Neiva, y dentro del mismo hemos decidido apoyar en la mesa t\u00e9cnica de eventos, diferentes eventos que realiza la ciudad, el sector privado o p\u00fablico. La Feria de la Hamburguesa, es un evento que se realiz\u00f3 el a\u00f1o pasado en la ciudad con gran \u00e9xito, con m\u00e1s de 10 mil hamburguesas vendidas en tres d\u00edas. Este a\u00f1o crece, nosotros a trav\u00e9s de la marca Neiva apoyamos la actividad con todo lo que implica a la institucionalidad, permisos, el apoyo con el espacio p\u00fablico para la realizaci\u00f3n del mismo y muy complacidos de que tengamos ya los 20 restaurantes confirmados durante 4 d\u00edas\u201d, expres\u00f3 el funcionario.<\/p>\n\n\n\n<figure class=\"wp-block-gallery has-nested-images columns-default is-cropped wp-block-gallery-1 is-layout-flex wp-block-gallery-is-layout-flex\">\n<figure class=\"wp-block-image size-large\"><img decoding=\"async\" data-id=\"47203\" src=\"https:\/\/luchonoticias.com\/wp-content\/uploads\/2023\/03\/WhatsApp-Image-2023-02-28-at-9.24.34-PM-1-923x1024.jpeg\" alt=\"\" class=\"wp-image-47203\"\/><\/figure>\n\n\n\n<figure class=\"wp-block-image size-large\"><img decoding=\"async\" data-id=\"47204\" src=\"https:\/\/luchonoticias.com\/wp-content\/uploads\/2023\/03\/WhatsApp-Image-2023-02-28-at-9.24.34-PM-1024x1024.jpeg\" alt=\"\" class=\"wp-image-47204\"\/><\/figure>\n<\/figure>\n\n\n\n<p><strong>20 restaurantes participantes<\/strong><\/p>\n\n\n\n<p>Como lo indic\u00f3 el Jefe de la Oficina de Internacionalizaci\u00f3n y Proyectos, ser\u00e1n 20 los restaurantes de la ciudad que estar\u00e1n presentes durante cuatro d\u00edas de feria en el Parque del barrio Sevilla, desde el jueves 2 de marzo hasta el domingo 5 de marzo, en un horario los d\u00edas jueves y viernes de 4:00 p.m. a 9:00 p.m. y s\u00e1bado y domingo de 12.00 m. a 9:30 p.m.<\/p>\n\n\n\n<p>\u201cEs un evento que visibiliza el emprendimiento local, con los empresarios de la gastronom\u00eda local, 20 restaurantes de hamburguesas este fin de semana, evento que apoya la Administraci\u00f3n Municipal, generando reactivaci\u00f3n econ\u00f3mica. Ojal\u00e1 todos ustedes vayan, y disfruten\u201d, invit\u00f3 S\u00e1nchez D\u00edaz.<\/p>\n\n\n\n<p><strong>\u00bfC\u00f3mo nace la feria?<\/strong><\/p>\n\n\n\n<p>Rafael Calvo, organizador de la Feria de la Hamburguesa Colombia, dio a conocer un poco sobre el objetivo de esta actividad que se realiza desde el a\u00f1o 2017 por diferentes ciudades del pa\u00eds, y que a Neiva, llega con su segunda versi\u00f3n.<\/p>\n\n\n\n<p>\u201cEs la segunda versi\u00f3n de este evento, la primera fue el a\u00f1o pasado, en el mes de junio cuando participaron 17 empresas y se vendieron 9.600 hamburguesas. En esta segunda versi\u00f3n vamos a estar en el Parque Sevilla; como una forma de activar la econom\u00eda en todas las ciudades donde vamos, dar a conocer los peque\u00f1os emprendedores, lanzar marcas nuevas; vamos a tener las mejores hamburguesas de Neiva, algunos de los emprendedores ya son conocidos, otros son nuevos y eso es lo que buscamos que se den a conocer por medio de la feria y crezcan\u201d, sostuvo el organizador.<\/p>\n\n\n\n<p>De acuerdo con Calvo, todos los restaurantes vender\u00e1n el combo al mismo precio, que costar\u00e1 18 mil pesos y contiene la hamburguesa, las papas y gaseosa.<\/p>\n\n\n\n<p>Finalmente, el empresario hizo extensiva la invitaci\u00f3n a todos los neivanos para que visiten estos cuatro d\u00edas a los 20 restaurantes que estar\u00e1n exponiendo sus mejores productos.<\/p>\n\n\n\n<p>\u201cEn esta ocasi\u00f3n la Alcald\u00eda de Neiva, nos hizo la invitaci\u00f3n, ten\u00edamos la fecha planeada para el mes de junio, pero nos invitaron para que estuvi\u00e9ramos aqu\u00ed el mes de marzo acompa\u00f1\u00e1ndonos, nos ayudaron much\u00edsimo y agradecemos mucho por la alianza. Esperamos a todos los neivanos en el Parque Sevilla, desde este jueves hasta el domingo\u201d, concluy\u00f3.<\/p>\n","protected":false},"excerpt":{"rendered":"<p>El pr\u00f3ximo jueves se dar\u00e1 inicio en Neiva, nuevamente, la Gran Feria de la Hamburguesa, un evento que busca seguir fortaleciendo la reactivaci\u00f3n del sector gastron\u00f3mico de la ciudad y que contar\u00e1 con el apoyo de la Alcald\u00eda de Neiva a trav\u00e9s de la Oficina de Internacionalizaci\u00f3n y Proyectos. De acuerdo con Rafael S\u00e1nchez D\u00edaz, [&hellip;]<\/p>\n","protected":false},"author":2,"featured_media":0,"comment_status":"open","ping_status":"open","sticky":false,"template":"","format":"standard","meta":{"footnotes":""},"categories":[36,31],"tags":[],"class_list":["post-47201","post","type-post","status-publish","format-standard","hentry","category-destacado","category-local"],"yoast_head":"<!-- This site is optimized with the Yoast SEO plugin v26.6 - https:\/\/yoast.com\/wordpress\/plugins\/seo\/ -->\n<title>Parque del barrio Sevilla de Neiva, ser\u00e1 epicentro de la Gran Feria de La Hamburguesa -<\/title>\n<meta name=\"robots\" content=\"index, follow, max-snippet:-1, max-image-preview:large, max-video-preview:-1\" \/>\n<link rel=\"canonical\" href=\"https:\/\/luchonoticias.com\/editor\/parque-del-barrio-sevilla-de-neiva-sera-epicentro-de-la-gran-feria-de-la-hamburguesa\/\" \/>\n<meta property=\"og:locale\" content=\"es_ES\" \/>\n<meta property=\"og:type\" content=\"article\" \/>\n<meta property=\"og:title\" content=\"Parque del barrio Sevilla de Neiva, ser\u00e1 epicentro de la Gran Feria de La Hamburguesa -\" \/>\n<meta property=\"og:url\" content=\"https:\/\/luchonoticias.com\/editor\/parque-del-barrio-sevilla-de-neiva-sera-epicentro-de-la-gran-feria-de-la-hamburguesa\/\" \/>\n<meta property=\"article:publisher\" content=\"https:\/\/www.facebook.com\/luchonoticiasneiva\" \/>\n<meta property=\"article:published_time\" content=\"2023-03-01T11:48:09+00:00\" \/>\n<meta property=\"article:modified_time\" content=\"2023-03-01T11:48:11+00:00\" \/>\n<meta property=\"og:image\" content=\"https:\/\/luchonoticias.com\/wp-content\/uploads\/2023\/03\/WhatsApp-Image-2023-02-28-at-9.24.34-PM-1-923x1024.jpeg\" \/>\n<meta name=\"author\" content=\"Editor General\" \/>\n<meta name=\"twitter:card\" content=\"summary_large_image\" \/>\n<meta name=\"twitter:label1\" content=\"Escrito por\" \/>\n\t<meta name=\"twitter:data1\" content=\"Editor General\" \/>\n\t<meta name=\"twitter:label2\" content=\"Tiempo de lectura\" \/>\n\t<meta name=\"twitter:data2\" content=\"3 minutos\" \/>\n<script type=\"application\/ld+json\" class=\"yoast-schema-graph\">{\"@context\":\"https:\/\/schema.org\",\"@graph\":[{\"@type\":\"Article\",\"@id\":\"https:\/\/luchonoticias.com\/editor\/parque-del-barrio-sevilla-de-neiva-sera-epicentro-de-la-gran-feria-de-la-hamburguesa\/#article\",\"isPartOf\":{\"@id\":\"https:\/\/luchonoticias.com\/editor\/parque-del-barrio-sevilla-de-neiva-sera-epicentro-de-la-gran-feria-de-la-hamburguesa\/\"},\"author\":{\"name\":\"Editor General\",\"@id\":\"https:\/\/luchonoticias.com\/editor\/#\/schema\/person\/29217990ddf6f14e35912b2866d591fb\"},\"headline\":\"Parque del barrio Sevilla de Neiva, ser\u00e1 epicentro de la Gran Feria de La Hamburguesa\",\"datePublished\":\"2023-03-01T11:48:09+00:00\",\"dateModified\":\"2023-03-01T11:48:11+00:00\",\"mainEntityOfPage\":{\"@id\":\"https:\/\/luchonoticias.com\/editor\/parque-del-barrio-sevilla-de-neiva-sera-epicentro-de-la-gran-feria-de-la-hamburguesa\/\"},\"wordCount\":640,\"commentCount\":0,\"publisher\":{\"@id\":\"https:\/\/luchonoticias.com\/editor\/#\/schema\/person\/7a7fd911f58561fd056dbac7b55af9cd\"},\"image\":{\"@id\":\"https:\/\/luchonoticias.com\/editor\/parque-del-barrio-sevilla-de-neiva-sera-epicentro-de-la-gran-feria-de-la-hamburguesa\/#primaryimage\"},\"thumbnailUrl\":\"https:\/\/luchonoticias.com\/wp-content\/uploads\/2023\/03\/WhatsApp-Image-2023-02-28-at-9.24.34-PM-1-923x1024.jpeg\",\"articleSection\":[\"Destacado\",\"Local\"],\"inLanguage\":\"es\",\"potentialAction\":[{\"@type\":\"CommentAction\",\"name\":\"Comment\",\"target\":[\"https:\/\/luchonoticias.com\/editor\/parque-del-barrio-sevilla-de-neiva-sera-epicentro-de-la-gran-feria-de-la-hamburguesa\/#respond\"]}]},{\"@type\":\"WebPage\",\"@id\":\"https:\/\/luchonoticias.com\/editor\/parque-del-barrio-sevilla-de-neiva-sera-epicentro-de-la-gran-feria-de-la-hamburguesa\/\",\"url\":\"https:\/\/luchonoticias.com\/editor\/parque-del-barrio-sevilla-de-neiva-sera-epicentro-de-la-gran-feria-de-la-hamburguesa\/\",\"name\":\"Parque del barrio Sevilla de Neiva, ser\u00e1 epicentro de la Gran Feria de La Hamburguesa -\",\"isPartOf\":{\"@id\":\"https:\/\/luchonoticias.com\/editor\/#website\"},\"primaryImageOfPage\":{\"@id\":\"https:\/\/luchonoticias.com\/editor\/parque-del-barrio-sevilla-de-neiva-sera-epicentro-de-la-gran-feria-de-la-hamburguesa\/#primaryimage\"},\"image\":{\"@id\":\"https:\/\/luchonoticias.com\/editor\/parque-del-barrio-sevilla-de-neiva-sera-epicentro-de-la-gran-feria-de-la-hamburguesa\/#primaryimage\"},\"thumbnailUrl\":\"https:\/\/luchonoticias.com\/wp-content\/uploads\/2023\/03\/WhatsApp-Image-2023-02-28-at-9.24.34-PM-1-923x1024.jpeg\",\"datePublished\":\"2023-03-01T11:48:09+00:00\",\"dateModified\":\"2023-03-01T11:48:11+00:00\",\"breadcrumb\":{\"@id\":\"https:\/\/luchonoticias.com\/editor\/parque-del-barrio-sevilla-de-neiva-sera-epicentro-de-la-gran-feria-de-la-hamburguesa\/#breadcrumb\"},\"inLanguage\":\"es\",\"potentialAction\":[{\"@type\":\"ReadAction\",\"target\":[\"https:\/\/luchonoticias.com\/editor\/parque-del-barrio-sevilla-de-neiva-sera-epicentro-de-la-gran-feria-de-la-hamburguesa\/\"]}]},{\"@type\":\"ImageObject\",\"inLanguage\":\"es\",\"@id\":\"https:\/\/luchonoticias.com\/editor\/parque-del-barrio-sevilla-de-neiva-sera-epicentro-de-la-gran-feria-de-la-hamburguesa\/#primaryimage\",\"url\":\"https:\/\/luchonoticias.com\/wp-content\/uploads\/2023\/03\/WhatsApp-Image-2023-02-28-at-9.24.34-PM-1-923x1024.jpeg\",\"contentUrl\":\"https:\/\/luchonoticias.com\/wp-content\/uploads\/2023\/03\/WhatsApp-Image-2023-02-28-at-9.24.34-PM-1-923x1024.jpeg\"},{\"@type\":\"BreadcrumbList\",\"@id\":\"https:\/\/luchonoticias.com\/editor\/parque-del-barrio-sevilla-de-neiva-sera-epicentro-de-la-gran-feria-de-la-hamburguesa\/#breadcrumb\",\"itemListElement\":[{\"@type\":\"ListItem\",\"position\":1,\"name\":\"Portada\",\"item\":\"https:\/\/luchonoticias.com\/editor\/\"},{\"@type\":\"ListItem\",\"position\":2,\"name\":\"Parque del barrio Sevilla de Neiva, ser\u00e1 epicentro de la Gran Feria de La Hamburguesa\"}]},{\"@type\":\"WebSite\",\"@id\":\"https:\/\/luchonoticias.com\/editor\/#website\",\"url\":\"https:\/\/luchonoticias.com\/editor\/\",\"name\":\"\",\"description\":\"\",\"publisher\":{\"@id\":\"https:\/\/luchonoticias.com\/editor\/#\/schema\/person\/7a7fd911f58561fd056dbac7b55af9cd\"},\"potentialAction\":[{\"@type\":\"SearchAction\",\"target\":{\"@type\":\"EntryPoint\",\"urlTemplate\":\"https:\/\/luchonoticias.com\/editor\/?s={search_term_string}\"},\"query-input\":{\"@type\":\"PropertyValueSpecification\",\"valueRequired\":true,\"valueName\":\"search_term_string\"}}],\"inLanguage\":\"es\"},{\"@type\":[\"Person\",\"Organization\"],\"@id\":\"https:\/\/luchonoticias.com\/editor\/#\/schema\/person\/7a7fd911f58561fd056dbac7b55af9cd\",\"name\":\"admin\",\"image\":{\"@type\":\"ImageObject\",\"inLanguage\":\"es\",\"@id\":\"https:\/\/luchonoticias.com\/editor\/#\/schema\/person\/image\/\",\"url\":\"https:\/\/luchonoticias.com\/editor\/wp-content\/uploads\/2024\/02\/cropped-cropped-logolu.webp\",\"contentUrl\":\"https:\/\/luchonoticias.com\/editor\/wp-content\/uploads\/2024\/02\/cropped-cropped-logolu.webp\",\"width\":382,\"height\":170,\"caption\":\"admin\"},\"logo\":{\"@id\":\"https:\/\/luchonoticias.com\/editor\/#\/schema\/person\/image\/\"},\"sameAs\":[\"https:\/\/www.facebook.com\/luchonoticiasneiva\"]},{\"@type\":\"Person\",\"@id\":\"https:\/\/luchonoticias.com\/editor\/#\/schema\/person\/29217990ddf6f14e35912b2866d591fb\",\"name\":\"Editor General\",\"image\":{\"@type\":\"ImageObject\",\"inLanguage\":\"es\",\"@id\":\"https:\/\/luchonoticias.com\/editor\/#\/schema\/person\/image\/\",\"url\":\"https:\/\/luchonoticias.com\/editor\/wp-content\/uploads\/2024\/02\/cropped-cropped-logolu-150x150.webp\",\"contentUrl\":\"https:\/\/luchonoticias.com\/editor\/wp-content\/uploads\/2024\/02\/cropped-cropped-logolu-150x150.webp\",\"caption\":\"Editor General\"},\"sameAs\":[\"https:\/\/luchonoticias.com\/\"],\"url\":\"https:\/\/luchonoticias.com\/editor\/author\/editor-general\/\"}]}<\/script>\n<!-- \/ Yoast SEO plugin. -->","yoast_head_json":{"title":"Parque del barrio Sevilla de Neiva, ser\u00e1 epicentro de la Gran Feria de La Hamburguesa -","robots":{"index":"index","follow":"follow","max-snippet":"max-snippet:-1","max-image-preview":"max-image-preview:large","max-video-preview":"max-video-preview:-1"},"canonical":"https:\/\/luchonoticias.com\/editor\/parque-del-barrio-sevilla-de-neiva-sera-epicentro-de-la-gran-feria-de-la-hamburguesa\/","og_locale":"es_ES","og_type":"article","og_title":"Parque del barrio Sevilla de Neiva, ser\u00e1 epicentro de la Gran Feria de La Hamburguesa -","og_url":"https:\/\/luchonoticias.com\/editor\/parque-del-barrio-sevilla-de-neiva-sera-epicentro-de-la-gran-feria-de-la-hamburguesa\/","article_publisher":"https:\/\/www.facebook.com\/luchonoticiasneiva","article_published_time":"2023-03-01T11:48:09+00:00","article_modified_time":"2023-03-01T11:48:11+00:00","og_image":[{"url":"https:\/\/luchonoticias.com\/wp-content\/uploads\/2023\/03\/WhatsApp-Image-2023-02-28-at-9.24.34-PM-1-923x1024.jpeg","type":"","width":"","height":""}],"author":"Editor General","twitter_card":"summary_large_image","twitter_misc":{"Escrito por":"Editor General","Tiempo de lectura":"3 minutos"},"schema":{"@context":"https:\/\/schema.org","@graph":[{"@type":"Article","@id":"https:\/\/luchonoticias.com\/editor\/parque-del-barrio-sevilla-de-neiva-sera-epicentro-de-la-gran-feria-de-la-hamburguesa\/#article","isPartOf":{"@id":"https:\/\/luchonoticias.com\/editor\/parque-del-barrio-sevilla-de-neiva-sera-epicentro-de-la-gran-feria-de-la-hamburguesa\/"},"author":{"name":"Editor General","@id":"https:\/\/luchonoticias.com\/editor\/#\/schema\/person\/29217990ddf6f14e35912b2866d591fb"},"headline":"Parque del barrio Sevilla de Neiva, ser\u00e1 epicentro de la Gran Feria de La Hamburguesa","datePublished":"2023-03-01T11:48:09+00:00","dateModified":"2023-03-01T11:48:11+00:00","mainEntityOfPage":{"@id":"https:\/\/luchonoticias.com\/editor\/parque-del-barrio-sevilla-de-neiva-sera-epicentro-de-la-gran-feria-de-la-hamburguesa\/"},"wordCount":640,"commentCount":0,"publisher":{"@id":"https:\/\/luchonoticias.com\/editor\/#\/schema\/person\/7a7fd911f58561fd056dbac7b55af9cd"},"image":{"@id":"https:\/\/luchonoticias.com\/editor\/parque-del-barrio-sevilla-de-neiva-sera-epicentro-de-la-gran-feria-de-la-hamburguesa\/#primaryimage"},"thumbnailUrl":"https:\/\/luchonoticias.com\/wp-content\/uploads\/2023\/03\/WhatsApp-Image-2023-02-28-at-9.24.34-PM-1-923x1024.jpeg","articleSection":["Destacado","Local"],"inLanguage":"es","potentialAction":[{"@type":"CommentAction","name":"Comment","target":["https:\/\/luchonoticias.com\/editor\/parque-del-barrio-sevilla-de-neiva-sera-epicentro-de-la-gran-feria-de-la-hamburguesa\/#respond"]}]},{"@type":"WebPage","@id":"https:\/\/luchonoticias.com\/editor\/parque-del-barrio-sevilla-de-neiva-sera-epicentro-de-la-gran-feria-de-la-hamburguesa\/","url":"https:\/\/luchonoticias.com\/editor\/parque-del-barrio-sevilla-de-neiva-sera-epicentro-de-la-gran-feria-de-la-hamburguesa\/","name":"Parque del barrio Sevilla de Neiva, ser\u00e1 epicentro de la Gran Feria de La Hamburguesa -","isPartOf":{"@id":"https:\/\/luchonoticias.com\/editor\/#website"},"primaryImageOfPage":{"@id":"https:\/\/luchonoticias.com\/editor\/parque-del-barrio-sevilla-de-neiva-sera-epicentro-de-la-gran-feria-de-la-hamburguesa\/#primaryimage"},"image":{"@id":"https:\/\/luchonoticias.com\/editor\/parque-del-barrio-sevilla-de-neiva-sera-epicentro-de-la-gran-feria-de-la-hamburguesa\/#primaryimage"},"thumbnailUrl":"https:\/\/luchonoticias.com\/wp-content\/uploads\/2023\/03\/WhatsApp-Image-2023-02-28-at-9.24.34-PM-1-923x1024.jpeg","datePublished":"2023-03-01T11:48:09+00:00","dateModified":"2023-03-01T11:48:11+00:00","breadcrumb":{"@id":"https:\/\/luchonoticias.com\/editor\/parque-del-barrio-sevilla-de-neiva-sera-epicentro-de-la-gran-feria-de-la-hamburguesa\/#breadcrumb"},"inLanguage":"es","potentialAction":[{"@type":"ReadAction","target":["https:\/\/luchonoticias.com\/editor\/parque-del-barrio-sevilla-de-neiva-sera-epicentro-de-la-gran-feria-de-la-hamburguesa\/"]}]},{"@type":"ImageObject","inLanguage":"es","@id":"https:\/\/luchonoticias.com\/editor\/parque-del-barrio-sevilla-de-neiva-sera-epicentro-de-la-gran-feria-de-la-hamburguesa\/#primaryimage","url":"https:\/\/luchonoticias.com\/wp-content\/uploads\/2023\/03\/WhatsApp-Image-2023-02-28-at-9.24.34-PM-1-923x1024.jpeg","contentUrl":"https:\/\/luchonoticias.com\/wp-content\/uploads\/2023\/03\/WhatsApp-Image-2023-02-28-at-9.24.34-PM-1-923x1024.jpeg"},{"@type":"BreadcrumbList","@id":"https:\/\/luchonoticias.com\/editor\/parque-del-barrio-sevilla-de-neiva-sera-epicentro-de-la-gran-feria-de-la-hamburguesa\/#breadcrumb","itemListElement":[{"@type":"ListItem","position":1,"name":"Portada","item":"https:\/\/luchonoticias.com\/editor\/"},{"@type":"ListItem","position":2,"name":"Parque del barrio Sevilla de Neiva, ser\u00e1 epicentro de la Gran Feria de La Hamburguesa"}]},{"@type":"WebSite","@id":"https:\/\/luchonoticias.com\/editor\/#website","url":"https:\/\/luchonoticias.com\/editor\/","name":"","description":"","publisher":{"@id":"https:\/\/luchonoticias.com\/editor\/#\/schema\/person\/7a7fd911f58561fd056dbac7b55af9cd"},"potentialAction":[{"@type":"SearchAction","target":{"@type":"EntryPoint","urlTemplate":"https:\/\/luchonoticias.com\/editor\/?s={search_term_string}"},"query-input":{"@type":"PropertyValueSpecification","valueRequired":true,"valueName":"search_term_string"}}],"inLanguage":"es"},{"@type":["Person","Organization"],"@id":"https:\/\/luchonoticias.com\/editor\/#\/schema\/person\/7a7fd911f58561fd056dbac7b55af9cd","name":"admin","image":{"@type":"ImageObject","inLanguage":"es","@id":"https:\/\/luchonoticias.com\/editor\/#\/schema\/person\/image\/","url":"https:\/\/luchonoticias.com\/editor\/wp-content\/uploads\/2024\/02\/cropped-cropped-logolu.webp","contentUrl":"https:\/\/luchonoticias.com\/editor\/wp-content\/uploads\/2024\/02\/cropped-cropped-logolu.webp","width":382,"height":170,"caption":"admin"},"logo":{"@id":"https:\/\/luchonoticias.com\/editor\/#\/schema\/person\/image\/"},"sameAs":["https:\/\/www.facebook.com\/luchonoticiasneiva"]},{"@type":"Person","@id":"https:\/\/luchonoticias.com\/editor\/#\/schema\/person\/29217990ddf6f14e35912b2866d591fb","name":"Editor General","image":{"@type":"ImageObject","inLanguage":"es","@id":"https:\/\/luchonoticias.com\/editor\/#\/schema\/person\/image\/","url":"https:\/\/luchonoticias.com\/editor\/wp-content\/uploads\/2024\/02\/cropped-cropped-logolu-150x150.webp","contentUrl":"https:\/\/luchonoticias.com\/editor\/wp-content\/uploads\/2024\/02\/cropped-cropped-logolu-150x150.webp","caption":"Editor General"},"sameAs":["https:\/\/luchonoticias.com\/"],"url":"https:\/\/luchonoticias.com\/editor\/author\/editor-general\/"}]}},"_links":{"self":[{"href":"https:\/\/luchonoticias.com\/editor\/wp-json\/wp\/v2\/posts\/47201","targetHints":{"allow":["GET"]}}],"collection":[{"href":"https:\/\/luchonoticias.com\/editor\/wp-json\/wp\/v2\/posts"}],"about":[{"href":"https:\/\/luchonoticias.com\/editor\/wp-json\/wp\/v2\/types\/post"}],"author":[{"embeddable":true,"href":"https:\/\/luchonoticias.com\/editor\/wp-json\/wp\/v2\/users\/2"}],"replies":[{"embeddable":true,"href":"https:\/\/luchonoticias.com\/editor\/wp-json\/wp\/v2\/comments?post=47201"}],"version-history":[{"count":0,"href":"https:\/\/luchonoticias.com\/editor\/wp-json\/wp\/v2\/posts\/47201\/revisions"}],"wp:attachment":[{"href":"https:\/\/luchonoticias.com\/editor\/wp-json\/wp\/v2\/media?parent=47201"}],"wp:term":[{"taxonomy":"category","embeddable":true,"href":"https:\/\/luchonoticias.com\/editor\/wp-json\/wp\/v2\/categories?post=47201"},{"taxonomy":"post_tag","embeddable":true,"href":"https:\/\/luchonoticias.com\/editor\/wp-json\/wp\/v2\/tags?post=47201"}],"curies":[{"name":"wp","href":"https:\/\/api.w.org\/{rel}","templated":true}]}}