{"id":47206,"date":"2023-03-01T06:50:35","date_gmt":"2023-03-01T11:50:35","guid":{"rendered":"https:\/\/luchonoticias.com\/?p=47206"},"modified":"2023-03-01T06:50:36","modified_gmt":"2023-03-01T11:50:36","slug":"administracion-municipal-rindio-cuentas-a-miembros-del-consejo-de-desarrollo-rural","status":"publish","type":"post","link":"https:\/\/luchonoticias.com\/editor\/administracion-municipal-rindio-cuentas-a-miembros-del-consejo-de-desarrollo-rural\/","title":{"rendered":"Administraci\u00f3n Municipal rindi\u00f3 cuentas a miembros del Consejo de Desarrollo Rural"},"content":{"rendered":"\n<p>La Secretar\u00eda de Desarrollo Agropecuario, socializ\u00f3 su informe de rendici\u00f3n de cuentas vigencia 2022 a los miembros del Consejo de Desarrollo Rural y habitantes de este sector para que conocieran de primera mano lo realizado por esta administraci\u00f3n.<\/p>\n\n\n\n<p>\u201cEsta actividad de socializaci\u00f3n hace parte del trabajo de rendici\u00f3n de cuentas que viene adelantando esta administraci\u00f3n buscando informar de manera veraz lo que se est\u00e1 realizando en pro del sector rural del municipio\u201d indic\u00f3 el Secretario de Desarrollo Agropecuario, Fernando Rodr\u00edguez Pardo; quien agreg\u00f3 que fueron m\u00e1s de $15 mil millones invertidos en el campo de Neiva durante la vigencia 2022.<\/p>\n\n\n\n<figure class=\"wp-block-gallery has-nested-images columns-default is-cropped wp-block-gallery-1 is-layout-flex wp-block-gallery-is-layout-flex\">\n<figure class=\"wp-block-image size-large\"><img decoding=\"async\" data-id=\"47208\" src=\"https:\/\/luchonoticias.com\/wp-content\/uploads\/2023\/03\/WhatsApp-Image-2023-02-28-at-9.33.14-PM-1024x683.jpeg\" alt=\"\" class=\"wp-image-47208\"\/><\/figure>\n\n\n\n<figure class=\"wp-block-image size-large\"><img decoding=\"async\" data-id=\"47209\" src=\"https:\/\/luchonoticias.com\/wp-content\/uploads\/2023\/03\/WhatsApp-Image-2023-02-28-at-9.33.13-PM-1-1024x683.jpeg\" alt=\"\" class=\"wp-image-47209\"\/><\/figure>\n<\/figure>\n\n\n\n<p><strong>A destacar<\/strong><\/p>\n\n\n\n<p>Dentro de los logros m\u00e1s destacados para la zona rural en materia de inversi\u00f3n son las optimizaciones y construcciones de alcantarillado y acueductos en diferentes veredas con una inversi\u00f3n de m\u00e1s de $12 mil millones y la asistencia t\u00e9cnica agropecuaria para los campesinos de todos los corregimientos.<\/p>\n\n\n\n<p>\u201cHemos acudido por la importancia que esto reviste para nosotros, los campesinos han entendido que si no se tecnifican van a desaparecer. Felicitar el alcalde y San Antonio de Anaconia y Vereda Tres Palacios, porque esta administraci\u00f3n les est\u00e1 cumpliendo\u201d concluy\u00f3 \u00c1lvaro Casallas, l\u00edder social del corregimiento de Vegalarga.<\/p>\n\n\n\n<p>Asimismo, la Administraci\u00f3n Municipal, curs\u00f3 invitaci\u00f3n a toda la ciudadan\u00eda para que este viernes 03 de marzo se acerquen a las instalaciones del Parque de La M\u00fasica y participen de la Rendici\u00f3n de Cuentas vigencia 2022, evento que ser\u00e1 presidido por el alcalde Gorky Mu\u00f1oz Calder\u00f3n.<\/p>\n","protected":false},"excerpt":{"rendered":"<p>La Secretar\u00eda de Desarrollo Agropecuario, socializ\u00f3 su informe de rendici\u00f3n de cuentas vigencia 2022 a los miembros del Consejo de Desarrollo Rural y habitantes de este sector para que conocieran de primera mano lo realizado por esta administraci\u00f3n. \u201cEsta actividad de socializaci\u00f3n hace parte del trabajo de rendici\u00f3n de cuentas que viene adelantando esta administraci\u00f3n [&hellip;]<\/p>\n","protected":false},"author":2,"featured_media":0,"comment_status":"open","ping_status":"open","sticky":false,"template":"","format":"standard","meta":{"footnotes":""},"categories":[36,53],"tags":[],"class_list":["post-47206","post","type-post","status-publish","format-standard","hentry","category-destacado","category-neiva"],"yoast_head":"<!-- This site is optimized with the Yoast SEO plugin v26.6 - https:\/\/yoast.com\/wordpress\/plugins\/seo\/ -->\n<title>Administraci\u00f3n Municipal rindi\u00f3 cuentas a miembros del Consejo de Desarrollo Rural -<\/title>\n<meta name=\"robots\" content=\"index, follow, max-snippet:-1, max-image-preview:large, max-video-preview:-1\" \/>\n<link rel=\"canonical\" href=\"https:\/\/luchonoticias.com\/editor\/administracion-municipal-rindio-cuentas-a-miembros-del-consejo-de-desarrollo-rural\/\" \/>\n<meta property=\"og:locale\" content=\"es_ES\" \/>\n<meta property=\"og:type\" content=\"article\" \/>\n<meta property=\"og:title\" content=\"Administraci\u00f3n Municipal rindi\u00f3 cuentas a miembros del Consejo de Desarrollo Rural -\" \/>\n<meta property=\"og:url\" content=\"https:\/\/luchonoticias.com\/editor\/administracion-municipal-rindio-cuentas-a-miembros-del-consejo-de-desarrollo-rural\/\" \/>\n<meta property=\"article:publisher\" content=\"https:\/\/www.facebook.com\/luchonoticiasneiva\" \/>\n<meta property=\"article:published_time\" content=\"2023-03-01T11:50:35+00:00\" \/>\n<meta property=\"article:modified_time\" content=\"2023-03-01T11:50:36+00:00\" \/>\n<meta property=\"og:image\" content=\"https:\/\/luchonoticias.com\/wp-content\/uploads\/2023\/03\/WhatsApp-Image-2023-02-28-at-9.33.14-PM-1024x683.jpeg\" \/>\n<meta name=\"author\" content=\"Editor General\" \/>\n<meta name=\"twitter:card\" content=\"summary_large_image\" \/>\n<meta name=\"twitter:label1\" content=\"Escrito por\" \/>\n\t<meta name=\"twitter:data1\" content=\"Editor General\" \/>\n\t<meta name=\"twitter:label2\" content=\"Tiempo de lectura\" \/>\n\t<meta name=\"twitter:data2\" content=\"1 minuto\" \/>\n<script type=\"application\/ld+json\" class=\"yoast-schema-graph\">{\"@context\":\"https:\/\/schema.org\",\"@graph\":[{\"@type\":\"Article\",\"@id\":\"https:\/\/luchonoticias.com\/editor\/administracion-municipal-rindio-cuentas-a-miembros-del-consejo-de-desarrollo-rural\/#article\",\"isPartOf\":{\"@id\":\"https:\/\/luchonoticias.com\/editor\/administracion-municipal-rindio-cuentas-a-miembros-del-consejo-de-desarrollo-rural\/\"},\"author\":{\"name\":\"Editor General\",\"@id\":\"https:\/\/luchonoticias.com\/editor\/#\/schema\/person\/29217990ddf6f14e35912b2866d591fb\"},\"headline\":\"Administraci\u00f3n Municipal rindi\u00f3 cuentas a miembros del Consejo de Desarrollo Rural\",\"datePublished\":\"2023-03-01T11:50:35+00:00\",\"dateModified\":\"2023-03-01T11:50:36+00:00\",\"mainEntityOfPage\":{\"@id\":\"https:\/\/luchonoticias.com\/editor\/administracion-municipal-rindio-cuentas-a-miembros-del-consejo-de-desarrollo-rural\/\"},\"wordCount\":272,\"commentCount\":0,\"publisher\":{\"@id\":\"https:\/\/luchonoticias.com\/editor\/#\/schema\/person\/7a7fd911f58561fd056dbac7b55af9cd\"},\"image\":{\"@id\":\"https:\/\/luchonoticias.com\/editor\/administracion-municipal-rindio-cuentas-a-miembros-del-consejo-de-desarrollo-rural\/#primaryimage\"},\"thumbnailUrl\":\"https:\/\/luchonoticias.com\/wp-content\/uploads\/2023\/03\/WhatsApp-Image-2023-02-28-at-9.33.14-PM-1024x683.jpeg\",\"articleSection\":[\"Destacado\",\"Neiva\"],\"inLanguage\":\"es\",\"potentialAction\":[{\"@type\":\"CommentAction\",\"name\":\"Comment\",\"target\":[\"https:\/\/luchonoticias.com\/editor\/administracion-municipal-rindio-cuentas-a-miembros-del-consejo-de-desarrollo-rural\/#respond\"]}]},{\"@type\":\"WebPage\",\"@id\":\"https:\/\/luchonoticias.com\/editor\/administracion-municipal-rindio-cuentas-a-miembros-del-consejo-de-desarrollo-rural\/\",\"url\":\"https:\/\/luchonoticias.com\/editor\/administracion-municipal-rindio-cuentas-a-miembros-del-consejo-de-desarrollo-rural\/\",\"name\":\"Administraci\u00f3n Municipal rindi\u00f3 cuentas a miembros del Consejo de Desarrollo Rural -\",\"isPartOf\":{\"@id\":\"https:\/\/luchonoticias.com\/editor\/#website\"},\"primaryImageOfPage\":{\"@id\":\"https:\/\/luchonoticias.com\/editor\/administracion-municipal-rindio-cuentas-a-miembros-del-consejo-de-desarrollo-rural\/#primaryimage\"},\"image\":{\"@id\":\"https:\/\/luchonoticias.com\/editor\/administracion-municipal-rindio-cuentas-a-miembros-del-consejo-de-desarrollo-rural\/#primaryimage\"},\"thumbnailUrl\":\"https:\/\/luchonoticias.com\/wp-content\/uploads\/2023\/03\/WhatsApp-Image-2023-02-28-at-9.33.14-PM-1024x683.jpeg\",\"datePublished\":\"2023-03-01T11:50:35+00:00\",\"dateModified\":\"2023-03-01T11:50:36+00:00\",\"breadcrumb\":{\"@id\":\"https:\/\/luchonoticias.com\/editor\/administracion-municipal-rindio-cuentas-a-miembros-del-consejo-de-desarrollo-rural\/#breadcrumb\"},\"inLanguage\":\"es\",\"potentialAction\":[{\"@type\":\"ReadAction\",\"target\":[\"https:\/\/luchonoticias.com\/editor\/administracion-municipal-rindio-cuentas-a-miembros-del-consejo-de-desarrollo-rural\/\"]}]},{\"@type\":\"ImageObject\",\"inLanguage\":\"es\",\"@id\":\"https:\/\/luchonoticias.com\/editor\/administracion-municipal-rindio-cuentas-a-miembros-del-consejo-de-desarrollo-rural\/#primaryimage\",\"url\":\"https:\/\/luchonoticias.com\/wp-content\/uploads\/2023\/03\/WhatsApp-Image-2023-02-28-at-9.33.14-PM-1024x683.jpeg\",\"contentUrl\":\"https:\/\/luchonoticias.com\/wp-content\/uploads\/2023\/03\/WhatsApp-Image-2023-02-28-at-9.33.14-PM-1024x683.jpeg\"},{\"@type\":\"BreadcrumbList\",\"@id\":\"https:\/\/luchonoticias.com\/editor\/administracion-municipal-rindio-cuentas-a-miembros-del-consejo-de-desarrollo-rural\/#breadcrumb\",\"itemListElement\":[{\"@type\":\"ListItem\",\"position\":1,\"name\":\"Portada\",\"item\":\"https:\/\/luchonoticias.com\/editor\/\"},{\"@type\":\"ListItem\",\"position\":2,\"name\":\"Administraci\u00f3n Municipal rindi\u00f3 cuentas a miembros del Consejo de Desarrollo Rural\"}]},{\"@type\":\"WebSite\",\"@id\":\"https:\/\/luchonoticias.com\/editor\/#website\",\"url\":\"https:\/\/luchonoticias.com\/editor\/\",\"name\":\"\",\"description\":\"\",\"publisher\":{\"@id\":\"https:\/\/luchonoticias.com\/editor\/#\/schema\/person\/7a7fd911f58561fd056dbac7b55af9cd\"},\"potentialAction\":[{\"@type\":\"SearchAction\",\"target\":{\"@type\":\"EntryPoint\",\"urlTemplate\":\"https:\/\/luchonoticias.com\/editor\/?s={search_term_string}\"},\"query-input\":{\"@type\":\"PropertyValueSpecification\",\"valueRequired\":true,\"valueName\":\"search_term_string\"}}],\"inLanguage\":\"es\"},{\"@type\":[\"Person\",\"Organization\"],\"@id\":\"https:\/\/luchonoticias.com\/editor\/#\/schema\/person\/7a7fd911f58561fd056dbac7b55af9cd\",\"name\":\"admin\",\"image\":{\"@type\":\"ImageObject\",\"inLanguage\":\"es\",\"@id\":\"https:\/\/luchonoticias.com\/editor\/#\/schema\/person\/image\/\",\"url\":\"https:\/\/luchonoticias.com\/editor\/wp-content\/uploads\/2024\/02\/cropped-cropped-logolu.webp\",\"contentUrl\":\"https:\/\/luchonoticias.com\/editor\/wp-content\/uploads\/2024\/02\/cropped-cropped-logolu.webp\",\"width\":382,\"height\":170,\"caption\":\"admin\"},\"logo\":{\"@id\":\"https:\/\/luchonoticias.com\/editor\/#\/schema\/person\/image\/\"},\"sameAs\":[\"https:\/\/www.facebook.com\/luchonoticiasneiva\"]},{\"@type\":\"Person\",\"@id\":\"https:\/\/luchonoticias.com\/editor\/#\/schema\/person\/29217990ddf6f14e35912b2866d591fb\",\"name\":\"Editor General\",\"image\":{\"@type\":\"ImageObject\",\"inLanguage\":\"es\",\"@id\":\"https:\/\/luchonoticias.com\/editor\/#\/schema\/person\/image\/\",\"url\":\"https:\/\/luchonoticias.com\/editor\/wp-content\/uploads\/2024\/02\/cropped-cropped-logolu-150x150.webp\",\"contentUrl\":\"https:\/\/luchonoticias.com\/editor\/wp-content\/uploads\/2024\/02\/cropped-cropped-logolu-150x150.webp\",\"caption\":\"Editor General\"},\"sameAs\":[\"https:\/\/luchonoticias.com\/\"],\"url\":\"https:\/\/luchonoticias.com\/editor\/author\/editor-general\/\"}]}<\/script>\n<!-- \/ Yoast SEO plugin. -->","yoast_head_json":{"title":"Administraci\u00f3n Municipal rindi\u00f3 cuentas a miembros del Consejo de Desarrollo Rural -","robots":{"index":"index","follow":"follow","max-snippet":"max-snippet:-1","max-image-preview":"max-image-preview:large","max-video-preview":"max-video-preview:-1"},"canonical":"https:\/\/luchonoticias.com\/editor\/administracion-municipal-rindio-cuentas-a-miembros-del-consejo-de-desarrollo-rural\/","og_locale":"es_ES","og_type":"article","og_title":"Administraci\u00f3n Municipal rindi\u00f3 cuentas a miembros del Consejo de Desarrollo Rural -","og_url":"https:\/\/luchonoticias.com\/editor\/administracion-municipal-rindio-cuentas-a-miembros-del-consejo-de-desarrollo-rural\/","article_publisher":"https:\/\/www.facebook.com\/luchonoticiasneiva","article_published_time":"2023-03-01T11:50:35+00:00","article_modified_time":"2023-03-01T11:50:36+00:00","og_image":[{"url":"https:\/\/luchonoticias.com\/wp-content\/uploads\/2023\/03\/WhatsApp-Image-2023-02-28-at-9.33.14-PM-1024x683.jpeg","type":"","width":"","height":""}],"author":"Editor General","twitter_card":"summary_large_image","twitter_misc":{"Escrito por":"Editor General","Tiempo de lectura":"1 minuto"},"schema":{"@context":"https:\/\/schema.org","@graph":[{"@type":"Article","@id":"https:\/\/luchonoticias.com\/editor\/administracion-municipal-rindio-cuentas-a-miembros-del-consejo-de-desarrollo-rural\/#article","isPartOf":{"@id":"https:\/\/luchonoticias.com\/editor\/administracion-municipal-rindio-cuentas-a-miembros-del-consejo-de-desarrollo-rural\/"},"author":{"name":"Editor General","@id":"https:\/\/luchonoticias.com\/editor\/#\/schema\/person\/29217990ddf6f14e35912b2866d591fb"},"headline":"Administraci\u00f3n Municipal rindi\u00f3 cuentas a miembros del Consejo de Desarrollo Rural","datePublished":"2023-03-01T11:50:35+00:00","dateModified":"2023-03-01T11:50:36+00:00","mainEntityOfPage":{"@id":"https:\/\/luchonoticias.com\/editor\/administracion-municipal-rindio-cuentas-a-miembros-del-consejo-de-desarrollo-rural\/"},"wordCount":272,"commentCount":0,"publisher":{"@id":"https:\/\/luchonoticias.com\/editor\/#\/schema\/person\/7a7fd911f58561fd056dbac7b55af9cd"},"image":{"@id":"https:\/\/luchonoticias.com\/editor\/administracion-municipal-rindio-cuentas-a-miembros-del-consejo-de-desarrollo-rural\/#primaryimage"},"thumbnailUrl":"https:\/\/luchonoticias.com\/wp-content\/uploads\/2023\/03\/WhatsApp-Image-2023-02-28-at-9.33.14-PM-1024x683.jpeg","articleSection":["Destacado","Neiva"],"inLanguage":"es","potentialAction":[{"@type":"CommentAction","name":"Comment","target":["https:\/\/luchonoticias.com\/editor\/administracion-municipal-rindio-cuentas-a-miembros-del-consejo-de-desarrollo-rural\/#respond"]}]},{"@type":"WebPage","@id":"https:\/\/luchonoticias.com\/editor\/administracion-municipal-rindio-cuentas-a-miembros-del-consejo-de-desarrollo-rural\/","url":"https:\/\/luchonoticias.com\/editor\/administracion-municipal-rindio-cuentas-a-miembros-del-consejo-de-desarrollo-rural\/","name":"Administraci\u00f3n Municipal rindi\u00f3 cuentas a miembros del Consejo de Desarrollo Rural -","isPartOf":{"@id":"https:\/\/luchonoticias.com\/editor\/#website"},"primaryImageOfPage":{"@id":"https:\/\/luchonoticias.com\/editor\/administracion-municipal-rindio-cuentas-a-miembros-del-consejo-de-desarrollo-rural\/#primaryimage"},"image":{"@id":"https:\/\/luchonoticias.com\/editor\/administracion-municipal-rindio-cuentas-a-miembros-del-consejo-de-desarrollo-rural\/#primaryimage"},"thumbnailUrl":"https:\/\/luchonoticias.com\/wp-content\/uploads\/2023\/03\/WhatsApp-Image-2023-02-28-at-9.33.14-PM-1024x683.jpeg","datePublished":"2023-03-01T11:50:35+00:00","dateModified":"2023-03-01T11:50:36+00:00","breadcrumb":{"@id":"https:\/\/luchonoticias.com\/editor\/administracion-municipal-rindio-cuentas-a-miembros-del-consejo-de-desarrollo-rural\/#breadcrumb"},"inLanguage":"es","potentialAction":[{"@type":"ReadAction","target":["https:\/\/luchonoticias.com\/editor\/administracion-municipal-rindio-cuentas-a-miembros-del-consejo-de-desarrollo-rural\/"]}]},{"@type":"ImageObject","inLanguage":"es","@id":"https:\/\/luchonoticias.com\/editor\/administracion-municipal-rindio-cuentas-a-miembros-del-consejo-de-desarrollo-rural\/#primaryimage","url":"https:\/\/luchonoticias.com\/wp-content\/uploads\/2023\/03\/WhatsApp-Image-2023-02-28-at-9.33.14-PM-1024x683.jpeg","contentUrl":"https:\/\/luchonoticias.com\/wp-content\/uploads\/2023\/03\/WhatsApp-Image-2023-02-28-at-9.33.14-PM-1024x683.jpeg"},{"@type":"BreadcrumbList","@id":"https:\/\/luchonoticias.com\/editor\/administracion-municipal-rindio-cuentas-a-miembros-del-consejo-de-desarrollo-rural\/#breadcrumb","itemListElement":[{"@type":"ListItem","position":1,"name":"Portada","item":"https:\/\/luchonoticias.com\/editor\/"},{"@type":"ListItem","position":2,"name":"Administraci\u00f3n Municipal rindi\u00f3 cuentas a miembros del Consejo de Desarrollo Rural"}]},{"@type":"WebSite","@id":"https:\/\/luchonoticias.com\/editor\/#website","url":"https:\/\/luchonoticias.com\/editor\/","name":"","description":"","publisher":{"@id":"https:\/\/luchonoticias.com\/editor\/#\/schema\/person\/7a7fd911f58561fd056dbac7b55af9cd"},"potentialAction":[{"@type":"SearchAction","target":{"@type":"EntryPoint","urlTemplate":"https:\/\/luchonoticias.com\/editor\/?s={search_term_string}"},"query-input":{"@type":"PropertyValueSpecification","valueRequired":true,"valueName":"search_term_string"}}],"inLanguage":"es"},{"@type":["Person","Organization"],"@id":"https:\/\/luchonoticias.com\/editor\/#\/schema\/person\/7a7fd911f58561fd056dbac7b55af9cd","name":"admin","image":{"@type":"ImageObject","inLanguage":"es","@id":"https:\/\/luchonoticias.com\/editor\/#\/schema\/person\/image\/","url":"https:\/\/luchonoticias.com\/editor\/wp-content\/uploads\/2024\/02\/cropped-cropped-logolu.webp","contentUrl":"https:\/\/luchonoticias.com\/editor\/wp-content\/uploads\/2024\/02\/cropped-cropped-logolu.webp","width":382,"height":170,"caption":"admin"},"logo":{"@id":"https:\/\/luchonoticias.com\/editor\/#\/schema\/person\/image\/"},"sameAs":["https:\/\/www.facebook.com\/luchonoticiasneiva"]},{"@type":"Person","@id":"https:\/\/luchonoticias.com\/editor\/#\/schema\/person\/29217990ddf6f14e35912b2866d591fb","name":"Editor General","image":{"@type":"ImageObject","inLanguage":"es","@id":"https:\/\/luchonoticias.com\/editor\/#\/schema\/person\/image\/","url":"https:\/\/luchonoticias.com\/editor\/wp-content\/uploads\/2024\/02\/cropped-cropped-logolu-150x150.webp","contentUrl":"https:\/\/luchonoticias.com\/editor\/wp-content\/uploads\/2024\/02\/cropped-cropped-logolu-150x150.webp","caption":"Editor General"},"sameAs":["https:\/\/luchonoticias.com\/"],"url":"https:\/\/luchonoticias.com\/editor\/author\/editor-general\/"}]}},"_links":{"self":[{"href":"https:\/\/luchonoticias.com\/editor\/wp-json\/wp\/v2\/posts\/47206","targetHints":{"allow":["GET"]}}],"collection":[{"href":"https:\/\/luchonoticias.com\/editor\/wp-json\/wp\/v2\/posts"}],"about":[{"href":"https:\/\/luchonoticias.com\/editor\/wp-json\/wp\/v2\/types\/post"}],"author":[{"embeddable":true,"href":"https:\/\/luchonoticias.com\/editor\/wp-json\/wp\/v2\/users\/2"}],"replies":[{"embeddable":true,"href":"https:\/\/luchonoticias.com\/editor\/wp-json\/wp\/v2\/comments?post=47206"}],"version-history":[{"count":0,"href":"https:\/\/luchonoticias.com\/editor\/wp-json\/wp\/v2\/posts\/47206\/revisions"}],"wp:attachment":[{"href":"https:\/\/luchonoticias.com\/editor\/wp-json\/wp\/v2\/media?parent=47206"}],"wp:term":[{"taxonomy":"category","embeddable":true,"href":"https:\/\/luchonoticias.com\/editor\/wp-json\/wp\/v2\/categories?post=47206"},{"taxonomy":"post_tag","embeddable":true,"href":"https:\/\/luchonoticias.com\/editor\/wp-json\/wp\/v2\/tags?post=47206"}],"curies":[{"name":"wp","href":"https:\/\/api.w.org\/{rel}","templated":true}]}}