{"id":47273,"date":"2023-03-02T06:53:50","date_gmt":"2023-03-02T11:53:50","guid":{"rendered":"https:\/\/luchonoticias.com\/?p=47273"},"modified":"2023-03-02T06:53:51","modified_gmt":"2023-03-02T11:53:51","slug":"con-cerca-de-200-homenajeados-alcaldia-conmemoro-dia-del-recuperador-de-oficio","status":"publish","type":"post","link":"https:\/\/luchonoticias.com\/editor\/con-cerca-de-200-homenajeados-alcaldia-conmemoro-dia-del-recuperador-de-oficio\/","title":{"rendered":"Con cerca de 200 homenajeados, Alcald\u00eda conmemor\u00f3 D\u00eda del Recuperador de Oficio"},"content":{"rendered":"\n<p>\u201cMuy agradecidos con la Administraci\u00f3n Municipal por haberse acordado de nosotros, en nuestro d\u00eda, muy contenta por todo\u201d, fueron las palabras de Mar\u00eda Helena Aldana Correa, una mujer recuperadora de oficio que particip\u00f3 de la celebraci\u00f3n del D\u00eda Nacional del Recuperador de Oficio; a ella y m\u00e1s de 200 personas, se les reconoci\u00f3 el trabajo arduo que es la de separar los residuos en la fuente.<\/p>\n\n\n\n<p>La Secretar\u00eda de Medio Ambiente, organiz\u00f3 un evento con m\u00fasica, comida y premios donde el recuperador de oficio fue el protagonista, dado que son los que evitan que el material aprovechable se pierda.<\/p>\n\n\n\n<p>\u201cGracias a la administraci\u00f3n por hacernos part\u00edcipes de esta celebraci\u00f3n\u201d sostuvo Juan Diego Fierro, gerente de la empresa Recicla.<\/p>\n\n\n\n<figure class=\"wp-block-gallery has-nested-images columns-default is-cropped wp-block-gallery-1 is-layout-flex wp-block-gallery-is-layout-flex\">\n<figure class=\"wp-block-image size-large\"><img decoding=\"async\" data-id=\"47275\" src=\"https:\/\/luchonoticias.com\/wp-content\/uploads\/2023\/03\/WhatsApp-Image-2023-03-01-at-9.06.35-PM-1024x576.jpeg\" alt=\"\" class=\"wp-image-47275\"\/><\/figure>\n\n\n\n<figure class=\"wp-block-image size-large\"><img decoding=\"async\" data-id=\"47276\" src=\"https:\/\/luchonoticias.com\/wp-content\/uploads\/2023\/03\/WhatsApp-Image-2023-03-01-at-9.06.33-PM-1024x684.jpeg\" alt=\"\" class=\"wp-image-47276\"\/><\/figure>\n\n\n\n<figure class=\"wp-block-image size-large\"><img decoding=\"async\" data-id=\"47277\" src=\"https:\/\/luchonoticias.com\/wp-content\/uploads\/2023\/03\/WhatsApp-Image-2023-03-01-at-9.06.32-PM-1-1024x684.jpeg\" alt=\"\" class=\"wp-image-47277\"\/><\/figure>\n<\/figure>\n\n\n\n<p>El l\u00edder Mario Andr\u00e9s Motta Salguero, asimismo exalt\u00f3 la labor del alcalde por dignificar este oficio y dijo que \u201cestamos conmemorando este d\u00eda a personas que d\u00eda a d\u00eda ejercen un papel fundamental y un trabajo dispendioso para su sustento diario\u201d, adem\u00e1s de reconocer el trabajo de otras dependencias y empresas del sector.<\/p>\n\n\n\n<p>En aras de dignificar este oficio y de culturizar a la poblaci\u00f3n neivana, la Administraci\u00f3n Municipal ha realizado m\u00e1s de 100 campa\u00f1as de sensibilizaci\u00f3n puerta a puerta en lo relacionado con separaci\u00f3n de residuos en la fuente; a su vez, ha carnetizado a m\u00e1s de 1.200 recuperadores de oficio sobre las 12 Estaci\u00f3n de Clasificaci\u00f3n y Aprovechamiento ECA.\u00a0<\/p>\n\n\n\n<figure class=\"wp-block-gallery has-nested-images columns-default is-cropped wp-block-gallery-2 is-layout-flex wp-block-gallery-is-layout-flex\">\n<figure class=\"wp-block-image size-large\"><img decoding=\"async\" data-id=\"47279\" src=\"https:\/\/luchonoticias.com\/wp-content\/uploads\/2023\/03\/WhatsApp-Image-2023-03-01-at-9.06.37-PM-1024x684.jpeg\" alt=\"\" class=\"wp-image-47279\"\/><\/figure>\n\n\n\n<figure class=\"wp-block-image size-large\"><img decoding=\"async\" data-id=\"47280\" src=\"https:\/\/luchonoticias.com\/wp-content\/uploads\/2023\/03\/WhatsApp-Image-2023-03-01-at-9.06.34-PM-1-1024x684.jpeg\" alt=\"\" class=\"wp-image-47280\"\/><\/figure>\n\n\n\n<figure class=\"wp-block-image size-large\"><img decoding=\"async\" data-id=\"47278\" src=\"https:\/\/luchonoticias.com\/wp-content\/uploads\/2023\/03\/WhatsApp-Image-2023-03-01-at-9.06.34-PM-1024x576.jpeg\" alt=\"\" class=\"wp-image-47278\"\/><\/figure>\n<\/figure>\n\n\n\n<p><strong>Recomendaciones<\/strong><\/p>\n\n\n\n<p>Entre tanto, la Secretar\u00eda de Medio Ambiente hizo un llamado a la ciudadan\u00eda a separar los residuos aprovechables y disponer adecuadamente de ellos y evitar que un recuperador de oficio se lastime al introducir sus manos en la basura.<\/p>\n","protected":false},"excerpt":{"rendered":"<p>\u201cMuy agradecidos con la Administraci\u00f3n Municipal por haberse acordado de nosotros, en nuestro d\u00eda, muy contenta por todo\u201d, fueron las palabras de Mar\u00eda Helena Aldana Correa, una mujer recuperadora de oficio que particip\u00f3 de la celebraci\u00f3n del D\u00eda Nacional del Recuperador de Oficio; a ella y m\u00e1s de 200 personas, se les reconoci\u00f3 el trabajo [&hellip;]<\/p>\n","protected":false},"author":2,"featured_media":0,"comment_status":"open","ping_status":"open","sticky":false,"template":"","format":"standard","meta":{"footnotes":""},"categories":[36,53],"tags":[],"class_list":["post-47273","post","type-post","status-publish","format-standard","hentry","category-destacado","category-neiva"],"yoast_head":"<!-- This site is optimized with the Yoast SEO plugin v26.6 - https:\/\/yoast.com\/wordpress\/plugins\/seo\/ -->\n<title>Con cerca de 200 homenajeados, Alcald\u00eda conmemor\u00f3 D\u00eda del Recuperador de Oficio -<\/title>\n<meta name=\"robots\" content=\"index, follow, max-snippet:-1, max-image-preview:large, max-video-preview:-1\" \/>\n<link rel=\"canonical\" href=\"https:\/\/luchonoticias.com\/editor\/con-cerca-de-200-homenajeados-alcaldia-conmemoro-dia-del-recuperador-de-oficio\/\" \/>\n<meta property=\"og:locale\" content=\"es_ES\" \/>\n<meta property=\"og:type\" content=\"article\" \/>\n<meta property=\"og:title\" content=\"Con cerca de 200 homenajeados, Alcald\u00eda conmemor\u00f3 D\u00eda del Recuperador de Oficio -\" \/>\n<meta property=\"og:url\" content=\"https:\/\/luchonoticias.com\/editor\/con-cerca-de-200-homenajeados-alcaldia-conmemoro-dia-del-recuperador-de-oficio\/\" \/>\n<meta property=\"article:publisher\" content=\"https:\/\/www.facebook.com\/luchonoticiasneiva\" \/>\n<meta property=\"article:published_time\" content=\"2023-03-02T11:53:50+00:00\" \/>\n<meta property=\"article:modified_time\" content=\"2023-03-02T11:53:51+00:00\" \/>\n<meta property=\"og:image\" content=\"https:\/\/luchonoticias.com\/wp-content\/uploads\/2023\/03\/WhatsApp-Image-2023-03-01-at-9.06.35-PM-1024x576.jpeg\" \/>\n<meta name=\"author\" content=\"Editor General\" \/>\n<meta name=\"twitter:card\" content=\"summary_large_image\" \/>\n<meta name=\"twitter:label1\" content=\"Escrito por\" \/>\n\t<meta name=\"twitter:data1\" content=\"Editor General\" \/>\n\t<meta name=\"twitter:label2\" content=\"Tiempo de lectura\" \/>\n\t<meta name=\"twitter:data2\" content=\"1 minuto\" \/>\n<script type=\"application\/ld+json\" class=\"yoast-schema-graph\">{\"@context\":\"https:\/\/schema.org\",\"@graph\":[{\"@type\":\"Article\",\"@id\":\"https:\/\/luchonoticias.com\/editor\/con-cerca-de-200-homenajeados-alcaldia-conmemoro-dia-del-recuperador-de-oficio\/#article\",\"isPartOf\":{\"@id\":\"https:\/\/luchonoticias.com\/editor\/con-cerca-de-200-homenajeados-alcaldia-conmemoro-dia-del-recuperador-de-oficio\/\"},\"author\":{\"name\":\"Editor General\",\"@id\":\"https:\/\/luchonoticias.com\/editor\/#\/schema\/person\/29217990ddf6f14e35912b2866d591fb\"},\"headline\":\"Con cerca de 200 homenajeados, Alcald\u00eda conmemor\u00f3 D\u00eda del Recuperador de Oficio\",\"datePublished\":\"2023-03-02T11:53:50+00:00\",\"dateModified\":\"2023-03-02T11:53:51+00:00\",\"mainEntityOfPage\":{\"@id\":\"https:\/\/luchonoticias.com\/editor\/con-cerca-de-200-homenajeados-alcaldia-conmemoro-dia-del-recuperador-de-oficio\/\"},\"wordCount\":306,\"commentCount\":0,\"publisher\":{\"@id\":\"https:\/\/luchonoticias.com\/editor\/#\/schema\/person\/7a7fd911f58561fd056dbac7b55af9cd\"},\"image\":{\"@id\":\"https:\/\/luchonoticias.com\/editor\/con-cerca-de-200-homenajeados-alcaldia-conmemoro-dia-del-recuperador-de-oficio\/#primaryimage\"},\"thumbnailUrl\":\"https:\/\/luchonoticias.com\/wp-content\/uploads\/2023\/03\/WhatsApp-Image-2023-03-01-at-9.06.35-PM-1024x576.jpeg\",\"articleSection\":[\"Destacado\",\"Neiva\"],\"inLanguage\":\"es\",\"potentialAction\":[{\"@type\":\"CommentAction\",\"name\":\"Comment\",\"target\":[\"https:\/\/luchonoticias.com\/editor\/con-cerca-de-200-homenajeados-alcaldia-conmemoro-dia-del-recuperador-de-oficio\/#respond\"]}]},{\"@type\":\"WebPage\",\"@id\":\"https:\/\/luchonoticias.com\/editor\/con-cerca-de-200-homenajeados-alcaldia-conmemoro-dia-del-recuperador-de-oficio\/\",\"url\":\"https:\/\/luchonoticias.com\/editor\/con-cerca-de-200-homenajeados-alcaldia-conmemoro-dia-del-recuperador-de-oficio\/\",\"name\":\"Con cerca de 200 homenajeados, Alcald\u00eda conmemor\u00f3 D\u00eda del Recuperador de Oficio -\",\"isPartOf\":{\"@id\":\"https:\/\/luchonoticias.com\/editor\/#website\"},\"primaryImageOfPage\":{\"@id\":\"https:\/\/luchonoticias.com\/editor\/con-cerca-de-200-homenajeados-alcaldia-conmemoro-dia-del-recuperador-de-oficio\/#primaryimage\"},\"image\":{\"@id\":\"https:\/\/luchonoticias.com\/editor\/con-cerca-de-200-homenajeados-alcaldia-conmemoro-dia-del-recuperador-de-oficio\/#primaryimage\"},\"thumbnailUrl\":\"https:\/\/luchonoticias.com\/wp-content\/uploads\/2023\/03\/WhatsApp-Image-2023-03-01-at-9.06.35-PM-1024x576.jpeg\",\"datePublished\":\"2023-03-02T11:53:50+00:00\",\"dateModified\":\"2023-03-02T11:53:51+00:00\",\"breadcrumb\":{\"@id\":\"https:\/\/luchonoticias.com\/editor\/con-cerca-de-200-homenajeados-alcaldia-conmemoro-dia-del-recuperador-de-oficio\/#breadcrumb\"},\"inLanguage\":\"es\",\"potentialAction\":[{\"@type\":\"ReadAction\",\"target\":[\"https:\/\/luchonoticias.com\/editor\/con-cerca-de-200-homenajeados-alcaldia-conmemoro-dia-del-recuperador-de-oficio\/\"]}]},{\"@type\":\"ImageObject\",\"inLanguage\":\"es\",\"@id\":\"https:\/\/luchonoticias.com\/editor\/con-cerca-de-200-homenajeados-alcaldia-conmemoro-dia-del-recuperador-de-oficio\/#primaryimage\",\"url\":\"https:\/\/luchonoticias.com\/wp-content\/uploads\/2023\/03\/WhatsApp-Image-2023-03-01-at-9.06.35-PM-1024x576.jpeg\",\"contentUrl\":\"https:\/\/luchonoticias.com\/wp-content\/uploads\/2023\/03\/WhatsApp-Image-2023-03-01-at-9.06.35-PM-1024x576.jpeg\"},{\"@type\":\"BreadcrumbList\",\"@id\":\"https:\/\/luchonoticias.com\/editor\/con-cerca-de-200-homenajeados-alcaldia-conmemoro-dia-del-recuperador-de-oficio\/#breadcrumb\",\"itemListElement\":[{\"@type\":\"ListItem\",\"position\":1,\"name\":\"Portada\",\"item\":\"https:\/\/luchonoticias.com\/editor\/\"},{\"@type\":\"ListItem\",\"position\":2,\"name\":\"Con cerca de 200 homenajeados, Alcald\u00eda conmemor\u00f3 D\u00eda del Recuperador de Oficio\"}]},{\"@type\":\"WebSite\",\"@id\":\"https:\/\/luchonoticias.com\/editor\/#website\",\"url\":\"https:\/\/luchonoticias.com\/editor\/\",\"name\":\"\",\"description\":\"\",\"publisher\":{\"@id\":\"https:\/\/luchonoticias.com\/editor\/#\/schema\/person\/7a7fd911f58561fd056dbac7b55af9cd\"},\"potentialAction\":[{\"@type\":\"SearchAction\",\"target\":{\"@type\":\"EntryPoint\",\"urlTemplate\":\"https:\/\/luchonoticias.com\/editor\/?s={search_term_string}\"},\"query-input\":{\"@type\":\"PropertyValueSpecification\",\"valueRequired\":true,\"valueName\":\"search_term_string\"}}],\"inLanguage\":\"es\"},{\"@type\":[\"Person\",\"Organization\"],\"@id\":\"https:\/\/luchonoticias.com\/editor\/#\/schema\/person\/7a7fd911f58561fd056dbac7b55af9cd\",\"name\":\"admin\",\"image\":{\"@type\":\"ImageObject\",\"inLanguage\":\"es\",\"@id\":\"https:\/\/luchonoticias.com\/editor\/#\/schema\/person\/image\/\",\"url\":\"https:\/\/luchonoticias.com\/editor\/wp-content\/uploads\/2024\/02\/cropped-cropped-logolu.webp\",\"contentUrl\":\"https:\/\/luchonoticias.com\/editor\/wp-content\/uploads\/2024\/02\/cropped-cropped-logolu.webp\",\"width\":382,\"height\":170,\"caption\":\"admin\"},\"logo\":{\"@id\":\"https:\/\/luchonoticias.com\/editor\/#\/schema\/person\/image\/\"},\"sameAs\":[\"https:\/\/www.facebook.com\/luchonoticiasneiva\"]},{\"@type\":\"Person\",\"@id\":\"https:\/\/luchonoticias.com\/editor\/#\/schema\/person\/29217990ddf6f14e35912b2866d591fb\",\"name\":\"Editor General\",\"image\":{\"@type\":\"ImageObject\",\"inLanguage\":\"es\",\"@id\":\"https:\/\/luchonoticias.com\/editor\/#\/schema\/person\/image\/\",\"url\":\"https:\/\/luchonoticias.com\/editor\/wp-content\/uploads\/2024\/02\/cropped-cropped-logolu-150x150.webp\",\"contentUrl\":\"https:\/\/luchonoticias.com\/editor\/wp-content\/uploads\/2024\/02\/cropped-cropped-logolu-150x150.webp\",\"caption\":\"Editor General\"},\"sameAs\":[\"https:\/\/luchonoticias.com\/\"],\"url\":\"https:\/\/luchonoticias.com\/editor\/author\/editor-general\/\"}]}<\/script>\n<!-- \/ Yoast SEO plugin. -->","yoast_head_json":{"title":"Con cerca de 200 homenajeados, Alcald\u00eda conmemor\u00f3 D\u00eda del Recuperador de Oficio -","robots":{"index":"index","follow":"follow","max-snippet":"max-snippet:-1","max-image-preview":"max-image-preview:large","max-video-preview":"max-video-preview:-1"},"canonical":"https:\/\/luchonoticias.com\/editor\/con-cerca-de-200-homenajeados-alcaldia-conmemoro-dia-del-recuperador-de-oficio\/","og_locale":"es_ES","og_type":"article","og_title":"Con cerca de 200 homenajeados, Alcald\u00eda conmemor\u00f3 D\u00eda del Recuperador de Oficio -","og_url":"https:\/\/luchonoticias.com\/editor\/con-cerca-de-200-homenajeados-alcaldia-conmemoro-dia-del-recuperador-de-oficio\/","article_publisher":"https:\/\/www.facebook.com\/luchonoticiasneiva","article_published_time":"2023-03-02T11:53:50+00:00","article_modified_time":"2023-03-02T11:53:51+00:00","og_image":[{"url":"https:\/\/luchonoticias.com\/wp-content\/uploads\/2023\/03\/WhatsApp-Image-2023-03-01-at-9.06.35-PM-1024x576.jpeg","type":"","width":"","height":""}],"author":"Editor General","twitter_card":"summary_large_image","twitter_misc":{"Escrito por":"Editor General","Tiempo de lectura":"1 minuto"},"schema":{"@context":"https:\/\/schema.org","@graph":[{"@type":"Article","@id":"https:\/\/luchonoticias.com\/editor\/con-cerca-de-200-homenajeados-alcaldia-conmemoro-dia-del-recuperador-de-oficio\/#article","isPartOf":{"@id":"https:\/\/luchonoticias.com\/editor\/con-cerca-de-200-homenajeados-alcaldia-conmemoro-dia-del-recuperador-de-oficio\/"},"author":{"name":"Editor General","@id":"https:\/\/luchonoticias.com\/editor\/#\/schema\/person\/29217990ddf6f14e35912b2866d591fb"},"headline":"Con cerca de 200 homenajeados, Alcald\u00eda conmemor\u00f3 D\u00eda del Recuperador de Oficio","datePublished":"2023-03-02T11:53:50+00:00","dateModified":"2023-03-02T11:53:51+00:00","mainEntityOfPage":{"@id":"https:\/\/luchonoticias.com\/editor\/con-cerca-de-200-homenajeados-alcaldia-conmemoro-dia-del-recuperador-de-oficio\/"},"wordCount":306,"commentCount":0,"publisher":{"@id":"https:\/\/luchonoticias.com\/editor\/#\/schema\/person\/7a7fd911f58561fd056dbac7b55af9cd"},"image":{"@id":"https:\/\/luchonoticias.com\/editor\/con-cerca-de-200-homenajeados-alcaldia-conmemoro-dia-del-recuperador-de-oficio\/#primaryimage"},"thumbnailUrl":"https:\/\/luchonoticias.com\/wp-content\/uploads\/2023\/03\/WhatsApp-Image-2023-03-01-at-9.06.35-PM-1024x576.jpeg","articleSection":["Destacado","Neiva"],"inLanguage":"es","potentialAction":[{"@type":"CommentAction","name":"Comment","target":["https:\/\/luchonoticias.com\/editor\/con-cerca-de-200-homenajeados-alcaldia-conmemoro-dia-del-recuperador-de-oficio\/#respond"]}]},{"@type":"WebPage","@id":"https:\/\/luchonoticias.com\/editor\/con-cerca-de-200-homenajeados-alcaldia-conmemoro-dia-del-recuperador-de-oficio\/","url":"https:\/\/luchonoticias.com\/editor\/con-cerca-de-200-homenajeados-alcaldia-conmemoro-dia-del-recuperador-de-oficio\/","name":"Con cerca de 200 homenajeados, Alcald\u00eda conmemor\u00f3 D\u00eda del Recuperador de Oficio -","isPartOf":{"@id":"https:\/\/luchonoticias.com\/editor\/#website"},"primaryImageOfPage":{"@id":"https:\/\/luchonoticias.com\/editor\/con-cerca-de-200-homenajeados-alcaldia-conmemoro-dia-del-recuperador-de-oficio\/#primaryimage"},"image":{"@id":"https:\/\/luchonoticias.com\/editor\/con-cerca-de-200-homenajeados-alcaldia-conmemoro-dia-del-recuperador-de-oficio\/#primaryimage"},"thumbnailUrl":"https:\/\/luchonoticias.com\/wp-content\/uploads\/2023\/03\/WhatsApp-Image-2023-03-01-at-9.06.35-PM-1024x576.jpeg","datePublished":"2023-03-02T11:53:50+00:00","dateModified":"2023-03-02T11:53:51+00:00","breadcrumb":{"@id":"https:\/\/luchonoticias.com\/editor\/con-cerca-de-200-homenajeados-alcaldia-conmemoro-dia-del-recuperador-de-oficio\/#breadcrumb"},"inLanguage":"es","potentialAction":[{"@type":"ReadAction","target":["https:\/\/luchonoticias.com\/editor\/con-cerca-de-200-homenajeados-alcaldia-conmemoro-dia-del-recuperador-de-oficio\/"]}]},{"@type":"ImageObject","inLanguage":"es","@id":"https:\/\/luchonoticias.com\/editor\/con-cerca-de-200-homenajeados-alcaldia-conmemoro-dia-del-recuperador-de-oficio\/#primaryimage","url":"https:\/\/luchonoticias.com\/wp-content\/uploads\/2023\/03\/WhatsApp-Image-2023-03-01-at-9.06.35-PM-1024x576.jpeg","contentUrl":"https:\/\/luchonoticias.com\/wp-content\/uploads\/2023\/03\/WhatsApp-Image-2023-03-01-at-9.06.35-PM-1024x576.jpeg"},{"@type":"BreadcrumbList","@id":"https:\/\/luchonoticias.com\/editor\/con-cerca-de-200-homenajeados-alcaldia-conmemoro-dia-del-recuperador-de-oficio\/#breadcrumb","itemListElement":[{"@type":"ListItem","position":1,"name":"Portada","item":"https:\/\/luchonoticias.com\/editor\/"},{"@type":"ListItem","position":2,"name":"Con cerca de 200 homenajeados, Alcald\u00eda conmemor\u00f3 D\u00eda del Recuperador de Oficio"}]},{"@type":"WebSite","@id":"https:\/\/luchonoticias.com\/editor\/#website","url":"https:\/\/luchonoticias.com\/editor\/","name":"","description":"","publisher":{"@id":"https:\/\/luchonoticias.com\/editor\/#\/schema\/person\/7a7fd911f58561fd056dbac7b55af9cd"},"potentialAction":[{"@type":"SearchAction","target":{"@type":"EntryPoint","urlTemplate":"https:\/\/luchonoticias.com\/editor\/?s={search_term_string}"},"query-input":{"@type":"PropertyValueSpecification","valueRequired":true,"valueName":"search_term_string"}}],"inLanguage":"es"},{"@type":["Person","Organization"],"@id":"https:\/\/luchonoticias.com\/editor\/#\/schema\/person\/7a7fd911f58561fd056dbac7b55af9cd","name":"admin","image":{"@type":"ImageObject","inLanguage":"es","@id":"https:\/\/luchonoticias.com\/editor\/#\/schema\/person\/image\/","url":"https:\/\/luchonoticias.com\/editor\/wp-content\/uploads\/2024\/02\/cropped-cropped-logolu.webp","contentUrl":"https:\/\/luchonoticias.com\/editor\/wp-content\/uploads\/2024\/02\/cropped-cropped-logolu.webp","width":382,"height":170,"caption":"admin"},"logo":{"@id":"https:\/\/luchonoticias.com\/editor\/#\/schema\/person\/image\/"},"sameAs":["https:\/\/www.facebook.com\/luchonoticiasneiva"]},{"@type":"Person","@id":"https:\/\/luchonoticias.com\/editor\/#\/schema\/person\/29217990ddf6f14e35912b2866d591fb","name":"Editor General","image":{"@type":"ImageObject","inLanguage":"es","@id":"https:\/\/luchonoticias.com\/editor\/#\/schema\/person\/image\/","url":"https:\/\/luchonoticias.com\/editor\/wp-content\/uploads\/2024\/02\/cropped-cropped-logolu-150x150.webp","contentUrl":"https:\/\/luchonoticias.com\/editor\/wp-content\/uploads\/2024\/02\/cropped-cropped-logolu-150x150.webp","caption":"Editor General"},"sameAs":["https:\/\/luchonoticias.com\/"],"url":"https:\/\/luchonoticias.com\/editor\/author\/editor-general\/"}]}},"_links":{"self":[{"href":"https:\/\/luchonoticias.com\/editor\/wp-json\/wp\/v2\/posts\/47273","targetHints":{"allow":["GET"]}}],"collection":[{"href":"https:\/\/luchonoticias.com\/editor\/wp-json\/wp\/v2\/posts"}],"about":[{"href":"https:\/\/luchonoticias.com\/editor\/wp-json\/wp\/v2\/types\/post"}],"author":[{"embeddable":true,"href":"https:\/\/luchonoticias.com\/editor\/wp-json\/wp\/v2\/users\/2"}],"replies":[{"embeddable":true,"href":"https:\/\/luchonoticias.com\/editor\/wp-json\/wp\/v2\/comments?post=47273"}],"version-history":[{"count":0,"href":"https:\/\/luchonoticias.com\/editor\/wp-json\/wp\/v2\/posts\/47273\/revisions"}],"wp:attachment":[{"href":"https:\/\/luchonoticias.com\/editor\/wp-json\/wp\/v2\/media?parent=47273"}],"wp:term":[{"taxonomy":"category","embeddable":true,"href":"https:\/\/luchonoticias.com\/editor\/wp-json\/wp\/v2\/categories?post=47273"},{"taxonomy":"post_tag","embeddable":true,"href":"https:\/\/luchonoticias.com\/editor\/wp-json\/wp\/v2\/tags?post=47273"}],"curies":[{"name":"wp","href":"https:\/\/api.w.org\/{rel}","templated":true}]}}