{"id":47291,"date":"2023-03-02T07:03:12","date_gmt":"2023-03-02T12:03:12","guid":{"rendered":"https:\/\/luchonoticias.com\/?p=47291"},"modified":"2023-03-02T07:03:13","modified_gmt":"2023-03-02T12:03:13","slug":"avanza-mesa-de-trabajo-para-la-legalizacion-del-asentamiento-lomas-de-san-pedro","status":"publish","type":"post","link":"https:\/\/luchonoticias.com\/editor\/avanza-mesa-de-trabajo-para-la-legalizacion-del-asentamiento-lomas-de-san-pedro\/","title":{"rendered":"Avanza mesa de trabajo para la legalizaci\u00f3n del asentamiento Lomas de San Pedro"},"content":{"rendered":"\n<p>Se llev\u00f3 a cabo en el Despacho del alcalde de Neiva, Gorky Mu\u00f1oz Calder\u00f3n, una reuni\u00f3n en la que congreg\u00f3 a funcionarios de la Administraci\u00f3n Municipal e integrantes de la Federaci\u00f3n Lomas de San Pedro para abordar el tema de la legalizaci\u00f3n de este asentamiento.<\/p>\n\n\n\n<p>Durante el encuentro, el alcalde manifest\u00f3 su compromiso con la legalizaci\u00f3n y resalt\u00f3 la importancia de generar condiciones dignas para sus habitantes.<\/p>\n\n\n\n<p>\u00a0\u00abHemos estado reunidos con la comunidad de los diferentes asentamientos, entre esos Lomas de San Pedro, para poder encontrar esas ideas y conceptos sobre lo que nos obliga la ley y a trav\u00e9s de esto, llegar a algunos acuerdos con los due\u00f1os de esas tierras, y l\u00f3gicamente, generar una alternativa para seguir con este prop\u00f3sito \u00ab, afirm\u00f3 el alcalde.\u00a0\u00a0\u00a0\u00a0\u00a0\u00a0\u00a0\u00a0\u00a0\u00a0\u00a0\u00a0\u00a0<\/p>\n\n\n\n<figure class=\"wp-block-gallery has-nested-images columns-default is-cropped wp-block-gallery-1 is-layout-flex wp-block-gallery-is-layout-flex\">\n<figure class=\"wp-block-image size-large is-style-rounded\"><img decoding=\"async\" data-id=\"47293\" src=\"https:\/\/luchonoticias.com\/wp-content\/uploads\/2023\/03\/WhatsApp-Image-2023-03-01-at-7.51.43-PM-2-1024x683.jpeg\" alt=\"\" class=\"wp-image-47293\"\/><\/figure>\n<\/figure>\n\n\n\n<p>\u00a0<strong>Dignificando a la poblaci\u00f3n<\/strong><\/p>\n\n\n\n<p>La Federaci\u00f3n Lomas de San Pedro es una organizaci\u00f3n que representa a los habitantes de este asentamiento, que se encuentra ubicado en la comuna 9 del municipio de Neiva. Cabe mencionar que este es un tema prioritario para la administraci\u00f3n municipal, porque a partir de la legalizaci\u00f3n de estos predios, mejorar\u00e1 las condiciones de vida de estas personas y garantizar\u00e1 el acceso a servicios b\u00e1sicos como agua, luz y alcantarillado.<\/p>\n\n\n\n<p><strong>Caracterizaci\u00f3n&nbsp;&nbsp;&nbsp;&nbsp;&nbsp;<\/strong><\/p>\n\n\n\n<p>Nelly Vega Cabrera, directora de Legalizaci\u00f3n de Asentamientos, manifest\u00f3 que se est\u00e1 organizando un trabajo de campo para la caracterizaci\u00f3n de esta comunidad, con el objetivo de obtener informaci\u00f3n psicosocial y socioecon\u00f3mica de este sector.<\/p>\n\n\n\n<p>\u201cEsperamos que este a\u00f1o podamos sacar adelante todos los procesos en conjunto con los actores de esta problem\u00e1tica, que son la comunidad, propietarios de estos predios y por supuesto la administraci\u00f3n municipal\u201d, expres\u00f3 la ingeniera Nelly Vega.<\/p>\n\n\n\n<figure class=\"wp-block-image size-large is-style-rounded\"><img decoding=\"async\" src=\"https:\/\/luchonoticias.com\/wp-content\/uploads\/2023\/03\/WhatsApp-Image-2023-03-01-at-7.51.43-PM-1024x888.jpeg\" alt=\"\" class=\"wp-image-47294\"\/><\/figure>\n\n\n\n<p><strong>Un paso a la legalizaci\u00f3n<\/strong><\/p>\n\n\n\n<p>Los integrantes de la Federaci\u00f3n Lomas de San Pedro expresaron su satisfacci\u00f3n por la reuni\u00f3n y agradecieron al alcalde por su compromiso con la legalizaci\u00f3n de su asentamiento. \u00abEstamos muy agradecidos con el alcalde por su apoyo y su compromiso con nuestra comunidad. Esperamos que pronto podamos contar con la legalizaci\u00f3n de nuestro asentamiento\u00bb, expres\u00f3 en medio de la reuni\u00f3n uno de los representantes de la comunidad.&nbsp;<\/p>\n\n\n\n<p>En conclusi\u00f3n, la reuni\u00f3n entre el alcalde de Neiva y los integrantes de la Federaci\u00f3n Lomas de San Pedro fue un importante paso en el proceso de legalizaci\u00f3n de este asentamiento. El compromiso del gobierno local es mejorar las condiciones de vida de sus habitantes y garantizar su acceso a servicios b\u00e1sicos, fundamental para avanzar en el plan de desarrollo \u2018Mandato Ciudadano, Territorio de Vida y Paz\u2019.<\/p>\n","protected":false},"excerpt":{"rendered":"<p>Se llev\u00f3 a cabo en el Despacho del alcalde de Neiva, Gorky Mu\u00f1oz Calder\u00f3n, una reuni\u00f3n en la que congreg\u00f3 a funcionarios de la Administraci\u00f3n Municipal e integrantes de la Federaci\u00f3n Lomas de San Pedro para abordar el tema de la legalizaci\u00f3n de este asentamiento. Durante el encuentro, el alcalde manifest\u00f3 su compromiso con la [&hellip;]<\/p>\n","protected":false},"author":2,"featured_media":0,"comment_status":"open","ping_status":"open","sticky":false,"template":"","format":"standard","meta":{"footnotes":""},"categories":[36,53],"tags":[],"class_list":["post-47291","post","type-post","status-publish","format-standard","hentry","category-destacado","category-neiva"],"yoast_head":"<!-- This site is optimized with the Yoast SEO plugin v26.6 - https:\/\/yoast.com\/wordpress\/plugins\/seo\/ -->\n<title>Avanza mesa de trabajo para la legalizaci\u00f3n del asentamiento Lomas de San Pedro -<\/title>\n<meta name=\"robots\" content=\"index, follow, max-snippet:-1, max-image-preview:large, max-video-preview:-1\" \/>\n<link rel=\"canonical\" href=\"https:\/\/luchonoticias.com\/editor\/avanza-mesa-de-trabajo-para-la-legalizacion-del-asentamiento-lomas-de-san-pedro\/\" \/>\n<meta property=\"og:locale\" content=\"es_ES\" \/>\n<meta property=\"og:type\" content=\"article\" \/>\n<meta property=\"og:title\" content=\"Avanza mesa de trabajo para la legalizaci\u00f3n del asentamiento Lomas de San Pedro -\" \/>\n<meta property=\"og:url\" content=\"https:\/\/luchonoticias.com\/editor\/avanza-mesa-de-trabajo-para-la-legalizacion-del-asentamiento-lomas-de-san-pedro\/\" \/>\n<meta property=\"article:publisher\" content=\"https:\/\/www.facebook.com\/luchonoticiasneiva\" \/>\n<meta property=\"article:published_time\" content=\"2023-03-02T12:03:12+00:00\" \/>\n<meta property=\"article:modified_time\" content=\"2023-03-02T12:03:13+00:00\" \/>\n<meta property=\"og:image\" content=\"https:\/\/luchonoticias.com\/wp-content\/uploads\/2023\/03\/WhatsApp-Image-2023-03-01-at-7.51.43-PM-2-1024x683.jpeg\" \/>\n<meta name=\"author\" content=\"Editor General\" \/>\n<meta name=\"twitter:card\" content=\"summary_large_image\" \/>\n<meta name=\"twitter:label1\" content=\"Escrito por\" \/>\n\t<meta name=\"twitter:data1\" content=\"Editor General\" \/>\n\t<meta name=\"twitter:label2\" content=\"Tiempo de lectura\" \/>\n\t<meta name=\"twitter:data2\" content=\"2 minutos\" \/>\n<script type=\"application\/ld+json\" class=\"yoast-schema-graph\">{\"@context\":\"https:\/\/schema.org\",\"@graph\":[{\"@type\":\"Article\",\"@id\":\"https:\/\/luchonoticias.com\/editor\/avanza-mesa-de-trabajo-para-la-legalizacion-del-asentamiento-lomas-de-san-pedro\/#article\",\"isPartOf\":{\"@id\":\"https:\/\/luchonoticias.com\/editor\/avanza-mesa-de-trabajo-para-la-legalizacion-del-asentamiento-lomas-de-san-pedro\/\"},\"author\":{\"name\":\"Editor General\",\"@id\":\"https:\/\/luchonoticias.com\/editor\/#\/schema\/person\/29217990ddf6f14e35912b2866d591fb\"},\"headline\":\"Avanza mesa de trabajo para la legalizaci\u00f3n del asentamiento Lomas de San Pedro\",\"datePublished\":\"2023-03-02T12:03:12+00:00\",\"dateModified\":\"2023-03-02T12:03:13+00:00\",\"mainEntityOfPage\":{\"@id\":\"https:\/\/luchonoticias.com\/editor\/avanza-mesa-de-trabajo-para-la-legalizacion-del-asentamiento-lomas-de-san-pedro\/\"},\"wordCount\":467,\"commentCount\":0,\"publisher\":{\"@id\":\"https:\/\/luchonoticias.com\/editor\/#\/schema\/person\/7a7fd911f58561fd056dbac7b55af9cd\"},\"image\":{\"@id\":\"https:\/\/luchonoticias.com\/editor\/avanza-mesa-de-trabajo-para-la-legalizacion-del-asentamiento-lomas-de-san-pedro\/#primaryimage\"},\"thumbnailUrl\":\"https:\/\/luchonoticias.com\/wp-content\/uploads\/2023\/03\/WhatsApp-Image-2023-03-01-at-7.51.43-PM-2-1024x683.jpeg\",\"articleSection\":[\"Destacado\",\"Neiva\"],\"inLanguage\":\"es\",\"potentialAction\":[{\"@type\":\"CommentAction\",\"name\":\"Comment\",\"target\":[\"https:\/\/luchonoticias.com\/editor\/avanza-mesa-de-trabajo-para-la-legalizacion-del-asentamiento-lomas-de-san-pedro\/#respond\"]}]},{\"@type\":\"WebPage\",\"@id\":\"https:\/\/luchonoticias.com\/editor\/avanza-mesa-de-trabajo-para-la-legalizacion-del-asentamiento-lomas-de-san-pedro\/\",\"url\":\"https:\/\/luchonoticias.com\/editor\/avanza-mesa-de-trabajo-para-la-legalizacion-del-asentamiento-lomas-de-san-pedro\/\",\"name\":\"Avanza mesa de trabajo para la legalizaci\u00f3n del asentamiento Lomas de San Pedro -\",\"isPartOf\":{\"@id\":\"https:\/\/luchonoticias.com\/editor\/#website\"},\"primaryImageOfPage\":{\"@id\":\"https:\/\/luchonoticias.com\/editor\/avanza-mesa-de-trabajo-para-la-legalizacion-del-asentamiento-lomas-de-san-pedro\/#primaryimage\"},\"image\":{\"@id\":\"https:\/\/luchonoticias.com\/editor\/avanza-mesa-de-trabajo-para-la-legalizacion-del-asentamiento-lomas-de-san-pedro\/#primaryimage\"},\"thumbnailUrl\":\"https:\/\/luchonoticias.com\/wp-content\/uploads\/2023\/03\/WhatsApp-Image-2023-03-01-at-7.51.43-PM-2-1024x683.jpeg\",\"datePublished\":\"2023-03-02T12:03:12+00:00\",\"dateModified\":\"2023-03-02T12:03:13+00:00\",\"breadcrumb\":{\"@id\":\"https:\/\/luchonoticias.com\/editor\/avanza-mesa-de-trabajo-para-la-legalizacion-del-asentamiento-lomas-de-san-pedro\/#breadcrumb\"},\"inLanguage\":\"es\",\"potentialAction\":[{\"@type\":\"ReadAction\",\"target\":[\"https:\/\/luchonoticias.com\/editor\/avanza-mesa-de-trabajo-para-la-legalizacion-del-asentamiento-lomas-de-san-pedro\/\"]}]},{\"@type\":\"ImageObject\",\"inLanguage\":\"es\",\"@id\":\"https:\/\/luchonoticias.com\/editor\/avanza-mesa-de-trabajo-para-la-legalizacion-del-asentamiento-lomas-de-san-pedro\/#primaryimage\",\"url\":\"https:\/\/luchonoticias.com\/wp-content\/uploads\/2023\/03\/WhatsApp-Image-2023-03-01-at-7.51.43-PM-2-1024x683.jpeg\",\"contentUrl\":\"https:\/\/luchonoticias.com\/wp-content\/uploads\/2023\/03\/WhatsApp-Image-2023-03-01-at-7.51.43-PM-2-1024x683.jpeg\"},{\"@type\":\"BreadcrumbList\",\"@id\":\"https:\/\/luchonoticias.com\/editor\/avanza-mesa-de-trabajo-para-la-legalizacion-del-asentamiento-lomas-de-san-pedro\/#breadcrumb\",\"itemListElement\":[{\"@type\":\"ListItem\",\"position\":1,\"name\":\"Portada\",\"item\":\"https:\/\/luchonoticias.com\/editor\/\"},{\"@type\":\"ListItem\",\"position\":2,\"name\":\"Avanza mesa de trabajo para la legalizaci\u00f3n del asentamiento Lomas de San Pedro\"}]},{\"@type\":\"WebSite\",\"@id\":\"https:\/\/luchonoticias.com\/editor\/#website\",\"url\":\"https:\/\/luchonoticias.com\/editor\/\",\"name\":\"\",\"description\":\"\",\"publisher\":{\"@id\":\"https:\/\/luchonoticias.com\/editor\/#\/schema\/person\/7a7fd911f58561fd056dbac7b55af9cd\"},\"potentialAction\":[{\"@type\":\"SearchAction\",\"target\":{\"@type\":\"EntryPoint\",\"urlTemplate\":\"https:\/\/luchonoticias.com\/editor\/?s={search_term_string}\"},\"query-input\":{\"@type\":\"PropertyValueSpecification\",\"valueRequired\":true,\"valueName\":\"search_term_string\"}}],\"inLanguage\":\"es\"},{\"@type\":[\"Person\",\"Organization\"],\"@id\":\"https:\/\/luchonoticias.com\/editor\/#\/schema\/person\/7a7fd911f58561fd056dbac7b55af9cd\",\"name\":\"admin\",\"image\":{\"@type\":\"ImageObject\",\"inLanguage\":\"es\",\"@id\":\"https:\/\/luchonoticias.com\/editor\/#\/schema\/person\/image\/\",\"url\":\"https:\/\/luchonoticias.com\/editor\/wp-content\/uploads\/2024\/02\/cropped-cropped-logolu.webp\",\"contentUrl\":\"https:\/\/luchonoticias.com\/editor\/wp-content\/uploads\/2024\/02\/cropped-cropped-logolu.webp\",\"width\":382,\"height\":170,\"caption\":\"admin\"},\"logo\":{\"@id\":\"https:\/\/luchonoticias.com\/editor\/#\/schema\/person\/image\/\"},\"sameAs\":[\"https:\/\/www.facebook.com\/luchonoticiasneiva\"]},{\"@type\":\"Person\",\"@id\":\"https:\/\/luchonoticias.com\/editor\/#\/schema\/person\/29217990ddf6f14e35912b2866d591fb\",\"name\":\"Editor General\",\"image\":{\"@type\":\"ImageObject\",\"inLanguage\":\"es\",\"@id\":\"https:\/\/luchonoticias.com\/editor\/#\/schema\/person\/image\/\",\"url\":\"https:\/\/luchonoticias.com\/editor\/wp-content\/uploads\/2024\/02\/cropped-cropped-logolu-150x150.webp\",\"contentUrl\":\"https:\/\/luchonoticias.com\/editor\/wp-content\/uploads\/2024\/02\/cropped-cropped-logolu-150x150.webp\",\"caption\":\"Editor General\"},\"sameAs\":[\"https:\/\/luchonoticias.com\/\"],\"url\":\"https:\/\/luchonoticias.com\/editor\/author\/editor-general\/\"}]}<\/script>\n<!-- \/ Yoast SEO plugin. -->","yoast_head_json":{"title":"Avanza mesa de trabajo para la legalizaci\u00f3n del asentamiento Lomas de San Pedro -","robots":{"index":"index","follow":"follow","max-snippet":"max-snippet:-1","max-image-preview":"max-image-preview:large","max-video-preview":"max-video-preview:-1"},"canonical":"https:\/\/luchonoticias.com\/editor\/avanza-mesa-de-trabajo-para-la-legalizacion-del-asentamiento-lomas-de-san-pedro\/","og_locale":"es_ES","og_type":"article","og_title":"Avanza mesa de trabajo para la legalizaci\u00f3n del asentamiento Lomas de San Pedro -","og_url":"https:\/\/luchonoticias.com\/editor\/avanza-mesa-de-trabajo-para-la-legalizacion-del-asentamiento-lomas-de-san-pedro\/","article_publisher":"https:\/\/www.facebook.com\/luchonoticiasneiva","article_published_time":"2023-03-02T12:03:12+00:00","article_modified_time":"2023-03-02T12:03:13+00:00","og_image":[{"url":"https:\/\/luchonoticias.com\/wp-content\/uploads\/2023\/03\/WhatsApp-Image-2023-03-01-at-7.51.43-PM-2-1024x683.jpeg","type":"","width":"","height":""}],"author":"Editor General","twitter_card":"summary_large_image","twitter_misc":{"Escrito por":"Editor General","Tiempo de lectura":"2 minutos"},"schema":{"@context":"https:\/\/schema.org","@graph":[{"@type":"Article","@id":"https:\/\/luchonoticias.com\/editor\/avanza-mesa-de-trabajo-para-la-legalizacion-del-asentamiento-lomas-de-san-pedro\/#article","isPartOf":{"@id":"https:\/\/luchonoticias.com\/editor\/avanza-mesa-de-trabajo-para-la-legalizacion-del-asentamiento-lomas-de-san-pedro\/"},"author":{"name":"Editor General","@id":"https:\/\/luchonoticias.com\/editor\/#\/schema\/person\/29217990ddf6f14e35912b2866d591fb"},"headline":"Avanza mesa de trabajo para la legalizaci\u00f3n del asentamiento Lomas de San Pedro","datePublished":"2023-03-02T12:03:12+00:00","dateModified":"2023-03-02T12:03:13+00:00","mainEntityOfPage":{"@id":"https:\/\/luchonoticias.com\/editor\/avanza-mesa-de-trabajo-para-la-legalizacion-del-asentamiento-lomas-de-san-pedro\/"},"wordCount":467,"commentCount":0,"publisher":{"@id":"https:\/\/luchonoticias.com\/editor\/#\/schema\/person\/7a7fd911f58561fd056dbac7b55af9cd"},"image":{"@id":"https:\/\/luchonoticias.com\/editor\/avanza-mesa-de-trabajo-para-la-legalizacion-del-asentamiento-lomas-de-san-pedro\/#primaryimage"},"thumbnailUrl":"https:\/\/luchonoticias.com\/wp-content\/uploads\/2023\/03\/WhatsApp-Image-2023-03-01-at-7.51.43-PM-2-1024x683.jpeg","articleSection":["Destacado","Neiva"],"inLanguage":"es","potentialAction":[{"@type":"CommentAction","name":"Comment","target":["https:\/\/luchonoticias.com\/editor\/avanza-mesa-de-trabajo-para-la-legalizacion-del-asentamiento-lomas-de-san-pedro\/#respond"]}]},{"@type":"WebPage","@id":"https:\/\/luchonoticias.com\/editor\/avanza-mesa-de-trabajo-para-la-legalizacion-del-asentamiento-lomas-de-san-pedro\/","url":"https:\/\/luchonoticias.com\/editor\/avanza-mesa-de-trabajo-para-la-legalizacion-del-asentamiento-lomas-de-san-pedro\/","name":"Avanza mesa de trabajo para la legalizaci\u00f3n del asentamiento Lomas de San Pedro -","isPartOf":{"@id":"https:\/\/luchonoticias.com\/editor\/#website"},"primaryImageOfPage":{"@id":"https:\/\/luchonoticias.com\/editor\/avanza-mesa-de-trabajo-para-la-legalizacion-del-asentamiento-lomas-de-san-pedro\/#primaryimage"},"image":{"@id":"https:\/\/luchonoticias.com\/editor\/avanza-mesa-de-trabajo-para-la-legalizacion-del-asentamiento-lomas-de-san-pedro\/#primaryimage"},"thumbnailUrl":"https:\/\/luchonoticias.com\/wp-content\/uploads\/2023\/03\/WhatsApp-Image-2023-03-01-at-7.51.43-PM-2-1024x683.jpeg","datePublished":"2023-03-02T12:03:12+00:00","dateModified":"2023-03-02T12:03:13+00:00","breadcrumb":{"@id":"https:\/\/luchonoticias.com\/editor\/avanza-mesa-de-trabajo-para-la-legalizacion-del-asentamiento-lomas-de-san-pedro\/#breadcrumb"},"inLanguage":"es","potentialAction":[{"@type":"ReadAction","target":["https:\/\/luchonoticias.com\/editor\/avanza-mesa-de-trabajo-para-la-legalizacion-del-asentamiento-lomas-de-san-pedro\/"]}]},{"@type":"ImageObject","inLanguage":"es","@id":"https:\/\/luchonoticias.com\/editor\/avanza-mesa-de-trabajo-para-la-legalizacion-del-asentamiento-lomas-de-san-pedro\/#primaryimage","url":"https:\/\/luchonoticias.com\/wp-content\/uploads\/2023\/03\/WhatsApp-Image-2023-03-01-at-7.51.43-PM-2-1024x683.jpeg","contentUrl":"https:\/\/luchonoticias.com\/wp-content\/uploads\/2023\/03\/WhatsApp-Image-2023-03-01-at-7.51.43-PM-2-1024x683.jpeg"},{"@type":"BreadcrumbList","@id":"https:\/\/luchonoticias.com\/editor\/avanza-mesa-de-trabajo-para-la-legalizacion-del-asentamiento-lomas-de-san-pedro\/#breadcrumb","itemListElement":[{"@type":"ListItem","position":1,"name":"Portada","item":"https:\/\/luchonoticias.com\/editor\/"},{"@type":"ListItem","position":2,"name":"Avanza mesa de trabajo para la legalizaci\u00f3n del asentamiento Lomas de San Pedro"}]},{"@type":"WebSite","@id":"https:\/\/luchonoticias.com\/editor\/#website","url":"https:\/\/luchonoticias.com\/editor\/","name":"","description":"","publisher":{"@id":"https:\/\/luchonoticias.com\/editor\/#\/schema\/person\/7a7fd911f58561fd056dbac7b55af9cd"},"potentialAction":[{"@type":"SearchAction","target":{"@type":"EntryPoint","urlTemplate":"https:\/\/luchonoticias.com\/editor\/?s={search_term_string}"},"query-input":{"@type":"PropertyValueSpecification","valueRequired":true,"valueName":"search_term_string"}}],"inLanguage":"es"},{"@type":["Person","Organization"],"@id":"https:\/\/luchonoticias.com\/editor\/#\/schema\/person\/7a7fd911f58561fd056dbac7b55af9cd","name":"admin","image":{"@type":"ImageObject","inLanguage":"es","@id":"https:\/\/luchonoticias.com\/editor\/#\/schema\/person\/image\/","url":"https:\/\/luchonoticias.com\/editor\/wp-content\/uploads\/2024\/02\/cropped-cropped-logolu.webp","contentUrl":"https:\/\/luchonoticias.com\/editor\/wp-content\/uploads\/2024\/02\/cropped-cropped-logolu.webp","width":382,"height":170,"caption":"admin"},"logo":{"@id":"https:\/\/luchonoticias.com\/editor\/#\/schema\/person\/image\/"},"sameAs":["https:\/\/www.facebook.com\/luchonoticiasneiva"]},{"@type":"Person","@id":"https:\/\/luchonoticias.com\/editor\/#\/schema\/person\/29217990ddf6f14e35912b2866d591fb","name":"Editor General","image":{"@type":"ImageObject","inLanguage":"es","@id":"https:\/\/luchonoticias.com\/editor\/#\/schema\/person\/image\/","url":"https:\/\/luchonoticias.com\/editor\/wp-content\/uploads\/2024\/02\/cropped-cropped-logolu-150x150.webp","contentUrl":"https:\/\/luchonoticias.com\/editor\/wp-content\/uploads\/2024\/02\/cropped-cropped-logolu-150x150.webp","caption":"Editor General"},"sameAs":["https:\/\/luchonoticias.com\/"],"url":"https:\/\/luchonoticias.com\/editor\/author\/editor-general\/"}]}},"_links":{"self":[{"href":"https:\/\/luchonoticias.com\/editor\/wp-json\/wp\/v2\/posts\/47291","targetHints":{"allow":["GET"]}}],"collection":[{"href":"https:\/\/luchonoticias.com\/editor\/wp-json\/wp\/v2\/posts"}],"about":[{"href":"https:\/\/luchonoticias.com\/editor\/wp-json\/wp\/v2\/types\/post"}],"author":[{"embeddable":true,"href":"https:\/\/luchonoticias.com\/editor\/wp-json\/wp\/v2\/users\/2"}],"replies":[{"embeddable":true,"href":"https:\/\/luchonoticias.com\/editor\/wp-json\/wp\/v2\/comments?post=47291"}],"version-history":[{"count":0,"href":"https:\/\/luchonoticias.com\/editor\/wp-json\/wp\/v2\/posts\/47291\/revisions"}],"wp:attachment":[{"href":"https:\/\/luchonoticias.com\/editor\/wp-json\/wp\/v2\/media?parent=47291"}],"wp:term":[{"taxonomy":"category","embeddable":true,"href":"https:\/\/luchonoticias.com\/editor\/wp-json\/wp\/v2\/categories?post=47291"},{"taxonomy":"post_tag","embeddable":true,"href":"https:\/\/luchonoticias.com\/editor\/wp-json\/wp\/v2\/tags?post=47291"}],"curies":[{"name":"wp","href":"https:\/\/api.w.org\/{rel}","templated":true}]}}