{"id":47296,"date":"2023-03-02T07:05:11","date_gmt":"2023-03-02T12:05:11","guid":{"rendered":"https:\/\/luchonoticias.com\/?p=47296"},"modified":"2023-03-02T07:05:12","modified_gmt":"2023-03-02T12:05:12","slug":"secretaria-de-cultura-de-neiva-rindio-cuentas-a-los-gestores-culturales-de-la-vigencia-2022","status":"publish","type":"post","link":"https:\/\/luchonoticias.com\/editor\/secretaria-de-cultura-de-neiva-rindio-cuentas-a-los-gestores-culturales-de-la-vigencia-2022\/","title":{"rendered":"Secretar\u00eda de Cultura de Neiva, rindi\u00f3 cuentas a los gestores culturales de la vigencia 2022"},"content":{"rendered":"\n<p>La Secretar\u00eda de Cultura de Neiva realiz\u00f3 su acto de rendici\u00f3n de cuentas en la Biblioteca &#8216;Huellas&#8217; del Parque de La M\u00fasica; all\u00ed, Marieta Trujillo, jefe de esta dependencia, expuso ante m\u00e1s de 70 gestores culturales, las gestiones realizadas durante la vigencia 2022.<\/p>\n\n\n\n<p>\u201cNosotros realizamos la rendici\u00f3n de cuentas y se hizo una convocatoria de todo el sector. Estamos muy contentos como Secretar\u00eda porque los gestores manifiestan en la rendici\u00f3n de cuentas, una felicitaci\u00f3n por la gesti\u00f3n que se viene realizando; este, es un momento para poder socializar e intercambiar ideas, para poder construir y generar cultura en la ciudad\u201d, manifest\u00f3 Marieta Trujillo, secretaria de Cultura.<\/p>\n\n\n\n<figure class=\"wp-block-image size-large is-style-rounded\"><img decoding=\"async\" src=\"https:\/\/luchonoticias.com\/wp-content\/uploads\/2023\/03\/WhatsApp-Image-2023-03-01-at-7.44.57-PM-1024x768.jpeg\" alt=\"\" class=\"wp-image-47298\"\/><\/figure>\n\n\n\n<p><strong>Inversiones y ejecuciones<\/strong><\/p>\n\n\n\n<p>En la socializaci\u00f3n, se dio a conocer que en el programa de &#8216;Escuelas de Formaci\u00f3n&#8217;, se brindaron talleres en todas las comunas de Neiva, y en algunos corregimientos como El Cagu\u00e1n, Guacirco, San Luis, Fortalecillas, y Vegalarga.<\/p>\n\n\n\n<p>A su vez, se impactaron 1.291 beneficiarios activos en las 8 modalidades en los talleres brindados. Los 36 talleristas del programa fueron los gestores en la formaci\u00f3n de los procesos de escuelas, en las \u00e1reas de danza folcl\u00f3rica y moderna, teatro y circo; artes visuales con dibujo y pintura, literatura, m\u00fasica folcl\u00f3rica y sinf\u00f3nica, y tambi\u00e9n fotograf\u00eda.<\/p>\n\n\n\n<p>Por otra parte, en las capacitaciones para artistas y gestores culturales del Municipio de Neiva, se benefici\u00f3 a una poblaci\u00f3n activa de 87 artistas y gestores, que recibieron capacitaci\u00f3n en formulaci\u00f3n de proyectos, gesti\u00f3n, administraci\u00f3n de la producci\u00f3n musical, comunicaci\u00f3n y marketing.<\/p>\n\n\n\n<p>En el programa de &#8216;Circulaci\u00f3n Art\u00edstica y Cultural&#8217;, se trabaj\u00f3 con todas las comunas de Neiva y en dos corregimientos: Fortalecillas y El Cagu\u00e1n, donde se cont\u00f3 con la participaci\u00f3n de 10 gestores culturales en las \u00e1reas de teatro, circo, danza, m\u00fasica folcl\u00f3rica y moderna. As\u00ed mismo, se abarcaron 10 ejes tem\u00e1ticos en contenidos pedag\u00f3gicos y culturales, donde fueron impactadas 6.128 personas en todo el Municipio.<\/p>\n\n\n\n<p>En apoyo a proyectos e incentivos culturales, seg\u00fan indic\u00f3 la funcionaria,\u00a0 se postularon 73 propuestas de las cuales se seleccionaron 43 y se beneficiaron 42 de los gestores culturales; estas propuestas se presentaron en las \u00e1reas de teatro, m\u00fasica, danza, artes visuales, literatura y artes pl\u00e1sticas, desarrollando 359 talleres y 63 puestas en escena, 8 de ellas audiovisuales, impact\u00e1ndose as\u00ed, alrededor de 4.737 personas.<\/p>\n\n\n\n<figure class=\"wp-block-image size-large is-style-rounded\"><img decoding=\"async\" src=\"https:\/\/luchonoticias.com\/wp-content\/uploads\/2023\/03\/WhatsApp-Image-2023-03-01-at-7.44.56-PM-1024x768.jpeg\" alt=\"\" class=\"wp-image-47299\"\/><\/figure>\n\n\n\n<p><strong>Pagos a gestores<\/strong><\/p>\n\n\n\n<p>Finalmente, en cumplimiento de las metas de gesti\u00f3n, la Alcald\u00eda de Neiva emiti\u00f3 las Resoluciones 0075 del 2022 por medio de la cual se autoriz\u00f3 y orden\u00f3 el pago de los recursos de la Estampilla Procultura por $81.546.001 millones, beneficiando a cuatro gestores; y la Resoluci\u00f3n 0156 de 2022 que autoriza y ordena el pago de $15.014.039 millones, favoreciendo a un gestor, en cumplimiento del Decreto 2012 de 2017 con los recursos suficientes para beneficiar a cinco creadores y gestores culturales.<\/p>\n","protected":false},"excerpt":{"rendered":"<p>La Secretar\u00eda de Cultura de Neiva realiz\u00f3 su acto de rendici\u00f3n de cuentas en la Biblioteca &#8216;Huellas&#8217; del Parque de La M\u00fasica; all\u00ed, Marieta Trujillo, jefe de esta dependencia, expuso ante m\u00e1s de 70 gestores culturales, las gestiones realizadas durante la vigencia 2022. \u201cNosotros realizamos la rendici\u00f3n de cuentas y se hizo una convocatoria de [&hellip;]<\/p>\n","protected":false},"author":2,"featured_media":0,"comment_status":"open","ping_status":"open","sticky":false,"template":"","format":"standard","meta":{"footnotes":""},"categories":[36,31],"tags":[],"class_list":["post-47296","post","type-post","status-publish","format-standard","hentry","category-destacado","category-local"],"yoast_head":"<!-- This site is optimized with the Yoast SEO plugin v26.6 - https:\/\/yoast.com\/wordpress\/plugins\/seo\/ -->\n<title>Secretar\u00eda de Cultura de Neiva, rindi\u00f3 cuentas a los gestores culturales de la vigencia 2022 -<\/title>\n<meta name=\"robots\" content=\"index, follow, max-snippet:-1, max-image-preview:large, max-video-preview:-1\" \/>\n<link rel=\"canonical\" href=\"https:\/\/luchonoticias.com\/editor\/secretaria-de-cultura-de-neiva-rindio-cuentas-a-los-gestores-culturales-de-la-vigencia-2022\/\" \/>\n<meta property=\"og:locale\" content=\"es_ES\" \/>\n<meta property=\"og:type\" content=\"article\" \/>\n<meta property=\"og:title\" content=\"Secretar\u00eda de Cultura de Neiva, rindi\u00f3 cuentas a los gestores culturales de la vigencia 2022 -\" \/>\n<meta property=\"og:url\" content=\"https:\/\/luchonoticias.com\/editor\/secretaria-de-cultura-de-neiva-rindio-cuentas-a-los-gestores-culturales-de-la-vigencia-2022\/\" \/>\n<meta property=\"article:publisher\" content=\"https:\/\/www.facebook.com\/luchonoticiasneiva\" \/>\n<meta property=\"article:published_time\" content=\"2023-03-02T12:05:11+00:00\" \/>\n<meta property=\"article:modified_time\" content=\"2023-03-02T12:05:12+00:00\" \/>\n<meta property=\"og:image\" content=\"https:\/\/luchonoticias.com\/wp-content\/uploads\/2023\/03\/WhatsApp-Image-2023-03-01-at-7.44.57-PM-1024x768.jpeg\" \/>\n<meta name=\"author\" content=\"Editor General\" \/>\n<meta name=\"twitter:card\" content=\"summary_large_image\" \/>\n<meta name=\"twitter:label1\" content=\"Escrito por\" \/>\n\t<meta name=\"twitter:data1\" content=\"Editor General\" \/>\n\t<meta name=\"twitter:label2\" content=\"Tiempo de lectura\" \/>\n\t<meta name=\"twitter:data2\" content=\"2 minutos\" \/>\n<script type=\"application\/ld+json\" class=\"yoast-schema-graph\">{\"@context\":\"https:\/\/schema.org\",\"@graph\":[{\"@type\":\"Article\",\"@id\":\"https:\/\/luchonoticias.com\/editor\/secretaria-de-cultura-de-neiva-rindio-cuentas-a-los-gestores-culturales-de-la-vigencia-2022\/#article\",\"isPartOf\":{\"@id\":\"https:\/\/luchonoticias.com\/editor\/secretaria-de-cultura-de-neiva-rindio-cuentas-a-los-gestores-culturales-de-la-vigencia-2022\/\"},\"author\":{\"name\":\"Editor General\",\"@id\":\"https:\/\/luchonoticias.com\/editor\/#\/schema\/person\/29217990ddf6f14e35912b2866d591fb\"},\"headline\":\"Secretar\u00eda de Cultura de Neiva, rindi\u00f3 cuentas a los gestores culturales de la vigencia 2022\",\"datePublished\":\"2023-03-02T12:05:11+00:00\",\"dateModified\":\"2023-03-02T12:05:12+00:00\",\"mainEntityOfPage\":{\"@id\":\"https:\/\/luchonoticias.com\/editor\/secretaria-de-cultura-de-neiva-rindio-cuentas-a-los-gestores-culturales-de-la-vigencia-2022\/\"},\"wordCount\":491,\"commentCount\":0,\"publisher\":{\"@id\":\"https:\/\/luchonoticias.com\/editor\/#\/schema\/person\/7a7fd911f58561fd056dbac7b55af9cd\"},\"image\":{\"@id\":\"https:\/\/luchonoticias.com\/editor\/secretaria-de-cultura-de-neiva-rindio-cuentas-a-los-gestores-culturales-de-la-vigencia-2022\/#primaryimage\"},\"thumbnailUrl\":\"https:\/\/luchonoticias.com\/wp-content\/uploads\/2023\/03\/WhatsApp-Image-2023-03-01-at-7.44.57-PM-1024x768.jpeg\",\"articleSection\":[\"Destacado\",\"Local\"],\"inLanguage\":\"es\",\"potentialAction\":[{\"@type\":\"CommentAction\",\"name\":\"Comment\",\"target\":[\"https:\/\/luchonoticias.com\/editor\/secretaria-de-cultura-de-neiva-rindio-cuentas-a-los-gestores-culturales-de-la-vigencia-2022\/#respond\"]}]},{\"@type\":\"WebPage\",\"@id\":\"https:\/\/luchonoticias.com\/editor\/secretaria-de-cultura-de-neiva-rindio-cuentas-a-los-gestores-culturales-de-la-vigencia-2022\/\",\"url\":\"https:\/\/luchonoticias.com\/editor\/secretaria-de-cultura-de-neiva-rindio-cuentas-a-los-gestores-culturales-de-la-vigencia-2022\/\",\"name\":\"Secretar\u00eda de Cultura de Neiva, rindi\u00f3 cuentas a los gestores culturales de la vigencia 2022 -\",\"isPartOf\":{\"@id\":\"https:\/\/luchonoticias.com\/editor\/#website\"},\"primaryImageOfPage\":{\"@id\":\"https:\/\/luchonoticias.com\/editor\/secretaria-de-cultura-de-neiva-rindio-cuentas-a-los-gestores-culturales-de-la-vigencia-2022\/#primaryimage\"},\"image\":{\"@id\":\"https:\/\/luchonoticias.com\/editor\/secretaria-de-cultura-de-neiva-rindio-cuentas-a-los-gestores-culturales-de-la-vigencia-2022\/#primaryimage\"},\"thumbnailUrl\":\"https:\/\/luchonoticias.com\/wp-content\/uploads\/2023\/03\/WhatsApp-Image-2023-03-01-at-7.44.57-PM-1024x768.jpeg\",\"datePublished\":\"2023-03-02T12:05:11+00:00\",\"dateModified\":\"2023-03-02T12:05:12+00:00\",\"breadcrumb\":{\"@id\":\"https:\/\/luchonoticias.com\/editor\/secretaria-de-cultura-de-neiva-rindio-cuentas-a-los-gestores-culturales-de-la-vigencia-2022\/#breadcrumb\"},\"inLanguage\":\"es\",\"potentialAction\":[{\"@type\":\"ReadAction\",\"target\":[\"https:\/\/luchonoticias.com\/editor\/secretaria-de-cultura-de-neiva-rindio-cuentas-a-los-gestores-culturales-de-la-vigencia-2022\/\"]}]},{\"@type\":\"ImageObject\",\"inLanguage\":\"es\",\"@id\":\"https:\/\/luchonoticias.com\/editor\/secretaria-de-cultura-de-neiva-rindio-cuentas-a-los-gestores-culturales-de-la-vigencia-2022\/#primaryimage\",\"url\":\"https:\/\/luchonoticias.com\/wp-content\/uploads\/2023\/03\/WhatsApp-Image-2023-03-01-at-7.44.57-PM-1024x768.jpeg\",\"contentUrl\":\"https:\/\/luchonoticias.com\/wp-content\/uploads\/2023\/03\/WhatsApp-Image-2023-03-01-at-7.44.57-PM-1024x768.jpeg\"},{\"@type\":\"BreadcrumbList\",\"@id\":\"https:\/\/luchonoticias.com\/editor\/secretaria-de-cultura-de-neiva-rindio-cuentas-a-los-gestores-culturales-de-la-vigencia-2022\/#breadcrumb\",\"itemListElement\":[{\"@type\":\"ListItem\",\"position\":1,\"name\":\"Portada\",\"item\":\"https:\/\/luchonoticias.com\/editor\/\"},{\"@type\":\"ListItem\",\"position\":2,\"name\":\"Secretar\u00eda de Cultura de Neiva, rindi\u00f3 cuentas a los gestores culturales de la vigencia 2022\"}]},{\"@type\":\"WebSite\",\"@id\":\"https:\/\/luchonoticias.com\/editor\/#website\",\"url\":\"https:\/\/luchonoticias.com\/editor\/\",\"name\":\"\",\"description\":\"\",\"publisher\":{\"@id\":\"https:\/\/luchonoticias.com\/editor\/#\/schema\/person\/7a7fd911f58561fd056dbac7b55af9cd\"},\"potentialAction\":[{\"@type\":\"SearchAction\",\"target\":{\"@type\":\"EntryPoint\",\"urlTemplate\":\"https:\/\/luchonoticias.com\/editor\/?s={search_term_string}\"},\"query-input\":{\"@type\":\"PropertyValueSpecification\",\"valueRequired\":true,\"valueName\":\"search_term_string\"}}],\"inLanguage\":\"es\"},{\"@type\":[\"Person\",\"Organization\"],\"@id\":\"https:\/\/luchonoticias.com\/editor\/#\/schema\/person\/7a7fd911f58561fd056dbac7b55af9cd\",\"name\":\"admin\",\"image\":{\"@type\":\"ImageObject\",\"inLanguage\":\"es\",\"@id\":\"https:\/\/luchonoticias.com\/editor\/#\/schema\/person\/image\/\",\"url\":\"https:\/\/luchonoticias.com\/editor\/wp-content\/uploads\/2024\/02\/cropped-cropped-logolu.webp\",\"contentUrl\":\"https:\/\/luchonoticias.com\/editor\/wp-content\/uploads\/2024\/02\/cropped-cropped-logolu.webp\",\"width\":382,\"height\":170,\"caption\":\"admin\"},\"logo\":{\"@id\":\"https:\/\/luchonoticias.com\/editor\/#\/schema\/person\/image\/\"},\"sameAs\":[\"https:\/\/www.facebook.com\/luchonoticiasneiva\"]},{\"@type\":\"Person\",\"@id\":\"https:\/\/luchonoticias.com\/editor\/#\/schema\/person\/29217990ddf6f14e35912b2866d591fb\",\"name\":\"Editor General\",\"image\":{\"@type\":\"ImageObject\",\"inLanguage\":\"es\",\"@id\":\"https:\/\/luchonoticias.com\/editor\/#\/schema\/person\/image\/\",\"url\":\"https:\/\/luchonoticias.com\/editor\/wp-content\/uploads\/2024\/02\/cropped-cropped-logolu-150x150.webp\",\"contentUrl\":\"https:\/\/luchonoticias.com\/editor\/wp-content\/uploads\/2024\/02\/cropped-cropped-logolu-150x150.webp\",\"caption\":\"Editor General\"},\"sameAs\":[\"https:\/\/luchonoticias.com\/\"],\"url\":\"https:\/\/luchonoticias.com\/editor\/author\/editor-general\/\"}]}<\/script>\n<!-- \/ Yoast SEO plugin. -->","yoast_head_json":{"title":"Secretar\u00eda de Cultura de Neiva, rindi\u00f3 cuentas a los gestores culturales de la vigencia 2022 -","robots":{"index":"index","follow":"follow","max-snippet":"max-snippet:-1","max-image-preview":"max-image-preview:large","max-video-preview":"max-video-preview:-1"},"canonical":"https:\/\/luchonoticias.com\/editor\/secretaria-de-cultura-de-neiva-rindio-cuentas-a-los-gestores-culturales-de-la-vigencia-2022\/","og_locale":"es_ES","og_type":"article","og_title":"Secretar\u00eda de Cultura de Neiva, rindi\u00f3 cuentas a los gestores culturales de la vigencia 2022 -","og_url":"https:\/\/luchonoticias.com\/editor\/secretaria-de-cultura-de-neiva-rindio-cuentas-a-los-gestores-culturales-de-la-vigencia-2022\/","article_publisher":"https:\/\/www.facebook.com\/luchonoticiasneiva","article_published_time":"2023-03-02T12:05:11+00:00","article_modified_time":"2023-03-02T12:05:12+00:00","og_image":[{"url":"https:\/\/luchonoticias.com\/wp-content\/uploads\/2023\/03\/WhatsApp-Image-2023-03-01-at-7.44.57-PM-1024x768.jpeg","type":"","width":"","height":""}],"author":"Editor General","twitter_card":"summary_large_image","twitter_misc":{"Escrito por":"Editor General","Tiempo de lectura":"2 minutos"},"schema":{"@context":"https:\/\/schema.org","@graph":[{"@type":"Article","@id":"https:\/\/luchonoticias.com\/editor\/secretaria-de-cultura-de-neiva-rindio-cuentas-a-los-gestores-culturales-de-la-vigencia-2022\/#article","isPartOf":{"@id":"https:\/\/luchonoticias.com\/editor\/secretaria-de-cultura-de-neiva-rindio-cuentas-a-los-gestores-culturales-de-la-vigencia-2022\/"},"author":{"name":"Editor General","@id":"https:\/\/luchonoticias.com\/editor\/#\/schema\/person\/29217990ddf6f14e35912b2866d591fb"},"headline":"Secretar\u00eda de Cultura de Neiva, rindi\u00f3 cuentas a los gestores culturales de la vigencia 2022","datePublished":"2023-03-02T12:05:11+00:00","dateModified":"2023-03-02T12:05:12+00:00","mainEntityOfPage":{"@id":"https:\/\/luchonoticias.com\/editor\/secretaria-de-cultura-de-neiva-rindio-cuentas-a-los-gestores-culturales-de-la-vigencia-2022\/"},"wordCount":491,"commentCount":0,"publisher":{"@id":"https:\/\/luchonoticias.com\/editor\/#\/schema\/person\/7a7fd911f58561fd056dbac7b55af9cd"},"image":{"@id":"https:\/\/luchonoticias.com\/editor\/secretaria-de-cultura-de-neiva-rindio-cuentas-a-los-gestores-culturales-de-la-vigencia-2022\/#primaryimage"},"thumbnailUrl":"https:\/\/luchonoticias.com\/wp-content\/uploads\/2023\/03\/WhatsApp-Image-2023-03-01-at-7.44.57-PM-1024x768.jpeg","articleSection":["Destacado","Local"],"inLanguage":"es","potentialAction":[{"@type":"CommentAction","name":"Comment","target":["https:\/\/luchonoticias.com\/editor\/secretaria-de-cultura-de-neiva-rindio-cuentas-a-los-gestores-culturales-de-la-vigencia-2022\/#respond"]}]},{"@type":"WebPage","@id":"https:\/\/luchonoticias.com\/editor\/secretaria-de-cultura-de-neiva-rindio-cuentas-a-los-gestores-culturales-de-la-vigencia-2022\/","url":"https:\/\/luchonoticias.com\/editor\/secretaria-de-cultura-de-neiva-rindio-cuentas-a-los-gestores-culturales-de-la-vigencia-2022\/","name":"Secretar\u00eda de Cultura de Neiva, rindi\u00f3 cuentas a los gestores culturales de la vigencia 2022 -","isPartOf":{"@id":"https:\/\/luchonoticias.com\/editor\/#website"},"primaryImageOfPage":{"@id":"https:\/\/luchonoticias.com\/editor\/secretaria-de-cultura-de-neiva-rindio-cuentas-a-los-gestores-culturales-de-la-vigencia-2022\/#primaryimage"},"image":{"@id":"https:\/\/luchonoticias.com\/editor\/secretaria-de-cultura-de-neiva-rindio-cuentas-a-los-gestores-culturales-de-la-vigencia-2022\/#primaryimage"},"thumbnailUrl":"https:\/\/luchonoticias.com\/wp-content\/uploads\/2023\/03\/WhatsApp-Image-2023-03-01-at-7.44.57-PM-1024x768.jpeg","datePublished":"2023-03-02T12:05:11+00:00","dateModified":"2023-03-02T12:05:12+00:00","breadcrumb":{"@id":"https:\/\/luchonoticias.com\/editor\/secretaria-de-cultura-de-neiva-rindio-cuentas-a-los-gestores-culturales-de-la-vigencia-2022\/#breadcrumb"},"inLanguage":"es","potentialAction":[{"@type":"ReadAction","target":["https:\/\/luchonoticias.com\/editor\/secretaria-de-cultura-de-neiva-rindio-cuentas-a-los-gestores-culturales-de-la-vigencia-2022\/"]}]},{"@type":"ImageObject","inLanguage":"es","@id":"https:\/\/luchonoticias.com\/editor\/secretaria-de-cultura-de-neiva-rindio-cuentas-a-los-gestores-culturales-de-la-vigencia-2022\/#primaryimage","url":"https:\/\/luchonoticias.com\/wp-content\/uploads\/2023\/03\/WhatsApp-Image-2023-03-01-at-7.44.57-PM-1024x768.jpeg","contentUrl":"https:\/\/luchonoticias.com\/wp-content\/uploads\/2023\/03\/WhatsApp-Image-2023-03-01-at-7.44.57-PM-1024x768.jpeg"},{"@type":"BreadcrumbList","@id":"https:\/\/luchonoticias.com\/editor\/secretaria-de-cultura-de-neiva-rindio-cuentas-a-los-gestores-culturales-de-la-vigencia-2022\/#breadcrumb","itemListElement":[{"@type":"ListItem","position":1,"name":"Portada","item":"https:\/\/luchonoticias.com\/editor\/"},{"@type":"ListItem","position":2,"name":"Secretar\u00eda de Cultura de Neiva, rindi\u00f3 cuentas a los gestores culturales de la vigencia 2022"}]},{"@type":"WebSite","@id":"https:\/\/luchonoticias.com\/editor\/#website","url":"https:\/\/luchonoticias.com\/editor\/","name":"","description":"","publisher":{"@id":"https:\/\/luchonoticias.com\/editor\/#\/schema\/person\/7a7fd911f58561fd056dbac7b55af9cd"},"potentialAction":[{"@type":"SearchAction","target":{"@type":"EntryPoint","urlTemplate":"https:\/\/luchonoticias.com\/editor\/?s={search_term_string}"},"query-input":{"@type":"PropertyValueSpecification","valueRequired":true,"valueName":"search_term_string"}}],"inLanguage":"es"},{"@type":["Person","Organization"],"@id":"https:\/\/luchonoticias.com\/editor\/#\/schema\/person\/7a7fd911f58561fd056dbac7b55af9cd","name":"admin","image":{"@type":"ImageObject","inLanguage":"es","@id":"https:\/\/luchonoticias.com\/editor\/#\/schema\/person\/image\/","url":"https:\/\/luchonoticias.com\/editor\/wp-content\/uploads\/2024\/02\/cropped-cropped-logolu.webp","contentUrl":"https:\/\/luchonoticias.com\/editor\/wp-content\/uploads\/2024\/02\/cropped-cropped-logolu.webp","width":382,"height":170,"caption":"admin"},"logo":{"@id":"https:\/\/luchonoticias.com\/editor\/#\/schema\/person\/image\/"},"sameAs":["https:\/\/www.facebook.com\/luchonoticiasneiva"]},{"@type":"Person","@id":"https:\/\/luchonoticias.com\/editor\/#\/schema\/person\/29217990ddf6f14e35912b2866d591fb","name":"Editor General","image":{"@type":"ImageObject","inLanguage":"es","@id":"https:\/\/luchonoticias.com\/editor\/#\/schema\/person\/image\/","url":"https:\/\/luchonoticias.com\/editor\/wp-content\/uploads\/2024\/02\/cropped-cropped-logolu-150x150.webp","contentUrl":"https:\/\/luchonoticias.com\/editor\/wp-content\/uploads\/2024\/02\/cropped-cropped-logolu-150x150.webp","caption":"Editor General"},"sameAs":["https:\/\/luchonoticias.com\/"],"url":"https:\/\/luchonoticias.com\/editor\/author\/editor-general\/"}]}},"_links":{"self":[{"href":"https:\/\/luchonoticias.com\/editor\/wp-json\/wp\/v2\/posts\/47296","targetHints":{"allow":["GET"]}}],"collection":[{"href":"https:\/\/luchonoticias.com\/editor\/wp-json\/wp\/v2\/posts"}],"about":[{"href":"https:\/\/luchonoticias.com\/editor\/wp-json\/wp\/v2\/types\/post"}],"author":[{"embeddable":true,"href":"https:\/\/luchonoticias.com\/editor\/wp-json\/wp\/v2\/users\/2"}],"replies":[{"embeddable":true,"href":"https:\/\/luchonoticias.com\/editor\/wp-json\/wp\/v2\/comments?post=47296"}],"version-history":[{"count":0,"href":"https:\/\/luchonoticias.com\/editor\/wp-json\/wp\/v2\/posts\/47296\/revisions"}],"wp:attachment":[{"href":"https:\/\/luchonoticias.com\/editor\/wp-json\/wp\/v2\/media?parent=47296"}],"wp:term":[{"taxonomy":"category","embeddable":true,"href":"https:\/\/luchonoticias.com\/editor\/wp-json\/wp\/v2\/categories?post=47296"},{"taxonomy":"post_tag","embeddable":true,"href":"https:\/\/luchonoticias.com\/editor\/wp-json\/wp\/v2\/tags?post=47296"}],"curies":[{"name":"wp","href":"https:\/\/api.w.org\/{rel}","templated":true}]}}