{"id":47301,"date":"2023-03-02T07:08:37","date_gmt":"2023-03-02T12:08:37","guid":{"rendered":"https:\/\/luchonoticias.com\/?p=47301"},"modified":"2023-03-02T07:08:38","modified_gmt":"2023-03-02T12:08:38","slug":"instalado-el-primer-periodo-de-sesiones-ordinarias-para-el-2023-del-concejo-de-neiva","status":"publish","type":"post","link":"https:\/\/luchonoticias.com\/editor\/instalado-el-primer-periodo-de-sesiones-ordinarias-para-el-2023-del-concejo-de-neiva\/","title":{"rendered":"Instalado el primer periodo de sesiones ordinarias para el 2023 del Concejo de Neiva"},"content":{"rendered":"\n<p>Seg\u00fan el presidente de la corporaci\u00f3n, al d\u00eda de hoy no se han presentado proyectos de acuerdo nuevos para estudio, pero se tienen varios que est\u00e1n para segundo debate, como el proyecto de empr\u00e9stito que pas\u00f3 en primer debate en sesiones extraordinarias.<\/p>\n\n\n\n<p>\u201cAhora tendremos la oportunidad de hacer los debates de control pol\u00edtico que a bien tengamos, puesto que en las sesiones extraordinarias no lo pudimos hacer, tambi\u00e9n se pueden hacer invitaciones a personas naturales, jur\u00eddicas, podemos recibir socializaciones de diferentes informes como los de la Personer\u00eda, algunas secretar\u00edas y de esa manera es que se va construyendo la agenda, para estos meses de marzo y abril que tenemos las sesiones ordinarias\u201d, indic\u00f3 Cangrejo Torres.<\/p>\n\n\n\n<p>Por su parte, el alcalde de Neiva, se\u00f1al\u00f3 que presentar\u00e1n adem\u00e1s, dos proyectos de adici\u00f3n presupuestal.<\/p>\n\n\n\n<p>\u201cTres importantes proyectos, uno que est\u00e1 en desarrollo para segundo debate y dos adiciones presupuestales por presentar para que le den estudio juicioso y anal\u00edtico para que podamos seguir desarrollando la ciudad\u201d, indic\u00f3.<\/p>\n","protected":false},"excerpt":{"rendered":"<p>Seg\u00fan el presidente de la corporaci\u00f3n, al d\u00eda de hoy no se han presentado proyectos de acuerdo nuevos para estudio, pero se tienen varios que est\u00e1n para segundo debate, como el proyecto de empr\u00e9stito que pas\u00f3 en primer debate en sesiones extraordinarias. \u201cAhora tendremos la oportunidad de hacer los debates de control pol\u00edtico que a [&hellip;]<\/p>\n","protected":false},"author":2,"featured_media":0,"comment_status":"open","ping_status":"open","sticky":false,"template":"","format":"standard","meta":{"footnotes":""},"categories":[36,617],"tags":[],"class_list":["post-47301","post","type-post","status-publish","format-standard","hentry","category-destacado","category-politica"],"yoast_head":"<!-- This site is optimized with the Yoast SEO plugin v26.6 - https:\/\/yoast.com\/wordpress\/plugins\/seo\/ -->\n<title>Instalado el primer periodo de sesiones ordinarias para el 2023 del Concejo de Neiva -<\/title>\n<meta name=\"robots\" content=\"index, follow, max-snippet:-1, max-image-preview:large, max-video-preview:-1\" \/>\n<link rel=\"canonical\" href=\"https:\/\/luchonoticias.com\/editor\/instalado-el-primer-periodo-de-sesiones-ordinarias-para-el-2023-del-concejo-de-neiva\/\" \/>\n<meta property=\"og:locale\" content=\"es_ES\" \/>\n<meta property=\"og:type\" content=\"article\" \/>\n<meta property=\"og:title\" content=\"Instalado el primer periodo de sesiones ordinarias para el 2023 del Concejo de Neiva -\" \/>\n<meta property=\"og:url\" content=\"https:\/\/luchonoticias.com\/editor\/instalado-el-primer-periodo-de-sesiones-ordinarias-para-el-2023-del-concejo-de-neiva\/\" \/>\n<meta property=\"article:publisher\" content=\"https:\/\/www.facebook.com\/luchonoticiasneiva\" \/>\n<meta property=\"article:published_time\" content=\"2023-03-02T12:08:37+00:00\" \/>\n<meta property=\"article:modified_time\" content=\"2023-03-02T12:08:38+00:00\" \/>\n<meta name=\"author\" content=\"Editor General\" \/>\n<meta name=\"twitter:card\" content=\"summary_large_image\" \/>\n<meta name=\"twitter:label1\" content=\"Escrito por\" \/>\n\t<meta name=\"twitter:data1\" content=\"Editor General\" \/>\n\t<meta name=\"twitter:label2\" content=\"Tiempo de lectura\" \/>\n\t<meta name=\"twitter:data2\" content=\"1 minuto\" \/>\n<script type=\"application\/ld+json\" class=\"yoast-schema-graph\">{\"@context\":\"https:\/\/schema.org\",\"@graph\":[{\"@type\":\"Article\",\"@id\":\"https:\/\/luchonoticias.com\/editor\/instalado-el-primer-periodo-de-sesiones-ordinarias-para-el-2023-del-concejo-de-neiva\/#article\",\"isPartOf\":{\"@id\":\"https:\/\/luchonoticias.com\/editor\/instalado-el-primer-periodo-de-sesiones-ordinarias-para-el-2023-del-concejo-de-neiva\/\"},\"author\":{\"name\":\"Editor General\",\"@id\":\"https:\/\/luchonoticias.com\/editor\/#\/schema\/person\/29217990ddf6f14e35912b2866d591fb\"},\"headline\":\"Instalado el primer periodo de sesiones ordinarias para el 2023 del Concejo de Neiva\",\"datePublished\":\"2023-03-02T12:08:37+00:00\",\"dateModified\":\"2023-03-02T12:08:38+00:00\",\"mainEntityOfPage\":{\"@id\":\"https:\/\/luchonoticias.com\/editor\/instalado-el-primer-periodo-de-sesiones-ordinarias-para-el-2023-del-concejo-de-neiva\/\"},\"wordCount\":192,\"commentCount\":0,\"publisher\":{\"@id\":\"https:\/\/luchonoticias.com\/editor\/#\/schema\/person\/7a7fd911f58561fd056dbac7b55af9cd\"},\"articleSection\":[\"Destacado\",\"Pol\u00edtica\"],\"inLanguage\":\"es\",\"potentialAction\":[{\"@type\":\"CommentAction\",\"name\":\"Comment\",\"target\":[\"https:\/\/luchonoticias.com\/editor\/instalado-el-primer-periodo-de-sesiones-ordinarias-para-el-2023-del-concejo-de-neiva\/#respond\"]}]},{\"@type\":\"WebPage\",\"@id\":\"https:\/\/luchonoticias.com\/editor\/instalado-el-primer-periodo-de-sesiones-ordinarias-para-el-2023-del-concejo-de-neiva\/\",\"url\":\"https:\/\/luchonoticias.com\/editor\/instalado-el-primer-periodo-de-sesiones-ordinarias-para-el-2023-del-concejo-de-neiva\/\",\"name\":\"Instalado el primer periodo de sesiones ordinarias para el 2023 del Concejo de Neiva -\",\"isPartOf\":{\"@id\":\"https:\/\/luchonoticias.com\/editor\/#website\"},\"datePublished\":\"2023-03-02T12:08:37+00:00\",\"dateModified\":\"2023-03-02T12:08:38+00:00\",\"breadcrumb\":{\"@id\":\"https:\/\/luchonoticias.com\/editor\/instalado-el-primer-periodo-de-sesiones-ordinarias-para-el-2023-del-concejo-de-neiva\/#breadcrumb\"},\"inLanguage\":\"es\",\"potentialAction\":[{\"@type\":\"ReadAction\",\"target\":[\"https:\/\/luchonoticias.com\/editor\/instalado-el-primer-periodo-de-sesiones-ordinarias-para-el-2023-del-concejo-de-neiva\/\"]}]},{\"@type\":\"BreadcrumbList\",\"@id\":\"https:\/\/luchonoticias.com\/editor\/instalado-el-primer-periodo-de-sesiones-ordinarias-para-el-2023-del-concejo-de-neiva\/#breadcrumb\",\"itemListElement\":[{\"@type\":\"ListItem\",\"position\":1,\"name\":\"Portada\",\"item\":\"https:\/\/luchonoticias.com\/editor\/\"},{\"@type\":\"ListItem\",\"position\":2,\"name\":\"Instalado el primer periodo de sesiones ordinarias para el 2023 del Concejo de Neiva\"}]},{\"@type\":\"WebSite\",\"@id\":\"https:\/\/luchonoticias.com\/editor\/#website\",\"url\":\"https:\/\/luchonoticias.com\/editor\/\",\"name\":\"\",\"description\":\"\",\"publisher\":{\"@id\":\"https:\/\/luchonoticias.com\/editor\/#\/schema\/person\/7a7fd911f58561fd056dbac7b55af9cd\"},\"potentialAction\":[{\"@type\":\"SearchAction\",\"target\":{\"@type\":\"EntryPoint\",\"urlTemplate\":\"https:\/\/luchonoticias.com\/editor\/?s={search_term_string}\"},\"query-input\":{\"@type\":\"PropertyValueSpecification\",\"valueRequired\":true,\"valueName\":\"search_term_string\"}}],\"inLanguage\":\"es\"},{\"@type\":[\"Person\",\"Organization\"],\"@id\":\"https:\/\/luchonoticias.com\/editor\/#\/schema\/person\/7a7fd911f58561fd056dbac7b55af9cd\",\"name\":\"admin\",\"image\":{\"@type\":\"ImageObject\",\"inLanguage\":\"es\",\"@id\":\"https:\/\/luchonoticias.com\/editor\/#\/schema\/person\/image\/\",\"url\":\"https:\/\/luchonoticias.com\/editor\/wp-content\/uploads\/2024\/02\/cropped-cropped-logolu.webp\",\"contentUrl\":\"https:\/\/luchonoticias.com\/editor\/wp-content\/uploads\/2024\/02\/cropped-cropped-logolu.webp\",\"width\":382,\"height\":170,\"caption\":\"admin\"},\"logo\":{\"@id\":\"https:\/\/luchonoticias.com\/editor\/#\/schema\/person\/image\/\"},\"sameAs\":[\"https:\/\/www.facebook.com\/luchonoticiasneiva\"]},{\"@type\":\"Person\",\"@id\":\"https:\/\/luchonoticias.com\/editor\/#\/schema\/person\/29217990ddf6f14e35912b2866d591fb\",\"name\":\"Editor General\",\"image\":{\"@type\":\"ImageObject\",\"inLanguage\":\"es\",\"@id\":\"https:\/\/luchonoticias.com\/editor\/#\/schema\/person\/image\/\",\"url\":\"https:\/\/luchonoticias.com\/editor\/wp-content\/uploads\/2024\/02\/cropped-cropped-logolu-150x150.webp\",\"contentUrl\":\"https:\/\/luchonoticias.com\/editor\/wp-content\/uploads\/2024\/02\/cropped-cropped-logolu-150x150.webp\",\"caption\":\"Editor General\"},\"sameAs\":[\"https:\/\/luchonoticias.com\/\"],\"url\":\"https:\/\/luchonoticias.com\/editor\/author\/editor-general\/\"}]}<\/script>\n<!-- \/ Yoast SEO plugin. -->","yoast_head_json":{"title":"Instalado el primer periodo de sesiones ordinarias para el 2023 del Concejo de Neiva -","robots":{"index":"index","follow":"follow","max-snippet":"max-snippet:-1","max-image-preview":"max-image-preview:large","max-video-preview":"max-video-preview:-1"},"canonical":"https:\/\/luchonoticias.com\/editor\/instalado-el-primer-periodo-de-sesiones-ordinarias-para-el-2023-del-concejo-de-neiva\/","og_locale":"es_ES","og_type":"article","og_title":"Instalado el primer periodo de sesiones ordinarias para el 2023 del Concejo de Neiva -","og_url":"https:\/\/luchonoticias.com\/editor\/instalado-el-primer-periodo-de-sesiones-ordinarias-para-el-2023-del-concejo-de-neiva\/","article_publisher":"https:\/\/www.facebook.com\/luchonoticiasneiva","article_published_time":"2023-03-02T12:08:37+00:00","article_modified_time":"2023-03-02T12:08:38+00:00","author":"Editor General","twitter_card":"summary_large_image","twitter_misc":{"Escrito por":"Editor General","Tiempo de lectura":"1 minuto"},"schema":{"@context":"https:\/\/schema.org","@graph":[{"@type":"Article","@id":"https:\/\/luchonoticias.com\/editor\/instalado-el-primer-periodo-de-sesiones-ordinarias-para-el-2023-del-concejo-de-neiva\/#article","isPartOf":{"@id":"https:\/\/luchonoticias.com\/editor\/instalado-el-primer-periodo-de-sesiones-ordinarias-para-el-2023-del-concejo-de-neiva\/"},"author":{"name":"Editor General","@id":"https:\/\/luchonoticias.com\/editor\/#\/schema\/person\/29217990ddf6f14e35912b2866d591fb"},"headline":"Instalado el primer periodo de sesiones ordinarias para el 2023 del Concejo de Neiva","datePublished":"2023-03-02T12:08:37+00:00","dateModified":"2023-03-02T12:08:38+00:00","mainEntityOfPage":{"@id":"https:\/\/luchonoticias.com\/editor\/instalado-el-primer-periodo-de-sesiones-ordinarias-para-el-2023-del-concejo-de-neiva\/"},"wordCount":192,"commentCount":0,"publisher":{"@id":"https:\/\/luchonoticias.com\/editor\/#\/schema\/person\/7a7fd911f58561fd056dbac7b55af9cd"},"articleSection":["Destacado","Pol\u00edtica"],"inLanguage":"es","potentialAction":[{"@type":"CommentAction","name":"Comment","target":["https:\/\/luchonoticias.com\/editor\/instalado-el-primer-periodo-de-sesiones-ordinarias-para-el-2023-del-concejo-de-neiva\/#respond"]}]},{"@type":"WebPage","@id":"https:\/\/luchonoticias.com\/editor\/instalado-el-primer-periodo-de-sesiones-ordinarias-para-el-2023-del-concejo-de-neiva\/","url":"https:\/\/luchonoticias.com\/editor\/instalado-el-primer-periodo-de-sesiones-ordinarias-para-el-2023-del-concejo-de-neiva\/","name":"Instalado el primer periodo de sesiones ordinarias para el 2023 del Concejo de Neiva -","isPartOf":{"@id":"https:\/\/luchonoticias.com\/editor\/#website"},"datePublished":"2023-03-02T12:08:37+00:00","dateModified":"2023-03-02T12:08:38+00:00","breadcrumb":{"@id":"https:\/\/luchonoticias.com\/editor\/instalado-el-primer-periodo-de-sesiones-ordinarias-para-el-2023-del-concejo-de-neiva\/#breadcrumb"},"inLanguage":"es","potentialAction":[{"@type":"ReadAction","target":["https:\/\/luchonoticias.com\/editor\/instalado-el-primer-periodo-de-sesiones-ordinarias-para-el-2023-del-concejo-de-neiva\/"]}]},{"@type":"BreadcrumbList","@id":"https:\/\/luchonoticias.com\/editor\/instalado-el-primer-periodo-de-sesiones-ordinarias-para-el-2023-del-concejo-de-neiva\/#breadcrumb","itemListElement":[{"@type":"ListItem","position":1,"name":"Portada","item":"https:\/\/luchonoticias.com\/editor\/"},{"@type":"ListItem","position":2,"name":"Instalado el primer periodo de sesiones ordinarias para el 2023 del Concejo de Neiva"}]},{"@type":"WebSite","@id":"https:\/\/luchonoticias.com\/editor\/#website","url":"https:\/\/luchonoticias.com\/editor\/","name":"","description":"","publisher":{"@id":"https:\/\/luchonoticias.com\/editor\/#\/schema\/person\/7a7fd911f58561fd056dbac7b55af9cd"},"potentialAction":[{"@type":"SearchAction","target":{"@type":"EntryPoint","urlTemplate":"https:\/\/luchonoticias.com\/editor\/?s={search_term_string}"},"query-input":{"@type":"PropertyValueSpecification","valueRequired":true,"valueName":"search_term_string"}}],"inLanguage":"es"},{"@type":["Person","Organization"],"@id":"https:\/\/luchonoticias.com\/editor\/#\/schema\/person\/7a7fd911f58561fd056dbac7b55af9cd","name":"admin","image":{"@type":"ImageObject","inLanguage":"es","@id":"https:\/\/luchonoticias.com\/editor\/#\/schema\/person\/image\/","url":"https:\/\/luchonoticias.com\/editor\/wp-content\/uploads\/2024\/02\/cropped-cropped-logolu.webp","contentUrl":"https:\/\/luchonoticias.com\/editor\/wp-content\/uploads\/2024\/02\/cropped-cropped-logolu.webp","width":382,"height":170,"caption":"admin"},"logo":{"@id":"https:\/\/luchonoticias.com\/editor\/#\/schema\/person\/image\/"},"sameAs":["https:\/\/www.facebook.com\/luchonoticiasneiva"]},{"@type":"Person","@id":"https:\/\/luchonoticias.com\/editor\/#\/schema\/person\/29217990ddf6f14e35912b2866d591fb","name":"Editor General","image":{"@type":"ImageObject","inLanguage":"es","@id":"https:\/\/luchonoticias.com\/editor\/#\/schema\/person\/image\/","url":"https:\/\/luchonoticias.com\/editor\/wp-content\/uploads\/2024\/02\/cropped-cropped-logolu-150x150.webp","contentUrl":"https:\/\/luchonoticias.com\/editor\/wp-content\/uploads\/2024\/02\/cropped-cropped-logolu-150x150.webp","caption":"Editor General"},"sameAs":["https:\/\/luchonoticias.com\/"],"url":"https:\/\/luchonoticias.com\/editor\/author\/editor-general\/"}]}},"_links":{"self":[{"href":"https:\/\/luchonoticias.com\/editor\/wp-json\/wp\/v2\/posts\/47301","targetHints":{"allow":["GET"]}}],"collection":[{"href":"https:\/\/luchonoticias.com\/editor\/wp-json\/wp\/v2\/posts"}],"about":[{"href":"https:\/\/luchonoticias.com\/editor\/wp-json\/wp\/v2\/types\/post"}],"author":[{"embeddable":true,"href":"https:\/\/luchonoticias.com\/editor\/wp-json\/wp\/v2\/users\/2"}],"replies":[{"embeddable":true,"href":"https:\/\/luchonoticias.com\/editor\/wp-json\/wp\/v2\/comments?post=47301"}],"version-history":[{"count":0,"href":"https:\/\/luchonoticias.com\/editor\/wp-json\/wp\/v2\/posts\/47301\/revisions"}],"wp:attachment":[{"href":"https:\/\/luchonoticias.com\/editor\/wp-json\/wp\/v2\/media?parent=47301"}],"wp:term":[{"taxonomy":"category","embeddable":true,"href":"https:\/\/luchonoticias.com\/editor\/wp-json\/wp\/v2\/categories?post=47301"},{"taxonomy":"post_tag","embeddable":true,"href":"https:\/\/luchonoticias.com\/editor\/wp-json\/wp\/v2\/tags?post=47301"}],"curies":[{"name":"wp","href":"https:\/\/api.w.org\/{rel}","templated":true}]}}