{"id":47311,"date":"2023-03-02T07:57:53","date_gmt":"2023-03-02T12:57:53","guid":{"rendered":"https:\/\/luchonoticias.com\/?p=47311"},"modified":"2023-03-02T07:57:54","modified_gmt":"2023-03-02T12:57:54","slug":"feria-de-anato-y-sus-grandes-beneficios-para-el-huila","status":"publish","type":"post","link":"https:\/\/luchonoticias.com\/editor\/feria-de-anato-y-sus-grandes-beneficios-para-el-huila\/","title":{"rendered":"Feria de Anato y sus grandes beneficios para el Huila"},"content":{"rendered":"\n<p>Del 22 al 24 de febrero el&nbsp;<strong>Huila logr\u00f3 mostrar a Colombia y el mundo; toda su oferta tur\u00edstica y cultural<\/strong>; desde El desierto de la Tatacoa, al Parque Arqueol\u00f3gico de San Agust\u00edn, pasando por hermosos paisajes cafeteros, y viviendo siempre una aventura con la naturaleza.<\/p>\n\n\n\n<p>\u201cNos sentimos muy complacidos con el<strong>&nbsp;\u00e9xito que tuvo nuestro departamento en la Vitrina Tur\u00edstica m\u00e1s importante del pa\u00eds Anato 2023<\/strong>, donde fueron m\u00e1s de 3.437 visita de empresarios, de los cuales 130 hicieron presencia en la presentaci\u00f3n de destino que desarrollaron nuestros empresarios en articulaci\u00f3n con los prestadores de servicios tur\u00edsticos y los municipios que nos acompa\u00f1aron. Se lograron consolidar 361 citas de negocios, lo que permiti\u00f3 obtener una proyecci\u00f3n de negocios de $4.323 millones para el a\u00f1o 2023, cifra nunca vista para nuestra regi\u00f3n\u201d, anot\u00f3 Nelcy Tovar, secretar\u00eda de Cultura y Turismo del Huila.<\/p>\n\n\n\n<p>Con 31 empresario de la cadena de valor del sector turismo, y seis municipios de vocaci\u00f3n tur\u00edstica como San Agust\u00edn, Villavieja, Pitalito, Garz\u00f3n, Campoalegre y Rivera, se realiz\u00f3 un trabajo articulado entre la Gobernaci\u00f3n del Huila a trav\u00e9s de la secretaria de Cultura y Turismo, donde&nbsp;<strong>se logr\u00f3 llegar con una oferta tur\u00edstica de cerca de 700 prestadores de servicios tur\u00edsticos del Departamento<\/strong>, para ser ofertados en este gran evento.<\/p>\n\n\n\n<p>Todo este gran trabajo desarrollado en esta gran vitrina logra&nbsp;<strong>demostrar que el Huila es potencia tur\u00edstica a nivel nacional<\/strong>&nbsp;por ser un producto que se consolida cada d\u00eda m\u00e1s en los segmentos de Naturaleza y Cultura, con una proyecci\u00f3n de preferencia en los siguientes balances 25%Arqueolog\u00eda, 23%Astroturismo, 19% festival, 16%Aventura, 7%Ecoturismo, 5% Agroturismo y 5%Avistamiento.<\/p>\n\n\n\n<p>La Vitrina Tur\u00edstica Anato 2023 permiti\u00f3 dar a conocer todo el fortalecimiento que ha realizado el gobierno \u201cHuila Crece\u201d en el eje tur\u00edstico. Logrando grandes avances en cada una de las \u00e1reas del turismo, entre ellas,&nbsp;<strong>estar entre los 10 mejores departamentos con mejor enfoque tur\u00edstico natural<\/strong>, as\u00ed como mejorar el \u00edndice de competitividad tur\u00edstica pasando del puesto 12 al 10 en el escalaf\u00f3n nacional.<\/p>\n","protected":false},"excerpt":{"rendered":"<p>Del 22 al 24 de febrero el&nbsp;Huila logr\u00f3 mostrar a Colombia y el mundo; toda su oferta tur\u00edstica y cultural; desde El desierto de la Tatacoa, al Parque Arqueol\u00f3gico de San Agust\u00edn, pasando por hermosos paisajes cafeteros, y viviendo siempre una aventura con la naturaleza. \u201cNos sentimos muy complacidos con el&nbsp;\u00e9xito que tuvo nuestro departamento [&hellip;]<\/p>\n","protected":false},"author":2,"featured_media":0,"comment_status":"open","ping_status":"open","sticky":false,"template":"","format":"standard","meta":{"footnotes":""},"categories":[33],"tags":[],"class_list":["post-47311","post","type-post","status-publish","format-standard","hentry","category-huila"],"yoast_head":"<!-- This site is optimized with the Yoast SEO plugin v26.6 - https:\/\/yoast.com\/wordpress\/plugins\/seo\/ -->\n<title>Feria de Anato y sus grandes beneficios para el Huila -<\/title>\n<meta name=\"robots\" content=\"index, follow, max-snippet:-1, max-image-preview:large, max-video-preview:-1\" \/>\n<link rel=\"canonical\" href=\"https:\/\/luchonoticias.com\/editor\/feria-de-anato-y-sus-grandes-beneficios-para-el-huila\/\" \/>\n<meta property=\"og:locale\" content=\"es_ES\" \/>\n<meta property=\"og:type\" content=\"article\" \/>\n<meta property=\"og:title\" content=\"Feria de Anato y sus grandes beneficios para el Huila -\" \/>\n<meta property=\"og:url\" content=\"https:\/\/luchonoticias.com\/editor\/feria-de-anato-y-sus-grandes-beneficios-para-el-huila\/\" \/>\n<meta property=\"article:publisher\" content=\"https:\/\/www.facebook.com\/luchonoticiasneiva\" \/>\n<meta property=\"article:published_time\" content=\"2023-03-02T12:57:53+00:00\" \/>\n<meta property=\"article:modified_time\" content=\"2023-03-02T12:57:54+00:00\" \/>\n<meta name=\"author\" content=\"Editor General\" \/>\n<meta name=\"twitter:card\" content=\"summary_large_image\" \/>\n<meta name=\"twitter:label1\" content=\"Escrito por\" \/>\n\t<meta name=\"twitter:data1\" content=\"Editor General\" \/>\n\t<meta name=\"twitter:label2\" content=\"Tiempo de lectura\" \/>\n\t<meta name=\"twitter:data2\" content=\"2 minutos\" \/>\n<script type=\"application\/ld+json\" class=\"yoast-schema-graph\">{\"@context\":\"https:\/\/schema.org\",\"@graph\":[{\"@type\":\"Article\",\"@id\":\"https:\/\/luchonoticias.com\/editor\/feria-de-anato-y-sus-grandes-beneficios-para-el-huila\/#article\",\"isPartOf\":{\"@id\":\"https:\/\/luchonoticias.com\/editor\/feria-de-anato-y-sus-grandes-beneficios-para-el-huila\/\"},\"author\":{\"name\":\"Editor General\",\"@id\":\"https:\/\/luchonoticias.com\/editor\/#\/schema\/person\/29217990ddf6f14e35912b2866d591fb\"},\"headline\":\"Feria de Anato y sus grandes beneficios para el Huila\",\"datePublished\":\"2023-03-02T12:57:53+00:00\",\"dateModified\":\"2023-03-02T12:57:54+00:00\",\"mainEntityOfPage\":{\"@id\":\"https:\/\/luchonoticias.com\/editor\/feria-de-anato-y-sus-grandes-beneficios-para-el-huila\/\"},\"wordCount\":366,\"commentCount\":0,\"publisher\":{\"@id\":\"https:\/\/luchonoticias.com\/editor\/#\/schema\/person\/7a7fd911f58561fd056dbac7b55af9cd\"},\"articleSection\":[\"Huila\"],\"inLanguage\":\"es\",\"potentialAction\":[{\"@type\":\"CommentAction\",\"name\":\"Comment\",\"target\":[\"https:\/\/luchonoticias.com\/editor\/feria-de-anato-y-sus-grandes-beneficios-para-el-huila\/#respond\"]}]},{\"@type\":\"WebPage\",\"@id\":\"https:\/\/luchonoticias.com\/editor\/feria-de-anato-y-sus-grandes-beneficios-para-el-huila\/\",\"url\":\"https:\/\/luchonoticias.com\/editor\/feria-de-anato-y-sus-grandes-beneficios-para-el-huila\/\",\"name\":\"Feria de Anato y sus grandes beneficios para el Huila -\",\"isPartOf\":{\"@id\":\"https:\/\/luchonoticias.com\/editor\/#website\"},\"datePublished\":\"2023-03-02T12:57:53+00:00\",\"dateModified\":\"2023-03-02T12:57:54+00:00\",\"breadcrumb\":{\"@id\":\"https:\/\/luchonoticias.com\/editor\/feria-de-anato-y-sus-grandes-beneficios-para-el-huila\/#breadcrumb\"},\"inLanguage\":\"es\",\"potentialAction\":[{\"@type\":\"ReadAction\",\"target\":[\"https:\/\/luchonoticias.com\/editor\/feria-de-anato-y-sus-grandes-beneficios-para-el-huila\/\"]}]},{\"@type\":\"BreadcrumbList\",\"@id\":\"https:\/\/luchonoticias.com\/editor\/feria-de-anato-y-sus-grandes-beneficios-para-el-huila\/#breadcrumb\",\"itemListElement\":[{\"@type\":\"ListItem\",\"position\":1,\"name\":\"Portada\",\"item\":\"https:\/\/luchonoticias.com\/editor\/\"},{\"@type\":\"ListItem\",\"position\":2,\"name\":\"Feria de Anato y sus grandes beneficios para el Huila\"}]},{\"@type\":\"WebSite\",\"@id\":\"https:\/\/luchonoticias.com\/editor\/#website\",\"url\":\"https:\/\/luchonoticias.com\/editor\/\",\"name\":\"\",\"description\":\"\",\"publisher\":{\"@id\":\"https:\/\/luchonoticias.com\/editor\/#\/schema\/person\/7a7fd911f58561fd056dbac7b55af9cd\"},\"potentialAction\":[{\"@type\":\"SearchAction\",\"target\":{\"@type\":\"EntryPoint\",\"urlTemplate\":\"https:\/\/luchonoticias.com\/editor\/?s={search_term_string}\"},\"query-input\":{\"@type\":\"PropertyValueSpecification\",\"valueRequired\":true,\"valueName\":\"search_term_string\"}}],\"inLanguage\":\"es\"},{\"@type\":[\"Person\",\"Organization\"],\"@id\":\"https:\/\/luchonoticias.com\/editor\/#\/schema\/person\/7a7fd911f58561fd056dbac7b55af9cd\",\"name\":\"admin\",\"image\":{\"@type\":\"ImageObject\",\"inLanguage\":\"es\",\"@id\":\"https:\/\/luchonoticias.com\/editor\/#\/schema\/person\/image\/\",\"url\":\"https:\/\/luchonoticias.com\/editor\/wp-content\/uploads\/2024\/02\/cropped-cropped-logolu.webp\",\"contentUrl\":\"https:\/\/luchonoticias.com\/editor\/wp-content\/uploads\/2024\/02\/cropped-cropped-logolu.webp\",\"width\":382,\"height\":170,\"caption\":\"admin\"},\"logo\":{\"@id\":\"https:\/\/luchonoticias.com\/editor\/#\/schema\/person\/image\/\"},\"sameAs\":[\"https:\/\/www.facebook.com\/luchonoticiasneiva\"]},{\"@type\":\"Person\",\"@id\":\"https:\/\/luchonoticias.com\/editor\/#\/schema\/person\/29217990ddf6f14e35912b2866d591fb\",\"name\":\"Editor General\",\"image\":{\"@type\":\"ImageObject\",\"inLanguage\":\"es\",\"@id\":\"https:\/\/luchonoticias.com\/editor\/#\/schema\/person\/image\/\",\"url\":\"https:\/\/luchonoticias.com\/editor\/wp-content\/uploads\/2024\/02\/cropped-cropped-logolu-150x150.webp\",\"contentUrl\":\"https:\/\/luchonoticias.com\/editor\/wp-content\/uploads\/2024\/02\/cropped-cropped-logolu-150x150.webp\",\"caption\":\"Editor General\"},\"sameAs\":[\"https:\/\/luchonoticias.com\/\"],\"url\":\"https:\/\/luchonoticias.com\/editor\/author\/editor-general\/\"}]}<\/script>\n<!-- \/ Yoast SEO plugin. -->","yoast_head_json":{"title":"Feria de Anato y sus grandes beneficios para el Huila -","robots":{"index":"index","follow":"follow","max-snippet":"max-snippet:-1","max-image-preview":"max-image-preview:large","max-video-preview":"max-video-preview:-1"},"canonical":"https:\/\/luchonoticias.com\/editor\/feria-de-anato-y-sus-grandes-beneficios-para-el-huila\/","og_locale":"es_ES","og_type":"article","og_title":"Feria de Anato y sus grandes beneficios para el Huila -","og_url":"https:\/\/luchonoticias.com\/editor\/feria-de-anato-y-sus-grandes-beneficios-para-el-huila\/","article_publisher":"https:\/\/www.facebook.com\/luchonoticiasneiva","article_published_time":"2023-03-02T12:57:53+00:00","article_modified_time":"2023-03-02T12:57:54+00:00","author":"Editor General","twitter_card":"summary_large_image","twitter_misc":{"Escrito por":"Editor General","Tiempo de lectura":"2 minutos"},"schema":{"@context":"https:\/\/schema.org","@graph":[{"@type":"Article","@id":"https:\/\/luchonoticias.com\/editor\/feria-de-anato-y-sus-grandes-beneficios-para-el-huila\/#article","isPartOf":{"@id":"https:\/\/luchonoticias.com\/editor\/feria-de-anato-y-sus-grandes-beneficios-para-el-huila\/"},"author":{"name":"Editor General","@id":"https:\/\/luchonoticias.com\/editor\/#\/schema\/person\/29217990ddf6f14e35912b2866d591fb"},"headline":"Feria de Anato y sus grandes beneficios para el Huila","datePublished":"2023-03-02T12:57:53+00:00","dateModified":"2023-03-02T12:57:54+00:00","mainEntityOfPage":{"@id":"https:\/\/luchonoticias.com\/editor\/feria-de-anato-y-sus-grandes-beneficios-para-el-huila\/"},"wordCount":366,"commentCount":0,"publisher":{"@id":"https:\/\/luchonoticias.com\/editor\/#\/schema\/person\/7a7fd911f58561fd056dbac7b55af9cd"},"articleSection":["Huila"],"inLanguage":"es","potentialAction":[{"@type":"CommentAction","name":"Comment","target":["https:\/\/luchonoticias.com\/editor\/feria-de-anato-y-sus-grandes-beneficios-para-el-huila\/#respond"]}]},{"@type":"WebPage","@id":"https:\/\/luchonoticias.com\/editor\/feria-de-anato-y-sus-grandes-beneficios-para-el-huila\/","url":"https:\/\/luchonoticias.com\/editor\/feria-de-anato-y-sus-grandes-beneficios-para-el-huila\/","name":"Feria de Anato y sus grandes beneficios para el Huila -","isPartOf":{"@id":"https:\/\/luchonoticias.com\/editor\/#website"},"datePublished":"2023-03-02T12:57:53+00:00","dateModified":"2023-03-02T12:57:54+00:00","breadcrumb":{"@id":"https:\/\/luchonoticias.com\/editor\/feria-de-anato-y-sus-grandes-beneficios-para-el-huila\/#breadcrumb"},"inLanguage":"es","potentialAction":[{"@type":"ReadAction","target":["https:\/\/luchonoticias.com\/editor\/feria-de-anato-y-sus-grandes-beneficios-para-el-huila\/"]}]},{"@type":"BreadcrumbList","@id":"https:\/\/luchonoticias.com\/editor\/feria-de-anato-y-sus-grandes-beneficios-para-el-huila\/#breadcrumb","itemListElement":[{"@type":"ListItem","position":1,"name":"Portada","item":"https:\/\/luchonoticias.com\/editor\/"},{"@type":"ListItem","position":2,"name":"Feria de Anato y sus grandes beneficios para el Huila"}]},{"@type":"WebSite","@id":"https:\/\/luchonoticias.com\/editor\/#website","url":"https:\/\/luchonoticias.com\/editor\/","name":"","description":"","publisher":{"@id":"https:\/\/luchonoticias.com\/editor\/#\/schema\/person\/7a7fd911f58561fd056dbac7b55af9cd"},"potentialAction":[{"@type":"SearchAction","target":{"@type":"EntryPoint","urlTemplate":"https:\/\/luchonoticias.com\/editor\/?s={search_term_string}"},"query-input":{"@type":"PropertyValueSpecification","valueRequired":true,"valueName":"search_term_string"}}],"inLanguage":"es"},{"@type":["Person","Organization"],"@id":"https:\/\/luchonoticias.com\/editor\/#\/schema\/person\/7a7fd911f58561fd056dbac7b55af9cd","name":"admin","image":{"@type":"ImageObject","inLanguage":"es","@id":"https:\/\/luchonoticias.com\/editor\/#\/schema\/person\/image\/","url":"https:\/\/luchonoticias.com\/editor\/wp-content\/uploads\/2024\/02\/cropped-cropped-logolu.webp","contentUrl":"https:\/\/luchonoticias.com\/editor\/wp-content\/uploads\/2024\/02\/cropped-cropped-logolu.webp","width":382,"height":170,"caption":"admin"},"logo":{"@id":"https:\/\/luchonoticias.com\/editor\/#\/schema\/person\/image\/"},"sameAs":["https:\/\/www.facebook.com\/luchonoticiasneiva"]},{"@type":"Person","@id":"https:\/\/luchonoticias.com\/editor\/#\/schema\/person\/29217990ddf6f14e35912b2866d591fb","name":"Editor General","image":{"@type":"ImageObject","inLanguage":"es","@id":"https:\/\/luchonoticias.com\/editor\/#\/schema\/person\/image\/","url":"https:\/\/luchonoticias.com\/editor\/wp-content\/uploads\/2024\/02\/cropped-cropped-logolu-150x150.webp","contentUrl":"https:\/\/luchonoticias.com\/editor\/wp-content\/uploads\/2024\/02\/cropped-cropped-logolu-150x150.webp","caption":"Editor General"},"sameAs":["https:\/\/luchonoticias.com\/"],"url":"https:\/\/luchonoticias.com\/editor\/author\/editor-general\/"}]}},"_links":{"self":[{"href":"https:\/\/luchonoticias.com\/editor\/wp-json\/wp\/v2\/posts\/47311","targetHints":{"allow":["GET"]}}],"collection":[{"href":"https:\/\/luchonoticias.com\/editor\/wp-json\/wp\/v2\/posts"}],"about":[{"href":"https:\/\/luchonoticias.com\/editor\/wp-json\/wp\/v2\/types\/post"}],"author":[{"embeddable":true,"href":"https:\/\/luchonoticias.com\/editor\/wp-json\/wp\/v2\/users\/2"}],"replies":[{"embeddable":true,"href":"https:\/\/luchonoticias.com\/editor\/wp-json\/wp\/v2\/comments?post=47311"}],"version-history":[{"count":0,"href":"https:\/\/luchonoticias.com\/editor\/wp-json\/wp\/v2\/posts\/47311\/revisions"}],"wp:attachment":[{"href":"https:\/\/luchonoticias.com\/editor\/wp-json\/wp\/v2\/media?parent=47311"}],"wp:term":[{"taxonomy":"category","embeddable":true,"href":"https:\/\/luchonoticias.com\/editor\/wp-json\/wp\/v2\/categories?post=47311"},{"taxonomy":"post_tag","embeddable":true,"href":"https:\/\/luchonoticias.com\/editor\/wp-json\/wp\/v2\/tags?post=47311"}],"curies":[{"name":"wp","href":"https:\/\/api.w.org\/{rel}","templated":true}]}}