{"id":47317,"date":"2023-03-02T08:07:34","date_gmt":"2023-03-02T13:07:34","guid":{"rendered":"https:\/\/luchonoticias.com\/?p=47317"},"modified":"2023-03-02T08:07:35","modified_gmt":"2023-03-02T13:07:35","slug":"gran-oportunidad-del-huila-en-extension-agropecuaria","status":"publish","type":"post","link":"https:\/\/luchonoticias.com\/editor\/gran-oportunidad-del-huila-en-extension-agropecuaria\/","title":{"rendered":"Gran oportunidad del Huila en extensi\u00f3n agropecuaria"},"content":{"rendered":"\n<p>Un total de <strong>3039 millones de pesos para el fortalecimiento del Servicio P\u00fablico de Extensi\u00f3n Agropecuaria en el Huila<\/strong> es la inversi\u00f3n que har\u00e1 la Agencia de Desarrollo Rural durante el 2023; con estos recursos, <strong>se beneficiar\u00e1n 3455 productores rurales <\/strong>del departamento.<\/p>\n\n\n\n<p>\u201cLa extensi\u00f3n agropecuaria no es s\u00f3lo asistencia t\u00e9cnica al cultivador, sino que tambi\u00e9n <strong>contribuye al manejo de los recursos naturales, a la dignificaci\u00f3n del productor colombiano<\/strong> que aporta a la seguridad alimentaria y a la apuesta productiva del territorio para la generaci\u00f3n de ingresos. Por eso, le apostamos al fortalecimiento de la extensi\u00f3n agropecuaria desde diferentes frentes: m\u00e1s inversi\u00f3n y mejor servicio\u201d, asegur\u00f3 el presidente.<\/p>\n\n\n\n<p>El alto funcionario expuso, adem\u00e1s, que este fortalecimiento a la extensi\u00f3n agropecuaria en el departamento hace parte de la <strong>nueva visi\u00f3n de la entidad que concibe a los extensionistas agropecuarios como los mayores coequiperos<\/strong> de los productores rurales del pa\u00eds.<\/p>\n\n\n\n<p>As\u00ed las cosas, los <strong>productores de pl\u00e1tano, arroz, aguacate, granadilla, avicultura, apicultura, psicultura, entre otras l\u00edneas productivas<\/strong> que se dan en la regi\u00f3n, recibir\u00edan nuevos conocimientos t\u00e9cnicos y tecnol\u00f3gicos a trav\u00e9s del Servicio P\u00fablico de Extensi\u00f3n Agropecuaria.<\/p>\n\n\n\n<p>De otro lado, luego de un di\u00e1logo activo con diferentes actores que tienen que ver con el <strong>Distrito Tesalia &#8211; Paicol,<\/strong> un proyecto que no ha entrado en funcionamiento pese a que su construcci\u00f3n inici\u00f3 hace 14 a\u00f1os, la Agencia de Desarrollo Rural se\u00f1al\u00f3 que avanzar\u00e1 en la revisi\u00f3n detallada de esta obra y desde el territorio.<\/p>\n\n\n\n<p>\u201cNo es la obra, es el cambio. Hago un llamado para revisar cu\u00e1l es la mejor inversi\u00f3n p\u00fablica que se debe realizar. El tema no es acabar la obra por acabarla, es ver el impacto sobre la comunidad; la calidad de vida, no s\u00f3lo en t\u00e9rminos de subsistencia sino en la apuesta productiva\u201d, afirm\u00f3 el presidente Bautista.<\/p>\n","protected":false},"excerpt":{"rendered":"<p>Un total de 3039 millones de pesos para el fortalecimiento del Servicio P\u00fablico de Extensi\u00f3n Agropecuaria en el Huila es la inversi\u00f3n que har\u00e1 la Agencia de Desarrollo Rural durante el 2023; con estos recursos, se beneficiar\u00e1n 3455 productores rurales del departamento. \u201cLa extensi\u00f3n agropecuaria no es s\u00f3lo asistencia t\u00e9cnica al cultivador, sino que tambi\u00e9n [&hellip;]<\/p>\n","protected":false},"author":2,"featured_media":0,"comment_status":"open","ping_status":"open","sticky":false,"template":"","format":"standard","meta":{"footnotes":""},"categories":[33],"tags":[],"class_list":["post-47317","post","type-post","status-publish","format-standard","hentry","category-huila"],"yoast_head":"<!-- This site is optimized with the Yoast SEO plugin v26.6 - https:\/\/yoast.com\/wordpress\/plugins\/seo\/ -->\n<title>Gran oportunidad del Huila en extensi\u00f3n agropecuaria -<\/title>\n<meta name=\"robots\" content=\"index, follow, max-snippet:-1, max-image-preview:large, max-video-preview:-1\" \/>\n<link rel=\"canonical\" href=\"https:\/\/luchonoticias.com\/editor\/gran-oportunidad-del-huila-en-extension-agropecuaria\/\" \/>\n<meta property=\"og:locale\" content=\"es_ES\" \/>\n<meta property=\"og:type\" content=\"article\" \/>\n<meta property=\"og:title\" content=\"Gran oportunidad del Huila en extensi\u00f3n agropecuaria -\" \/>\n<meta property=\"og:url\" content=\"https:\/\/luchonoticias.com\/editor\/gran-oportunidad-del-huila-en-extension-agropecuaria\/\" \/>\n<meta property=\"article:publisher\" content=\"https:\/\/www.facebook.com\/luchonoticiasneiva\" \/>\n<meta property=\"article:published_time\" content=\"2023-03-02T13:07:34+00:00\" \/>\n<meta property=\"article:modified_time\" content=\"2023-03-02T13:07:35+00:00\" \/>\n<meta name=\"author\" content=\"Editor General\" \/>\n<meta name=\"twitter:card\" content=\"summary_large_image\" \/>\n<meta name=\"twitter:label1\" content=\"Escrito por\" \/>\n\t<meta name=\"twitter:data1\" content=\"Editor General\" \/>\n\t<meta name=\"twitter:label2\" content=\"Tiempo de lectura\" \/>\n\t<meta name=\"twitter:data2\" content=\"2 minutos\" \/>\n<script type=\"application\/ld+json\" class=\"yoast-schema-graph\">{\"@context\":\"https:\/\/schema.org\",\"@graph\":[{\"@type\":\"Article\",\"@id\":\"https:\/\/luchonoticias.com\/editor\/gran-oportunidad-del-huila-en-extension-agropecuaria\/#article\",\"isPartOf\":{\"@id\":\"https:\/\/luchonoticias.com\/editor\/gran-oportunidad-del-huila-en-extension-agropecuaria\/\"},\"author\":{\"name\":\"Editor General\",\"@id\":\"https:\/\/luchonoticias.com\/editor\/#\/schema\/person\/29217990ddf6f14e35912b2866d591fb\"},\"headline\":\"Gran oportunidad del Huila en extensi\u00f3n agropecuaria\",\"datePublished\":\"2023-03-02T13:07:34+00:00\",\"dateModified\":\"2023-03-02T13:07:35+00:00\",\"mainEntityOfPage\":{\"@id\":\"https:\/\/luchonoticias.com\/editor\/gran-oportunidad-del-huila-en-extension-agropecuaria\/\"},\"wordCount\":338,\"commentCount\":0,\"publisher\":{\"@id\":\"https:\/\/luchonoticias.com\/editor\/#\/schema\/person\/7a7fd911f58561fd056dbac7b55af9cd\"},\"articleSection\":[\"Huila\"],\"inLanguage\":\"es\",\"potentialAction\":[{\"@type\":\"CommentAction\",\"name\":\"Comment\",\"target\":[\"https:\/\/luchonoticias.com\/editor\/gran-oportunidad-del-huila-en-extension-agropecuaria\/#respond\"]}]},{\"@type\":\"WebPage\",\"@id\":\"https:\/\/luchonoticias.com\/editor\/gran-oportunidad-del-huila-en-extension-agropecuaria\/\",\"url\":\"https:\/\/luchonoticias.com\/editor\/gran-oportunidad-del-huila-en-extension-agropecuaria\/\",\"name\":\"Gran oportunidad del Huila en extensi\u00f3n agropecuaria -\",\"isPartOf\":{\"@id\":\"https:\/\/luchonoticias.com\/editor\/#website\"},\"datePublished\":\"2023-03-02T13:07:34+00:00\",\"dateModified\":\"2023-03-02T13:07:35+00:00\",\"breadcrumb\":{\"@id\":\"https:\/\/luchonoticias.com\/editor\/gran-oportunidad-del-huila-en-extension-agropecuaria\/#breadcrumb\"},\"inLanguage\":\"es\",\"potentialAction\":[{\"@type\":\"ReadAction\",\"target\":[\"https:\/\/luchonoticias.com\/editor\/gran-oportunidad-del-huila-en-extension-agropecuaria\/\"]}]},{\"@type\":\"BreadcrumbList\",\"@id\":\"https:\/\/luchonoticias.com\/editor\/gran-oportunidad-del-huila-en-extension-agropecuaria\/#breadcrumb\",\"itemListElement\":[{\"@type\":\"ListItem\",\"position\":1,\"name\":\"Portada\",\"item\":\"https:\/\/luchonoticias.com\/editor\/\"},{\"@type\":\"ListItem\",\"position\":2,\"name\":\"Gran oportunidad del Huila en extensi\u00f3n agropecuaria\"}]},{\"@type\":\"WebSite\",\"@id\":\"https:\/\/luchonoticias.com\/editor\/#website\",\"url\":\"https:\/\/luchonoticias.com\/editor\/\",\"name\":\"\",\"description\":\"\",\"publisher\":{\"@id\":\"https:\/\/luchonoticias.com\/editor\/#\/schema\/person\/7a7fd911f58561fd056dbac7b55af9cd\"},\"potentialAction\":[{\"@type\":\"SearchAction\",\"target\":{\"@type\":\"EntryPoint\",\"urlTemplate\":\"https:\/\/luchonoticias.com\/editor\/?s={search_term_string}\"},\"query-input\":{\"@type\":\"PropertyValueSpecification\",\"valueRequired\":true,\"valueName\":\"search_term_string\"}}],\"inLanguage\":\"es\"},{\"@type\":[\"Person\",\"Organization\"],\"@id\":\"https:\/\/luchonoticias.com\/editor\/#\/schema\/person\/7a7fd911f58561fd056dbac7b55af9cd\",\"name\":\"admin\",\"image\":{\"@type\":\"ImageObject\",\"inLanguage\":\"es\",\"@id\":\"https:\/\/luchonoticias.com\/editor\/#\/schema\/person\/image\/\",\"url\":\"https:\/\/luchonoticias.com\/editor\/wp-content\/uploads\/2024\/02\/cropped-cropped-logolu.webp\",\"contentUrl\":\"https:\/\/luchonoticias.com\/editor\/wp-content\/uploads\/2024\/02\/cropped-cropped-logolu.webp\",\"width\":382,\"height\":170,\"caption\":\"admin\"},\"logo\":{\"@id\":\"https:\/\/luchonoticias.com\/editor\/#\/schema\/person\/image\/\"},\"sameAs\":[\"https:\/\/www.facebook.com\/luchonoticiasneiva\"]},{\"@type\":\"Person\",\"@id\":\"https:\/\/luchonoticias.com\/editor\/#\/schema\/person\/29217990ddf6f14e35912b2866d591fb\",\"name\":\"Editor General\",\"image\":{\"@type\":\"ImageObject\",\"inLanguage\":\"es\",\"@id\":\"https:\/\/luchonoticias.com\/editor\/#\/schema\/person\/image\/\",\"url\":\"https:\/\/luchonoticias.com\/editor\/wp-content\/uploads\/2024\/02\/cropped-cropped-logolu-150x150.webp\",\"contentUrl\":\"https:\/\/luchonoticias.com\/editor\/wp-content\/uploads\/2024\/02\/cropped-cropped-logolu-150x150.webp\",\"caption\":\"Editor General\"},\"sameAs\":[\"https:\/\/luchonoticias.com\/\"],\"url\":\"https:\/\/luchonoticias.com\/editor\/author\/editor-general\/\"}]}<\/script>\n<!-- \/ Yoast SEO plugin. -->","yoast_head_json":{"title":"Gran oportunidad del Huila en extensi\u00f3n agropecuaria -","robots":{"index":"index","follow":"follow","max-snippet":"max-snippet:-1","max-image-preview":"max-image-preview:large","max-video-preview":"max-video-preview:-1"},"canonical":"https:\/\/luchonoticias.com\/editor\/gran-oportunidad-del-huila-en-extension-agropecuaria\/","og_locale":"es_ES","og_type":"article","og_title":"Gran oportunidad del Huila en extensi\u00f3n agropecuaria -","og_url":"https:\/\/luchonoticias.com\/editor\/gran-oportunidad-del-huila-en-extension-agropecuaria\/","article_publisher":"https:\/\/www.facebook.com\/luchonoticiasneiva","article_published_time":"2023-03-02T13:07:34+00:00","article_modified_time":"2023-03-02T13:07:35+00:00","author":"Editor General","twitter_card":"summary_large_image","twitter_misc":{"Escrito por":"Editor General","Tiempo de lectura":"2 minutos"},"schema":{"@context":"https:\/\/schema.org","@graph":[{"@type":"Article","@id":"https:\/\/luchonoticias.com\/editor\/gran-oportunidad-del-huila-en-extension-agropecuaria\/#article","isPartOf":{"@id":"https:\/\/luchonoticias.com\/editor\/gran-oportunidad-del-huila-en-extension-agropecuaria\/"},"author":{"name":"Editor General","@id":"https:\/\/luchonoticias.com\/editor\/#\/schema\/person\/29217990ddf6f14e35912b2866d591fb"},"headline":"Gran oportunidad del Huila en extensi\u00f3n agropecuaria","datePublished":"2023-03-02T13:07:34+00:00","dateModified":"2023-03-02T13:07:35+00:00","mainEntityOfPage":{"@id":"https:\/\/luchonoticias.com\/editor\/gran-oportunidad-del-huila-en-extension-agropecuaria\/"},"wordCount":338,"commentCount":0,"publisher":{"@id":"https:\/\/luchonoticias.com\/editor\/#\/schema\/person\/7a7fd911f58561fd056dbac7b55af9cd"},"articleSection":["Huila"],"inLanguage":"es","potentialAction":[{"@type":"CommentAction","name":"Comment","target":["https:\/\/luchonoticias.com\/editor\/gran-oportunidad-del-huila-en-extension-agropecuaria\/#respond"]}]},{"@type":"WebPage","@id":"https:\/\/luchonoticias.com\/editor\/gran-oportunidad-del-huila-en-extension-agropecuaria\/","url":"https:\/\/luchonoticias.com\/editor\/gran-oportunidad-del-huila-en-extension-agropecuaria\/","name":"Gran oportunidad del Huila en extensi\u00f3n agropecuaria -","isPartOf":{"@id":"https:\/\/luchonoticias.com\/editor\/#website"},"datePublished":"2023-03-02T13:07:34+00:00","dateModified":"2023-03-02T13:07:35+00:00","breadcrumb":{"@id":"https:\/\/luchonoticias.com\/editor\/gran-oportunidad-del-huila-en-extension-agropecuaria\/#breadcrumb"},"inLanguage":"es","potentialAction":[{"@type":"ReadAction","target":["https:\/\/luchonoticias.com\/editor\/gran-oportunidad-del-huila-en-extension-agropecuaria\/"]}]},{"@type":"BreadcrumbList","@id":"https:\/\/luchonoticias.com\/editor\/gran-oportunidad-del-huila-en-extension-agropecuaria\/#breadcrumb","itemListElement":[{"@type":"ListItem","position":1,"name":"Portada","item":"https:\/\/luchonoticias.com\/editor\/"},{"@type":"ListItem","position":2,"name":"Gran oportunidad del Huila en extensi\u00f3n agropecuaria"}]},{"@type":"WebSite","@id":"https:\/\/luchonoticias.com\/editor\/#website","url":"https:\/\/luchonoticias.com\/editor\/","name":"","description":"","publisher":{"@id":"https:\/\/luchonoticias.com\/editor\/#\/schema\/person\/7a7fd911f58561fd056dbac7b55af9cd"},"potentialAction":[{"@type":"SearchAction","target":{"@type":"EntryPoint","urlTemplate":"https:\/\/luchonoticias.com\/editor\/?s={search_term_string}"},"query-input":{"@type":"PropertyValueSpecification","valueRequired":true,"valueName":"search_term_string"}}],"inLanguage":"es"},{"@type":["Person","Organization"],"@id":"https:\/\/luchonoticias.com\/editor\/#\/schema\/person\/7a7fd911f58561fd056dbac7b55af9cd","name":"admin","image":{"@type":"ImageObject","inLanguage":"es","@id":"https:\/\/luchonoticias.com\/editor\/#\/schema\/person\/image\/","url":"https:\/\/luchonoticias.com\/editor\/wp-content\/uploads\/2024\/02\/cropped-cropped-logolu.webp","contentUrl":"https:\/\/luchonoticias.com\/editor\/wp-content\/uploads\/2024\/02\/cropped-cropped-logolu.webp","width":382,"height":170,"caption":"admin"},"logo":{"@id":"https:\/\/luchonoticias.com\/editor\/#\/schema\/person\/image\/"},"sameAs":["https:\/\/www.facebook.com\/luchonoticiasneiva"]},{"@type":"Person","@id":"https:\/\/luchonoticias.com\/editor\/#\/schema\/person\/29217990ddf6f14e35912b2866d591fb","name":"Editor General","image":{"@type":"ImageObject","inLanguage":"es","@id":"https:\/\/luchonoticias.com\/editor\/#\/schema\/person\/image\/","url":"https:\/\/luchonoticias.com\/editor\/wp-content\/uploads\/2024\/02\/cropped-cropped-logolu-150x150.webp","contentUrl":"https:\/\/luchonoticias.com\/editor\/wp-content\/uploads\/2024\/02\/cropped-cropped-logolu-150x150.webp","caption":"Editor General"},"sameAs":["https:\/\/luchonoticias.com\/"],"url":"https:\/\/luchonoticias.com\/editor\/author\/editor-general\/"}]}},"_links":{"self":[{"href":"https:\/\/luchonoticias.com\/editor\/wp-json\/wp\/v2\/posts\/47317","targetHints":{"allow":["GET"]}}],"collection":[{"href":"https:\/\/luchonoticias.com\/editor\/wp-json\/wp\/v2\/posts"}],"about":[{"href":"https:\/\/luchonoticias.com\/editor\/wp-json\/wp\/v2\/types\/post"}],"author":[{"embeddable":true,"href":"https:\/\/luchonoticias.com\/editor\/wp-json\/wp\/v2\/users\/2"}],"replies":[{"embeddable":true,"href":"https:\/\/luchonoticias.com\/editor\/wp-json\/wp\/v2\/comments?post=47317"}],"version-history":[{"count":0,"href":"https:\/\/luchonoticias.com\/editor\/wp-json\/wp\/v2\/posts\/47317\/revisions"}],"wp:attachment":[{"href":"https:\/\/luchonoticias.com\/editor\/wp-json\/wp\/v2\/media?parent=47317"}],"wp:term":[{"taxonomy":"category","embeddable":true,"href":"https:\/\/luchonoticias.com\/editor\/wp-json\/wp\/v2\/categories?post=47317"},{"taxonomy":"post_tag","embeddable":true,"href":"https:\/\/luchonoticias.com\/editor\/wp-json\/wp\/v2\/tags?post=47317"}],"curies":[{"name":"wp","href":"https:\/\/api.w.org\/{rel}","templated":true}]}}