{"id":47318,"date":"2023-03-02T08:06:38","date_gmt":"2023-03-02T13:06:38","guid":{"rendered":"https:\/\/luchonoticias.com\/?p=47318"},"modified":"2023-03-02T08:06:39","modified_gmt":"2023-03-02T13:06:39","slug":"fiscal-barbosa-destapo-mico-en-la-reforma-a-la-justicia","status":"publish","type":"post","link":"https:\/\/luchonoticias.com\/editor\/fiscal-barbosa-destapo-mico-en-la-reforma-a-la-justicia\/","title":{"rendered":"Fiscal Barbosa destap\u00f3 &#8216;mico&#8217; en la Reforma a La Justicia"},"content":{"rendered":"\n<p>En medio de la audiencia p\u00fablica citada por el Congreso de la Rep\u00fablica para discutir el proyecto de ley para humanizar el sistema penitenciario, presentado por el gobierno de Gustavo Petro, el Fiscal General, denunci\u00f3 la existencia de un \u2018mico\u2019 en el proyecto.<\/p>\n\n\n\n<p>\u201cNos metieron un par\u00e1grafo en donde se est\u00e1 suspendiendo la ejecuci\u00f3n de pena a narcotraficantes. Juguemos limpio, pongamos el debate aqu\u00ed. El escenario es que se quiere la amnist\u00eda al narcotr\u00e1fico en Colombia, d\u00edgase, pero no se puede utilizar un mecanismo subrepticio para establecer un beneficio de esa consideraci\u00f3n\u201d, acentu\u00f3 Francisco Barbosa.<\/p>\n\n\n\n<p>Barbosa asegur\u00f3 adem\u00e1s que, sigue crey\u00e9ndole al presidente al decir que no quiere hacer negociaciones pol\u00edticas con narcos, pero dijo que no acepta que se beneficie los delincuentes.<\/p>\n\n\n\n<p>\u201cJuguemos limpio, pongamos el debate aqu\u00ed. El escenario es que se quiere la amnist\u00eda al narcotr\u00e1fico en Colombia, d\u00edgase, pero no se puede utilizar un mecanismo subrepticio para establecer un beneficio de esa consideraci\u00f3n\u201d, puntualiz\u00f3.<\/p>\n\n\n\n<p>El Fiscal se refiri\u00f3 a los beneficios que podr\u00edan recibir las personas que cometan delitos de lesa humanidad y rechaz\u00f3 la propuesta frente a esto.<\/p>\n\n\n\n<p>\u201cMi posici\u00f3n es que eso no puede estar incluido. Esos delitos deben quedar totalmente sin beneficios. Al sometimiento a la justicia, le dije al ministro y al presidente, mi voto es a favor pero con recomendaciones y comentarios. Yo no hago trampa y no voy a hacer\u201d, asegur\u00f3.<\/p>\n\n\n\n<p><strong>Ministro de Justicia le responde al Fiscal<\/strong><\/p>\n\n\n\n<p>Durante la audiencia p\u00fablica sobre el proyecto de humanizar la pol\u00edtica criminal y penitenciaria realizada en el Congreso de la Rep\u00fablica, el ministro de Justicia, N\u00e9stor Osuna, le respondi\u00f3 al Fiscal General que la propuesta no est\u00e1 dirigida a narcotraficantes.<\/p>\n\n\n\n<p>\u201cEl esp\u00edritu del texto del par\u00e1grafo que est\u00e1 ah\u00ed incluido es para ofrecerles un trato alternativo a los campesinos pobres, peque\u00f1os cultivadores de cultivos il\u00edcitos, no est\u00e1 hecho pensando en narcotraficantes ni en lavado de activos. Eliminar cualquier suspicacia, cualquier sospecha, cualquier posibilidad de que por all\u00ed se vayan a colar aquellos a quienes no va dirigido el proyecto de ley\u201d, respondi\u00f3 el jefe de la cartera de Justicia.<\/p>\n","protected":false},"excerpt":{"rendered":"<p>En medio de la audiencia p\u00fablica citada por el Congreso de la Rep\u00fablica para discutir el proyecto de ley para humanizar el sistema penitenciario, presentado por el gobierno de Gustavo Petro, el Fiscal General, denunci\u00f3 la existencia de un \u2018mico\u2019 en el proyecto. \u201cNos metieron un par\u00e1grafo en donde se est\u00e1 suspendiendo la ejecuci\u00f3n de [&hellip;]<\/p>\n","protected":false},"author":2,"featured_media":0,"comment_status":"open","ping_status":"open","sticky":false,"template":"","format":"standard","meta":{"footnotes":""},"categories":[28,36],"tags":[],"class_list":["post-47318","post","type-post","status-publish","format-standard","hentry","category-actualidad","category-destacado"],"yoast_head":"<!-- This site is optimized with the Yoast SEO plugin v26.6 - https:\/\/yoast.com\/wordpress\/plugins\/seo\/ -->\n<title>Fiscal Barbosa destap\u00f3 &#039;mico&#039; en la Reforma a La Justicia -<\/title>\n<meta name=\"robots\" content=\"index, follow, max-snippet:-1, max-image-preview:large, max-video-preview:-1\" \/>\n<link rel=\"canonical\" href=\"https:\/\/luchonoticias.com\/editor\/fiscal-barbosa-destapo-mico-en-la-reforma-a-la-justicia\/\" \/>\n<meta property=\"og:locale\" content=\"es_ES\" \/>\n<meta property=\"og:type\" content=\"article\" \/>\n<meta property=\"og:title\" content=\"Fiscal Barbosa destap\u00f3 &#039;mico&#039; en la Reforma a La Justicia -\" \/>\n<meta property=\"og:url\" content=\"https:\/\/luchonoticias.com\/editor\/fiscal-barbosa-destapo-mico-en-la-reforma-a-la-justicia\/\" \/>\n<meta property=\"article:publisher\" content=\"https:\/\/www.facebook.com\/luchonoticiasneiva\" \/>\n<meta property=\"article:published_time\" content=\"2023-03-02T13:06:38+00:00\" \/>\n<meta property=\"article:modified_time\" content=\"2023-03-02T13:06:39+00:00\" \/>\n<meta name=\"author\" content=\"Editor General\" \/>\n<meta name=\"twitter:card\" content=\"summary_large_image\" \/>\n<meta name=\"twitter:label1\" content=\"Escrito por\" \/>\n\t<meta name=\"twitter:data1\" content=\"Editor General\" \/>\n\t<meta name=\"twitter:label2\" content=\"Tiempo de lectura\" \/>\n\t<meta name=\"twitter:data2\" content=\"2 minutos\" \/>\n<script type=\"application\/ld+json\" class=\"yoast-schema-graph\">{\"@context\":\"https:\/\/schema.org\",\"@graph\":[{\"@type\":\"Article\",\"@id\":\"https:\/\/luchonoticias.com\/editor\/fiscal-barbosa-destapo-mico-en-la-reforma-a-la-justicia\/#article\",\"isPartOf\":{\"@id\":\"https:\/\/luchonoticias.com\/editor\/fiscal-barbosa-destapo-mico-en-la-reforma-a-la-justicia\/\"},\"author\":{\"name\":\"Editor General\",\"@id\":\"https:\/\/luchonoticias.com\/editor\/#\/schema\/person\/29217990ddf6f14e35912b2866d591fb\"},\"headline\":\"Fiscal Barbosa destap\u00f3 &#8216;mico&#8217; en la Reforma a La Justicia\",\"datePublished\":\"2023-03-02T13:06:38+00:00\",\"dateModified\":\"2023-03-02T13:06:39+00:00\",\"mainEntityOfPage\":{\"@id\":\"https:\/\/luchonoticias.com\/editor\/fiscal-barbosa-destapo-mico-en-la-reforma-a-la-justicia\/\"},\"wordCount\":382,\"commentCount\":0,\"publisher\":{\"@id\":\"https:\/\/luchonoticias.com\/editor\/#\/schema\/person\/7a7fd911f58561fd056dbac7b55af9cd\"},\"articleSection\":[\"Actualidad\",\"Destacado\"],\"inLanguage\":\"es\",\"potentialAction\":[{\"@type\":\"CommentAction\",\"name\":\"Comment\",\"target\":[\"https:\/\/luchonoticias.com\/editor\/fiscal-barbosa-destapo-mico-en-la-reforma-a-la-justicia\/#respond\"]}]},{\"@type\":\"WebPage\",\"@id\":\"https:\/\/luchonoticias.com\/editor\/fiscal-barbosa-destapo-mico-en-la-reforma-a-la-justicia\/\",\"url\":\"https:\/\/luchonoticias.com\/editor\/fiscal-barbosa-destapo-mico-en-la-reforma-a-la-justicia\/\",\"name\":\"Fiscal Barbosa destap\u00f3 'mico' en la Reforma a La Justicia -\",\"isPartOf\":{\"@id\":\"https:\/\/luchonoticias.com\/editor\/#website\"},\"datePublished\":\"2023-03-02T13:06:38+00:00\",\"dateModified\":\"2023-03-02T13:06:39+00:00\",\"breadcrumb\":{\"@id\":\"https:\/\/luchonoticias.com\/editor\/fiscal-barbosa-destapo-mico-en-la-reforma-a-la-justicia\/#breadcrumb\"},\"inLanguage\":\"es\",\"potentialAction\":[{\"@type\":\"ReadAction\",\"target\":[\"https:\/\/luchonoticias.com\/editor\/fiscal-barbosa-destapo-mico-en-la-reforma-a-la-justicia\/\"]}]},{\"@type\":\"BreadcrumbList\",\"@id\":\"https:\/\/luchonoticias.com\/editor\/fiscal-barbosa-destapo-mico-en-la-reforma-a-la-justicia\/#breadcrumb\",\"itemListElement\":[{\"@type\":\"ListItem\",\"position\":1,\"name\":\"Portada\",\"item\":\"https:\/\/luchonoticias.com\/editor\/\"},{\"@type\":\"ListItem\",\"position\":2,\"name\":\"Fiscal Barbosa destap\u00f3 &#8216;mico&#8217; en la Reforma a La Justicia\"}]},{\"@type\":\"WebSite\",\"@id\":\"https:\/\/luchonoticias.com\/editor\/#website\",\"url\":\"https:\/\/luchonoticias.com\/editor\/\",\"name\":\"\",\"description\":\"\",\"publisher\":{\"@id\":\"https:\/\/luchonoticias.com\/editor\/#\/schema\/person\/7a7fd911f58561fd056dbac7b55af9cd\"},\"potentialAction\":[{\"@type\":\"SearchAction\",\"target\":{\"@type\":\"EntryPoint\",\"urlTemplate\":\"https:\/\/luchonoticias.com\/editor\/?s={search_term_string}\"},\"query-input\":{\"@type\":\"PropertyValueSpecification\",\"valueRequired\":true,\"valueName\":\"search_term_string\"}}],\"inLanguage\":\"es\"},{\"@type\":[\"Person\",\"Organization\"],\"@id\":\"https:\/\/luchonoticias.com\/editor\/#\/schema\/person\/7a7fd911f58561fd056dbac7b55af9cd\",\"name\":\"admin\",\"image\":{\"@type\":\"ImageObject\",\"inLanguage\":\"es\",\"@id\":\"https:\/\/luchonoticias.com\/editor\/#\/schema\/person\/image\/\",\"url\":\"https:\/\/luchonoticias.com\/editor\/wp-content\/uploads\/2024\/02\/cropped-cropped-logolu.webp\",\"contentUrl\":\"https:\/\/luchonoticias.com\/editor\/wp-content\/uploads\/2024\/02\/cropped-cropped-logolu.webp\",\"width\":382,\"height\":170,\"caption\":\"admin\"},\"logo\":{\"@id\":\"https:\/\/luchonoticias.com\/editor\/#\/schema\/person\/image\/\"},\"sameAs\":[\"https:\/\/www.facebook.com\/luchonoticiasneiva\"]},{\"@type\":\"Person\",\"@id\":\"https:\/\/luchonoticias.com\/editor\/#\/schema\/person\/29217990ddf6f14e35912b2866d591fb\",\"name\":\"Editor General\",\"image\":{\"@type\":\"ImageObject\",\"inLanguage\":\"es\",\"@id\":\"https:\/\/luchonoticias.com\/editor\/#\/schema\/person\/image\/\",\"url\":\"https:\/\/luchonoticias.com\/editor\/wp-content\/uploads\/2024\/02\/cropped-cropped-logolu-150x150.webp\",\"contentUrl\":\"https:\/\/luchonoticias.com\/editor\/wp-content\/uploads\/2024\/02\/cropped-cropped-logolu-150x150.webp\",\"caption\":\"Editor General\"},\"sameAs\":[\"https:\/\/luchonoticias.com\/\"],\"url\":\"https:\/\/luchonoticias.com\/editor\/author\/editor-general\/\"}]}<\/script>\n<!-- \/ Yoast SEO plugin. -->","yoast_head_json":{"title":"Fiscal Barbosa destap\u00f3 'mico' en la Reforma a La Justicia -","robots":{"index":"index","follow":"follow","max-snippet":"max-snippet:-1","max-image-preview":"max-image-preview:large","max-video-preview":"max-video-preview:-1"},"canonical":"https:\/\/luchonoticias.com\/editor\/fiscal-barbosa-destapo-mico-en-la-reforma-a-la-justicia\/","og_locale":"es_ES","og_type":"article","og_title":"Fiscal Barbosa destap\u00f3 'mico' en la Reforma a La Justicia -","og_url":"https:\/\/luchonoticias.com\/editor\/fiscal-barbosa-destapo-mico-en-la-reforma-a-la-justicia\/","article_publisher":"https:\/\/www.facebook.com\/luchonoticiasneiva","article_published_time":"2023-03-02T13:06:38+00:00","article_modified_time":"2023-03-02T13:06:39+00:00","author":"Editor General","twitter_card":"summary_large_image","twitter_misc":{"Escrito por":"Editor General","Tiempo de lectura":"2 minutos"},"schema":{"@context":"https:\/\/schema.org","@graph":[{"@type":"Article","@id":"https:\/\/luchonoticias.com\/editor\/fiscal-barbosa-destapo-mico-en-la-reforma-a-la-justicia\/#article","isPartOf":{"@id":"https:\/\/luchonoticias.com\/editor\/fiscal-barbosa-destapo-mico-en-la-reforma-a-la-justicia\/"},"author":{"name":"Editor General","@id":"https:\/\/luchonoticias.com\/editor\/#\/schema\/person\/29217990ddf6f14e35912b2866d591fb"},"headline":"Fiscal Barbosa destap\u00f3 &#8216;mico&#8217; en la Reforma a La Justicia","datePublished":"2023-03-02T13:06:38+00:00","dateModified":"2023-03-02T13:06:39+00:00","mainEntityOfPage":{"@id":"https:\/\/luchonoticias.com\/editor\/fiscal-barbosa-destapo-mico-en-la-reforma-a-la-justicia\/"},"wordCount":382,"commentCount":0,"publisher":{"@id":"https:\/\/luchonoticias.com\/editor\/#\/schema\/person\/7a7fd911f58561fd056dbac7b55af9cd"},"articleSection":["Actualidad","Destacado"],"inLanguage":"es","potentialAction":[{"@type":"CommentAction","name":"Comment","target":["https:\/\/luchonoticias.com\/editor\/fiscal-barbosa-destapo-mico-en-la-reforma-a-la-justicia\/#respond"]}]},{"@type":"WebPage","@id":"https:\/\/luchonoticias.com\/editor\/fiscal-barbosa-destapo-mico-en-la-reforma-a-la-justicia\/","url":"https:\/\/luchonoticias.com\/editor\/fiscal-barbosa-destapo-mico-en-la-reforma-a-la-justicia\/","name":"Fiscal Barbosa destap\u00f3 'mico' en la Reforma a La Justicia -","isPartOf":{"@id":"https:\/\/luchonoticias.com\/editor\/#website"},"datePublished":"2023-03-02T13:06:38+00:00","dateModified":"2023-03-02T13:06:39+00:00","breadcrumb":{"@id":"https:\/\/luchonoticias.com\/editor\/fiscal-barbosa-destapo-mico-en-la-reforma-a-la-justicia\/#breadcrumb"},"inLanguage":"es","potentialAction":[{"@type":"ReadAction","target":["https:\/\/luchonoticias.com\/editor\/fiscal-barbosa-destapo-mico-en-la-reforma-a-la-justicia\/"]}]},{"@type":"BreadcrumbList","@id":"https:\/\/luchonoticias.com\/editor\/fiscal-barbosa-destapo-mico-en-la-reforma-a-la-justicia\/#breadcrumb","itemListElement":[{"@type":"ListItem","position":1,"name":"Portada","item":"https:\/\/luchonoticias.com\/editor\/"},{"@type":"ListItem","position":2,"name":"Fiscal Barbosa destap\u00f3 &#8216;mico&#8217; en la Reforma a La Justicia"}]},{"@type":"WebSite","@id":"https:\/\/luchonoticias.com\/editor\/#website","url":"https:\/\/luchonoticias.com\/editor\/","name":"","description":"","publisher":{"@id":"https:\/\/luchonoticias.com\/editor\/#\/schema\/person\/7a7fd911f58561fd056dbac7b55af9cd"},"potentialAction":[{"@type":"SearchAction","target":{"@type":"EntryPoint","urlTemplate":"https:\/\/luchonoticias.com\/editor\/?s={search_term_string}"},"query-input":{"@type":"PropertyValueSpecification","valueRequired":true,"valueName":"search_term_string"}}],"inLanguage":"es"},{"@type":["Person","Organization"],"@id":"https:\/\/luchonoticias.com\/editor\/#\/schema\/person\/7a7fd911f58561fd056dbac7b55af9cd","name":"admin","image":{"@type":"ImageObject","inLanguage":"es","@id":"https:\/\/luchonoticias.com\/editor\/#\/schema\/person\/image\/","url":"https:\/\/luchonoticias.com\/editor\/wp-content\/uploads\/2024\/02\/cropped-cropped-logolu.webp","contentUrl":"https:\/\/luchonoticias.com\/editor\/wp-content\/uploads\/2024\/02\/cropped-cropped-logolu.webp","width":382,"height":170,"caption":"admin"},"logo":{"@id":"https:\/\/luchonoticias.com\/editor\/#\/schema\/person\/image\/"},"sameAs":["https:\/\/www.facebook.com\/luchonoticiasneiva"]},{"@type":"Person","@id":"https:\/\/luchonoticias.com\/editor\/#\/schema\/person\/29217990ddf6f14e35912b2866d591fb","name":"Editor General","image":{"@type":"ImageObject","inLanguage":"es","@id":"https:\/\/luchonoticias.com\/editor\/#\/schema\/person\/image\/","url":"https:\/\/luchonoticias.com\/editor\/wp-content\/uploads\/2024\/02\/cropped-cropped-logolu-150x150.webp","contentUrl":"https:\/\/luchonoticias.com\/editor\/wp-content\/uploads\/2024\/02\/cropped-cropped-logolu-150x150.webp","caption":"Editor General"},"sameAs":["https:\/\/luchonoticias.com\/"],"url":"https:\/\/luchonoticias.com\/editor\/author\/editor-general\/"}]}},"_links":{"self":[{"href":"https:\/\/luchonoticias.com\/editor\/wp-json\/wp\/v2\/posts\/47318","targetHints":{"allow":["GET"]}}],"collection":[{"href":"https:\/\/luchonoticias.com\/editor\/wp-json\/wp\/v2\/posts"}],"about":[{"href":"https:\/\/luchonoticias.com\/editor\/wp-json\/wp\/v2\/types\/post"}],"author":[{"embeddable":true,"href":"https:\/\/luchonoticias.com\/editor\/wp-json\/wp\/v2\/users\/2"}],"replies":[{"embeddable":true,"href":"https:\/\/luchonoticias.com\/editor\/wp-json\/wp\/v2\/comments?post=47318"}],"version-history":[{"count":0,"href":"https:\/\/luchonoticias.com\/editor\/wp-json\/wp\/v2\/posts\/47318\/revisions"}],"wp:attachment":[{"href":"https:\/\/luchonoticias.com\/editor\/wp-json\/wp\/v2\/media?parent=47318"}],"wp:term":[{"taxonomy":"category","embeddable":true,"href":"https:\/\/luchonoticias.com\/editor\/wp-json\/wp\/v2\/categories?post=47318"},{"taxonomy":"post_tag","embeddable":true,"href":"https:\/\/luchonoticias.com\/editor\/wp-json\/wp\/v2\/tags?post=47318"}],"curies":[{"name":"wp","href":"https:\/\/api.w.org\/{rel}","templated":true}]}}