{"id":47326,"date":"2023-03-02T09:00:56","date_gmt":"2023-03-02T14:00:56","guid":{"rendered":"https:\/\/luchonoticias.com\/?p=47326"},"modified":"2023-03-02T09:00:57","modified_gmt":"2023-03-02T14:00:57","slug":"nueva-convocatoria-formativa-del-sena-en-el-huila","status":"publish","type":"post","link":"https:\/\/luchonoticias.com\/editor\/nueva-convocatoria-formativa-del-sena-en-el-huila\/","title":{"rendered":"Nueva convocatoria formativa del Sena en el Huila"},"content":{"rendered":"\n<p>Con una amplia oferta de programas, acordes a las necesidades del mundo laboral y del emprendimiento, el <strong>SENA abre la nueva oferta de formaci\u00f3n presencial y a distancia <\/strong>en todo el territorio nacional.<\/p>\n\n\n\n<p><strong>Para el departamento del Huila, la entidad cuenta con 1.083 cupos <\/strong>que hacen parte de una variada oferta de programas tecnol\u00f3gicos, t\u00e9cnicos, auxiliar y operario, de los cuales 270 se desarrollar\u00e1n en el centro de formaci\u00f3n de Neiva, 208 en Garz\u00f3n, 250 en Pitalito, 150 en Campoalegre y 205 en La Plata.\u00a0<\/p>\n\n\n\n<p><em>\u201cQueremos invitar a todos los huilenses para que aprovechen la oportunidad y se postulen a la nueva convocatoria de formaci\u00f3n que est\u00e1 abierta desde hoy. Las inscripciones estar\u00e1n abiertas desde el 2 al 9 de marzo y nuestros funcionarios brindar\u00e1n toda la informaci\u00f3n y orientaci\u00f3n necesaria para el proceso de inscripci\u00f3n en las diferentes sedes del SENA ubicadas en los municipios del Huila, <\/em>destac\u00f3 Adriana Milena Gasca, directora regional (e) del SENA Huila.<\/p>\n\n\n\n<p>Dentro de los <strong>programas disponibles<\/strong> se encuentran t\u00e9cnicos en peluquer\u00eda, cocina, enfermer\u00eda, soldadura de productos met\u00e1licos, sistemas, recursos humanos, elaboraci\u00f3n de productos alimenticios, servicio de barismo, entre otros.<\/p>\n\n\n\n<p>De igual forma los huilenses podr\u00e1n inscribirse a programas tecnol\u00f3gicos entre ellos gesti\u00f3n contable y financiera, gesti\u00f3n de empresas pecuarias y gesti\u00f3n administrativa.<\/p>\n\n\n\n<p>La oferta de formaci\u00f3n tiene el objetivo de <strong>responder a las necesidades del talento humano de la regi\u00f3n<\/strong>, y de contribuir a la consolidaci\u00f3n de la justicia social, ambiental y econ\u00f3mica para promover progreso y esperanza en las comunidades.<\/p>\n\n\n\n<p><strong>Estos son los pasos para inscribirse:<\/strong><\/p>\n\n\n\n<ol class=\"wp-block-list\" type=\"1\">\n<li>Ingresar a:<\/li>\n<\/ol>\n\n\n\n<p><a href=\"http:\/\/oferta.senasofiaplus.edu.co\/sofia-oferta\/\">http:\/\/oferta.senasofiaplus.edu.co\/sofia-oferta\/<\/a><\/p>\n\n\n\n<ul class=\"wp-block-list\">\n<li>Ubicar el recuadro de la parte inferior izquierda \u201c\u00bfQu\u00e9 quiere estudiar?\u201d y seleccionar el nivel de formaci\u00f3n (operario, auxiliar, profundizaci\u00f3n t\u00e9cnica, especializaci\u00f3n tecnol\u00f3gica, t\u00e9cnico o tecn\u00f3logo).<\/li>\n\n\n\n<li>Escribir una palabra clave (Cocina, por ejemplo), la ciudad en la que desea estudiar y dar clic en \u201cBuscar\u201d. All\u00ed aparecen todos los datos del programa de formaci\u00f3n.<\/li>\n\n\n\n<li>Si la persona ya est\u00e1 registrada, debe ingresar los datos para iniciar el proceso de inscripci\u00f3n.<\/li>\n\n\n\n<li>Si no est\u00e1 registrada, debe dar clic en \u201cRegistrarse\u201d y seguir los pasos.<\/li>\n\n\n\n<li>Para el registro o inscripci\u00f3n a un programa de formaci\u00f3n de cualquier nivel, se requiere cargar el documento de identidad vigente en la plataforma SOFIA Plus.<\/li>\n\n\n\n<li>Si la persona se encuentra registrada, debe ingresar a la plataforma y seleccionar: Aspirante Registro, Registro Persona y Documentos. All\u00ed se carga el documento.<\/li>\n\n\n\n<li>Importante: el documento original escaneado debe estar en PDF (formato vertical) y el archivo debe tener un tama\u00f1o de hasta 2 Mb.<\/li>\n\n\n\n<li>Tambi\u00e9n se puede utilizar la l\u00ednea gratuita en Bogot\u00e1 llamando al (601) 3430111 y para el resto del pa\u00eds 018000-910-270<\/li>\n<\/ul>\n\n\n\n<p>Los aspirantes que sean seleccionados iniciar\u00e1n su proceso de formaci\u00f3n el 17 de abril de 2023.<\/p>\n","protected":false},"excerpt":{"rendered":"<p>Con una amplia oferta de programas, acordes a las necesidades del mundo laboral y del emprendimiento, el SENA abre la nueva oferta de formaci\u00f3n presencial y a distancia en todo el territorio nacional. Para el departamento del Huila, la entidad cuenta con 1.083 cupos que hacen parte de una variada oferta de programas tecnol\u00f3gicos, t\u00e9cnicos, [&hellip;]<\/p>\n","protected":false},"author":2,"featured_media":0,"comment_status":"open","ping_status":"open","sticky":false,"template":"","format":"standard","meta":{"footnotes":""},"categories":[33],"tags":[],"class_list":["post-47326","post","type-post","status-publish","format-standard","hentry","category-huila"],"yoast_head":"<!-- This site is optimized with the Yoast SEO plugin v26.6 - https:\/\/yoast.com\/wordpress\/plugins\/seo\/ -->\n<title>Nueva convocatoria formativa del Sena en el Huila -<\/title>\n<meta name=\"robots\" content=\"index, follow, max-snippet:-1, max-image-preview:large, max-video-preview:-1\" \/>\n<link rel=\"canonical\" href=\"https:\/\/luchonoticias.com\/editor\/nueva-convocatoria-formativa-del-sena-en-el-huila\/\" \/>\n<meta property=\"og:locale\" content=\"es_ES\" \/>\n<meta property=\"og:type\" content=\"article\" \/>\n<meta property=\"og:title\" content=\"Nueva convocatoria formativa del Sena en el Huila -\" \/>\n<meta property=\"og:url\" content=\"https:\/\/luchonoticias.com\/editor\/nueva-convocatoria-formativa-del-sena-en-el-huila\/\" \/>\n<meta property=\"article:publisher\" content=\"https:\/\/www.facebook.com\/luchonoticiasneiva\" \/>\n<meta property=\"article:published_time\" content=\"2023-03-02T14:00:56+00:00\" \/>\n<meta property=\"article:modified_time\" content=\"2023-03-02T14:00:57+00:00\" \/>\n<meta name=\"author\" content=\"Editor General\" \/>\n<meta name=\"twitter:card\" content=\"summary_large_image\" \/>\n<meta name=\"twitter:label1\" content=\"Escrito por\" \/>\n\t<meta name=\"twitter:data1\" content=\"Editor General\" \/>\n\t<meta name=\"twitter:label2\" content=\"Tiempo de lectura\" \/>\n\t<meta name=\"twitter:data2\" content=\"2 minutos\" \/>\n<script type=\"application\/ld+json\" class=\"yoast-schema-graph\">{\"@context\":\"https:\/\/schema.org\",\"@graph\":[{\"@type\":\"Article\",\"@id\":\"https:\/\/luchonoticias.com\/editor\/nueva-convocatoria-formativa-del-sena-en-el-huila\/#article\",\"isPartOf\":{\"@id\":\"https:\/\/luchonoticias.com\/editor\/nueva-convocatoria-formativa-del-sena-en-el-huila\/\"},\"author\":{\"name\":\"Editor General\",\"@id\":\"https:\/\/luchonoticias.com\/editor\/#\/schema\/person\/29217990ddf6f14e35912b2866d591fb\"},\"headline\":\"Nueva convocatoria formativa del Sena en el Huila\",\"datePublished\":\"2023-03-02T14:00:56+00:00\",\"dateModified\":\"2023-03-02T14:00:57+00:00\",\"mainEntityOfPage\":{\"@id\":\"https:\/\/luchonoticias.com\/editor\/nueva-convocatoria-formativa-del-sena-en-el-huila\/\"},\"wordCount\":492,\"commentCount\":0,\"publisher\":{\"@id\":\"https:\/\/luchonoticias.com\/editor\/#\/schema\/person\/7a7fd911f58561fd056dbac7b55af9cd\"},\"articleSection\":[\"Huila\"],\"inLanguage\":\"es\",\"potentialAction\":[{\"@type\":\"CommentAction\",\"name\":\"Comment\",\"target\":[\"https:\/\/luchonoticias.com\/editor\/nueva-convocatoria-formativa-del-sena-en-el-huila\/#respond\"]}]},{\"@type\":\"WebPage\",\"@id\":\"https:\/\/luchonoticias.com\/editor\/nueva-convocatoria-formativa-del-sena-en-el-huila\/\",\"url\":\"https:\/\/luchonoticias.com\/editor\/nueva-convocatoria-formativa-del-sena-en-el-huila\/\",\"name\":\"Nueva convocatoria formativa del Sena en el Huila -\",\"isPartOf\":{\"@id\":\"https:\/\/luchonoticias.com\/editor\/#website\"},\"datePublished\":\"2023-03-02T14:00:56+00:00\",\"dateModified\":\"2023-03-02T14:00:57+00:00\",\"breadcrumb\":{\"@id\":\"https:\/\/luchonoticias.com\/editor\/nueva-convocatoria-formativa-del-sena-en-el-huila\/#breadcrumb\"},\"inLanguage\":\"es\",\"potentialAction\":[{\"@type\":\"ReadAction\",\"target\":[\"https:\/\/luchonoticias.com\/editor\/nueva-convocatoria-formativa-del-sena-en-el-huila\/\"]}]},{\"@type\":\"BreadcrumbList\",\"@id\":\"https:\/\/luchonoticias.com\/editor\/nueva-convocatoria-formativa-del-sena-en-el-huila\/#breadcrumb\",\"itemListElement\":[{\"@type\":\"ListItem\",\"position\":1,\"name\":\"Portada\",\"item\":\"https:\/\/luchonoticias.com\/editor\/\"},{\"@type\":\"ListItem\",\"position\":2,\"name\":\"Nueva convocatoria formativa del Sena en el Huila\"}]},{\"@type\":\"WebSite\",\"@id\":\"https:\/\/luchonoticias.com\/editor\/#website\",\"url\":\"https:\/\/luchonoticias.com\/editor\/\",\"name\":\"\",\"description\":\"\",\"publisher\":{\"@id\":\"https:\/\/luchonoticias.com\/editor\/#\/schema\/person\/7a7fd911f58561fd056dbac7b55af9cd\"},\"potentialAction\":[{\"@type\":\"SearchAction\",\"target\":{\"@type\":\"EntryPoint\",\"urlTemplate\":\"https:\/\/luchonoticias.com\/editor\/?s={search_term_string}\"},\"query-input\":{\"@type\":\"PropertyValueSpecification\",\"valueRequired\":true,\"valueName\":\"search_term_string\"}}],\"inLanguage\":\"es\"},{\"@type\":[\"Person\",\"Organization\"],\"@id\":\"https:\/\/luchonoticias.com\/editor\/#\/schema\/person\/7a7fd911f58561fd056dbac7b55af9cd\",\"name\":\"admin\",\"image\":{\"@type\":\"ImageObject\",\"inLanguage\":\"es\",\"@id\":\"https:\/\/luchonoticias.com\/editor\/#\/schema\/person\/image\/\",\"url\":\"https:\/\/luchonoticias.com\/editor\/wp-content\/uploads\/2024\/02\/cropped-cropped-logolu.webp\",\"contentUrl\":\"https:\/\/luchonoticias.com\/editor\/wp-content\/uploads\/2024\/02\/cropped-cropped-logolu.webp\",\"width\":382,\"height\":170,\"caption\":\"admin\"},\"logo\":{\"@id\":\"https:\/\/luchonoticias.com\/editor\/#\/schema\/person\/image\/\"},\"sameAs\":[\"https:\/\/www.facebook.com\/luchonoticiasneiva\"]},{\"@type\":\"Person\",\"@id\":\"https:\/\/luchonoticias.com\/editor\/#\/schema\/person\/29217990ddf6f14e35912b2866d591fb\",\"name\":\"Editor General\",\"image\":{\"@type\":\"ImageObject\",\"inLanguage\":\"es\",\"@id\":\"https:\/\/luchonoticias.com\/editor\/#\/schema\/person\/image\/\",\"url\":\"https:\/\/luchonoticias.com\/editor\/wp-content\/uploads\/2024\/02\/cropped-cropped-logolu-150x150.webp\",\"contentUrl\":\"https:\/\/luchonoticias.com\/editor\/wp-content\/uploads\/2024\/02\/cropped-cropped-logolu-150x150.webp\",\"caption\":\"Editor General\"},\"sameAs\":[\"https:\/\/luchonoticias.com\/\"],\"url\":\"https:\/\/luchonoticias.com\/editor\/author\/editor-general\/\"}]}<\/script>\n<!-- \/ Yoast SEO plugin. -->","yoast_head_json":{"title":"Nueva convocatoria formativa del Sena en el Huila -","robots":{"index":"index","follow":"follow","max-snippet":"max-snippet:-1","max-image-preview":"max-image-preview:large","max-video-preview":"max-video-preview:-1"},"canonical":"https:\/\/luchonoticias.com\/editor\/nueva-convocatoria-formativa-del-sena-en-el-huila\/","og_locale":"es_ES","og_type":"article","og_title":"Nueva convocatoria formativa del Sena en el Huila -","og_url":"https:\/\/luchonoticias.com\/editor\/nueva-convocatoria-formativa-del-sena-en-el-huila\/","article_publisher":"https:\/\/www.facebook.com\/luchonoticiasneiva","article_published_time":"2023-03-02T14:00:56+00:00","article_modified_time":"2023-03-02T14:00:57+00:00","author":"Editor General","twitter_card":"summary_large_image","twitter_misc":{"Escrito por":"Editor General","Tiempo de lectura":"2 minutos"},"schema":{"@context":"https:\/\/schema.org","@graph":[{"@type":"Article","@id":"https:\/\/luchonoticias.com\/editor\/nueva-convocatoria-formativa-del-sena-en-el-huila\/#article","isPartOf":{"@id":"https:\/\/luchonoticias.com\/editor\/nueva-convocatoria-formativa-del-sena-en-el-huila\/"},"author":{"name":"Editor General","@id":"https:\/\/luchonoticias.com\/editor\/#\/schema\/person\/29217990ddf6f14e35912b2866d591fb"},"headline":"Nueva convocatoria formativa del Sena en el Huila","datePublished":"2023-03-02T14:00:56+00:00","dateModified":"2023-03-02T14:00:57+00:00","mainEntityOfPage":{"@id":"https:\/\/luchonoticias.com\/editor\/nueva-convocatoria-formativa-del-sena-en-el-huila\/"},"wordCount":492,"commentCount":0,"publisher":{"@id":"https:\/\/luchonoticias.com\/editor\/#\/schema\/person\/7a7fd911f58561fd056dbac7b55af9cd"},"articleSection":["Huila"],"inLanguage":"es","potentialAction":[{"@type":"CommentAction","name":"Comment","target":["https:\/\/luchonoticias.com\/editor\/nueva-convocatoria-formativa-del-sena-en-el-huila\/#respond"]}]},{"@type":"WebPage","@id":"https:\/\/luchonoticias.com\/editor\/nueva-convocatoria-formativa-del-sena-en-el-huila\/","url":"https:\/\/luchonoticias.com\/editor\/nueva-convocatoria-formativa-del-sena-en-el-huila\/","name":"Nueva convocatoria formativa del Sena en el Huila -","isPartOf":{"@id":"https:\/\/luchonoticias.com\/editor\/#website"},"datePublished":"2023-03-02T14:00:56+00:00","dateModified":"2023-03-02T14:00:57+00:00","breadcrumb":{"@id":"https:\/\/luchonoticias.com\/editor\/nueva-convocatoria-formativa-del-sena-en-el-huila\/#breadcrumb"},"inLanguage":"es","potentialAction":[{"@type":"ReadAction","target":["https:\/\/luchonoticias.com\/editor\/nueva-convocatoria-formativa-del-sena-en-el-huila\/"]}]},{"@type":"BreadcrumbList","@id":"https:\/\/luchonoticias.com\/editor\/nueva-convocatoria-formativa-del-sena-en-el-huila\/#breadcrumb","itemListElement":[{"@type":"ListItem","position":1,"name":"Portada","item":"https:\/\/luchonoticias.com\/editor\/"},{"@type":"ListItem","position":2,"name":"Nueva convocatoria formativa del Sena en el Huila"}]},{"@type":"WebSite","@id":"https:\/\/luchonoticias.com\/editor\/#website","url":"https:\/\/luchonoticias.com\/editor\/","name":"","description":"","publisher":{"@id":"https:\/\/luchonoticias.com\/editor\/#\/schema\/person\/7a7fd911f58561fd056dbac7b55af9cd"},"potentialAction":[{"@type":"SearchAction","target":{"@type":"EntryPoint","urlTemplate":"https:\/\/luchonoticias.com\/editor\/?s={search_term_string}"},"query-input":{"@type":"PropertyValueSpecification","valueRequired":true,"valueName":"search_term_string"}}],"inLanguage":"es"},{"@type":["Person","Organization"],"@id":"https:\/\/luchonoticias.com\/editor\/#\/schema\/person\/7a7fd911f58561fd056dbac7b55af9cd","name":"admin","image":{"@type":"ImageObject","inLanguage":"es","@id":"https:\/\/luchonoticias.com\/editor\/#\/schema\/person\/image\/","url":"https:\/\/luchonoticias.com\/editor\/wp-content\/uploads\/2024\/02\/cropped-cropped-logolu.webp","contentUrl":"https:\/\/luchonoticias.com\/editor\/wp-content\/uploads\/2024\/02\/cropped-cropped-logolu.webp","width":382,"height":170,"caption":"admin"},"logo":{"@id":"https:\/\/luchonoticias.com\/editor\/#\/schema\/person\/image\/"},"sameAs":["https:\/\/www.facebook.com\/luchonoticiasneiva"]},{"@type":"Person","@id":"https:\/\/luchonoticias.com\/editor\/#\/schema\/person\/29217990ddf6f14e35912b2866d591fb","name":"Editor General","image":{"@type":"ImageObject","inLanguage":"es","@id":"https:\/\/luchonoticias.com\/editor\/#\/schema\/person\/image\/","url":"https:\/\/luchonoticias.com\/editor\/wp-content\/uploads\/2024\/02\/cropped-cropped-logolu-150x150.webp","contentUrl":"https:\/\/luchonoticias.com\/editor\/wp-content\/uploads\/2024\/02\/cropped-cropped-logolu-150x150.webp","caption":"Editor General"},"sameAs":["https:\/\/luchonoticias.com\/"],"url":"https:\/\/luchonoticias.com\/editor\/author\/editor-general\/"}]}},"_links":{"self":[{"href":"https:\/\/luchonoticias.com\/editor\/wp-json\/wp\/v2\/posts\/47326","targetHints":{"allow":["GET"]}}],"collection":[{"href":"https:\/\/luchonoticias.com\/editor\/wp-json\/wp\/v2\/posts"}],"about":[{"href":"https:\/\/luchonoticias.com\/editor\/wp-json\/wp\/v2\/types\/post"}],"author":[{"embeddable":true,"href":"https:\/\/luchonoticias.com\/editor\/wp-json\/wp\/v2\/users\/2"}],"replies":[{"embeddable":true,"href":"https:\/\/luchonoticias.com\/editor\/wp-json\/wp\/v2\/comments?post=47326"}],"version-history":[{"count":0,"href":"https:\/\/luchonoticias.com\/editor\/wp-json\/wp\/v2\/posts\/47326\/revisions"}],"wp:attachment":[{"href":"https:\/\/luchonoticias.com\/editor\/wp-json\/wp\/v2\/media?parent=47326"}],"wp:term":[{"taxonomy":"category","embeddable":true,"href":"https:\/\/luchonoticias.com\/editor\/wp-json\/wp\/v2\/categories?post=47326"},{"taxonomy":"post_tag","embeddable":true,"href":"https:\/\/luchonoticias.com\/editor\/wp-json\/wp\/v2\/tags?post=47326"}],"curies":[{"name":"wp","href":"https:\/\/api.w.org\/{rel}","templated":true}]}}