{"id":47329,"date":"2023-03-02T09:08:15","date_gmt":"2023-03-02T14:08:15","guid":{"rendered":"https:\/\/luchonoticias.com\/?p=47329"},"modified":"2023-03-02T09:08:17","modified_gmt":"2023-03-02T14:08:17","slug":"el-huila-despide-a-la-inolvidable-comunicadora-gloria-arizabaleta-de-paredes","status":"publish","type":"post","link":"https:\/\/luchonoticias.com\/editor\/el-huila-despide-a-la-inolvidable-comunicadora-gloria-arizabaleta-de-paredes\/","title":{"rendered":"El Huila despide a la inolvidable comunicadora Gloria Arizabaleta de Paredes"},"content":{"rendered":"\n<p>Gloria Arizabaleta de Paredes, conocida como la \u2018primera dama de la radio en el Huila\u2019, es oriunda del municipio de Sevilla (Valle del Cauca), culmin\u00f3 sus estudios de periodismo y comunicaci\u00f3n social en el Instituto Superior de Educaci\u00f3n (INSE), actualmente Universidad de la Sabana, y junto a su esposo el abogado Jos\u00e9 Giovanni Paredes Guerrero, viaj\u00f3 a la ciudad de Neiva, donde ejerci\u00f3 su profesi\u00f3n durante 27 a\u00f1os.<\/p>\n\n\n\n<p>Su deceso se dio por un agresivo c\u00e1ncer de h\u00edgado que padec\u00eda, la periodista quien fue pionera de la Televisi\u00f3n en la Capital Huilense, hab\u00eda estado internada en una cl\u00ednica de Neiva, desde el pasado s\u00e1bado por algunos quebrantos de salud, pero ayer 1 de marzo, lastimosamente perdi\u00f3 la batalla contra la muerte, falleciendo en horas de la ma\u00f1ana, seg\u00fan confirmaci\u00f3n de los m\u00e9dicos quienes afirmaron que la causa de su deceso fue por su enfermedad.<\/p>\n\n\n\n<figure class=\"wp-block-gallery has-nested-images columns-default is-cropped wp-block-gallery-1 is-layout-flex wp-block-gallery-is-layout-flex\">\n<figure class=\"wp-block-image size-large\"><img decoding=\"async\" data-id=\"47331\" src=\"https:\/\/luchonoticias.com\/wp-content\/uploads\/2023\/03\/334047041_1301485017099353_8995875970823924330_n.jpg\" alt=\"\" class=\"wp-image-47331\"\/><\/figure>\n\n\n\n<figure class=\"wp-block-image size-large\"><img decoding=\"async\" data-id=\"47332\" src=\"https:\/\/luchonoticias.com\/wp-content\/uploads\/2023\/03\/334531272_725975472298824_1448655599379076811_n.jpg\" alt=\"\" class=\"wp-image-47332\"\/><\/figure>\n<\/figure>\n\n\n\n<p><strong>Su trabajo en los reinados Nacional del Bambuco<\/strong><\/p>\n\n\n\n<p>Esta gran periodista, que deja un gran luto en el Huila, es recordada por todos, al trabajo realizado en cultura y el folclor huilense, donde por cerca de 25 a\u00f1os ayud\u00f3 en los trabajos protocolarios de los reinados Nacional del Bambuco, seg\u00fan lo narrado por su esposo.<\/p>\n\n\n\n<p>\u201cNos vinimos a Neiva, yo iba a trabajar en la Dian y ella vino a ejercer lo que m\u00e1s le gustaba, el periodismo, ella estuvo en radio, prensa y fue una de las pioneras de la televisi\u00f3n en el Huila.<\/p>\n\n\n\n<p>Antes de incursionar en los medios, mujer estuvo trabajando en la oficina de comunicaciones de la Caja Departamental de Previsi\u00f3n, donde despu\u00e9s le sali\u00f3 una nueva oportunidad y se dedic\u00f3 a trabajar en protocolos y periodismo, donde estuvo por 25 a\u00f1os acompa\u00f1ando el protocolo de los reinados Nacional del Bambuco, el Departamental y el Municipal, estuvo muy metida en la parte de las reinas\u201d, manifest\u00f3 su esposo.<\/p>\n\n\n\n<figure class=\"wp-block-gallery has-nested-images columns-default is-cropped wp-block-gallery-2 is-layout-flex wp-block-gallery-is-layout-flex\">\n<figure class=\"wp-block-image size-large\"><img decoding=\"async\" data-id=\"47334\" src=\"https:\/\/luchonoticias.com\/wp-content\/uploads\/2023\/03\/332557955_1267643233820777_1944020454718829336_n.jpg\" alt=\"\" class=\"wp-image-47334\"\/><\/figure>\n\n\n\n<figure class=\"wp-block-image size-large\"><img decoding=\"async\" data-id=\"47333\" src=\"https:\/\/luchonoticias.com\/wp-content\/uploads\/2023\/03\/332902840_577973661054839_5640457642595512602_n.jpg\" alt=\"\" class=\"wp-image-47333\"\/><\/figure>\n<\/figure>\n\n\n\n<p><strong>50 a\u00f1os de matrimonio<\/strong><\/p>\n\n\n\n<p>Entre los recuerdos m\u00e1s hermosos que tiene su compa\u00f1ero sentimental, con esta gran mujer quien tambi\u00e9n fue maestra de ceremonia en muchos actos culturares representativos en el Huila, est\u00e1 la celebraci\u00f3n que se realiz\u00f3 hace 6 d\u00edas de sus Bodas de Oro.<\/p>\n\n\n\n<p>\u201cFueron 50 a\u00f1os llenos de vivencias, amor, respeto, confianza y cari\u00f1o. 50 a\u00f1os juntos de la mano luchando y construyendo nuestra hermosa familia. Un amor que dur\u00f3 50 a\u00f1os, fuimos tan felices que cumplimos las Bodas de Oro y el Se\u00f1or se acord\u00f3 de ella\u201d, narr\u00f3 su conyugue.<\/p>\n\n\n\n<p><strong>Empresaria exitosa<\/strong><\/p>\n\n\n\n<p>Entre los \u00e9xitos que recuerda sus familiares, esta la mujer empresaria y exitosa como la conoc\u00edan, adem\u00e1s de ser empleada en los medios por los que trabaj\u00f3, tambi\u00e9n form\u00f3 su empresa period\u00edstica, el cual sus seres querido recuerdan su manejo con responsabilidad e independencia<\/p>\n\n\n\n<p>\u201cCreo una empresa muy correcta que se llamaba Producciones Notihuila, el noticiero se llam\u00f3 Notihuila y el \u00faltimo magaz\u00edn que hizo fue en Radio Neiva los s\u00e1bados de 7 a 8 de la ma\u00f1ana hasta el mes de diciembre\u201d, concluy\u00f3 su esposo en medio de la tristeza que lo aborda por el deceso del ser que m\u00e1s a amado.<\/p>\n\n\n\n<figure class=\"wp-block-gallery has-nested-images columns-default is-cropped wp-block-gallery-3 is-layout-flex wp-block-gallery-is-layout-flex\">\n<figure class=\"wp-block-image size-large\"><img decoding=\"async\" data-id=\"47336\" src=\"https:\/\/luchonoticias.com\/wp-content\/uploads\/2023\/03\/334142114_118788544474127_503591456096623547_n-624x1024.jpg\" alt=\"\" class=\"wp-image-47336\"\/><\/figure>\n\n\n\n<figure class=\"wp-block-image size-large\"><img decoding=\"async\" data-id=\"47335\" src=\"https:\/\/luchonoticias.com\/wp-content\/uploads\/2023\/03\/333229744_737858844373062_3391498808471902096_n.jpg\" alt=\"\" class=\"wp-image-47335\"\/><\/figure>\n<\/figure>\n\n\n\n<p><strong>Honras f\u00fanebres<\/strong><\/p>\n\n\n\n<p>Los restos mortales de esta gran mujer gestora cultura, social y del periodismo huilense, es velada en la funeraria Los Olivos de la Capital Huilense, donde estar\u00e1n grandes periodistas, lideres y personalidades del Huila para despedirse y agradecerle al trabajo realizado por el Departamento.<\/p>\n\n\n\n<p>Posteriormente, sobre las 4 de la tarde de hoy, en la en la iglesia San Judas Tadeo del barrio Las Granjas, al norte de Neiva, se realizar\u00e1 su respectiva exequias, y posteriormente ser\u00e1 trasladada hasta el cementerio Jardines El Para\u00edso del sur de la capital huilense, donde se realizara una ceremonia y cremaci\u00f3n de su cuerpo.<\/p>\n","protected":false},"excerpt":{"rendered":"<p>Gloria Arizabaleta de Paredes, conocida como la \u2018primera dama de la radio en el Huila\u2019, es oriunda del municipio de Sevilla (Valle del Cauca), culmin\u00f3 sus estudios de periodismo y comunicaci\u00f3n social en el Instituto Superior de Educaci\u00f3n (INSE), actualmente Universidad de la Sabana, y junto a su esposo el abogado Jos\u00e9 Giovanni Paredes Guerrero, [&hellip;]<\/p>\n","protected":false},"author":2,"featured_media":0,"comment_status":"open","ping_status":"open","sticky":false,"template":"","format":"standard","meta":{"footnotes":""},"categories":[36,31],"tags":[],"class_list":["post-47329","post","type-post","status-publish","format-standard","hentry","category-destacado","category-local"],"yoast_head":"<!-- This site is optimized with the Yoast SEO plugin v26.6 - https:\/\/yoast.com\/wordpress\/plugins\/seo\/ -->\n<title>El Huila despide a la inolvidable comunicadora Gloria Arizabaleta de Paredes -<\/title>\n<meta name=\"robots\" content=\"index, follow, max-snippet:-1, max-image-preview:large, max-video-preview:-1\" \/>\n<link rel=\"canonical\" href=\"https:\/\/luchonoticias.com\/editor\/el-huila-despide-a-la-inolvidable-comunicadora-gloria-arizabaleta-de-paredes\/\" \/>\n<meta property=\"og:locale\" content=\"es_ES\" \/>\n<meta property=\"og:type\" content=\"article\" \/>\n<meta property=\"og:title\" content=\"El Huila despide a la inolvidable comunicadora Gloria Arizabaleta de Paredes -\" \/>\n<meta property=\"og:url\" content=\"https:\/\/luchonoticias.com\/editor\/el-huila-despide-a-la-inolvidable-comunicadora-gloria-arizabaleta-de-paredes\/\" \/>\n<meta property=\"article:publisher\" content=\"https:\/\/www.facebook.com\/luchonoticiasneiva\" \/>\n<meta property=\"article:published_time\" content=\"2023-03-02T14:08:15+00:00\" \/>\n<meta property=\"article:modified_time\" content=\"2023-03-02T14:08:17+00:00\" \/>\n<meta property=\"og:image\" content=\"https:\/\/luchonoticias.com\/wp-content\/uploads\/2023\/03\/334047041_1301485017099353_8995875970823924330_n.jpg\" \/>\n<meta name=\"author\" content=\"Editor General\" \/>\n<meta name=\"twitter:card\" content=\"summary_large_image\" \/>\n<meta name=\"twitter:label1\" content=\"Escrito por\" \/>\n\t<meta name=\"twitter:data1\" content=\"Editor General\" \/>\n\t<meta name=\"twitter:label2\" content=\"Tiempo de lectura\" \/>\n\t<meta name=\"twitter:data2\" content=\"3 minutos\" \/>\n<script type=\"application\/ld+json\" class=\"yoast-schema-graph\">{\"@context\":\"https:\/\/schema.org\",\"@graph\":[{\"@type\":\"Article\",\"@id\":\"https:\/\/luchonoticias.com\/editor\/el-huila-despide-a-la-inolvidable-comunicadora-gloria-arizabaleta-de-paredes\/#article\",\"isPartOf\":{\"@id\":\"https:\/\/luchonoticias.com\/editor\/el-huila-despide-a-la-inolvidable-comunicadora-gloria-arizabaleta-de-paredes\/\"},\"author\":{\"name\":\"Editor General\",\"@id\":\"https:\/\/luchonoticias.com\/editor\/#\/schema\/person\/29217990ddf6f14e35912b2866d591fb\"},\"headline\":\"El Huila despide a la inolvidable comunicadora Gloria Arizabaleta de Paredes\",\"datePublished\":\"2023-03-02T14:08:15+00:00\",\"dateModified\":\"2023-03-02T14:08:17+00:00\",\"mainEntityOfPage\":{\"@id\":\"https:\/\/luchonoticias.com\/editor\/el-huila-despide-a-la-inolvidable-comunicadora-gloria-arizabaleta-de-paredes\/\"},\"wordCount\":652,\"commentCount\":0,\"publisher\":{\"@id\":\"https:\/\/luchonoticias.com\/editor\/#\/schema\/person\/7a7fd911f58561fd056dbac7b55af9cd\"},\"image\":{\"@id\":\"https:\/\/luchonoticias.com\/editor\/el-huila-despide-a-la-inolvidable-comunicadora-gloria-arizabaleta-de-paredes\/#primaryimage\"},\"thumbnailUrl\":\"https:\/\/luchonoticias.com\/wp-content\/uploads\/2023\/03\/334047041_1301485017099353_8995875970823924330_n.jpg\",\"articleSection\":[\"Destacado\",\"Local\"],\"inLanguage\":\"es\",\"potentialAction\":[{\"@type\":\"CommentAction\",\"name\":\"Comment\",\"target\":[\"https:\/\/luchonoticias.com\/editor\/el-huila-despide-a-la-inolvidable-comunicadora-gloria-arizabaleta-de-paredes\/#respond\"]}]},{\"@type\":\"WebPage\",\"@id\":\"https:\/\/luchonoticias.com\/editor\/el-huila-despide-a-la-inolvidable-comunicadora-gloria-arizabaleta-de-paredes\/\",\"url\":\"https:\/\/luchonoticias.com\/editor\/el-huila-despide-a-la-inolvidable-comunicadora-gloria-arizabaleta-de-paredes\/\",\"name\":\"El Huila despide a la inolvidable comunicadora Gloria Arizabaleta de Paredes -\",\"isPartOf\":{\"@id\":\"https:\/\/luchonoticias.com\/editor\/#website\"},\"primaryImageOfPage\":{\"@id\":\"https:\/\/luchonoticias.com\/editor\/el-huila-despide-a-la-inolvidable-comunicadora-gloria-arizabaleta-de-paredes\/#primaryimage\"},\"image\":{\"@id\":\"https:\/\/luchonoticias.com\/editor\/el-huila-despide-a-la-inolvidable-comunicadora-gloria-arizabaleta-de-paredes\/#primaryimage\"},\"thumbnailUrl\":\"https:\/\/luchonoticias.com\/wp-content\/uploads\/2023\/03\/334047041_1301485017099353_8995875970823924330_n.jpg\",\"datePublished\":\"2023-03-02T14:08:15+00:00\",\"dateModified\":\"2023-03-02T14:08:17+00:00\",\"breadcrumb\":{\"@id\":\"https:\/\/luchonoticias.com\/editor\/el-huila-despide-a-la-inolvidable-comunicadora-gloria-arizabaleta-de-paredes\/#breadcrumb\"},\"inLanguage\":\"es\",\"potentialAction\":[{\"@type\":\"ReadAction\",\"target\":[\"https:\/\/luchonoticias.com\/editor\/el-huila-despide-a-la-inolvidable-comunicadora-gloria-arizabaleta-de-paredes\/\"]}]},{\"@type\":\"ImageObject\",\"inLanguage\":\"es\",\"@id\":\"https:\/\/luchonoticias.com\/editor\/el-huila-despide-a-la-inolvidable-comunicadora-gloria-arizabaleta-de-paredes\/#primaryimage\",\"url\":\"https:\/\/luchonoticias.com\/wp-content\/uploads\/2023\/03\/334047041_1301485017099353_8995875970823924330_n.jpg\",\"contentUrl\":\"https:\/\/luchonoticias.com\/wp-content\/uploads\/2023\/03\/334047041_1301485017099353_8995875970823924330_n.jpg\"},{\"@type\":\"BreadcrumbList\",\"@id\":\"https:\/\/luchonoticias.com\/editor\/el-huila-despide-a-la-inolvidable-comunicadora-gloria-arizabaleta-de-paredes\/#breadcrumb\",\"itemListElement\":[{\"@type\":\"ListItem\",\"position\":1,\"name\":\"Portada\",\"item\":\"https:\/\/luchonoticias.com\/editor\/\"},{\"@type\":\"ListItem\",\"position\":2,\"name\":\"El Huila despide a la inolvidable comunicadora Gloria Arizabaleta de Paredes\"}]},{\"@type\":\"WebSite\",\"@id\":\"https:\/\/luchonoticias.com\/editor\/#website\",\"url\":\"https:\/\/luchonoticias.com\/editor\/\",\"name\":\"\",\"description\":\"\",\"publisher\":{\"@id\":\"https:\/\/luchonoticias.com\/editor\/#\/schema\/person\/7a7fd911f58561fd056dbac7b55af9cd\"},\"potentialAction\":[{\"@type\":\"SearchAction\",\"target\":{\"@type\":\"EntryPoint\",\"urlTemplate\":\"https:\/\/luchonoticias.com\/editor\/?s={search_term_string}\"},\"query-input\":{\"@type\":\"PropertyValueSpecification\",\"valueRequired\":true,\"valueName\":\"search_term_string\"}}],\"inLanguage\":\"es\"},{\"@type\":[\"Person\",\"Organization\"],\"@id\":\"https:\/\/luchonoticias.com\/editor\/#\/schema\/person\/7a7fd911f58561fd056dbac7b55af9cd\",\"name\":\"admin\",\"image\":{\"@type\":\"ImageObject\",\"inLanguage\":\"es\",\"@id\":\"https:\/\/luchonoticias.com\/editor\/#\/schema\/person\/image\/\",\"url\":\"https:\/\/luchonoticias.com\/editor\/wp-content\/uploads\/2024\/02\/cropped-cropped-logolu.webp\",\"contentUrl\":\"https:\/\/luchonoticias.com\/editor\/wp-content\/uploads\/2024\/02\/cropped-cropped-logolu.webp\",\"width\":382,\"height\":170,\"caption\":\"admin\"},\"logo\":{\"@id\":\"https:\/\/luchonoticias.com\/editor\/#\/schema\/person\/image\/\"},\"sameAs\":[\"https:\/\/www.facebook.com\/luchonoticiasneiva\"]},{\"@type\":\"Person\",\"@id\":\"https:\/\/luchonoticias.com\/editor\/#\/schema\/person\/29217990ddf6f14e35912b2866d591fb\",\"name\":\"Editor General\",\"image\":{\"@type\":\"ImageObject\",\"inLanguage\":\"es\",\"@id\":\"https:\/\/luchonoticias.com\/editor\/#\/schema\/person\/image\/\",\"url\":\"https:\/\/luchonoticias.com\/editor\/wp-content\/uploads\/2024\/02\/cropped-cropped-logolu-150x150.webp\",\"contentUrl\":\"https:\/\/luchonoticias.com\/editor\/wp-content\/uploads\/2024\/02\/cropped-cropped-logolu-150x150.webp\",\"caption\":\"Editor General\"},\"sameAs\":[\"https:\/\/luchonoticias.com\/\"],\"url\":\"https:\/\/luchonoticias.com\/editor\/author\/editor-general\/\"}]}<\/script>\n<!-- \/ Yoast SEO plugin. -->","yoast_head_json":{"title":"El Huila despide a la inolvidable comunicadora Gloria Arizabaleta de Paredes -","robots":{"index":"index","follow":"follow","max-snippet":"max-snippet:-1","max-image-preview":"max-image-preview:large","max-video-preview":"max-video-preview:-1"},"canonical":"https:\/\/luchonoticias.com\/editor\/el-huila-despide-a-la-inolvidable-comunicadora-gloria-arizabaleta-de-paredes\/","og_locale":"es_ES","og_type":"article","og_title":"El Huila despide a la inolvidable comunicadora Gloria Arizabaleta de Paredes -","og_url":"https:\/\/luchonoticias.com\/editor\/el-huila-despide-a-la-inolvidable-comunicadora-gloria-arizabaleta-de-paredes\/","article_publisher":"https:\/\/www.facebook.com\/luchonoticiasneiva","article_published_time":"2023-03-02T14:08:15+00:00","article_modified_time":"2023-03-02T14:08:17+00:00","og_image":[{"url":"https:\/\/luchonoticias.com\/wp-content\/uploads\/2023\/03\/334047041_1301485017099353_8995875970823924330_n.jpg","type":"","width":"","height":""}],"author":"Editor General","twitter_card":"summary_large_image","twitter_misc":{"Escrito por":"Editor General","Tiempo de lectura":"3 minutos"},"schema":{"@context":"https:\/\/schema.org","@graph":[{"@type":"Article","@id":"https:\/\/luchonoticias.com\/editor\/el-huila-despide-a-la-inolvidable-comunicadora-gloria-arizabaleta-de-paredes\/#article","isPartOf":{"@id":"https:\/\/luchonoticias.com\/editor\/el-huila-despide-a-la-inolvidable-comunicadora-gloria-arizabaleta-de-paredes\/"},"author":{"name":"Editor General","@id":"https:\/\/luchonoticias.com\/editor\/#\/schema\/person\/29217990ddf6f14e35912b2866d591fb"},"headline":"El Huila despide a la inolvidable comunicadora Gloria Arizabaleta de Paredes","datePublished":"2023-03-02T14:08:15+00:00","dateModified":"2023-03-02T14:08:17+00:00","mainEntityOfPage":{"@id":"https:\/\/luchonoticias.com\/editor\/el-huila-despide-a-la-inolvidable-comunicadora-gloria-arizabaleta-de-paredes\/"},"wordCount":652,"commentCount":0,"publisher":{"@id":"https:\/\/luchonoticias.com\/editor\/#\/schema\/person\/7a7fd911f58561fd056dbac7b55af9cd"},"image":{"@id":"https:\/\/luchonoticias.com\/editor\/el-huila-despide-a-la-inolvidable-comunicadora-gloria-arizabaleta-de-paredes\/#primaryimage"},"thumbnailUrl":"https:\/\/luchonoticias.com\/wp-content\/uploads\/2023\/03\/334047041_1301485017099353_8995875970823924330_n.jpg","articleSection":["Destacado","Local"],"inLanguage":"es","potentialAction":[{"@type":"CommentAction","name":"Comment","target":["https:\/\/luchonoticias.com\/editor\/el-huila-despide-a-la-inolvidable-comunicadora-gloria-arizabaleta-de-paredes\/#respond"]}]},{"@type":"WebPage","@id":"https:\/\/luchonoticias.com\/editor\/el-huila-despide-a-la-inolvidable-comunicadora-gloria-arizabaleta-de-paredes\/","url":"https:\/\/luchonoticias.com\/editor\/el-huila-despide-a-la-inolvidable-comunicadora-gloria-arizabaleta-de-paredes\/","name":"El Huila despide a la inolvidable comunicadora Gloria Arizabaleta de Paredes -","isPartOf":{"@id":"https:\/\/luchonoticias.com\/editor\/#website"},"primaryImageOfPage":{"@id":"https:\/\/luchonoticias.com\/editor\/el-huila-despide-a-la-inolvidable-comunicadora-gloria-arizabaleta-de-paredes\/#primaryimage"},"image":{"@id":"https:\/\/luchonoticias.com\/editor\/el-huila-despide-a-la-inolvidable-comunicadora-gloria-arizabaleta-de-paredes\/#primaryimage"},"thumbnailUrl":"https:\/\/luchonoticias.com\/wp-content\/uploads\/2023\/03\/334047041_1301485017099353_8995875970823924330_n.jpg","datePublished":"2023-03-02T14:08:15+00:00","dateModified":"2023-03-02T14:08:17+00:00","breadcrumb":{"@id":"https:\/\/luchonoticias.com\/editor\/el-huila-despide-a-la-inolvidable-comunicadora-gloria-arizabaleta-de-paredes\/#breadcrumb"},"inLanguage":"es","potentialAction":[{"@type":"ReadAction","target":["https:\/\/luchonoticias.com\/editor\/el-huila-despide-a-la-inolvidable-comunicadora-gloria-arizabaleta-de-paredes\/"]}]},{"@type":"ImageObject","inLanguage":"es","@id":"https:\/\/luchonoticias.com\/editor\/el-huila-despide-a-la-inolvidable-comunicadora-gloria-arizabaleta-de-paredes\/#primaryimage","url":"https:\/\/luchonoticias.com\/wp-content\/uploads\/2023\/03\/334047041_1301485017099353_8995875970823924330_n.jpg","contentUrl":"https:\/\/luchonoticias.com\/wp-content\/uploads\/2023\/03\/334047041_1301485017099353_8995875970823924330_n.jpg"},{"@type":"BreadcrumbList","@id":"https:\/\/luchonoticias.com\/editor\/el-huila-despide-a-la-inolvidable-comunicadora-gloria-arizabaleta-de-paredes\/#breadcrumb","itemListElement":[{"@type":"ListItem","position":1,"name":"Portada","item":"https:\/\/luchonoticias.com\/editor\/"},{"@type":"ListItem","position":2,"name":"El Huila despide a la inolvidable comunicadora Gloria Arizabaleta de Paredes"}]},{"@type":"WebSite","@id":"https:\/\/luchonoticias.com\/editor\/#website","url":"https:\/\/luchonoticias.com\/editor\/","name":"","description":"","publisher":{"@id":"https:\/\/luchonoticias.com\/editor\/#\/schema\/person\/7a7fd911f58561fd056dbac7b55af9cd"},"potentialAction":[{"@type":"SearchAction","target":{"@type":"EntryPoint","urlTemplate":"https:\/\/luchonoticias.com\/editor\/?s={search_term_string}"},"query-input":{"@type":"PropertyValueSpecification","valueRequired":true,"valueName":"search_term_string"}}],"inLanguage":"es"},{"@type":["Person","Organization"],"@id":"https:\/\/luchonoticias.com\/editor\/#\/schema\/person\/7a7fd911f58561fd056dbac7b55af9cd","name":"admin","image":{"@type":"ImageObject","inLanguage":"es","@id":"https:\/\/luchonoticias.com\/editor\/#\/schema\/person\/image\/","url":"https:\/\/luchonoticias.com\/editor\/wp-content\/uploads\/2024\/02\/cropped-cropped-logolu.webp","contentUrl":"https:\/\/luchonoticias.com\/editor\/wp-content\/uploads\/2024\/02\/cropped-cropped-logolu.webp","width":382,"height":170,"caption":"admin"},"logo":{"@id":"https:\/\/luchonoticias.com\/editor\/#\/schema\/person\/image\/"},"sameAs":["https:\/\/www.facebook.com\/luchonoticiasneiva"]},{"@type":"Person","@id":"https:\/\/luchonoticias.com\/editor\/#\/schema\/person\/29217990ddf6f14e35912b2866d591fb","name":"Editor General","image":{"@type":"ImageObject","inLanguage":"es","@id":"https:\/\/luchonoticias.com\/editor\/#\/schema\/person\/image\/","url":"https:\/\/luchonoticias.com\/editor\/wp-content\/uploads\/2024\/02\/cropped-cropped-logolu-150x150.webp","contentUrl":"https:\/\/luchonoticias.com\/editor\/wp-content\/uploads\/2024\/02\/cropped-cropped-logolu-150x150.webp","caption":"Editor General"},"sameAs":["https:\/\/luchonoticias.com\/"],"url":"https:\/\/luchonoticias.com\/editor\/author\/editor-general\/"}]}},"_links":{"self":[{"href":"https:\/\/luchonoticias.com\/editor\/wp-json\/wp\/v2\/posts\/47329","targetHints":{"allow":["GET"]}}],"collection":[{"href":"https:\/\/luchonoticias.com\/editor\/wp-json\/wp\/v2\/posts"}],"about":[{"href":"https:\/\/luchonoticias.com\/editor\/wp-json\/wp\/v2\/types\/post"}],"author":[{"embeddable":true,"href":"https:\/\/luchonoticias.com\/editor\/wp-json\/wp\/v2\/users\/2"}],"replies":[{"embeddable":true,"href":"https:\/\/luchonoticias.com\/editor\/wp-json\/wp\/v2\/comments?post=47329"}],"version-history":[{"count":0,"href":"https:\/\/luchonoticias.com\/editor\/wp-json\/wp\/v2\/posts\/47329\/revisions"}],"wp:attachment":[{"href":"https:\/\/luchonoticias.com\/editor\/wp-json\/wp\/v2\/media?parent=47329"}],"wp:term":[{"taxonomy":"category","embeddable":true,"href":"https:\/\/luchonoticias.com\/editor\/wp-json\/wp\/v2\/categories?post=47329"},{"taxonomy":"post_tag","embeddable":true,"href":"https:\/\/luchonoticias.com\/editor\/wp-json\/wp\/v2\/tags?post=47329"}],"curies":[{"name":"wp","href":"https:\/\/api.w.org\/{rel}","templated":true}]}}