{"id":47338,"date":"2023-03-02T14:08:19","date_gmt":"2023-03-02T19:08:19","guid":{"rendered":"https:\/\/luchonoticias.com\/?p=47338"},"modified":"2023-03-02T14:08:20","modified_gmt":"2023-03-02T19:08:20","slug":"capturado-para-cumplir-condena-hacia-parte-de-una-banda-dedicada-al-hurto-de-bancos-y-compraventas","status":"publish","type":"post","link":"https:\/\/luchonoticias.com\/editor\/capturado-para-cumplir-condena-hacia-parte-de-una-banda-dedicada-al-hurto-de-bancos-y-compraventas\/","title":{"rendered":"Capturado para cumplir condena: hac\u00eda parte de una banda dedicada al hurto de bancos y compraventas"},"content":{"rendered":"\n<p>Luego de meses de investigaci\u00f3n y seguimiento, la Novena Brigada a trav\u00e9s del Gaula Militar Huila y funcionarios del Cuerpo T\u00e9cnico de Investigaci\u00f3n, CTI, lograron hacer efectiva la orden judicial contra un hombre de 50 a\u00f1os de edad, que al parecer hacia parte de una organizada banda delincuencial que dirig\u00eda su accionar delictivo al hurto a mano armada de entidades bancarias y compraventas.<\/p>\n\n\n\n<p>Los hechos por lo que era buscado y por el que se encuentra condenado a 398 meses de prisi\u00f3n, se habr\u00edan registrado en mayo de 2007 en Neiva, Huila, cuando tras el hurto a una compraventa, secuestraron a tres personas y las llevaron a una vivienda abandonada en la v\u00eda que de Neiva conduce al corregimiento de Vegalarga. All\u00ed permanecieron retenidas por 10 horas, hasta que los sujetos, entre ellos el hoy capturado, huyeron del lugar.<\/p>\n\n\n\n<p>La captura del hombre, quien posteriomente fue puesto a disposici\u00f3n de la autoridad judicial competente, se logr\u00f3 en el barrio Las Palmas en el oriente de la capital huilense, gracias a la informaci\u00f3n suministrada por un integrante de la Red de Participaci\u00f3n Ciudadana.<\/p>\n\n\n\n<p>Siguen los soldados del Gaula Militar del Ej\u00e9rcito Nacional, articulando esfuerzos institucionales para enfrentar con contundencia los delitos que afectan la libertad personal y de libre locomoci\u00f3n, de ah\u00ed el llamado a denunciar a la l\u00ednea gratuita 147.<\/p>\n","protected":false},"excerpt":{"rendered":"<p>Luego de meses de investigaci\u00f3n y seguimiento, la Novena Brigada a trav\u00e9s del Gaula Militar Huila y funcionarios del Cuerpo T\u00e9cnico de Investigaci\u00f3n, CTI, lograron hacer efectiva la orden judicial contra un hombre de 50 a\u00f1os de edad, que al parecer hacia parte de una organizada banda delincuencial que dirig\u00eda su accionar delictivo al hurto [&hellip;]<\/p>\n","protected":false},"author":2,"featured_media":0,"comment_status":"open","ping_status":"open","sticky":false,"template":"","format":"standard","meta":{"footnotes":""},"categories":[36,29],"tags":[],"class_list":["post-47338","post","type-post","status-publish","format-standard","hentry","category-destacado","category-judicial"],"yoast_head":"<!-- This site is optimized with the Yoast SEO plugin v26.6 - https:\/\/yoast.com\/wordpress\/plugins\/seo\/ -->\n<title>Capturado para cumplir condena: hac\u00eda parte de una banda dedicada al hurto de bancos y compraventas -<\/title>\n<meta name=\"robots\" content=\"index, follow, max-snippet:-1, max-image-preview:large, max-video-preview:-1\" \/>\n<link rel=\"canonical\" href=\"https:\/\/luchonoticias.com\/editor\/capturado-para-cumplir-condena-hacia-parte-de-una-banda-dedicada-al-hurto-de-bancos-y-compraventas\/\" \/>\n<meta property=\"og:locale\" content=\"es_ES\" \/>\n<meta property=\"og:type\" content=\"article\" \/>\n<meta property=\"og:title\" content=\"Capturado para cumplir condena: hac\u00eda parte de una banda dedicada al hurto de bancos y compraventas -\" \/>\n<meta property=\"og:url\" content=\"https:\/\/luchonoticias.com\/editor\/capturado-para-cumplir-condena-hacia-parte-de-una-banda-dedicada-al-hurto-de-bancos-y-compraventas\/\" \/>\n<meta property=\"article:publisher\" content=\"https:\/\/www.facebook.com\/luchonoticiasneiva\" \/>\n<meta property=\"article:published_time\" content=\"2023-03-02T19:08:19+00:00\" \/>\n<meta property=\"article:modified_time\" content=\"2023-03-02T19:08:20+00:00\" \/>\n<meta name=\"author\" content=\"Editor General\" \/>\n<meta name=\"twitter:card\" content=\"summary_large_image\" \/>\n<meta name=\"twitter:label1\" content=\"Escrito por\" \/>\n\t<meta name=\"twitter:data1\" content=\"Editor General\" \/>\n\t<meta name=\"twitter:label2\" content=\"Tiempo de lectura\" \/>\n\t<meta name=\"twitter:data2\" content=\"1 minuto\" \/>\n<script type=\"application\/ld+json\" class=\"yoast-schema-graph\">{\"@context\":\"https:\/\/schema.org\",\"@graph\":[{\"@type\":\"Article\",\"@id\":\"https:\/\/luchonoticias.com\/editor\/capturado-para-cumplir-condena-hacia-parte-de-una-banda-dedicada-al-hurto-de-bancos-y-compraventas\/#article\",\"isPartOf\":{\"@id\":\"https:\/\/luchonoticias.com\/editor\/capturado-para-cumplir-condena-hacia-parte-de-una-banda-dedicada-al-hurto-de-bancos-y-compraventas\/\"},\"author\":{\"name\":\"Editor General\",\"@id\":\"https:\/\/luchonoticias.com\/editor\/#\/schema\/person\/29217990ddf6f14e35912b2866d591fb\"},\"headline\":\"Capturado para cumplir condena: hac\u00eda parte de una banda dedicada al hurto de bancos y compraventas\",\"datePublished\":\"2023-03-02T19:08:19+00:00\",\"dateModified\":\"2023-03-02T19:08:20+00:00\",\"mainEntityOfPage\":{\"@id\":\"https:\/\/luchonoticias.com\/editor\/capturado-para-cumplir-condena-hacia-parte-de-una-banda-dedicada-al-hurto-de-bancos-y-compraventas\/\"},\"wordCount\":247,\"commentCount\":0,\"publisher\":{\"@id\":\"https:\/\/luchonoticias.com\/editor\/#\/schema\/person\/7a7fd911f58561fd056dbac7b55af9cd\"},\"articleSection\":[\"Destacado\",\"Judicial\"],\"inLanguage\":\"es\",\"potentialAction\":[{\"@type\":\"CommentAction\",\"name\":\"Comment\",\"target\":[\"https:\/\/luchonoticias.com\/editor\/capturado-para-cumplir-condena-hacia-parte-de-una-banda-dedicada-al-hurto-de-bancos-y-compraventas\/#respond\"]}]},{\"@type\":\"WebPage\",\"@id\":\"https:\/\/luchonoticias.com\/editor\/capturado-para-cumplir-condena-hacia-parte-de-una-banda-dedicada-al-hurto-de-bancos-y-compraventas\/\",\"url\":\"https:\/\/luchonoticias.com\/editor\/capturado-para-cumplir-condena-hacia-parte-de-una-banda-dedicada-al-hurto-de-bancos-y-compraventas\/\",\"name\":\"Capturado para cumplir condena: hac\u00eda parte de una banda dedicada al hurto de bancos y compraventas -\",\"isPartOf\":{\"@id\":\"https:\/\/luchonoticias.com\/editor\/#website\"},\"datePublished\":\"2023-03-02T19:08:19+00:00\",\"dateModified\":\"2023-03-02T19:08:20+00:00\",\"breadcrumb\":{\"@id\":\"https:\/\/luchonoticias.com\/editor\/capturado-para-cumplir-condena-hacia-parte-de-una-banda-dedicada-al-hurto-de-bancos-y-compraventas\/#breadcrumb\"},\"inLanguage\":\"es\",\"potentialAction\":[{\"@type\":\"ReadAction\",\"target\":[\"https:\/\/luchonoticias.com\/editor\/capturado-para-cumplir-condena-hacia-parte-de-una-banda-dedicada-al-hurto-de-bancos-y-compraventas\/\"]}]},{\"@type\":\"BreadcrumbList\",\"@id\":\"https:\/\/luchonoticias.com\/editor\/capturado-para-cumplir-condena-hacia-parte-de-una-banda-dedicada-al-hurto-de-bancos-y-compraventas\/#breadcrumb\",\"itemListElement\":[{\"@type\":\"ListItem\",\"position\":1,\"name\":\"Portada\",\"item\":\"https:\/\/luchonoticias.com\/editor\/\"},{\"@type\":\"ListItem\",\"position\":2,\"name\":\"Capturado para cumplir condena: hac\u00eda parte de una banda dedicada al hurto de bancos y compraventas\"}]},{\"@type\":\"WebSite\",\"@id\":\"https:\/\/luchonoticias.com\/editor\/#website\",\"url\":\"https:\/\/luchonoticias.com\/editor\/\",\"name\":\"\",\"description\":\"\",\"publisher\":{\"@id\":\"https:\/\/luchonoticias.com\/editor\/#\/schema\/person\/7a7fd911f58561fd056dbac7b55af9cd\"},\"potentialAction\":[{\"@type\":\"SearchAction\",\"target\":{\"@type\":\"EntryPoint\",\"urlTemplate\":\"https:\/\/luchonoticias.com\/editor\/?s={search_term_string}\"},\"query-input\":{\"@type\":\"PropertyValueSpecification\",\"valueRequired\":true,\"valueName\":\"search_term_string\"}}],\"inLanguage\":\"es\"},{\"@type\":[\"Person\",\"Organization\"],\"@id\":\"https:\/\/luchonoticias.com\/editor\/#\/schema\/person\/7a7fd911f58561fd056dbac7b55af9cd\",\"name\":\"admin\",\"image\":{\"@type\":\"ImageObject\",\"inLanguage\":\"es\",\"@id\":\"https:\/\/luchonoticias.com\/editor\/#\/schema\/person\/image\/\",\"url\":\"https:\/\/luchonoticias.com\/editor\/wp-content\/uploads\/2024\/02\/cropped-cropped-logolu.webp\",\"contentUrl\":\"https:\/\/luchonoticias.com\/editor\/wp-content\/uploads\/2024\/02\/cropped-cropped-logolu.webp\",\"width\":382,\"height\":170,\"caption\":\"admin\"},\"logo\":{\"@id\":\"https:\/\/luchonoticias.com\/editor\/#\/schema\/person\/image\/\"},\"sameAs\":[\"https:\/\/www.facebook.com\/luchonoticiasneiva\"]},{\"@type\":\"Person\",\"@id\":\"https:\/\/luchonoticias.com\/editor\/#\/schema\/person\/29217990ddf6f14e35912b2866d591fb\",\"name\":\"Editor General\",\"image\":{\"@type\":\"ImageObject\",\"inLanguage\":\"es\",\"@id\":\"https:\/\/luchonoticias.com\/editor\/#\/schema\/person\/image\/\",\"url\":\"https:\/\/luchonoticias.com\/editor\/wp-content\/uploads\/2024\/02\/cropped-cropped-logolu-150x150.webp\",\"contentUrl\":\"https:\/\/luchonoticias.com\/editor\/wp-content\/uploads\/2024\/02\/cropped-cropped-logolu-150x150.webp\",\"caption\":\"Editor General\"},\"sameAs\":[\"https:\/\/luchonoticias.com\/\"],\"url\":\"https:\/\/luchonoticias.com\/editor\/author\/editor-general\/\"}]}<\/script>\n<!-- \/ Yoast SEO plugin. -->","yoast_head_json":{"title":"Capturado para cumplir condena: hac\u00eda parte de una banda dedicada al hurto de bancos y compraventas -","robots":{"index":"index","follow":"follow","max-snippet":"max-snippet:-1","max-image-preview":"max-image-preview:large","max-video-preview":"max-video-preview:-1"},"canonical":"https:\/\/luchonoticias.com\/editor\/capturado-para-cumplir-condena-hacia-parte-de-una-banda-dedicada-al-hurto-de-bancos-y-compraventas\/","og_locale":"es_ES","og_type":"article","og_title":"Capturado para cumplir condena: hac\u00eda parte de una banda dedicada al hurto de bancos y compraventas -","og_url":"https:\/\/luchonoticias.com\/editor\/capturado-para-cumplir-condena-hacia-parte-de-una-banda-dedicada-al-hurto-de-bancos-y-compraventas\/","article_publisher":"https:\/\/www.facebook.com\/luchonoticiasneiva","article_published_time":"2023-03-02T19:08:19+00:00","article_modified_time":"2023-03-02T19:08:20+00:00","author":"Editor General","twitter_card":"summary_large_image","twitter_misc":{"Escrito por":"Editor General","Tiempo de lectura":"1 minuto"},"schema":{"@context":"https:\/\/schema.org","@graph":[{"@type":"Article","@id":"https:\/\/luchonoticias.com\/editor\/capturado-para-cumplir-condena-hacia-parte-de-una-banda-dedicada-al-hurto-de-bancos-y-compraventas\/#article","isPartOf":{"@id":"https:\/\/luchonoticias.com\/editor\/capturado-para-cumplir-condena-hacia-parte-de-una-banda-dedicada-al-hurto-de-bancos-y-compraventas\/"},"author":{"name":"Editor General","@id":"https:\/\/luchonoticias.com\/editor\/#\/schema\/person\/29217990ddf6f14e35912b2866d591fb"},"headline":"Capturado para cumplir condena: hac\u00eda parte de una banda dedicada al hurto de bancos y compraventas","datePublished":"2023-03-02T19:08:19+00:00","dateModified":"2023-03-02T19:08:20+00:00","mainEntityOfPage":{"@id":"https:\/\/luchonoticias.com\/editor\/capturado-para-cumplir-condena-hacia-parte-de-una-banda-dedicada-al-hurto-de-bancos-y-compraventas\/"},"wordCount":247,"commentCount":0,"publisher":{"@id":"https:\/\/luchonoticias.com\/editor\/#\/schema\/person\/7a7fd911f58561fd056dbac7b55af9cd"},"articleSection":["Destacado","Judicial"],"inLanguage":"es","potentialAction":[{"@type":"CommentAction","name":"Comment","target":["https:\/\/luchonoticias.com\/editor\/capturado-para-cumplir-condena-hacia-parte-de-una-banda-dedicada-al-hurto-de-bancos-y-compraventas\/#respond"]}]},{"@type":"WebPage","@id":"https:\/\/luchonoticias.com\/editor\/capturado-para-cumplir-condena-hacia-parte-de-una-banda-dedicada-al-hurto-de-bancos-y-compraventas\/","url":"https:\/\/luchonoticias.com\/editor\/capturado-para-cumplir-condena-hacia-parte-de-una-banda-dedicada-al-hurto-de-bancos-y-compraventas\/","name":"Capturado para cumplir condena: hac\u00eda parte de una banda dedicada al hurto de bancos y compraventas -","isPartOf":{"@id":"https:\/\/luchonoticias.com\/editor\/#website"},"datePublished":"2023-03-02T19:08:19+00:00","dateModified":"2023-03-02T19:08:20+00:00","breadcrumb":{"@id":"https:\/\/luchonoticias.com\/editor\/capturado-para-cumplir-condena-hacia-parte-de-una-banda-dedicada-al-hurto-de-bancos-y-compraventas\/#breadcrumb"},"inLanguage":"es","potentialAction":[{"@type":"ReadAction","target":["https:\/\/luchonoticias.com\/editor\/capturado-para-cumplir-condena-hacia-parte-de-una-banda-dedicada-al-hurto-de-bancos-y-compraventas\/"]}]},{"@type":"BreadcrumbList","@id":"https:\/\/luchonoticias.com\/editor\/capturado-para-cumplir-condena-hacia-parte-de-una-banda-dedicada-al-hurto-de-bancos-y-compraventas\/#breadcrumb","itemListElement":[{"@type":"ListItem","position":1,"name":"Portada","item":"https:\/\/luchonoticias.com\/editor\/"},{"@type":"ListItem","position":2,"name":"Capturado para cumplir condena: hac\u00eda parte de una banda dedicada al hurto de bancos y compraventas"}]},{"@type":"WebSite","@id":"https:\/\/luchonoticias.com\/editor\/#website","url":"https:\/\/luchonoticias.com\/editor\/","name":"","description":"","publisher":{"@id":"https:\/\/luchonoticias.com\/editor\/#\/schema\/person\/7a7fd911f58561fd056dbac7b55af9cd"},"potentialAction":[{"@type":"SearchAction","target":{"@type":"EntryPoint","urlTemplate":"https:\/\/luchonoticias.com\/editor\/?s={search_term_string}"},"query-input":{"@type":"PropertyValueSpecification","valueRequired":true,"valueName":"search_term_string"}}],"inLanguage":"es"},{"@type":["Person","Organization"],"@id":"https:\/\/luchonoticias.com\/editor\/#\/schema\/person\/7a7fd911f58561fd056dbac7b55af9cd","name":"admin","image":{"@type":"ImageObject","inLanguage":"es","@id":"https:\/\/luchonoticias.com\/editor\/#\/schema\/person\/image\/","url":"https:\/\/luchonoticias.com\/editor\/wp-content\/uploads\/2024\/02\/cropped-cropped-logolu.webp","contentUrl":"https:\/\/luchonoticias.com\/editor\/wp-content\/uploads\/2024\/02\/cropped-cropped-logolu.webp","width":382,"height":170,"caption":"admin"},"logo":{"@id":"https:\/\/luchonoticias.com\/editor\/#\/schema\/person\/image\/"},"sameAs":["https:\/\/www.facebook.com\/luchonoticiasneiva"]},{"@type":"Person","@id":"https:\/\/luchonoticias.com\/editor\/#\/schema\/person\/29217990ddf6f14e35912b2866d591fb","name":"Editor General","image":{"@type":"ImageObject","inLanguage":"es","@id":"https:\/\/luchonoticias.com\/editor\/#\/schema\/person\/image\/","url":"https:\/\/luchonoticias.com\/editor\/wp-content\/uploads\/2024\/02\/cropped-cropped-logolu-150x150.webp","contentUrl":"https:\/\/luchonoticias.com\/editor\/wp-content\/uploads\/2024\/02\/cropped-cropped-logolu-150x150.webp","caption":"Editor General"},"sameAs":["https:\/\/luchonoticias.com\/"],"url":"https:\/\/luchonoticias.com\/editor\/author\/editor-general\/"}]}},"_links":{"self":[{"href":"https:\/\/luchonoticias.com\/editor\/wp-json\/wp\/v2\/posts\/47338","targetHints":{"allow":["GET"]}}],"collection":[{"href":"https:\/\/luchonoticias.com\/editor\/wp-json\/wp\/v2\/posts"}],"about":[{"href":"https:\/\/luchonoticias.com\/editor\/wp-json\/wp\/v2\/types\/post"}],"author":[{"embeddable":true,"href":"https:\/\/luchonoticias.com\/editor\/wp-json\/wp\/v2\/users\/2"}],"replies":[{"embeddable":true,"href":"https:\/\/luchonoticias.com\/editor\/wp-json\/wp\/v2\/comments?post=47338"}],"version-history":[{"count":0,"href":"https:\/\/luchonoticias.com\/editor\/wp-json\/wp\/v2\/posts\/47338\/revisions"}],"wp:attachment":[{"href":"https:\/\/luchonoticias.com\/editor\/wp-json\/wp\/v2\/media?parent=47338"}],"wp:term":[{"taxonomy":"category","embeddable":true,"href":"https:\/\/luchonoticias.com\/editor\/wp-json\/wp\/v2\/categories?post=47338"},{"taxonomy":"post_tag","embeddable":true,"href":"https:\/\/luchonoticias.com\/editor\/wp-json\/wp\/v2\/tags?post=47338"}],"curies":[{"name":"wp","href":"https:\/\/api.w.org\/{rel}","templated":true}]}}