{"id":47341,"date":"2023-03-02T14:17:15","date_gmt":"2023-03-02T19:17:15","guid":{"rendered":"https:\/\/luchonoticias.com\/?p=47341"},"modified":"2023-03-02T14:17:16","modified_gmt":"2023-03-02T19:17:16","slug":"petro-pide-a-la-fiscalia-investigar-a-su-hermano-y-su-hijo-mayor","status":"publish","type":"post","link":"https:\/\/luchonoticias.com\/editor\/petro-pide-a-la-fiscalia-investigar-a-su-hermano-y-su-hijo-mayor\/","title":{"rendered":"Petro pide a la Fiscal\u00eda investigar a su hermano y su hijo mayor"},"content":{"rendered":"\n<p>El jefe de Estado, a trav\u00e9s de un comunicado de la Casa de Nari\u00f1o y las redes sociales expres\u00f3 que \u00abdebido a la informaci\u00f3n que se rumora en la opini\u00f3n p\u00fablica sobre mi hermano Juan Fernando Petro Urrego&nbsp; y mi hijo mayor, Nicol\u00e1s Petro Burgos, le pido al Fiscal General de la Naci\u00f3n, adelantar todas las investigaciones necesarias y determinar posibles responsabilidades\u00bb.<\/p>\n\n\n\n<p>Seg\u00fan dio a conocer el mandatario, la intenci\u00f3n de su petici\u00f3n es indagar sobre las actuaciones de sus seres queridos y determinar posibles responsabilidades. A rengl\u00f3n seguido indica que \u00abreitero que el \u00fanico funcionario que cuenta con el aval del gobierno para tener contacto con las organizaciones al margen de la ley con el objetivo \u00fanico de la b\u00fasqueda de la paz, es el Alto Comisionado de la Paz, Danilo Rueda\u00bb.<\/p>\n\n\n\n<p>Asimismo, el mandatario ratific\u00f3 su compromiso con el pa\u00eds, dejando en claro que su Gobierno no pasar\u00e1 por alto los delitos cometidos por organizaciones y jam\u00e1s otorgar\u00e1 beneficios a criminales a cambio de sobornos.<\/p>\n","protected":false},"excerpt":{"rendered":"<p>El jefe de Estado, a trav\u00e9s de un comunicado de la Casa de Nari\u00f1o y las redes sociales expres\u00f3 que \u00abdebido a la informaci\u00f3n que se rumora en la opini\u00f3n p\u00fablica sobre mi hermano Juan Fernando Petro Urrego&nbsp; y mi hijo mayor, Nicol\u00e1s Petro Burgos, le pido al Fiscal General de la Naci\u00f3n, adelantar todas [&hellip;]<\/p>\n","protected":false},"author":2,"featured_media":0,"comment_status":"open","ping_status":"open","sticky":false,"template":"","format":"standard","meta":{"footnotes":""},"categories":[36,32],"tags":[],"class_list":["post-47341","post","type-post","status-publish","format-standard","hentry","category-destacado","category-nacional"],"yoast_head":"<!-- This site is optimized with the Yoast SEO plugin v26.6 - https:\/\/yoast.com\/wordpress\/plugins\/seo\/ -->\n<title>Petro pide a la Fiscal\u00eda investigar a su hermano y su hijo mayor -<\/title>\n<meta name=\"robots\" content=\"index, follow, max-snippet:-1, max-image-preview:large, max-video-preview:-1\" \/>\n<link rel=\"canonical\" href=\"https:\/\/luchonoticias.com\/editor\/petro-pide-a-la-fiscalia-investigar-a-su-hermano-y-su-hijo-mayor\/\" \/>\n<meta property=\"og:locale\" content=\"es_ES\" \/>\n<meta property=\"og:type\" content=\"article\" \/>\n<meta property=\"og:title\" content=\"Petro pide a la Fiscal\u00eda investigar a su hermano y su hijo mayor -\" \/>\n<meta property=\"og:url\" content=\"https:\/\/luchonoticias.com\/editor\/petro-pide-a-la-fiscalia-investigar-a-su-hermano-y-su-hijo-mayor\/\" \/>\n<meta property=\"article:publisher\" content=\"https:\/\/www.facebook.com\/luchonoticiasneiva\" \/>\n<meta property=\"article:published_time\" content=\"2023-03-02T19:17:15+00:00\" \/>\n<meta property=\"article:modified_time\" content=\"2023-03-02T19:17:16+00:00\" \/>\n<meta name=\"author\" content=\"Editor General\" \/>\n<meta name=\"twitter:card\" content=\"summary_large_image\" \/>\n<meta name=\"twitter:label1\" content=\"Escrito por\" \/>\n\t<meta name=\"twitter:data1\" content=\"Editor General\" \/>\n\t<meta name=\"twitter:label2\" content=\"Tiempo de lectura\" \/>\n\t<meta name=\"twitter:data2\" content=\"1 minuto\" \/>\n<script type=\"application\/ld+json\" class=\"yoast-schema-graph\">{\"@context\":\"https:\/\/schema.org\",\"@graph\":[{\"@type\":\"Article\",\"@id\":\"https:\/\/luchonoticias.com\/editor\/petro-pide-a-la-fiscalia-investigar-a-su-hermano-y-su-hijo-mayor\/#article\",\"isPartOf\":{\"@id\":\"https:\/\/luchonoticias.com\/editor\/petro-pide-a-la-fiscalia-investigar-a-su-hermano-y-su-hijo-mayor\/\"},\"author\":{\"name\":\"Editor General\",\"@id\":\"https:\/\/luchonoticias.com\/editor\/#\/schema\/person\/29217990ddf6f14e35912b2866d591fb\"},\"headline\":\"Petro pide a la Fiscal\u00eda investigar a su hermano y su hijo mayor\",\"datePublished\":\"2023-03-02T19:17:15+00:00\",\"dateModified\":\"2023-03-02T19:17:16+00:00\",\"mainEntityOfPage\":{\"@id\":\"https:\/\/luchonoticias.com\/editor\/petro-pide-a-la-fiscalia-investigar-a-su-hermano-y-su-hijo-mayor\/\"},\"wordCount\":196,\"commentCount\":0,\"publisher\":{\"@id\":\"https:\/\/luchonoticias.com\/editor\/#\/schema\/person\/7a7fd911f58561fd056dbac7b55af9cd\"},\"articleSection\":[\"Destacado\",\"Nacional\"],\"inLanguage\":\"es\",\"potentialAction\":[{\"@type\":\"CommentAction\",\"name\":\"Comment\",\"target\":[\"https:\/\/luchonoticias.com\/editor\/petro-pide-a-la-fiscalia-investigar-a-su-hermano-y-su-hijo-mayor\/#respond\"]}]},{\"@type\":\"WebPage\",\"@id\":\"https:\/\/luchonoticias.com\/editor\/petro-pide-a-la-fiscalia-investigar-a-su-hermano-y-su-hijo-mayor\/\",\"url\":\"https:\/\/luchonoticias.com\/editor\/petro-pide-a-la-fiscalia-investigar-a-su-hermano-y-su-hijo-mayor\/\",\"name\":\"Petro pide a la Fiscal\u00eda investigar a su hermano y su hijo mayor -\",\"isPartOf\":{\"@id\":\"https:\/\/luchonoticias.com\/editor\/#website\"},\"datePublished\":\"2023-03-02T19:17:15+00:00\",\"dateModified\":\"2023-03-02T19:17:16+00:00\",\"breadcrumb\":{\"@id\":\"https:\/\/luchonoticias.com\/editor\/petro-pide-a-la-fiscalia-investigar-a-su-hermano-y-su-hijo-mayor\/#breadcrumb\"},\"inLanguage\":\"es\",\"potentialAction\":[{\"@type\":\"ReadAction\",\"target\":[\"https:\/\/luchonoticias.com\/editor\/petro-pide-a-la-fiscalia-investigar-a-su-hermano-y-su-hijo-mayor\/\"]}]},{\"@type\":\"BreadcrumbList\",\"@id\":\"https:\/\/luchonoticias.com\/editor\/petro-pide-a-la-fiscalia-investigar-a-su-hermano-y-su-hijo-mayor\/#breadcrumb\",\"itemListElement\":[{\"@type\":\"ListItem\",\"position\":1,\"name\":\"Portada\",\"item\":\"https:\/\/luchonoticias.com\/editor\/\"},{\"@type\":\"ListItem\",\"position\":2,\"name\":\"Petro pide a la Fiscal\u00eda investigar a su hermano y su hijo mayor\"}]},{\"@type\":\"WebSite\",\"@id\":\"https:\/\/luchonoticias.com\/editor\/#website\",\"url\":\"https:\/\/luchonoticias.com\/editor\/\",\"name\":\"\",\"description\":\"\",\"publisher\":{\"@id\":\"https:\/\/luchonoticias.com\/editor\/#\/schema\/person\/7a7fd911f58561fd056dbac7b55af9cd\"},\"potentialAction\":[{\"@type\":\"SearchAction\",\"target\":{\"@type\":\"EntryPoint\",\"urlTemplate\":\"https:\/\/luchonoticias.com\/editor\/?s={search_term_string}\"},\"query-input\":{\"@type\":\"PropertyValueSpecification\",\"valueRequired\":true,\"valueName\":\"search_term_string\"}}],\"inLanguage\":\"es\"},{\"@type\":[\"Person\",\"Organization\"],\"@id\":\"https:\/\/luchonoticias.com\/editor\/#\/schema\/person\/7a7fd911f58561fd056dbac7b55af9cd\",\"name\":\"admin\",\"image\":{\"@type\":\"ImageObject\",\"inLanguage\":\"es\",\"@id\":\"https:\/\/luchonoticias.com\/editor\/#\/schema\/person\/image\/\",\"url\":\"https:\/\/luchonoticias.com\/editor\/wp-content\/uploads\/2024\/02\/cropped-cropped-logolu.webp\",\"contentUrl\":\"https:\/\/luchonoticias.com\/editor\/wp-content\/uploads\/2024\/02\/cropped-cropped-logolu.webp\",\"width\":382,\"height\":170,\"caption\":\"admin\"},\"logo\":{\"@id\":\"https:\/\/luchonoticias.com\/editor\/#\/schema\/person\/image\/\"},\"sameAs\":[\"https:\/\/www.facebook.com\/luchonoticiasneiva\"]},{\"@type\":\"Person\",\"@id\":\"https:\/\/luchonoticias.com\/editor\/#\/schema\/person\/29217990ddf6f14e35912b2866d591fb\",\"name\":\"Editor General\",\"image\":{\"@type\":\"ImageObject\",\"inLanguage\":\"es\",\"@id\":\"https:\/\/luchonoticias.com\/editor\/#\/schema\/person\/image\/\",\"url\":\"https:\/\/luchonoticias.com\/editor\/wp-content\/uploads\/2024\/02\/cropped-cropped-logolu-150x150.webp\",\"contentUrl\":\"https:\/\/luchonoticias.com\/editor\/wp-content\/uploads\/2024\/02\/cropped-cropped-logolu-150x150.webp\",\"caption\":\"Editor General\"},\"sameAs\":[\"https:\/\/luchonoticias.com\/\"],\"url\":\"https:\/\/luchonoticias.com\/editor\/author\/editor-general\/\"}]}<\/script>\n<!-- \/ Yoast SEO plugin. -->","yoast_head_json":{"title":"Petro pide a la Fiscal\u00eda investigar a su hermano y su hijo mayor -","robots":{"index":"index","follow":"follow","max-snippet":"max-snippet:-1","max-image-preview":"max-image-preview:large","max-video-preview":"max-video-preview:-1"},"canonical":"https:\/\/luchonoticias.com\/editor\/petro-pide-a-la-fiscalia-investigar-a-su-hermano-y-su-hijo-mayor\/","og_locale":"es_ES","og_type":"article","og_title":"Petro pide a la Fiscal\u00eda investigar a su hermano y su hijo mayor -","og_url":"https:\/\/luchonoticias.com\/editor\/petro-pide-a-la-fiscalia-investigar-a-su-hermano-y-su-hijo-mayor\/","article_publisher":"https:\/\/www.facebook.com\/luchonoticiasneiva","article_published_time":"2023-03-02T19:17:15+00:00","article_modified_time":"2023-03-02T19:17:16+00:00","author":"Editor General","twitter_card":"summary_large_image","twitter_misc":{"Escrito por":"Editor General","Tiempo de lectura":"1 minuto"},"schema":{"@context":"https:\/\/schema.org","@graph":[{"@type":"Article","@id":"https:\/\/luchonoticias.com\/editor\/petro-pide-a-la-fiscalia-investigar-a-su-hermano-y-su-hijo-mayor\/#article","isPartOf":{"@id":"https:\/\/luchonoticias.com\/editor\/petro-pide-a-la-fiscalia-investigar-a-su-hermano-y-su-hijo-mayor\/"},"author":{"name":"Editor General","@id":"https:\/\/luchonoticias.com\/editor\/#\/schema\/person\/29217990ddf6f14e35912b2866d591fb"},"headline":"Petro pide a la Fiscal\u00eda investigar a su hermano y su hijo mayor","datePublished":"2023-03-02T19:17:15+00:00","dateModified":"2023-03-02T19:17:16+00:00","mainEntityOfPage":{"@id":"https:\/\/luchonoticias.com\/editor\/petro-pide-a-la-fiscalia-investigar-a-su-hermano-y-su-hijo-mayor\/"},"wordCount":196,"commentCount":0,"publisher":{"@id":"https:\/\/luchonoticias.com\/editor\/#\/schema\/person\/7a7fd911f58561fd056dbac7b55af9cd"},"articleSection":["Destacado","Nacional"],"inLanguage":"es","potentialAction":[{"@type":"CommentAction","name":"Comment","target":["https:\/\/luchonoticias.com\/editor\/petro-pide-a-la-fiscalia-investigar-a-su-hermano-y-su-hijo-mayor\/#respond"]}]},{"@type":"WebPage","@id":"https:\/\/luchonoticias.com\/editor\/petro-pide-a-la-fiscalia-investigar-a-su-hermano-y-su-hijo-mayor\/","url":"https:\/\/luchonoticias.com\/editor\/petro-pide-a-la-fiscalia-investigar-a-su-hermano-y-su-hijo-mayor\/","name":"Petro pide a la Fiscal\u00eda investigar a su hermano y su hijo mayor -","isPartOf":{"@id":"https:\/\/luchonoticias.com\/editor\/#website"},"datePublished":"2023-03-02T19:17:15+00:00","dateModified":"2023-03-02T19:17:16+00:00","breadcrumb":{"@id":"https:\/\/luchonoticias.com\/editor\/petro-pide-a-la-fiscalia-investigar-a-su-hermano-y-su-hijo-mayor\/#breadcrumb"},"inLanguage":"es","potentialAction":[{"@type":"ReadAction","target":["https:\/\/luchonoticias.com\/editor\/petro-pide-a-la-fiscalia-investigar-a-su-hermano-y-su-hijo-mayor\/"]}]},{"@type":"BreadcrumbList","@id":"https:\/\/luchonoticias.com\/editor\/petro-pide-a-la-fiscalia-investigar-a-su-hermano-y-su-hijo-mayor\/#breadcrumb","itemListElement":[{"@type":"ListItem","position":1,"name":"Portada","item":"https:\/\/luchonoticias.com\/editor\/"},{"@type":"ListItem","position":2,"name":"Petro pide a la Fiscal\u00eda investigar a su hermano y su hijo mayor"}]},{"@type":"WebSite","@id":"https:\/\/luchonoticias.com\/editor\/#website","url":"https:\/\/luchonoticias.com\/editor\/","name":"","description":"","publisher":{"@id":"https:\/\/luchonoticias.com\/editor\/#\/schema\/person\/7a7fd911f58561fd056dbac7b55af9cd"},"potentialAction":[{"@type":"SearchAction","target":{"@type":"EntryPoint","urlTemplate":"https:\/\/luchonoticias.com\/editor\/?s={search_term_string}"},"query-input":{"@type":"PropertyValueSpecification","valueRequired":true,"valueName":"search_term_string"}}],"inLanguage":"es"},{"@type":["Person","Organization"],"@id":"https:\/\/luchonoticias.com\/editor\/#\/schema\/person\/7a7fd911f58561fd056dbac7b55af9cd","name":"admin","image":{"@type":"ImageObject","inLanguage":"es","@id":"https:\/\/luchonoticias.com\/editor\/#\/schema\/person\/image\/","url":"https:\/\/luchonoticias.com\/editor\/wp-content\/uploads\/2024\/02\/cropped-cropped-logolu.webp","contentUrl":"https:\/\/luchonoticias.com\/editor\/wp-content\/uploads\/2024\/02\/cropped-cropped-logolu.webp","width":382,"height":170,"caption":"admin"},"logo":{"@id":"https:\/\/luchonoticias.com\/editor\/#\/schema\/person\/image\/"},"sameAs":["https:\/\/www.facebook.com\/luchonoticiasneiva"]},{"@type":"Person","@id":"https:\/\/luchonoticias.com\/editor\/#\/schema\/person\/29217990ddf6f14e35912b2866d591fb","name":"Editor General","image":{"@type":"ImageObject","inLanguage":"es","@id":"https:\/\/luchonoticias.com\/editor\/#\/schema\/person\/image\/","url":"https:\/\/luchonoticias.com\/editor\/wp-content\/uploads\/2024\/02\/cropped-cropped-logolu-150x150.webp","contentUrl":"https:\/\/luchonoticias.com\/editor\/wp-content\/uploads\/2024\/02\/cropped-cropped-logolu-150x150.webp","caption":"Editor General"},"sameAs":["https:\/\/luchonoticias.com\/"],"url":"https:\/\/luchonoticias.com\/editor\/author\/editor-general\/"}]}},"_links":{"self":[{"href":"https:\/\/luchonoticias.com\/editor\/wp-json\/wp\/v2\/posts\/47341","targetHints":{"allow":["GET"]}}],"collection":[{"href":"https:\/\/luchonoticias.com\/editor\/wp-json\/wp\/v2\/posts"}],"about":[{"href":"https:\/\/luchonoticias.com\/editor\/wp-json\/wp\/v2\/types\/post"}],"author":[{"embeddable":true,"href":"https:\/\/luchonoticias.com\/editor\/wp-json\/wp\/v2\/users\/2"}],"replies":[{"embeddable":true,"href":"https:\/\/luchonoticias.com\/editor\/wp-json\/wp\/v2\/comments?post=47341"}],"version-history":[{"count":0,"href":"https:\/\/luchonoticias.com\/editor\/wp-json\/wp\/v2\/posts\/47341\/revisions"}],"wp:attachment":[{"href":"https:\/\/luchonoticias.com\/editor\/wp-json\/wp\/v2\/media?parent=47341"}],"wp:term":[{"taxonomy":"category","embeddable":true,"href":"https:\/\/luchonoticias.com\/editor\/wp-json\/wp\/v2\/categories?post=47341"},{"taxonomy":"post_tag","embeddable":true,"href":"https:\/\/luchonoticias.com\/editor\/wp-json\/wp\/v2\/tags?post=47341"}],"curies":[{"name":"wp","href":"https:\/\/api.w.org\/{rel}","templated":true}]}}