{"id":47347,"date":"2023-03-02T14:39:01","date_gmt":"2023-03-02T19:39:01","guid":{"rendered":"https:\/\/luchonoticias.com\/?p=47347"},"modified":"2023-03-02T14:39:02","modified_gmt":"2023-03-02T19:39:02","slug":"gobierno-nacional-entrega-a-familias-rurales-mas-de-3-500-hectareas-de-tierra-compradas","status":"publish","type":"post","link":"https:\/\/luchonoticias.com\/editor\/gobierno-nacional-entrega-a-familias-rurales-mas-de-3-500-hectareas-de-tierra-compradas\/","title":{"rendered":"Gobierno Nacional entrega a familias rurales m\u00e1s de 3.500 hect\u00e1reas de tierra compradas"},"content":{"rendered":"\n<p>El Gobierno del Cambio entrega este jueves 29 predios comprados por la Agencia Nacional de Tierras (ANT) y el Ministerio de Agricultura y Desarrollo Rural, en el marco de la Reforma Agraria.<\/p>\n\n\n\n<p>El anuncio se dar\u00e1 desde Costa Azul, una de las 29 propiedades a entregar, ubicada en la vereda Las Lomas, en Monter\u00eda, C\u00f3rdoba, que tiene una extensi\u00f3n de 114 hect\u00e1reas. Fue comprada a mediados de febrero por la ANT al Fondo de V\u00edctimas, que lo recuper\u00f3 como uno de los bienes del excomandante de las Autodefensas Unidas de Colombia, Salvatore Mancuso, extraditado a Estados Unidos.<\/p>\n\n\n\n<p>Ahora, el terreno ser\u00e1 adjudicado a familias campesinas sin tierra en esa regi\u00f3n, como parte de la justicia social y el aporte a la Paz Total del Gobierno del Presidente Gustavo Petro.<\/p>\n\n\n\n<p><strong>Distribuci\u00f3n<\/strong><\/p>\n\n\n\n<p>La compra, por cerca de $22 mil millones, representa un total de 3.532 hect\u00e1reas de tierra que benefician directamente a 6.195 familias rurales de la siguiente manera:<\/p>\n\n\n\n<p>\u2022 169 hect\u00e1reas para comunidades campesinas, de las cuales el 93% son mujeres rurales en Monter\u00eda y San Jacinto, Bol\u00edvar.<\/p>\n\n\n\n<p>\u2022 127 hect\u00e1reas para personas en proceso de reincorporaci\u00f3n en cumplimiento del Acuerdo de Paz, ubicadas en tres Espacios Territoriales de Capacitaci\u00f3n y Reincorporaci\u00f3n, ETCR, en Tumaco, Nari\u00f1o; San Vicente del Cagu\u00e1n, Caquet\u00e1, e Icononzo, Tolima.<\/p>\n\n\n\n<p>\u2022 3.236 hect\u00e1reas para comunidades ind\u00edgenas en Sabanas de San \u00c1ngel y Santa Marta, Magdalena; Agust\u00edn Codazzi, Cesar; Dagua, Valle del Cauca; Toledo y Chitag\u00e1, Norte de Santander; Hato Corozal, Casanare; Purac\u00e9, Cauca; Balboa, Risaralda; Pijao, Quind\u00edo, y Pasto, Nari\u00f1o.<\/p>\n\n\n\n<p>Por su parte, el Director General de la Agencia Nacional de Tierras, Gerardo Vega, precis\u00f3 que \u201cya se han formalizado m\u00e1s de 1 mill\u00f3n de hect\u00e1reas de tierra y se espera adjudicar al menos 500.000 m\u00e1s en 2023\u201d.<\/p>\n\n\n\n<p>Agreg\u00f3, a su vez, que \u201centre agosto de 2022 y enero de 2023 se compraron 50 predios con presupuesto propio de la Agencia, correspondientes a 3.496 hect\u00e1reas, de los cuales 42 ya fueron entregados materialmente\u201d.<\/p>\n","protected":false},"excerpt":{"rendered":"<p>El Gobierno del Cambio entrega este jueves 29 predios comprados por la Agencia Nacional de Tierras (ANT) y el Ministerio de Agricultura y Desarrollo Rural, en el marco de la Reforma Agraria. El anuncio se dar\u00e1 desde Costa Azul, una de las 29 propiedades a entregar, ubicada en la vereda Las Lomas, en Monter\u00eda, C\u00f3rdoba, [&hellip;]<\/p>\n","protected":false},"author":2,"featured_media":0,"comment_status":"open","ping_status":"open","sticky":false,"template":"","format":"standard","meta":{"footnotes":""},"categories":[36,32],"tags":[],"class_list":["post-47347","post","type-post","status-publish","format-standard","hentry","category-destacado","category-nacional"],"yoast_head":"<!-- This site is optimized with the Yoast SEO plugin v26.6 - https:\/\/yoast.com\/wordpress\/plugins\/seo\/ -->\n<title>Gobierno Nacional entrega a familias rurales m\u00e1s de 3.500 hect\u00e1reas de tierra compradas -<\/title>\n<meta name=\"robots\" content=\"index, follow, max-snippet:-1, max-image-preview:large, max-video-preview:-1\" \/>\n<link rel=\"canonical\" href=\"https:\/\/luchonoticias.com\/editor\/gobierno-nacional-entrega-a-familias-rurales-mas-de-3-500-hectareas-de-tierra-compradas\/\" \/>\n<meta property=\"og:locale\" content=\"es_ES\" \/>\n<meta property=\"og:type\" content=\"article\" \/>\n<meta property=\"og:title\" content=\"Gobierno Nacional entrega a familias rurales m\u00e1s de 3.500 hect\u00e1reas de tierra compradas -\" \/>\n<meta property=\"og:url\" content=\"https:\/\/luchonoticias.com\/editor\/gobierno-nacional-entrega-a-familias-rurales-mas-de-3-500-hectareas-de-tierra-compradas\/\" \/>\n<meta property=\"article:publisher\" content=\"https:\/\/www.facebook.com\/luchonoticiasneiva\" \/>\n<meta property=\"article:published_time\" content=\"2023-03-02T19:39:01+00:00\" \/>\n<meta property=\"article:modified_time\" content=\"2023-03-02T19:39:02+00:00\" \/>\n<meta name=\"author\" content=\"Editor General\" \/>\n<meta name=\"twitter:card\" content=\"summary_large_image\" \/>\n<meta name=\"twitter:label1\" content=\"Escrito por\" \/>\n\t<meta name=\"twitter:data1\" content=\"Editor General\" \/>\n\t<meta name=\"twitter:label2\" content=\"Tiempo de lectura\" \/>\n\t<meta name=\"twitter:data2\" content=\"2 minutos\" \/>\n<script type=\"application\/ld+json\" class=\"yoast-schema-graph\">{\"@context\":\"https:\/\/schema.org\",\"@graph\":[{\"@type\":\"Article\",\"@id\":\"https:\/\/luchonoticias.com\/editor\/gobierno-nacional-entrega-a-familias-rurales-mas-de-3-500-hectareas-de-tierra-compradas\/#article\",\"isPartOf\":{\"@id\":\"https:\/\/luchonoticias.com\/editor\/gobierno-nacional-entrega-a-familias-rurales-mas-de-3-500-hectareas-de-tierra-compradas\/\"},\"author\":{\"name\":\"Editor General\",\"@id\":\"https:\/\/luchonoticias.com\/editor\/#\/schema\/person\/29217990ddf6f14e35912b2866d591fb\"},\"headline\":\"Gobierno Nacional entrega a familias rurales m\u00e1s de 3.500 hect\u00e1reas de tierra compradas\",\"datePublished\":\"2023-03-02T19:39:01+00:00\",\"dateModified\":\"2023-03-02T19:39:02+00:00\",\"mainEntityOfPage\":{\"@id\":\"https:\/\/luchonoticias.com\/editor\/gobierno-nacional-entrega-a-familias-rurales-mas-de-3-500-hectareas-de-tierra-compradas\/\"},\"wordCount\":346,\"commentCount\":0,\"publisher\":{\"@id\":\"https:\/\/luchonoticias.com\/editor\/#\/schema\/person\/7a7fd911f58561fd056dbac7b55af9cd\"},\"articleSection\":[\"Destacado\",\"Nacional\"],\"inLanguage\":\"es\",\"potentialAction\":[{\"@type\":\"CommentAction\",\"name\":\"Comment\",\"target\":[\"https:\/\/luchonoticias.com\/editor\/gobierno-nacional-entrega-a-familias-rurales-mas-de-3-500-hectareas-de-tierra-compradas\/#respond\"]}]},{\"@type\":\"WebPage\",\"@id\":\"https:\/\/luchonoticias.com\/editor\/gobierno-nacional-entrega-a-familias-rurales-mas-de-3-500-hectareas-de-tierra-compradas\/\",\"url\":\"https:\/\/luchonoticias.com\/editor\/gobierno-nacional-entrega-a-familias-rurales-mas-de-3-500-hectareas-de-tierra-compradas\/\",\"name\":\"Gobierno Nacional entrega a familias rurales m\u00e1s de 3.500 hect\u00e1reas de tierra compradas -\",\"isPartOf\":{\"@id\":\"https:\/\/luchonoticias.com\/editor\/#website\"},\"datePublished\":\"2023-03-02T19:39:01+00:00\",\"dateModified\":\"2023-03-02T19:39:02+00:00\",\"breadcrumb\":{\"@id\":\"https:\/\/luchonoticias.com\/editor\/gobierno-nacional-entrega-a-familias-rurales-mas-de-3-500-hectareas-de-tierra-compradas\/#breadcrumb\"},\"inLanguage\":\"es\",\"potentialAction\":[{\"@type\":\"ReadAction\",\"target\":[\"https:\/\/luchonoticias.com\/editor\/gobierno-nacional-entrega-a-familias-rurales-mas-de-3-500-hectareas-de-tierra-compradas\/\"]}]},{\"@type\":\"BreadcrumbList\",\"@id\":\"https:\/\/luchonoticias.com\/editor\/gobierno-nacional-entrega-a-familias-rurales-mas-de-3-500-hectareas-de-tierra-compradas\/#breadcrumb\",\"itemListElement\":[{\"@type\":\"ListItem\",\"position\":1,\"name\":\"Portada\",\"item\":\"https:\/\/luchonoticias.com\/editor\/\"},{\"@type\":\"ListItem\",\"position\":2,\"name\":\"Gobierno Nacional entrega a familias rurales m\u00e1s de 3.500 hect\u00e1reas de tierra compradas\"}]},{\"@type\":\"WebSite\",\"@id\":\"https:\/\/luchonoticias.com\/editor\/#website\",\"url\":\"https:\/\/luchonoticias.com\/editor\/\",\"name\":\"\",\"description\":\"\",\"publisher\":{\"@id\":\"https:\/\/luchonoticias.com\/editor\/#\/schema\/person\/7a7fd911f58561fd056dbac7b55af9cd\"},\"potentialAction\":[{\"@type\":\"SearchAction\",\"target\":{\"@type\":\"EntryPoint\",\"urlTemplate\":\"https:\/\/luchonoticias.com\/editor\/?s={search_term_string}\"},\"query-input\":{\"@type\":\"PropertyValueSpecification\",\"valueRequired\":true,\"valueName\":\"search_term_string\"}}],\"inLanguage\":\"es\"},{\"@type\":[\"Person\",\"Organization\"],\"@id\":\"https:\/\/luchonoticias.com\/editor\/#\/schema\/person\/7a7fd911f58561fd056dbac7b55af9cd\",\"name\":\"admin\",\"image\":{\"@type\":\"ImageObject\",\"inLanguage\":\"es\",\"@id\":\"https:\/\/luchonoticias.com\/editor\/#\/schema\/person\/image\/\",\"url\":\"https:\/\/luchonoticias.com\/editor\/wp-content\/uploads\/2024\/02\/cropped-cropped-logolu.webp\",\"contentUrl\":\"https:\/\/luchonoticias.com\/editor\/wp-content\/uploads\/2024\/02\/cropped-cropped-logolu.webp\",\"width\":382,\"height\":170,\"caption\":\"admin\"},\"logo\":{\"@id\":\"https:\/\/luchonoticias.com\/editor\/#\/schema\/person\/image\/\"},\"sameAs\":[\"https:\/\/www.facebook.com\/luchonoticiasneiva\"]},{\"@type\":\"Person\",\"@id\":\"https:\/\/luchonoticias.com\/editor\/#\/schema\/person\/29217990ddf6f14e35912b2866d591fb\",\"name\":\"Editor General\",\"image\":{\"@type\":\"ImageObject\",\"inLanguage\":\"es\",\"@id\":\"https:\/\/luchonoticias.com\/editor\/#\/schema\/person\/image\/\",\"url\":\"https:\/\/luchonoticias.com\/editor\/wp-content\/uploads\/2024\/02\/cropped-cropped-logolu-150x150.webp\",\"contentUrl\":\"https:\/\/luchonoticias.com\/editor\/wp-content\/uploads\/2024\/02\/cropped-cropped-logolu-150x150.webp\",\"caption\":\"Editor General\"},\"sameAs\":[\"https:\/\/luchonoticias.com\/\"],\"url\":\"https:\/\/luchonoticias.com\/editor\/author\/editor-general\/\"}]}<\/script>\n<!-- \/ Yoast SEO plugin. -->","yoast_head_json":{"title":"Gobierno Nacional entrega a familias rurales m\u00e1s de 3.500 hect\u00e1reas de tierra compradas -","robots":{"index":"index","follow":"follow","max-snippet":"max-snippet:-1","max-image-preview":"max-image-preview:large","max-video-preview":"max-video-preview:-1"},"canonical":"https:\/\/luchonoticias.com\/editor\/gobierno-nacional-entrega-a-familias-rurales-mas-de-3-500-hectareas-de-tierra-compradas\/","og_locale":"es_ES","og_type":"article","og_title":"Gobierno Nacional entrega a familias rurales m\u00e1s de 3.500 hect\u00e1reas de tierra compradas -","og_url":"https:\/\/luchonoticias.com\/editor\/gobierno-nacional-entrega-a-familias-rurales-mas-de-3-500-hectareas-de-tierra-compradas\/","article_publisher":"https:\/\/www.facebook.com\/luchonoticiasneiva","article_published_time":"2023-03-02T19:39:01+00:00","article_modified_time":"2023-03-02T19:39:02+00:00","author":"Editor General","twitter_card":"summary_large_image","twitter_misc":{"Escrito por":"Editor General","Tiempo de lectura":"2 minutos"},"schema":{"@context":"https:\/\/schema.org","@graph":[{"@type":"Article","@id":"https:\/\/luchonoticias.com\/editor\/gobierno-nacional-entrega-a-familias-rurales-mas-de-3-500-hectareas-de-tierra-compradas\/#article","isPartOf":{"@id":"https:\/\/luchonoticias.com\/editor\/gobierno-nacional-entrega-a-familias-rurales-mas-de-3-500-hectareas-de-tierra-compradas\/"},"author":{"name":"Editor General","@id":"https:\/\/luchonoticias.com\/editor\/#\/schema\/person\/29217990ddf6f14e35912b2866d591fb"},"headline":"Gobierno Nacional entrega a familias rurales m\u00e1s de 3.500 hect\u00e1reas de tierra compradas","datePublished":"2023-03-02T19:39:01+00:00","dateModified":"2023-03-02T19:39:02+00:00","mainEntityOfPage":{"@id":"https:\/\/luchonoticias.com\/editor\/gobierno-nacional-entrega-a-familias-rurales-mas-de-3-500-hectareas-de-tierra-compradas\/"},"wordCount":346,"commentCount":0,"publisher":{"@id":"https:\/\/luchonoticias.com\/editor\/#\/schema\/person\/7a7fd911f58561fd056dbac7b55af9cd"},"articleSection":["Destacado","Nacional"],"inLanguage":"es","potentialAction":[{"@type":"CommentAction","name":"Comment","target":["https:\/\/luchonoticias.com\/editor\/gobierno-nacional-entrega-a-familias-rurales-mas-de-3-500-hectareas-de-tierra-compradas\/#respond"]}]},{"@type":"WebPage","@id":"https:\/\/luchonoticias.com\/editor\/gobierno-nacional-entrega-a-familias-rurales-mas-de-3-500-hectareas-de-tierra-compradas\/","url":"https:\/\/luchonoticias.com\/editor\/gobierno-nacional-entrega-a-familias-rurales-mas-de-3-500-hectareas-de-tierra-compradas\/","name":"Gobierno Nacional entrega a familias rurales m\u00e1s de 3.500 hect\u00e1reas de tierra compradas -","isPartOf":{"@id":"https:\/\/luchonoticias.com\/editor\/#website"},"datePublished":"2023-03-02T19:39:01+00:00","dateModified":"2023-03-02T19:39:02+00:00","breadcrumb":{"@id":"https:\/\/luchonoticias.com\/editor\/gobierno-nacional-entrega-a-familias-rurales-mas-de-3-500-hectareas-de-tierra-compradas\/#breadcrumb"},"inLanguage":"es","potentialAction":[{"@type":"ReadAction","target":["https:\/\/luchonoticias.com\/editor\/gobierno-nacional-entrega-a-familias-rurales-mas-de-3-500-hectareas-de-tierra-compradas\/"]}]},{"@type":"BreadcrumbList","@id":"https:\/\/luchonoticias.com\/editor\/gobierno-nacional-entrega-a-familias-rurales-mas-de-3-500-hectareas-de-tierra-compradas\/#breadcrumb","itemListElement":[{"@type":"ListItem","position":1,"name":"Portada","item":"https:\/\/luchonoticias.com\/editor\/"},{"@type":"ListItem","position":2,"name":"Gobierno Nacional entrega a familias rurales m\u00e1s de 3.500 hect\u00e1reas de tierra compradas"}]},{"@type":"WebSite","@id":"https:\/\/luchonoticias.com\/editor\/#website","url":"https:\/\/luchonoticias.com\/editor\/","name":"","description":"","publisher":{"@id":"https:\/\/luchonoticias.com\/editor\/#\/schema\/person\/7a7fd911f58561fd056dbac7b55af9cd"},"potentialAction":[{"@type":"SearchAction","target":{"@type":"EntryPoint","urlTemplate":"https:\/\/luchonoticias.com\/editor\/?s={search_term_string}"},"query-input":{"@type":"PropertyValueSpecification","valueRequired":true,"valueName":"search_term_string"}}],"inLanguage":"es"},{"@type":["Person","Organization"],"@id":"https:\/\/luchonoticias.com\/editor\/#\/schema\/person\/7a7fd911f58561fd056dbac7b55af9cd","name":"admin","image":{"@type":"ImageObject","inLanguage":"es","@id":"https:\/\/luchonoticias.com\/editor\/#\/schema\/person\/image\/","url":"https:\/\/luchonoticias.com\/editor\/wp-content\/uploads\/2024\/02\/cropped-cropped-logolu.webp","contentUrl":"https:\/\/luchonoticias.com\/editor\/wp-content\/uploads\/2024\/02\/cropped-cropped-logolu.webp","width":382,"height":170,"caption":"admin"},"logo":{"@id":"https:\/\/luchonoticias.com\/editor\/#\/schema\/person\/image\/"},"sameAs":["https:\/\/www.facebook.com\/luchonoticiasneiva"]},{"@type":"Person","@id":"https:\/\/luchonoticias.com\/editor\/#\/schema\/person\/29217990ddf6f14e35912b2866d591fb","name":"Editor General","image":{"@type":"ImageObject","inLanguage":"es","@id":"https:\/\/luchonoticias.com\/editor\/#\/schema\/person\/image\/","url":"https:\/\/luchonoticias.com\/editor\/wp-content\/uploads\/2024\/02\/cropped-cropped-logolu-150x150.webp","contentUrl":"https:\/\/luchonoticias.com\/editor\/wp-content\/uploads\/2024\/02\/cropped-cropped-logolu-150x150.webp","caption":"Editor General"},"sameAs":["https:\/\/luchonoticias.com\/"],"url":"https:\/\/luchonoticias.com\/editor\/author\/editor-general\/"}]}},"_links":{"self":[{"href":"https:\/\/luchonoticias.com\/editor\/wp-json\/wp\/v2\/posts\/47347","targetHints":{"allow":["GET"]}}],"collection":[{"href":"https:\/\/luchonoticias.com\/editor\/wp-json\/wp\/v2\/posts"}],"about":[{"href":"https:\/\/luchonoticias.com\/editor\/wp-json\/wp\/v2\/types\/post"}],"author":[{"embeddable":true,"href":"https:\/\/luchonoticias.com\/editor\/wp-json\/wp\/v2\/users\/2"}],"replies":[{"embeddable":true,"href":"https:\/\/luchonoticias.com\/editor\/wp-json\/wp\/v2\/comments?post=47347"}],"version-history":[{"count":0,"href":"https:\/\/luchonoticias.com\/editor\/wp-json\/wp\/v2\/posts\/47347\/revisions"}],"wp:attachment":[{"href":"https:\/\/luchonoticias.com\/editor\/wp-json\/wp\/v2\/media?parent=47347"}],"wp:term":[{"taxonomy":"category","embeddable":true,"href":"https:\/\/luchonoticias.com\/editor\/wp-json\/wp\/v2\/categories?post=47347"},{"taxonomy":"post_tag","embeddable":true,"href":"https:\/\/luchonoticias.com\/editor\/wp-json\/wp\/v2\/tags?post=47347"}],"curies":[{"name":"wp","href":"https:\/\/api.w.org\/{rel}","templated":true}]}}