{"id":47383,"date":"2023-03-03T07:18:39","date_gmt":"2023-03-03T12:18:39","guid":{"rendered":"https:\/\/luchonoticias.com\/?p=47383"},"modified":"2023-03-03T07:18:40","modified_gmt":"2023-03-03T12:18:40","slug":"exconvicto-fue-asesinado-al-norte-de-neiva","status":"publish","type":"post","link":"https:\/\/luchonoticias.com\/editor\/exconvicto-fue-asesinado-al-norte-de-neiva\/","title":{"rendered":"Exconvicto fue asesinado al norte de Neiva"},"content":{"rendered":"\n<p>La Polic\u00eda Metropolitana de Neiva, en un comunicado, confirmaron el fallecimiento de Germ\u00e1n Losada Pe\u00f1a de 37 a\u00f1os, a causa de ser lesionado en tres oportunidades con arma de fuego, por dos sujetos a\u00fan sin identificar.<\/p>\n\n\n\n<p>Seg\u00fan lo revelado por las fuentes oficiales, el hecho sucedi\u00f3 ayer sobre las 11:15 de la ma\u00f1ana, en inmediaciones del barrio Dar\u00edo Echand\u00eda de la comuna 9 del norte de Neiva.<\/p>\n\n\n\n<p>\u201cAproximadamente a las 11:15 horas, en inmediaciones del barrio Dar\u00edo Echand\u00eda, un hombre identificado como Germ\u00e1n Lozada Pe\u00f1a, de 37 a\u00f1os, fue lesionado, al parecer con proyectil de arma de fuego en 3 oportunidades, por dos personas que se movilizaban en motocicleta, siendo trasladado al Hospital Universitario, donde infortunadamente por la gravedad de las heridas pierde la vida\u201d, indicaron las autoridades neivanas.<\/p>\n\n\n\n<p>En lo establecido por este medio de comunicaci\u00f3n, por testigos que se percataron del hecho, los responsables del asesinato huyeron a bordo de una motocicleta. Por su parte las unidades de criminal\u00edstica llegaron al sitio del crimen, para realizar las respectivas investigaciones que permitan identificar a los victimarios.<\/p>\n\n\n\n<p><strong>Salida de la c\u00e1rcel<\/strong><\/p>\n\n\n\n<p>Asimismo, en lo afirmado por la Polic\u00eda Metropolitana la v\u00edctima, era un hombre que estuvo recluido en la C\u00e1rcel de Rivera y hab\u00eda cumplido condena, donde sali\u00f3 hace 5 d\u00edas de ella.<\/p>\n\n\n\n<p>\u201cEs de anotar que la v\u00edctima registra anotaciones judiciales como indiciado por los delitos, de concierto para delinquir por darse para narcotr\u00e1fico, violencia intrafamiliar, acto sexual violento y homicidio. Estuvo recluida en centro penitenciario de Rivera, saliendo de la misma,&nbsp; aproximadamente hace 5 d\u00edas\u201d, concluyeron.<\/p>\n","protected":false},"excerpt":{"rendered":"<p>La Polic\u00eda Metropolitana de Neiva, en un comunicado, confirmaron el fallecimiento de Germ\u00e1n Losada Pe\u00f1a de 37 a\u00f1os, a causa de ser lesionado en tres oportunidades con arma de fuego, por dos sujetos a\u00fan sin identificar. Seg\u00fan lo revelado por las fuentes oficiales, el hecho sucedi\u00f3 ayer sobre las 11:15 de la ma\u00f1ana, en inmediaciones [&hellip;]<\/p>\n","protected":false},"author":2,"featured_media":0,"comment_status":"open","ping_status":"open","sticky":false,"template":"","format":"standard","meta":{"footnotes":""},"categories":[36,29],"tags":[],"class_list":["post-47383","post","type-post","status-publish","format-standard","hentry","category-destacado","category-judicial"],"yoast_head":"<!-- This site is optimized with the Yoast SEO plugin v26.6 - https:\/\/yoast.com\/wordpress\/plugins\/seo\/ -->\n<title>Exconvicto fue asesinado al norte de Neiva -<\/title>\n<meta name=\"robots\" content=\"index, follow, max-snippet:-1, max-image-preview:large, max-video-preview:-1\" \/>\n<link rel=\"canonical\" href=\"https:\/\/luchonoticias.com\/editor\/exconvicto-fue-asesinado-al-norte-de-neiva\/\" \/>\n<meta property=\"og:locale\" content=\"es_ES\" \/>\n<meta property=\"og:type\" content=\"article\" \/>\n<meta property=\"og:title\" content=\"Exconvicto fue asesinado al norte de Neiva -\" \/>\n<meta property=\"og:url\" content=\"https:\/\/luchonoticias.com\/editor\/exconvicto-fue-asesinado-al-norte-de-neiva\/\" \/>\n<meta property=\"article:publisher\" content=\"https:\/\/www.facebook.com\/luchonoticiasneiva\" \/>\n<meta property=\"article:published_time\" content=\"2023-03-03T12:18:39+00:00\" \/>\n<meta property=\"article:modified_time\" content=\"2023-03-03T12:18:40+00:00\" \/>\n<meta name=\"author\" content=\"Editor General\" \/>\n<meta name=\"twitter:card\" content=\"summary_large_image\" \/>\n<meta name=\"twitter:label1\" content=\"Escrito por\" \/>\n\t<meta name=\"twitter:data1\" content=\"Editor General\" \/>\n\t<meta name=\"twitter:label2\" content=\"Tiempo de lectura\" \/>\n\t<meta name=\"twitter:data2\" content=\"1 minuto\" \/>\n<script type=\"application\/ld+json\" class=\"yoast-schema-graph\">{\"@context\":\"https:\/\/schema.org\",\"@graph\":[{\"@type\":\"Article\",\"@id\":\"https:\/\/luchonoticias.com\/editor\/exconvicto-fue-asesinado-al-norte-de-neiva\/#article\",\"isPartOf\":{\"@id\":\"https:\/\/luchonoticias.com\/editor\/exconvicto-fue-asesinado-al-norte-de-neiva\/\"},\"author\":{\"name\":\"Editor General\",\"@id\":\"https:\/\/luchonoticias.com\/editor\/#\/schema\/person\/29217990ddf6f14e35912b2866d591fb\"},\"headline\":\"Exconvicto fue asesinado al norte de Neiva\",\"datePublished\":\"2023-03-03T12:18:39+00:00\",\"dateModified\":\"2023-03-03T12:18:40+00:00\",\"mainEntityOfPage\":{\"@id\":\"https:\/\/luchonoticias.com\/editor\/exconvicto-fue-asesinado-al-norte-de-neiva\/\"},\"wordCount\":283,\"commentCount\":0,\"publisher\":{\"@id\":\"https:\/\/luchonoticias.com\/editor\/#\/schema\/person\/7a7fd911f58561fd056dbac7b55af9cd\"},\"articleSection\":[\"Destacado\",\"Judicial\"],\"inLanguage\":\"es\",\"potentialAction\":[{\"@type\":\"CommentAction\",\"name\":\"Comment\",\"target\":[\"https:\/\/luchonoticias.com\/editor\/exconvicto-fue-asesinado-al-norte-de-neiva\/#respond\"]}]},{\"@type\":\"WebPage\",\"@id\":\"https:\/\/luchonoticias.com\/editor\/exconvicto-fue-asesinado-al-norte-de-neiva\/\",\"url\":\"https:\/\/luchonoticias.com\/editor\/exconvicto-fue-asesinado-al-norte-de-neiva\/\",\"name\":\"Exconvicto fue asesinado al norte de Neiva -\",\"isPartOf\":{\"@id\":\"https:\/\/luchonoticias.com\/editor\/#website\"},\"datePublished\":\"2023-03-03T12:18:39+00:00\",\"dateModified\":\"2023-03-03T12:18:40+00:00\",\"breadcrumb\":{\"@id\":\"https:\/\/luchonoticias.com\/editor\/exconvicto-fue-asesinado-al-norte-de-neiva\/#breadcrumb\"},\"inLanguage\":\"es\",\"potentialAction\":[{\"@type\":\"ReadAction\",\"target\":[\"https:\/\/luchonoticias.com\/editor\/exconvicto-fue-asesinado-al-norte-de-neiva\/\"]}]},{\"@type\":\"BreadcrumbList\",\"@id\":\"https:\/\/luchonoticias.com\/editor\/exconvicto-fue-asesinado-al-norte-de-neiva\/#breadcrumb\",\"itemListElement\":[{\"@type\":\"ListItem\",\"position\":1,\"name\":\"Portada\",\"item\":\"https:\/\/luchonoticias.com\/editor\/\"},{\"@type\":\"ListItem\",\"position\":2,\"name\":\"Exconvicto fue asesinado al norte de Neiva\"}]},{\"@type\":\"WebSite\",\"@id\":\"https:\/\/luchonoticias.com\/editor\/#website\",\"url\":\"https:\/\/luchonoticias.com\/editor\/\",\"name\":\"\",\"description\":\"\",\"publisher\":{\"@id\":\"https:\/\/luchonoticias.com\/editor\/#\/schema\/person\/7a7fd911f58561fd056dbac7b55af9cd\"},\"potentialAction\":[{\"@type\":\"SearchAction\",\"target\":{\"@type\":\"EntryPoint\",\"urlTemplate\":\"https:\/\/luchonoticias.com\/editor\/?s={search_term_string}\"},\"query-input\":{\"@type\":\"PropertyValueSpecification\",\"valueRequired\":true,\"valueName\":\"search_term_string\"}}],\"inLanguage\":\"es\"},{\"@type\":[\"Person\",\"Organization\"],\"@id\":\"https:\/\/luchonoticias.com\/editor\/#\/schema\/person\/7a7fd911f58561fd056dbac7b55af9cd\",\"name\":\"admin\",\"image\":{\"@type\":\"ImageObject\",\"inLanguage\":\"es\",\"@id\":\"https:\/\/luchonoticias.com\/editor\/#\/schema\/person\/image\/\",\"url\":\"https:\/\/luchonoticias.com\/editor\/wp-content\/uploads\/2024\/02\/cropped-cropped-logolu.webp\",\"contentUrl\":\"https:\/\/luchonoticias.com\/editor\/wp-content\/uploads\/2024\/02\/cropped-cropped-logolu.webp\",\"width\":382,\"height\":170,\"caption\":\"admin\"},\"logo\":{\"@id\":\"https:\/\/luchonoticias.com\/editor\/#\/schema\/person\/image\/\"},\"sameAs\":[\"https:\/\/www.facebook.com\/luchonoticiasneiva\"]},{\"@type\":\"Person\",\"@id\":\"https:\/\/luchonoticias.com\/editor\/#\/schema\/person\/29217990ddf6f14e35912b2866d591fb\",\"name\":\"Editor General\",\"image\":{\"@type\":\"ImageObject\",\"inLanguage\":\"es\",\"@id\":\"https:\/\/luchonoticias.com\/editor\/#\/schema\/person\/image\/\",\"url\":\"https:\/\/luchonoticias.com\/editor\/wp-content\/uploads\/2024\/02\/cropped-cropped-logolu-150x150.webp\",\"contentUrl\":\"https:\/\/luchonoticias.com\/editor\/wp-content\/uploads\/2024\/02\/cropped-cropped-logolu-150x150.webp\",\"caption\":\"Editor General\"},\"sameAs\":[\"https:\/\/luchonoticias.com\/\"],\"url\":\"https:\/\/luchonoticias.com\/editor\/author\/editor-general\/\"}]}<\/script>\n<!-- \/ Yoast SEO plugin. -->","yoast_head_json":{"title":"Exconvicto fue asesinado al norte de Neiva -","robots":{"index":"index","follow":"follow","max-snippet":"max-snippet:-1","max-image-preview":"max-image-preview:large","max-video-preview":"max-video-preview:-1"},"canonical":"https:\/\/luchonoticias.com\/editor\/exconvicto-fue-asesinado-al-norte-de-neiva\/","og_locale":"es_ES","og_type":"article","og_title":"Exconvicto fue asesinado al norte de Neiva -","og_url":"https:\/\/luchonoticias.com\/editor\/exconvicto-fue-asesinado-al-norte-de-neiva\/","article_publisher":"https:\/\/www.facebook.com\/luchonoticiasneiva","article_published_time":"2023-03-03T12:18:39+00:00","article_modified_time":"2023-03-03T12:18:40+00:00","author":"Editor General","twitter_card":"summary_large_image","twitter_misc":{"Escrito por":"Editor General","Tiempo de lectura":"1 minuto"},"schema":{"@context":"https:\/\/schema.org","@graph":[{"@type":"Article","@id":"https:\/\/luchonoticias.com\/editor\/exconvicto-fue-asesinado-al-norte-de-neiva\/#article","isPartOf":{"@id":"https:\/\/luchonoticias.com\/editor\/exconvicto-fue-asesinado-al-norte-de-neiva\/"},"author":{"name":"Editor General","@id":"https:\/\/luchonoticias.com\/editor\/#\/schema\/person\/29217990ddf6f14e35912b2866d591fb"},"headline":"Exconvicto fue asesinado al norte de Neiva","datePublished":"2023-03-03T12:18:39+00:00","dateModified":"2023-03-03T12:18:40+00:00","mainEntityOfPage":{"@id":"https:\/\/luchonoticias.com\/editor\/exconvicto-fue-asesinado-al-norte-de-neiva\/"},"wordCount":283,"commentCount":0,"publisher":{"@id":"https:\/\/luchonoticias.com\/editor\/#\/schema\/person\/7a7fd911f58561fd056dbac7b55af9cd"},"articleSection":["Destacado","Judicial"],"inLanguage":"es","potentialAction":[{"@type":"CommentAction","name":"Comment","target":["https:\/\/luchonoticias.com\/editor\/exconvicto-fue-asesinado-al-norte-de-neiva\/#respond"]}]},{"@type":"WebPage","@id":"https:\/\/luchonoticias.com\/editor\/exconvicto-fue-asesinado-al-norte-de-neiva\/","url":"https:\/\/luchonoticias.com\/editor\/exconvicto-fue-asesinado-al-norte-de-neiva\/","name":"Exconvicto fue asesinado al norte de Neiva -","isPartOf":{"@id":"https:\/\/luchonoticias.com\/editor\/#website"},"datePublished":"2023-03-03T12:18:39+00:00","dateModified":"2023-03-03T12:18:40+00:00","breadcrumb":{"@id":"https:\/\/luchonoticias.com\/editor\/exconvicto-fue-asesinado-al-norte-de-neiva\/#breadcrumb"},"inLanguage":"es","potentialAction":[{"@type":"ReadAction","target":["https:\/\/luchonoticias.com\/editor\/exconvicto-fue-asesinado-al-norte-de-neiva\/"]}]},{"@type":"BreadcrumbList","@id":"https:\/\/luchonoticias.com\/editor\/exconvicto-fue-asesinado-al-norte-de-neiva\/#breadcrumb","itemListElement":[{"@type":"ListItem","position":1,"name":"Portada","item":"https:\/\/luchonoticias.com\/editor\/"},{"@type":"ListItem","position":2,"name":"Exconvicto fue asesinado al norte de Neiva"}]},{"@type":"WebSite","@id":"https:\/\/luchonoticias.com\/editor\/#website","url":"https:\/\/luchonoticias.com\/editor\/","name":"","description":"","publisher":{"@id":"https:\/\/luchonoticias.com\/editor\/#\/schema\/person\/7a7fd911f58561fd056dbac7b55af9cd"},"potentialAction":[{"@type":"SearchAction","target":{"@type":"EntryPoint","urlTemplate":"https:\/\/luchonoticias.com\/editor\/?s={search_term_string}"},"query-input":{"@type":"PropertyValueSpecification","valueRequired":true,"valueName":"search_term_string"}}],"inLanguage":"es"},{"@type":["Person","Organization"],"@id":"https:\/\/luchonoticias.com\/editor\/#\/schema\/person\/7a7fd911f58561fd056dbac7b55af9cd","name":"admin","image":{"@type":"ImageObject","inLanguage":"es","@id":"https:\/\/luchonoticias.com\/editor\/#\/schema\/person\/image\/","url":"https:\/\/luchonoticias.com\/editor\/wp-content\/uploads\/2024\/02\/cropped-cropped-logolu.webp","contentUrl":"https:\/\/luchonoticias.com\/editor\/wp-content\/uploads\/2024\/02\/cropped-cropped-logolu.webp","width":382,"height":170,"caption":"admin"},"logo":{"@id":"https:\/\/luchonoticias.com\/editor\/#\/schema\/person\/image\/"},"sameAs":["https:\/\/www.facebook.com\/luchonoticiasneiva"]},{"@type":"Person","@id":"https:\/\/luchonoticias.com\/editor\/#\/schema\/person\/29217990ddf6f14e35912b2866d591fb","name":"Editor General","image":{"@type":"ImageObject","inLanguage":"es","@id":"https:\/\/luchonoticias.com\/editor\/#\/schema\/person\/image\/","url":"https:\/\/luchonoticias.com\/editor\/wp-content\/uploads\/2024\/02\/cropped-cropped-logolu-150x150.webp","contentUrl":"https:\/\/luchonoticias.com\/editor\/wp-content\/uploads\/2024\/02\/cropped-cropped-logolu-150x150.webp","caption":"Editor General"},"sameAs":["https:\/\/luchonoticias.com\/"],"url":"https:\/\/luchonoticias.com\/editor\/author\/editor-general\/"}]}},"_links":{"self":[{"href":"https:\/\/luchonoticias.com\/editor\/wp-json\/wp\/v2\/posts\/47383","targetHints":{"allow":["GET"]}}],"collection":[{"href":"https:\/\/luchonoticias.com\/editor\/wp-json\/wp\/v2\/posts"}],"about":[{"href":"https:\/\/luchonoticias.com\/editor\/wp-json\/wp\/v2\/types\/post"}],"author":[{"embeddable":true,"href":"https:\/\/luchonoticias.com\/editor\/wp-json\/wp\/v2\/users\/2"}],"replies":[{"embeddable":true,"href":"https:\/\/luchonoticias.com\/editor\/wp-json\/wp\/v2\/comments?post=47383"}],"version-history":[{"count":0,"href":"https:\/\/luchonoticias.com\/editor\/wp-json\/wp\/v2\/posts\/47383\/revisions"}],"wp:attachment":[{"href":"https:\/\/luchonoticias.com\/editor\/wp-json\/wp\/v2\/media?parent=47383"}],"wp:term":[{"taxonomy":"category","embeddable":true,"href":"https:\/\/luchonoticias.com\/editor\/wp-json\/wp\/v2\/categories?post=47383"},{"taxonomy":"post_tag","embeddable":true,"href":"https:\/\/luchonoticias.com\/editor\/wp-json\/wp\/v2\/tags?post=47383"}],"curies":[{"name":"wp","href":"https:\/\/api.w.org\/{rel}","templated":true}]}}