{"id":47386,"date":"2023-03-03T07:44:25","date_gmt":"2023-03-03T12:44:25","guid":{"rendered":"https:\/\/luchonoticias.com\/?p=47386"},"modified":"2023-03-03T07:44:26","modified_gmt":"2023-03-03T12:44:26","slug":"petro-hace-un-llamado-al-sector-financiero-para-reducir-tasa-de-intermediacion-y-asi-poder-bajar-tasas-de-interes-en-el-mercado","status":"publish","type":"post","link":"https:\/\/luchonoticias.com\/editor\/petro-hace-un-llamado-al-sector-financiero-para-reducir-tasa-de-intermediacion-y-asi-poder-bajar-tasas-de-interes-en-el-mercado\/","title":{"rendered":"Petro hace un llamado al sector financiero para reducir tasa de intermediaci\u00f3n y as\u00ed poder bajar tasas de inter\u00e9s en el mercado"},"content":{"rendered":"\n<p>El Presidente de la Republica, Gustavo Petro, hizo un llamado este jueves al sector financiero para reducir la tasa de intermediaci\u00f3n y as\u00ed poder bajar las tasas de inter\u00e9s de los cr\u00e9ditos, entre ellos los destinados al campo para la producci\u00f3n de alimentos.<\/p>\n\n\n\n<p>En la entrega del primer bloque de terrenos comprados por el Gobierno para la implementaci\u00f3n de la Reforma Agraria, ubicadas en la zona rural de Monter\u00eda, el Mandatario indic\u00f3 que \u201cpara poder cultivar all\u00ed hay que tener cr\u00e9dito barato\u201d.<\/p>\n\n\n\n<p>\u201cYo le pido desde aqu\u00ed al sistema financiero \u2013privado en su mayor\u00eda, pero tambi\u00e9n al Banco Agrario, que es p\u00fablico\u2013, que haga un esfuerzo por bajar la tasa de intermediaci\u00f3n, para poder bajar tasas de inter\u00e9s en el mercado, en la pr\u00e1ctica\u201d, expres\u00f3.<\/p>\n\n\n\n<p>Advirti\u00f3 que \u201csi en este a\u00f1o, lo que ocurre en el sistema financiero es que queda preso de la codicia, que no se permite la posibilidad de bajar utilidades con respecto al pasado, bien podr\u00eda la crisis econ\u00f3mica mundial, que nos llega a nuestro territorio, provocar una crisis financiera, una crisis de los bancos, porque la gente no va a poder pagar cr\u00e9ditos\u201d.<\/p>\n\n\n\n<p>\u201cLuego aqu\u00ed lo racional, desde el punto de vista de la tasa de inter\u00e9s y a pesar que el Banco de la Rep\u00fablica lo eleve, como el inter\u00e9s b\u00e1sico, es que el Banco, al reducir su tasa de intermediaci\u00f3n \u2013que significa, s\u00ed, reducir las utilidades de este a\u00f1o\u2013 pueda preservar el sistema financiero, los puestos de trabajo y la actividad productiva en Colombia, para que el a\u00f1o entrante podamos respirar mejor\u201d, puntualiz\u00f3.<\/p>\n\n\n\n<p>El Presidente Petro agreg\u00f3: \u201cEse es un llamado que les hago, una autorregulaci\u00f3n, sabiendo que incluso su propia existencia se pone en juego si estiran demasiado hacia arriba las tasas de inter\u00e9s\u201d.<\/p>\n\n\n\n<p>Recalc\u00f3 que \u201cel primero que tiene que dar el ejemplo es el Banco Agrario, que es propiedad de la Naci\u00f3n y que, adem\u00e1s, su funci\u00f3n es precisamente que esa tierra pelada pueda tener ma\u00edz, sorgo, soya, ojal\u00e1 otra vez algod\u00f3n, pero sobre todo producci\u00f3n de alimentos, porque Colombia tiene hambre y necesita alimentos. Y quien produce los alimentos en Colombia, en general, es el campesinado\u201d.<\/p>\n\n\n\n<p>El Presidente indic\u00f3 que tener cr\u00e9ditos para cultivar alimentos \u201ces parte de la pol\u00edtica de una Colombia sin hambre\u201d.<\/p>\n\n\n\n<p>\u201cPara que Colombia se vuelva una potencia mundial agroalimentaria que significa una potencia mundial de la vida\u201d, concluy\u00f3.<\/p>\n","protected":false},"excerpt":{"rendered":"<p>El Presidente de la Republica, Gustavo Petro, hizo un llamado este jueves al sector financiero para reducir la tasa de intermediaci\u00f3n y as\u00ed poder bajar las tasas de inter\u00e9s de los cr\u00e9ditos, entre ellos los destinados al campo para la producci\u00f3n de alimentos. En la entrega del primer bloque de terrenos comprados por el Gobierno [&hellip;]<\/p>\n","protected":false},"author":2,"featured_media":0,"comment_status":"open","ping_status":"open","sticky":false,"template":"","format":"standard","meta":{"footnotes":""},"categories":[36,32],"tags":[],"class_list":["post-47386","post","type-post","status-publish","format-standard","hentry","category-destacado","category-nacional"],"yoast_head":"<!-- This site is optimized with the Yoast SEO plugin v26.6 - https:\/\/yoast.com\/wordpress\/plugins\/seo\/ -->\n<title>Petro hace un llamado al sector financiero para reducir tasa de intermediaci\u00f3n y as\u00ed poder bajar tasas de inter\u00e9s en el mercado -<\/title>\n<meta name=\"robots\" content=\"index, follow, max-snippet:-1, max-image-preview:large, max-video-preview:-1\" \/>\n<link rel=\"canonical\" href=\"https:\/\/luchonoticias.com\/editor\/petro-hace-un-llamado-al-sector-financiero-para-reducir-tasa-de-intermediacion-y-asi-poder-bajar-tasas-de-interes-en-el-mercado\/\" \/>\n<meta property=\"og:locale\" content=\"es_ES\" \/>\n<meta property=\"og:type\" content=\"article\" \/>\n<meta property=\"og:title\" content=\"Petro hace un llamado al sector financiero para reducir tasa de intermediaci\u00f3n y as\u00ed poder bajar tasas de inter\u00e9s en el mercado -\" \/>\n<meta property=\"og:url\" content=\"https:\/\/luchonoticias.com\/editor\/petro-hace-un-llamado-al-sector-financiero-para-reducir-tasa-de-intermediacion-y-asi-poder-bajar-tasas-de-interes-en-el-mercado\/\" \/>\n<meta property=\"article:publisher\" content=\"https:\/\/www.facebook.com\/luchonoticiasneiva\" \/>\n<meta property=\"article:published_time\" content=\"2023-03-03T12:44:25+00:00\" \/>\n<meta property=\"article:modified_time\" content=\"2023-03-03T12:44:26+00:00\" \/>\n<meta name=\"author\" content=\"Editor General\" \/>\n<meta name=\"twitter:card\" content=\"summary_large_image\" \/>\n<meta name=\"twitter:label1\" content=\"Escrito por\" \/>\n\t<meta name=\"twitter:data1\" content=\"Editor General\" \/>\n\t<meta name=\"twitter:label2\" content=\"Tiempo de lectura\" \/>\n\t<meta name=\"twitter:data2\" content=\"2 minutos\" \/>\n<script type=\"application\/ld+json\" class=\"yoast-schema-graph\">{\"@context\":\"https:\/\/schema.org\",\"@graph\":[{\"@type\":\"Article\",\"@id\":\"https:\/\/luchonoticias.com\/editor\/petro-hace-un-llamado-al-sector-financiero-para-reducir-tasa-de-intermediacion-y-asi-poder-bajar-tasas-de-interes-en-el-mercado\/#article\",\"isPartOf\":{\"@id\":\"https:\/\/luchonoticias.com\/editor\/petro-hace-un-llamado-al-sector-financiero-para-reducir-tasa-de-intermediacion-y-asi-poder-bajar-tasas-de-interes-en-el-mercado\/\"},\"author\":{\"name\":\"Editor General\",\"@id\":\"https:\/\/luchonoticias.com\/editor\/#\/schema\/person\/29217990ddf6f14e35912b2866d591fb\"},\"headline\":\"Petro hace un llamado al sector financiero para reducir tasa de intermediaci\u00f3n y as\u00ed poder bajar tasas de inter\u00e9s en el mercado\",\"datePublished\":\"2023-03-03T12:44:25+00:00\",\"dateModified\":\"2023-03-03T12:44:26+00:00\",\"mainEntityOfPage\":{\"@id\":\"https:\/\/luchonoticias.com\/editor\/petro-hace-un-llamado-al-sector-financiero-para-reducir-tasa-de-intermediacion-y-asi-poder-bajar-tasas-de-interes-en-el-mercado\/\"},\"wordCount\":452,\"commentCount\":0,\"publisher\":{\"@id\":\"https:\/\/luchonoticias.com\/editor\/#\/schema\/person\/7a7fd911f58561fd056dbac7b55af9cd\"},\"articleSection\":[\"Destacado\",\"Nacional\"],\"inLanguage\":\"es\",\"potentialAction\":[{\"@type\":\"CommentAction\",\"name\":\"Comment\",\"target\":[\"https:\/\/luchonoticias.com\/editor\/petro-hace-un-llamado-al-sector-financiero-para-reducir-tasa-de-intermediacion-y-asi-poder-bajar-tasas-de-interes-en-el-mercado\/#respond\"]}]},{\"@type\":\"WebPage\",\"@id\":\"https:\/\/luchonoticias.com\/editor\/petro-hace-un-llamado-al-sector-financiero-para-reducir-tasa-de-intermediacion-y-asi-poder-bajar-tasas-de-interes-en-el-mercado\/\",\"url\":\"https:\/\/luchonoticias.com\/editor\/petro-hace-un-llamado-al-sector-financiero-para-reducir-tasa-de-intermediacion-y-asi-poder-bajar-tasas-de-interes-en-el-mercado\/\",\"name\":\"Petro hace un llamado al sector financiero para reducir tasa de intermediaci\u00f3n y as\u00ed poder bajar tasas de inter\u00e9s en el mercado -\",\"isPartOf\":{\"@id\":\"https:\/\/luchonoticias.com\/editor\/#website\"},\"datePublished\":\"2023-03-03T12:44:25+00:00\",\"dateModified\":\"2023-03-03T12:44:26+00:00\",\"breadcrumb\":{\"@id\":\"https:\/\/luchonoticias.com\/editor\/petro-hace-un-llamado-al-sector-financiero-para-reducir-tasa-de-intermediacion-y-asi-poder-bajar-tasas-de-interes-en-el-mercado\/#breadcrumb\"},\"inLanguage\":\"es\",\"potentialAction\":[{\"@type\":\"ReadAction\",\"target\":[\"https:\/\/luchonoticias.com\/editor\/petro-hace-un-llamado-al-sector-financiero-para-reducir-tasa-de-intermediacion-y-asi-poder-bajar-tasas-de-interes-en-el-mercado\/\"]}]},{\"@type\":\"BreadcrumbList\",\"@id\":\"https:\/\/luchonoticias.com\/editor\/petro-hace-un-llamado-al-sector-financiero-para-reducir-tasa-de-intermediacion-y-asi-poder-bajar-tasas-de-interes-en-el-mercado\/#breadcrumb\",\"itemListElement\":[{\"@type\":\"ListItem\",\"position\":1,\"name\":\"Portada\",\"item\":\"https:\/\/luchonoticias.com\/editor\/\"},{\"@type\":\"ListItem\",\"position\":2,\"name\":\"Petro hace un llamado al sector financiero para reducir tasa de intermediaci\u00f3n y as\u00ed poder bajar tasas de inter\u00e9s en el mercado\"}]},{\"@type\":\"WebSite\",\"@id\":\"https:\/\/luchonoticias.com\/editor\/#website\",\"url\":\"https:\/\/luchonoticias.com\/editor\/\",\"name\":\"\",\"description\":\"\",\"publisher\":{\"@id\":\"https:\/\/luchonoticias.com\/editor\/#\/schema\/person\/7a7fd911f58561fd056dbac7b55af9cd\"},\"potentialAction\":[{\"@type\":\"SearchAction\",\"target\":{\"@type\":\"EntryPoint\",\"urlTemplate\":\"https:\/\/luchonoticias.com\/editor\/?s={search_term_string}\"},\"query-input\":{\"@type\":\"PropertyValueSpecification\",\"valueRequired\":true,\"valueName\":\"search_term_string\"}}],\"inLanguage\":\"es\"},{\"@type\":[\"Person\",\"Organization\"],\"@id\":\"https:\/\/luchonoticias.com\/editor\/#\/schema\/person\/7a7fd911f58561fd056dbac7b55af9cd\",\"name\":\"admin\",\"image\":{\"@type\":\"ImageObject\",\"inLanguage\":\"es\",\"@id\":\"https:\/\/luchonoticias.com\/editor\/#\/schema\/person\/image\/\",\"url\":\"https:\/\/luchonoticias.com\/editor\/wp-content\/uploads\/2024\/02\/cropped-cropped-logolu.webp\",\"contentUrl\":\"https:\/\/luchonoticias.com\/editor\/wp-content\/uploads\/2024\/02\/cropped-cropped-logolu.webp\",\"width\":382,\"height\":170,\"caption\":\"admin\"},\"logo\":{\"@id\":\"https:\/\/luchonoticias.com\/editor\/#\/schema\/person\/image\/\"},\"sameAs\":[\"https:\/\/www.facebook.com\/luchonoticiasneiva\"]},{\"@type\":\"Person\",\"@id\":\"https:\/\/luchonoticias.com\/editor\/#\/schema\/person\/29217990ddf6f14e35912b2866d591fb\",\"name\":\"Editor General\",\"image\":{\"@type\":\"ImageObject\",\"inLanguage\":\"es\",\"@id\":\"https:\/\/luchonoticias.com\/editor\/#\/schema\/person\/image\/\",\"url\":\"https:\/\/luchonoticias.com\/editor\/wp-content\/uploads\/2024\/02\/cropped-cropped-logolu-150x150.webp\",\"contentUrl\":\"https:\/\/luchonoticias.com\/editor\/wp-content\/uploads\/2024\/02\/cropped-cropped-logolu-150x150.webp\",\"caption\":\"Editor General\"},\"sameAs\":[\"https:\/\/luchonoticias.com\/\"],\"url\":\"https:\/\/luchonoticias.com\/editor\/author\/editor-general\/\"}]}<\/script>\n<!-- \/ Yoast SEO plugin. -->","yoast_head_json":{"title":"Petro hace un llamado al sector financiero para reducir tasa de intermediaci\u00f3n y as\u00ed poder bajar tasas de inter\u00e9s en el mercado -","robots":{"index":"index","follow":"follow","max-snippet":"max-snippet:-1","max-image-preview":"max-image-preview:large","max-video-preview":"max-video-preview:-1"},"canonical":"https:\/\/luchonoticias.com\/editor\/petro-hace-un-llamado-al-sector-financiero-para-reducir-tasa-de-intermediacion-y-asi-poder-bajar-tasas-de-interes-en-el-mercado\/","og_locale":"es_ES","og_type":"article","og_title":"Petro hace un llamado al sector financiero para reducir tasa de intermediaci\u00f3n y as\u00ed poder bajar tasas de inter\u00e9s en el mercado -","og_url":"https:\/\/luchonoticias.com\/editor\/petro-hace-un-llamado-al-sector-financiero-para-reducir-tasa-de-intermediacion-y-asi-poder-bajar-tasas-de-interes-en-el-mercado\/","article_publisher":"https:\/\/www.facebook.com\/luchonoticiasneiva","article_published_time":"2023-03-03T12:44:25+00:00","article_modified_time":"2023-03-03T12:44:26+00:00","author":"Editor General","twitter_card":"summary_large_image","twitter_misc":{"Escrito por":"Editor General","Tiempo de lectura":"2 minutos"},"schema":{"@context":"https:\/\/schema.org","@graph":[{"@type":"Article","@id":"https:\/\/luchonoticias.com\/editor\/petro-hace-un-llamado-al-sector-financiero-para-reducir-tasa-de-intermediacion-y-asi-poder-bajar-tasas-de-interes-en-el-mercado\/#article","isPartOf":{"@id":"https:\/\/luchonoticias.com\/editor\/petro-hace-un-llamado-al-sector-financiero-para-reducir-tasa-de-intermediacion-y-asi-poder-bajar-tasas-de-interes-en-el-mercado\/"},"author":{"name":"Editor General","@id":"https:\/\/luchonoticias.com\/editor\/#\/schema\/person\/29217990ddf6f14e35912b2866d591fb"},"headline":"Petro hace un llamado al sector financiero para reducir tasa de intermediaci\u00f3n y as\u00ed poder bajar tasas de inter\u00e9s en el mercado","datePublished":"2023-03-03T12:44:25+00:00","dateModified":"2023-03-03T12:44:26+00:00","mainEntityOfPage":{"@id":"https:\/\/luchonoticias.com\/editor\/petro-hace-un-llamado-al-sector-financiero-para-reducir-tasa-de-intermediacion-y-asi-poder-bajar-tasas-de-interes-en-el-mercado\/"},"wordCount":452,"commentCount":0,"publisher":{"@id":"https:\/\/luchonoticias.com\/editor\/#\/schema\/person\/7a7fd911f58561fd056dbac7b55af9cd"},"articleSection":["Destacado","Nacional"],"inLanguage":"es","potentialAction":[{"@type":"CommentAction","name":"Comment","target":["https:\/\/luchonoticias.com\/editor\/petro-hace-un-llamado-al-sector-financiero-para-reducir-tasa-de-intermediacion-y-asi-poder-bajar-tasas-de-interes-en-el-mercado\/#respond"]}]},{"@type":"WebPage","@id":"https:\/\/luchonoticias.com\/editor\/petro-hace-un-llamado-al-sector-financiero-para-reducir-tasa-de-intermediacion-y-asi-poder-bajar-tasas-de-interes-en-el-mercado\/","url":"https:\/\/luchonoticias.com\/editor\/petro-hace-un-llamado-al-sector-financiero-para-reducir-tasa-de-intermediacion-y-asi-poder-bajar-tasas-de-interes-en-el-mercado\/","name":"Petro hace un llamado al sector financiero para reducir tasa de intermediaci\u00f3n y as\u00ed poder bajar tasas de inter\u00e9s en el mercado -","isPartOf":{"@id":"https:\/\/luchonoticias.com\/editor\/#website"},"datePublished":"2023-03-03T12:44:25+00:00","dateModified":"2023-03-03T12:44:26+00:00","breadcrumb":{"@id":"https:\/\/luchonoticias.com\/editor\/petro-hace-un-llamado-al-sector-financiero-para-reducir-tasa-de-intermediacion-y-asi-poder-bajar-tasas-de-interes-en-el-mercado\/#breadcrumb"},"inLanguage":"es","potentialAction":[{"@type":"ReadAction","target":["https:\/\/luchonoticias.com\/editor\/petro-hace-un-llamado-al-sector-financiero-para-reducir-tasa-de-intermediacion-y-asi-poder-bajar-tasas-de-interes-en-el-mercado\/"]}]},{"@type":"BreadcrumbList","@id":"https:\/\/luchonoticias.com\/editor\/petro-hace-un-llamado-al-sector-financiero-para-reducir-tasa-de-intermediacion-y-asi-poder-bajar-tasas-de-interes-en-el-mercado\/#breadcrumb","itemListElement":[{"@type":"ListItem","position":1,"name":"Portada","item":"https:\/\/luchonoticias.com\/editor\/"},{"@type":"ListItem","position":2,"name":"Petro hace un llamado al sector financiero para reducir tasa de intermediaci\u00f3n y as\u00ed poder bajar tasas de inter\u00e9s en el mercado"}]},{"@type":"WebSite","@id":"https:\/\/luchonoticias.com\/editor\/#website","url":"https:\/\/luchonoticias.com\/editor\/","name":"","description":"","publisher":{"@id":"https:\/\/luchonoticias.com\/editor\/#\/schema\/person\/7a7fd911f58561fd056dbac7b55af9cd"},"potentialAction":[{"@type":"SearchAction","target":{"@type":"EntryPoint","urlTemplate":"https:\/\/luchonoticias.com\/editor\/?s={search_term_string}"},"query-input":{"@type":"PropertyValueSpecification","valueRequired":true,"valueName":"search_term_string"}}],"inLanguage":"es"},{"@type":["Person","Organization"],"@id":"https:\/\/luchonoticias.com\/editor\/#\/schema\/person\/7a7fd911f58561fd056dbac7b55af9cd","name":"admin","image":{"@type":"ImageObject","inLanguage":"es","@id":"https:\/\/luchonoticias.com\/editor\/#\/schema\/person\/image\/","url":"https:\/\/luchonoticias.com\/editor\/wp-content\/uploads\/2024\/02\/cropped-cropped-logolu.webp","contentUrl":"https:\/\/luchonoticias.com\/editor\/wp-content\/uploads\/2024\/02\/cropped-cropped-logolu.webp","width":382,"height":170,"caption":"admin"},"logo":{"@id":"https:\/\/luchonoticias.com\/editor\/#\/schema\/person\/image\/"},"sameAs":["https:\/\/www.facebook.com\/luchonoticiasneiva"]},{"@type":"Person","@id":"https:\/\/luchonoticias.com\/editor\/#\/schema\/person\/29217990ddf6f14e35912b2866d591fb","name":"Editor General","image":{"@type":"ImageObject","inLanguage":"es","@id":"https:\/\/luchonoticias.com\/editor\/#\/schema\/person\/image\/","url":"https:\/\/luchonoticias.com\/editor\/wp-content\/uploads\/2024\/02\/cropped-cropped-logolu-150x150.webp","contentUrl":"https:\/\/luchonoticias.com\/editor\/wp-content\/uploads\/2024\/02\/cropped-cropped-logolu-150x150.webp","caption":"Editor General"},"sameAs":["https:\/\/luchonoticias.com\/"],"url":"https:\/\/luchonoticias.com\/editor\/author\/editor-general\/"}]}},"_links":{"self":[{"href":"https:\/\/luchonoticias.com\/editor\/wp-json\/wp\/v2\/posts\/47386","targetHints":{"allow":["GET"]}}],"collection":[{"href":"https:\/\/luchonoticias.com\/editor\/wp-json\/wp\/v2\/posts"}],"about":[{"href":"https:\/\/luchonoticias.com\/editor\/wp-json\/wp\/v2\/types\/post"}],"author":[{"embeddable":true,"href":"https:\/\/luchonoticias.com\/editor\/wp-json\/wp\/v2\/users\/2"}],"replies":[{"embeddable":true,"href":"https:\/\/luchonoticias.com\/editor\/wp-json\/wp\/v2\/comments?post=47386"}],"version-history":[{"count":0,"href":"https:\/\/luchonoticias.com\/editor\/wp-json\/wp\/v2\/posts\/47386\/revisions"}],"wp:attachment":[{"href":"https:\/\/luchonoticias.com\/editor\/wp-json\/wp\/v2\/media?parent=47386"}],"wp:term":[{"taxonomy":"category","embeddable":true,"href":"https:\/\/luchonoticias.com\/editor\/wp-json\/wp\/v2\/categories?post=47386"},{"taxonomy":"post_tag","embeddable":true,"href":"https:\/\/luchonoticias.com\/editor\/wp-json\/wp\/v2\/tags?post=47386"}],"curies":[{"name":"wp","href":"https:\/\/api.w.org\/{rel}","templated":true}]}}