{"id":47389,"date":"2023-03-03T08:03:18","date_gmt":"2023-03-03T13:03:18","guid":{"rendered":"https:\/\/luchonoticias.com\/?p=47389"},"modified":"2023-03-03T08:03:19","modified_gmt":"2023-03-03T13:03:19","slug":"fallo-que-nego-tutela-contra-rectora-de-colegio-en-rivera-fue-anulado","status":"publish","type":"post","link":"https:\/\/luchonoticias.com\/editor\/fallo-que-nego-tutela-contra-rectora-de-colegio-en-rivera-fue-anulado\/","title":{"rendered":"Fallo que neg\u00f3 tutela contra rectora de colegio en Rivera fue anulado"},"content":{"rendered":"\n<p>El juez Primero Civil del Circuito de Neiva, H\u00e9ctor Andr\u00e9s Charry Rubiano, en las \u00faltimas horas decret\u00f3 la nulidad de la sentencia de primera instancia, proferida por &nbsp;el juez \u00danico Promiscuo Municipal de Rivera, Hernando Carvajal Ram\u00edrez, quien neg\u00f3 por improcedente la tutela que fue impugnada por Daniel David Mart\u00ednez Avilez, consejero municipal de Ci\u00e9naga de Oro (C\u00f3rdoba), el pasado 14 de febrero de 2023, tras el anuncio de una serie de medidas en las que prohib\u00eda el uso de tel\u00e9fonos celulares, cabello largo, piercings y tatuajes, entre otros elementos.<\/p>\n\n\n\n<p>El togado afirm\u00f3 que, una vez examinada la tutela, en la que Mart\u00ednez Avil\u00e9s, cuestiona las medidas que limitan el libre desarrollo de la personalidad de los estudiantes, la rectora Olga se\u00f1ala que las mismas est\u00e1n contenidas en el manual de convivencia.<\/p>\n\n\n\n<p>\u201cEn la elaboraci\u00f3n y aprobaci\u00f3n (del manual de convivencia) concurren distintas autoridades educativas al interior del plantel, raz\u00f3n por la cual adujo que deb\u00eda enfilarse la tutela frente a ellas\u201d, manifest\u00f3 el togado.<\/p>\n\n\n\n<p>Asimismo, en lo manifestado por el togado, que, sobre lo manifestado por la directiva, se podr\u00eda emitir \u00f3rdenes en contra de dichas entidades, o verse afectadas con la eventual decisi\u00f3n que pudiera adoptarse, por lo que debieron ser vinculadas en el tr\u00e1mite de la primera instancia.<\/p>\n\n\n\n<p>\u201cSe trata de \u00f3rganos pertenecientes a la instituci\u00f3n educativa accionada, que est\u00e1n directamente relacionados con los hechos enunciados por el accionante y que, de acuerdo a la respuesta de la rectora y con base la ley 115 en los art\u00edculos 142 y 143, son los que intervienen en el dise\u00f1o, discusi\u00f3n, aprobaci\u00f3n del manual de convivencia, donde presuntamente se consagran prohibiciones que estima indebidas el accionante. Siendo estos los distintos consejos y comit\u00e9s del \u00f3rgano de gobierno escolar. Como estos \u00f3rganos no fueron vinculados por el a quo y debieron ser vinculados para garantizar su derecho de defensa\u201d, explic\u00f3 el magistrado Charry Rubiano.<\/p>\n","protected":false},"excerpt":{"rendered":"<p>El juez Primero Civil del Circuito de Neiva, H\u00e9ctor Andr\u00e9s Charry Rubiano, en las \u00faltimas horas decret\u00f3 la nulidad de la sentencia de primera instancia, proferida por &nbsp;el juez \u00danico Promiscuo Municipal de Rivera, Hernando Carvajal Ram\u00edrez, quien neg\u00f3 por improcedente la tutela que fue impugnada por Daniel David Mart\u00ednez Avilez, consejero municipal de Ci\u00e9naga [&hellip;]<\/p>\n","protected":false},"author":2,"featured_media":0,"comment_status":"open","ping_status":"open","sticky":false,"template":"","format":"standard","meta":{"footnotes":""},"categories":[36,29],"tags":[],"class_list":["post-47389","post","type-post","status-publish","format-standard","hentry","category-destacado","category-judicial"],"yoast_head":"<!-- This site is optimized with the Yoast SEO plugin v26.6 - https:\/\/yoast.com\/wordpress\/plugins\/seo\/ -->\n<title>Fallo que neg\u00f3 tutela contra rectora de colegio en Rivera fue anulado -<\/title>\n<meta name=\"robots\" content=\"index, follow, max-snippet:-1, max-image-preview:large, max-video-preview:-1\" \/>\n<link rel=\"canonical\" href=\"https:\/\/luchonoticias.com\/editor\/fallo-que-nego-tutela-contra-rectora-de-colegio-en-rivera-fue-anulado\/\" \/>\n<meta property=\"og:locale\" content=\"es_ES\" \/>\n<meta property=\"og:type\" content=\"article\" \/>\n<meta property=\"og:title\" content=\"Fallo que neg\u00f3 tutela contra rectora de colegio en Rivera fue anulado -\" \/>\n<meta property=\"og:url\" content=\"https:\/\/luchonoticias.com\/editor\/fallo-que-nego-tutela-contra-rectora-de-colegio-en-rivera-fue-anulado\/\" \/>\n<meta property=\"article:publisher\" content=\"https:\/\/www.facebook.com\/luchonoticiasneiva\" \/>\n<meta property=\"article:published_time\" content=\"2023-03-03T13:03:18+00:00\" \/>\n<meta property=\"article:modified_time\" content=\"2023-03-03T13:03:19+00:00\" \/>\n<meta name=\"author\" content=\"Editor General\" \/>\n<meta name=\"twitter:card\" content=\"summary_large_image\" \/>\n<meta name=\"twitter:label1\" content=\"Escrito por\" \/>\n\t<meta name=\"twitter:data1\" content=\"Editor General\" \/>\n\t<meta name=\"twitter:label2\" content=\"Tiempo de lectura\" \/>\n\t<meta name=\"twitter:data2\" content=\"2 minutos\" \/>\n<script type=\"application\/ld+json\" class=\"yoast-schema-graph\">{\"@context\":\"https:\/\/schema.org\",\"@graph\":[{\"@type\":\"Article\",\"@id\":\"https:\/\/luchonoticias.com\/editor\/fallo-que-nego-tutela-contra-rectora-de-colegio-en-rivera-fue-anulado\/#article\",\"isPartOf\":{\"@id\":\"https:\/\/luchonoticias.com\/editor\/fallo-que-nego-tutela-contra-rectora-de-colegio-en-rivera-fue-anulado\/\"},\"author\":{\"name\":\"Editor General\",\"@id\":\"https:\/\/luchonoticias.com\/editor\/#\/schema\/person\/29217990ddf6f14e35912b2866d591fb\"},\"headline\":\"Fallo que neg\u00f3 tutela contra rectora de colegio en Rivera fue anulado\",\"datePublished\":\"2023-03-03T13:03:18+00:00\",\"dateModified\":\"2023-03-03T13:03:19+00:00\",\"mainEntityOfPage\":{\"@id\":\"https:\/\/luchonoticias.com\/editor\/fallo-que-nego-tutela-contra-rectora-de-colegio-en-rivera-fue-anulado\/\"},\"wordCount\":348,\"commentCount\":0,\"publisher\":{\"@id\":\"https:\/\/luchonoticias.com\/editor\/#\/schema\/person\/7a7fd911f58561fd056dbac7b55af9cd\"},\"articleSection\":[\"Destacado\",\"Judicial\"],\"inLanguage\":\"es\",\"potentialAction\":[{\"@type\":\"CommentAction\",\"name\":\"Comment\",\"target\":[\"https:\/\/luchonoticias.com\/editor\/fallo-que-nego-tutela-contra-rectora-de-colegio-en-rivera-fue-anulado\/#respond\"]}]},{\"@type\":\"WebPage\",\"@id\":\"https:\/\/luchonoticias.com\/editor\/fallo-que-nego-tutela-contra-rectora-de-colegio-en-rivera-fue-anulado\/\",\"url\":\"https:\/\/luchonoticias.com\/editor\/fallo-que-nego-tutela-contra-rectora-de-colegio-en-rivera-fue-anulado\/\",\"name\":\"Fallo que neg\u00f3 tutela contra rectora de colegio en Rivera fue anulado -\",\"isPartOf\":{\"@id\":\"https:\/\/luchonoticias.com\/editor\/#website\"},\"datePublished\":\"2023-03-03T13:03:18+00:00\",\"dateModified\":\"2023-03-03T13:03:19+00:00\",\"breadcrumb\":{\"@id\":\"https:\/\/luchonoticias.com\/editor\/fallo-que-nego-tutela-contra-rectora-de-colegio-en-rivera-fue-anulado\/#breadcrumb\"},\"inLanguage\":\"es\",\"potentialAction\":[{\"@type\":\"ReadAction\",\"target\":[\"https:\/\/luchonoticias.com\/editor\/fallo-que-nego-tutela-contra-rectora-de-colegio-en-rivera-fue-anulado\/\"]}]},{\"@type\":\"BreadcrumbList\",\"@id\":\"https:\/\/luchonoticias.com\/editor\/fallo-que-nego-tutela-contra-rectora-de-colegio-en-rivera-fue-anulado\/#breadcrumb\",\"itemListElement\":[{\"@type\":\"ListItem\",\"position\":1,\"name\":\"Portada\",\"item\":\"https:\/\/luchonoticias.com\/editor\/\"},{\"@type\":\"ListItem\",\"position\":2,\"name\":\"Fallo que neg\u00f3 tutela contra rectora de colegio en Rivera fue anulado\"}]},{\"@type\":\"WebSite\",\"@id\":\"https:\/\/luchonoticias.com\/editor\/#website\",\"url\":\"https:\/\/luchonoticias.com\/editor\/\",\"name\":\"\",\"description\":\"\",\"publisher\":{\"@id\":\"https:\/\/luchonoticias.com\/editor\/#\/schema\/person\/7a7fd911f58561fd056dbac7b55af9cd\"},\"potentialAction\":[{\"@type\":\"SearchAction\",\"target\":{\"@type\":\"EntryPoint\",\"urlTemplate\":\"https:\/\/luchonoticias.com\/editor\/?s={search_term_string}\"},\"query-input\":{\"@type\":\"PropertyValueSpecification\",\"valueRequired\":true,\"valueName\":\"search_term_string\"}}],\"inLanguage\":\"es\"},{\"@type\":[\"Person\",\"Organization\"],\"@id\":\"https:\/\/luchonoticias.com\/editor\/#\/schema\/person\/7a7fd911f58561fd056dbac7b55af9cd\",\"name\":\"admin\",\"image\":{\"@type\":\"ImageObject\",\"inLanguage\":\"es\",\"@id\":\"https:\/\/luchonoticias.com\/editor\/#\/schema\/person\/image\/\",\"url\":\"https:\/\/luchonoticias.com\/editor\/wp-content\/uploads\/2024\/02\/cropped-cropped-logolu.webp\",\"contentUrl\":\"https:\/\/luchonoticias.com\/editor\/wp-content\/uploads\/2024\/02\/cropped-cropped-logolu.webp\",\"width\":382,\"height\":170,\"caption\":\"admin\"},\"logo\":{\"@id\":\"https:\/\/luchonoticias.com\/editor\/#\/schema\/person\/image\/\"},\"sameAs\":[\"https:\/\/www.facebook.com\/luchonoticiasneiva\"]},{\"@type\":\"Person\",\"@id\":\"https:\/\/luchonoticias.com\/editor\/#\/schema\/person\/29217990ddf6f14e35912b2866d591fb\",\"name\":\"Editor General\",\"image\":{\"@type\":\"ImageObject\",\"inLanguage\":\"es\",\"@id\":\"https:\/\/luchonoticias.com\/editor\/#\/schema\/person\/image\/\",\"url\":\"https:\/\/luchonoticias.com\/editor\/wp-content\/uploads\/2024\/02\/cropped-cropped-logolu-150x150.webp\",\"contentUrl\":\"https:\/\/luchonoticias.com\/editor\/wp-content\/uploads\/2024\/02\/cropped-cropped-logolu-150x150.webp\",\"caption\":\"Editor General\"},\"sameAs\":[\"https:\/\/luchonoticias.com\/\"],\"url\":\"https:\/\/luchonoticias.com\/editor\/author\/editor-general\/\"}]}<\/script>\n<!-- \/ Yoast SEO plugin. -->","yoast_head_json":{"title":"Fallo que neg\u00f3 tutela contra rectora de colegio en Rivera fue anulado -","robots":{"index":"index","follow":"follow","max-snippet":"max-snippet:-1","max-image-preview":"max-image-preview:large","max-video-preview":"max-video-preview:-1"},"canonical":"https:\/\/luchonoticias.com\/editor\/fallo-que-nego-tutela-contra-rectora-de-colegio-en-rivera-fue-anulado\/","og_locale":"es_ES","og_type":"article","og_title":"Fallo que neg\u00f3 tutela contra rectora de colegio en Rivera fue anulado -","og_url":"https:\/\/luchonoticias.com\/editor\/fallo-que-nego-tutela-contra-rectora-de-colegio-en-rivera-fue-anulado\/","article_publisher":"https:\/\/www.facebook.com\/luchonoticiasneiva","article_published_time":"2023-03-03T13:03:18+00:00","article_modified_time":"2023-03-03T13:03:19+00:00","author":"Editor General","twitter_card":"summary_large_image","twitter_misc":{"Escrito por":"Editor General","Tiempo de lectura":"2 minutos"},"schema":{"@context":"https:\/\/schema.org","@graph":[{"@type":"Article","@id":"https:\/\/luchonoticias.com\/editor\/fallo-que-nego-tutela-contra-rectora-de-colegio-en-rivera-fue-anulado\/#article","isPartOf":{"@id":"https:\/\/luchonoticias.com\/editor\/fallo-que-nego-tutela-contra-rectora-de-colegio-en-rivera-fue-anulado\/"},"author":{"name":"Editor General","@id":"https:\/\/luchonoticias.com\/editor\/#\/schema\/person\/29217990ddf6f14e35912b2866d591fb"},"headline":"Fallo que neg\u00f3 tutela contra rectora de colegio en Rivera fue anulado","datePublished":"2023-03-03T13:03:18+00:00","dateModified":"2023-03-03T13:03:19+00:00","mainEntityOfPage":{"@id":"https:\/\/luchonoticias.com\/editor\/fallo-que-nego-tutela-contra-rectora-de-colegio-en-rivera-fue-anulado\/"},"wordCount":348,"commentCount":0,"publisher":{"@id":"https:\/\/luchonoticias.com\/editor\/#\/schema\/person\/7a7fd911f58561fd056dbac7b55af9cd"},"articleSection":["Destacado","Judicial"],"inLanguage":"es","potentialAction":[{"@type":"CommentAction","name":"Comment","target":["https:\/\/luchonoticias.com\/editor\/fallo-que-nego-tutela-contra-rectora-de-colegio-en-rivera-fue-anulado\/#respond"]}]},{"@type":"WebPage","@id":"https:\/\/luchonoticias.com\/editor\/fallo-que-nego-tutela-contra-rectora-de-colegio-en-rivera-fue-anulado\/","url":"https:\/\/luchonoticias.com\/editor\/fallo-que-nego-tutela-contra-rectora-de-colegio-en-rivera-fue-anulado\/","name":"Fallo que neg\u00f3 tutela contra rectora de colegio en Rivera fue anulado -","isPartOf":{"@id":"https:\/\/luchonoticias.com\/editor\/#website"},"datePublished":"2023-03-03T13:03:18+00:00","dateModified":"2023-03-03T13:03:19+00:00","breadcrumb":{"@id":"https:\/\/luchonoticias.com\/editor\/fallo-que-nego-tutela-contra-rectora-de-colegio-en-rivera-fue-anulado\/#breadcrumb"},"inLanguage":"es","potentialAction":[{"@type":"ReadAction","target":["https:\/\/luchonoticias.com\/editor\/fallo-que-nego-tutela-contra-rectora-de-colegio-en-rivera-fue-anulado\/"]}]},{"@type":"BreadcrumbList","@id":"https:\/\/luchonoticias.com\/editor\/fallo-que-nego-tutela-contra-rectora-de-colegio-en-rivera-fue-anulado\/#breadcrumb","itemListElement":[{"@type":"ListItem","position":1,"name":"Portada","item":"https:\/\/luchonoticias.com\/editor\/"},{"@type":"ListItem","position":2,"name":"Fallo que neg\u00f3 tutela contra rectora de colegio en Rivera fue anulado"}]},{"@type":"WebSite","@id":"https:\/\/luchonoticias.com\/editor\/#website","url":"https:\/\/luchonoticias.com\/editor\/","name":"","description":"","publisher":{"@id":"https:\/\/luchonoticias.com\/editor\/#\/schema\/person\/7a7fd911f58561fd056dbac7b55af9cd"},"potentialAction":[{"@type":"SearchAction","target":{"@type":"EntryPoint","urlTemplate":"https:\/\/luchonoticias.com\/editor\/?s={search_term_string}"},"query-input":{"@type":"PropertyValueSpecification","valueRequired":true,"valueName":"search_term_string"}}],"inLanguage":"es"},{"@type":["Person","Organization"],"@id":"https:\/\/luchonoticias.com\/editor\/#\/schema\/person\/7a7fd911f58561fd056dbac7b55af9cd","name":"admin","image":{"@type":"ImageObject","inLanguage":"es","@id":"https:\/\/luchonoticias.com\/editor\/#\/schema\/person\/image\/","url":"https:\/\/luchonoticias.com\/editor\/wp-content\/uploads\/2024\/02\/cropped-cropped-logolu.webp","contentUrl":"https:\/\/luchonoticias.com\/editor\/wp-content\/uploads\/2024\/02\/cropped-cropped-logolu.webp","width":382,"height":170,"caption":"admin"},"logo":{"@id":"https:\/\/luchonoticias.com\/editor\/#\/schema\/person\/image\/"},"sameAs":["https:\/\/www.facebook.com\/luchonoticiasneiva"]},{"@type":"Person","@id":"https:\/\/luchonoticias.com\/editor\/#\/schema\/person\/29217990ddf6f14e35912b2866d591fb","name":"Editor General","image":{"@type":"ImageObject","inLanguage":"es","@id":"https:\/\/luchonoticias.com\/editor\/#\/schema\/person\/image\/","url":"https:\/\/luchonoticias.com\/editor\/wp-content\/uploads\/2024\/02\/cropped-cropped-logolu-150x150.webp","contentUrl":"https:\/\/luchonoticias.com\/editor\/wp-content\/uploads\/2024\/02\/cropped-cropped-logolu-150x150.webp","caption":"Editor General"},"sameAs":["https:\/\/luchonoticias.com\/"],"url":"https:\/\/luchonoticias.com\/editor\/author\/editor-general\/"}]}},"_links":{"self":[{"href":"https:\/\/luchonoticias.com\/editor\/wp-json\/wp\/v2\/posts\/47389","targetHints":{"allow":["GET"]}}],"collection":[{"href":"https:\/\/luchonoticias.com\/editor\/wp-json\/wp\/v2\/posts"}],"about":[{"href":"https:\/\/luchonoticias.com\/editor\/wp-json\/wp\/v2\/types\/post"}],"author":[{"embeddable":true,"href":"https:\/\/luchonoticias.com\/editor\/wp-json\/wp\/v2\/users\/2"}],"replies":[{"embeddable":true,"href":"https:\/\/luchonoticias.com\/editor\/wp-json\/wp\/v2\/comments?post=47389"}],"version-history":[{"count":0,"href":"https:\/\/luchonoticias.com\/editor\/wp-json\/wp\/v2\/posts\/47389\/revisions"}],"wp:attachment":[{"href":"https:\/\/luchonoticias.com\/editor\/wp-json\/wp\/v2\/media?parent=47389"}],"wp:term":[{"taxonomy":"category","embeddable":true,"href":"https:\/\/luchonoticias.com\/editor\/wp-json\/wp\/v2\/categories?post=47389"},{"taxonomy":"post_tag","embeddable":true,"href":"https:\/\/luchonoticias.com\/editor\/wp-json\/wp\/v2\/tags?post=47389"}],"curies":[{"name":"wp","href":"https:\/\/api.w.org\/{rel}","templated":true}]}}