{"id":47395,"date":"2023-03-03T13:55:20","date_gmt":"2023-03-03T18:55:20","guid":{"rendered":"https:\/\/luchonoticias.com\/?p=47395"},"modified":"2023-03-03T13:55:21","modified_gmt":"2023-03-03T18:55:21","slug":"a-la-carcel-presuntos-abusadores-sexuales-de-dos-menores-en-el-huila","status":"publish","type":"post","link":"https:\/\/luchonoticias.com\/editor\/a-la-carcel-presuntos-abusadores-sexuales-de-dos-menores-en-el-huila\/","title":{"rendered":"A la c\u00e1rcel presuntos abusadores sexuales de dos menores en el Huila"},"content":{"rendered":"\n<p>La contundencia del material probatorio aportado por la Fiscal\u00eda General de la Naci\u00f3n permiti\u00f3 que jueces de control de garant\u00edas privaran de la libertad en centro carcelario a dos hombres, presuntamente, responsables de incurrir en abusos sexuales contra un par de menores de edad.<\/p>\n\n\n\n<p>El primer hecho involucrar\u00eda a Jos\u00e9 Eladio Vel\u00e1squez quien durante 2021 e inicios de 2022 habr\u00eda incurrido en, por lo menos, 10 abusos sexuales contra una menor de 11 a\u00f1os. Los delitos eran cometidos en la vereda La Caba\u00f1a de Saladoblanco (Huila); cerca de la casa de la v\u00edctima.<\/p>\n\n\n\n<p>Labores de polic\u00eda judicial evidenciaron que la menor era sometida y llevada a un cafetal cerca de su casa donde era abusaba violentamente. Al parecer, para evitar que la ni\u00f1a contara lo sucedido el hombre le ofrec\u00eda dinero y la amenazaba con lastimar a su mam\u00e1. El procesado fue imputado por el delito de acceso carnal violento agravado en concurso homog\u00e9neo.<\/p>\n\n\n\n<p>El segundo hecho vincular\u00eda a David Rojas Alvira quien el 9 de enero de 2020 habr\u00eda incurrido en conductas sexuales contra una menor de 10 a\u00f1os. Las agresiones se habr\u00edan cometido en la vivienda del procesado, localizada en el centro de Timan\u00e1 (Huila), donde la mam\u00e1 de la v\u00edctima realizaba labores dom\u00e9sticas. Rojas Alvira fue imputado por el delito de actos sexuales con menor de 14 a\u00f1os agravado. Ninguno de los procesados acept\u00f3 los cargos en su contra.<\/p>\n","protected":false},"excerpt":{"rendered":"<p>La contundencia del material probatorio aportado por la Fiscal\u00eda General de la Naci\u00f3n permiti\u00f3 que jueces de control de garant\u00edas privaran de la libertad en centro carcelario a dos hombres, presuntamente, responsables de incurrir en abusos sexuales contra un par de menores de edad. El primer hecho involucrar\u00eda a Jos\u00e9 Eladio Vel\u00e1squez quien durante 2021 [&hellip;]<\/p>\n","protected":false},"author":2,"featured_media":0,"comment_status":"open","ping_status":"open","sticky":false,"template":"","format":"standard","meta":{"footnotes":""},"categories":[36,29],"tags":[],"class_list":["post-47395","post","type-post","status-publish","format-standard","hentry","category-destacado","category-judicial"],"yoast_head":"<!-- This site is optimized with the Yoast SEO plugin v26.6 - https:\/\/yoast.com\/wordpress\/plugins\/seo\/ -->\n<title>A la c\u00e1rcel presuntos abusadores sexuales de dos menores en el Huila -<\/title>\n<meta name=\"robots\" content=\"index, follow, max-snippet:-1, max-image-preview:large, max-video-preview:-1\" \/>\n<link rel=\"canonical\" href=\"https:\/\/luchonoticias.com\/editor\/a-la-carcel-presuntos-abusadores-sexuales-de-dos-menores-en-el-huila\/\" \/>\n<meta property=\"og:locale\" content=\"es_ES\" \/>\n<meta property=\"og:type\" content=\"article\" \/>\n<meta property=\"og:title\" content=\"A la c\u00e1rcel presuntos abusadores sexuales de dos menores en el Huila -\" \/>\n<meta property=\"og:url\" content=\"https:\/\/luchonoticias.com\/editor\/a-la-carcel-presuntos-abusadores-sexuales-de-dos-menores-en-el-huila\/\" \/>\n<meta property=\"article:publisher\" content=\"https:\/\/www.facebook.com\/luchonoticiasneiva\" \/>\n<meta property=\"article:published_time\" content=\"2023-03-03T18:55:20+00:00\" \/>\n<meta property=\"article:modified_time\" content=\"2023-03-03T18:55:21+00:00\" \/>\n<meta name=\"author\" content=\"Editor General\" \/>\n<meta name=\"twitter:card\" content=\"summary_large_image\" \/>\n<meta name=\"twitter:label1\" content=\"Escrito por\" \/>\n\t<meta name=\"twitter:data1\" content=\"Editor General\" \/>\n\t<meta name=\"twitter:label2\" content=\"Tiempo de lectura\" \/>\n\t<meta name=\"twitter:data2\" content=\"1 minuto\" \/>\n<script type=\"application\/ld+json\" class=\"yoast-schema-graph\">{\"@context\":\"https:\/\/schema.org\",\"@graph\":[{\"@type\":\"Article\",\"@id\":\"https:\/\/luchonoticias.com\/editor\/a-la-carcel-presuntos-abusadores-sexuales-de-dos-menores-en-el-huila\/#article\",\"isPartOf\":{\"@id\":\"https:\/\/luchonoticias.com\/editor\/a-la-carcel-presuntos-abusadores-sexuales-de-dos-menores-en-el-huila\/\"},\"author\":{\"name\":\"Editor General\",\"@id\":\"https:\/\/luchonoticias.com\/editor\/#\/schema\/person\/29217990ddf6f14e35912b2866d591fb\"},\"headline\":\"A la c\u00e1rcel presuntos abusadores sexuales de dos menores en el Huila\",\"datePublished\":\"2023-03-03T18:55:20+00:00\",\"dateModified\":\"2023-03-03T18:55:21+00:00\",\"mainEntityOfPage\":{\"@id\":\"https:\/\/luchonoticias.com\/editor\/a-la-carcel-presuntos-abusadores-sexuales-de-dos-menores-en-el-huila\/\"},\"wordCount\":257,\"commentCount\":0,\"publisher\":{\"@id\":\"https:\/\/luchonoticias.com\/editor\/#\/schema\/person\/7a7fd911f58561fd056dbac7b55af9cd\"},\"articleSection\":[\"Destacado\",\"Judicial\"],\"inLanguage\":\"es\",\"potentialAction\":[{\"@type\":\"CommentAction\",\"name\":\"Comment\",\"target\":[\"https:\/\/luchonoticias.com\/editor\/a-la-carcel-presuntos-abusadores-sexuales-de-dos-menores-en-el-huila\/#respond\"]}]},{\"@type\":\"WebPage\",\"@id\":\"https:\/\/luchonoticias.com\/editor\/a-la-carcel-presuntos-abusadores-sexuales-de-dos-menores-en-el-huila\/\",\"url\":\"https:\/\/luchonoticias.com\/editor\/a-la-carcel-presuntos-abusadores-sexuales-de-dos-menores-en-el-huila\/\",\"name\":\"A la c\u00e1rcel presuntos abusadores sexuales de dos menores en el Huila -\",\"isPartOf\":{\"@id\":\"https:\/\/luchonoticias.com\/editor\/#website\"},\"datePublished\":\"2023-03-03T18:55:20+00:00\",\"dateModified\":\"2023-03-03T18:55:21+00:00\",\"breadcrumb\":{\"@id\":\"https:\/\/luchonoticias.com\/editor\/a-la-carcel-presuntos-abusadores-sexuales-de-dos-menores-en-el-huila\/#breadcrumb\"},\"inLanguage\":\"es\",\"potentialAction\":[{\"@type\":\"ReadAction\",\"target\":[\"https:\/\/luchonoticias.com\/editor\/a-la-carcel-presuntos-abusadores-sexuales-de-dos-menores-en-el-huila\/\"]}]},{\"@type\":\"BreadcrumbList\",\"@id\":\"https:\/\/luchonoticias.com\/editor\/a-la-carcel-presuntos-abusadores-sexuales-de-dos-menores-en-el-huila\/#breadcrumb\",\"itemListElement\":[{\"@type\":\"ListItem\",\"position\":1,\"name\":\"Portada\",\"item\":\"https:\/\/luchonoticias.com\/editor\/\"},{\"@type\":\"ListItem\",\"position\":2,\"name\":\"A la c\u00e1rcel presuntos abusadores sexuales de dos menores en el Huila\"}]},{\"@type\":\"WebSite\",\"@id\":\"https:\/\/luchonoticias.com\/editor\/#website\",\"url\":\"https:\/\/luchonoticias.com\/editor\/\",\"name\":\"\",\"description\":\"\",\"publisher\":{\"@id\":\"https:\/\/luchonoticias.com\/editor\/#\/schema\/person\/7a7fd911f58561fd056dbac7b55af9cd\"},\"potentialAction\":[{\"@type\":\"SearchAction\",\"target\":{\"@type\":\"EntryPoint\",\"urlTemplate\":\"https:\/\/luchonoticias.com\/editor\/?s={search_term_string}\"},\"query-input\":{\"@type\":\"PropertyValueSpecification\",\"valueRequired\":true,\"valueName\":\"search_term_string\"}}],\"inLanguage\":\"es\"},{\"@type\":[\"Person\",\"Organization\"],\"@id\":\"https:\/\/luchonoticias.com\/editor\/#\/schema\/person\/7a7fd911f58561fd056dbac7b55af9cd\",\"name\":\"admin\",\"image\":{\"@type\":\"ImageObject\",\"inLanguage\":\"es\",\"@id\":\"https:\/\/luchonoticias.com\/editor\/#\/schema\/person\/image\/\",\"url\":\"https:\/\/luchonoticias.com\/editor\/wp-content\/uploads\/2024\/02\/cropped-cropped-logolu.webp\",\"contentUrl\":\"https:\/\/luchonoticias.com\/editor\/wp-content\/uploads\/2024\/02\/cropped-cropped-logolu.webp\",\"width\":382,\"height\":170,\"caption\":\"admin\"},\"logo\":{\"@id\":\"https:\/\/luchonoticias.com\/editor\/#\/schema\/person\/image\/\"},\"sameAs\":[\"https:\/\/www.facebook.com\/luchonoticiasneiva\"]},{\"@type\":\"Person\",\"@id\":\"https:\/\/luchonoticias.com\/editor\/#\/schema\/person\/29217990ddf6f14e35912b2866d591fb\",\"name\":\"Editor General\",\"image\":{\"@type\":\"ImageObject\",\"inLanguage\":\"es\",\"@id\":\"https:\/\/luchonoticias.com\/editor\/#\/schema\/person\/image\/\",\"url\":\"https:\/\/luchonoticias.com\/editor\/wp-content\/uploads\/2024\/02\/cropped-cropped-logolu-150x150.webp\",\"contentUrl\":\"https:\/\/luchonoticias.com\/editor\/wp-content\/uploads\/2024\/02\/cropped-cropped-logolu-150x150.webp\",\"caption\":\"Editor General\"},\"sameAs\":[\"https:\/\/luchonoticias.com\/\"],\"url\":\"https:\/\/luchonoticias.com\/editor\/author\/editor-general\/\"}]}<\/script>\n<!-- \/ Yoast SEO plugin. -->","yoast_head_json":{"title":"A la c\u00e1rcel presuntos abusadores sexuales de dos menores en el Huila -","robots":{"index":"index","follow":"follow","max-snippet":"max-snippet:-1","max-image-preview":"max-image-preview:large","max-video-preview":"max-video-preview:-1"},"canonical":"https:\/\/luchonoticias.com\/editor\/a-la-carcel-presuntos-abusadores-sexuales-de-dos-menores-en-el-huila\/","og_locale":"es_ES","og_type":"article","og_title":"A la c\u00e1rcel presuntos abusadores sexuales de dos menores en el Huila -","og_url":"https:\/\/luchonoticias.com\/editor\/a-la-carcel-presuntos-abusadores-sexuales-de-dos-menores-en-el-huila\/","article_publisher":"https:\/\/www.facebook.com\/luchonoticiasneiva","article_published_time":"2023-03-03T18:55:20+00:00","article_modified_time":"2023-03-03T18:55:21+00:00","author":"Editor General","twitter_card":"summary_large_image","twitter_misc":{"Escrito por":"Editor General","Tiempo de lectura":"1 minuto"},"schema":{"@context":"https:\/\/schema.org","@graph":[{"@type":"Article","@id":"https:\/\/luchonoticias.com\/editor\/a-la-carcel-presuntos-abusadores-sexuales-de-dos-menores-en-el-huila\/#article","isPartOf":{"@id":"https:\/\/luchonoticias.com\/editor\/a-la-carcel-presuntos-abusadores-sexuales-de-dos-menores-en-el-huila\/"},"author":{"name":"Editor General","@id":"https:\/\/luchonoticias.com\/editor\/#\/schema\/person\/29217990ddf6f14e35912b2866d591fb"},"headline":"A la c\u00e1rcel presuntos abusadores sexuales de dos menores en el Huila","datePublished":"2023-03-03T18:55:20+00:00","dateModified":"2023-03-03T18:55:21+00:00","mainEntityOfPage":{"@id":"https:\/\/luchonoticias.com\/editor\/a-la-carcel-presuntos-abusadores-sexuales-de-dos-menores-en-el-huila\/"},"wordCount":257,"commentCount":0,"publisher":{"@id":"https:\/\/luchonoticias.com\/editor\/#\/schema\/person\/7a7fd911f58561fd056dbac7b55af9cd"},"articleSection":["Destacado","Judicial"],"inLanguage":"es","potentialAction":[{"@type":"CommentAction","name":"Comment","target":["https:\/\/luchonoticias.com\/editor\/a-la-carcel-presuntos-abusadores-sexuales-de-dos-menores-en-el-huila\/#respond"]}]},{"@type":"WebPage","@id":"https:\/\/luchonoticias.com\/editor\/a-la-carcel-presuntos-abusadores-sexuales-de-dos-menores-en-el-huila\/","url":"https:\/\/luchonoticias.com\/editor\/a-la-carcel-presuntos-abusadores-sexuales-de-dos-menores-en-el-huila\/","name":"A la c\u00e1rcel presuntos abusadores sexuales de dos menores en el Huila -","isPartOf":{"@id":"https:\/\/luchonoticias.com\/editor\/#website"},"datePublished":"2023-03-03T18:55:20+00:00","dateModified":"2023-03-03T18:55:21+00:00","breadcrumb":{"@id":"https:\/\/luchonoticias.com\/editor\/a-la-carcel-presuntos-abusadores-sexuales-de-dos-menores-en-el-huila\/#breadcrumb"},"inLanguage":"es","potentialAction":[{"@type":"ReadAction","target":["https:\/\/luchonoticias.com\/editor\/a-la-carcel-presuntos-abusadores-sexuales-de-dos-menores-en-el-huila\/"]}]},{"@type":"BreadcrumbList","@id":"https:\/\/luchonoticias.com\/editor\/a-la-carcel-presuntos-abusadores-sexuales-de-dos-menores-en-el-huila\/#breadcrumb","itemListElement":[{"@type":"ListItem","position":1,"name":"Portada","item":"https:\/\/luchonoticias.com\/editor\/"},{"@type":"ListItem","position":2,"name":"A la c\u00e1rcel presuntos abusadores sexuales de dos menores en el Huila"}]},{"@type":"WebSite","@id":"https:\/\/luchonoticias.com\/editor\/#website","url":"https:\/\/luchonoticias.com\/editor\/","name":"","description":"","publisher":{"@id":"https:\/\/luchonoticias.com\/editor\/#\/schema\/person\/7a7fd911f58561fd056dbac7b55af9cd"},"potentialAction":[{"@type":"SearchAction","target":{"@type":"EntryPoint","urlTemplate":"https:\/\/luchonoticias.com\/editor\/?s={search_term_string}"},"query-input":{"@type":"PropertyValueSpecification","valueRequired":true,"valueName":"search_term_string"}}],"inLanguage":"es"},{"@type":["Person","Organization"],"@id":"https:\/\/luchonoticias.com\/editor\/#\/schema\/person\/7a7fd911f58561fd056dbac7b55af9cd","name":"admin","image":{"@type":"ImageObject","inLanguage":"es","@id":"https:\/\/luchonoticias.com\/editor\/#\/schema\/person\/image\/","url":"https:\/\/luchonoticias.com\/editor\/wp-content\/uploads\/2024\/02\/cropped-cropped-logolu.webp","contentUrl":"https:\/\/luchonoticias.com\/editor\/wp-content\/uploads\/2024\/02\/cropped-cropped-logolu.webp","width":382,"height":170,"caption":"admin"},"logo":{"@id":"https:\/\/luchonoticias.com\/editor\/#\/schema\/person\/image\/"},"sameAs":["https:\/\/www.facebook.com\/luchonoticiasneiva"]},{"@type":"Person","@id":"https:\/\/luchonoticias.com\/editor\/#\/schema\/person\/29217990ddf6f14e35912b2866d591fb","name":"Editor General","image":{"@type":"ImageObject","inLanguage":"es","@id":"https:\/\/luchonoticias.com\/editor\/#\/schema\/person\/image\/","url":"https:\/\/luchonoticias.com\/editor\/wp-content\/uploads\/2024\/02\/cropped-cropped-logolu-150x150.webp","contentUrl":"https:\/\/luchonoticias.com\/editor\/wp-content\/uploads\/2024\/02\/cropped-cropped-logolu-150x150.webp","caption":"Editor General"},"sameAs":["https:\/\/luchonoticias.com\/"],"url":"https:\/\/luchonoticias.com\/editor\/author\/editor-general\/"}]}},"_links":{"self":[{"href":"https:\/\/luchonoticias.com\/editor\/wp-json\/wp\/v2\/posts\/47395","targetHints":{"allow":["GET"]}}],"collection":[{"href":"https:\/\/luchonoticias.com\/editor\/wp-json\/wp\/v2\/posts"}],"about":[{"href":"https:\/\/luchonoticias.com\/editor\/wp-json\/wp\/v2\/types\/post"}],"author":[{"embeddable":true,"href":"https:\/\/luchonoticias.com\/editor\/wp-json\/wp\/v2\/users\/2"}],"replies":[{"embeddable":true,"href":"https:\/\/luchonoticias.com\/editor\/wp-json\/wp\/v2\/comments?post=47395"}],"version-history":[{"count":0,"href":"https:\/\/luchonoticias.com\/editor\/wp-json\/wp\/v2\/posts\/47395\/revisions"}],"wp:attachment":[{"href":"https:\/\/luchonoticias.com\/editor\/wp-json\/wp\/v2\/media?parent=47395"}],"wp:term":[{"taxonomy":"category","embeddable":true,"href":"https:\/\/luchonoticias.com\/editor\/wp-json\/wp\/v2\/categories?post=47395"},{"taxonomy":"post_tag","embeddable":true,"href":"https:\/\/luchonoticias.com\/editor\/wp-json\/wp\/v2\/tags?post=47395"}],"curies":[{"name":"wp","href":"https:\/\/api.w.org\/{rel}","templated":true}]}}