{"id":47398,"date":"2023-03-03T13:58:26","date_gmt":"2023-03-03T18:58:26","guid":{"rendered":"https:\/\/luchonoticias.com\/?p=47398"},"modified":"2023-03-03T13:58:27","modified_gmt":"2023-03-03T18:58:27","slug":"haremos-el-mayor-esfuerzo-por-sacar-a-todas-las-personas-que-estan-varadas-en-san-andres-luis-fernando-velasco","status":"publish","type":"post","link":"https:\/\/luchonoticias.com\/editor\/haremos-el-mayor-esfuerzo-por-sacar-a-todas-las-personas-que-estan-varadas-en-san-andres-luis-fernando-velasco\/","title":{"rendered":"Haremos el mayor esfuerzo por sacar a todas las personas que est\u00e1n varadas en San Andr\u00e9s: Luis Fernando Velasco"},"content":{"rendered":"\n<p>El Consejero Presidencial para las Regiones, Luis Fernando Velasco, entreg\u00f3 detalles en \u2018Colombia Hoy Radio\u2019 sobre el proceso de atenci\u00f3n a las personas afectadas por la situaci\u00f3n de Viva Air en el Archipi\u00e9lago y varias ciudades del pa\u00eds, trabajo que ha contado con la participaci\u00f3n de la Fuerza A\u00e9rea Colombiana (FAC), aerol\u00edneas comerciales y el sector hotelero.<\/p>\n\n\n\n<p>\u201cHablamos con la FAC y la Aeron\u00e1utica y se tomaron dos decisiones. La primera decisi\u00f3n es que hoy tendremos un puente para sacar a cerca de 780 pasajeros que deber\u00edan salir hoy, que era el pico m\u00e1s alto de los vuelos vendidos por Viva Air de regreso y que no van a cumplir\u201d, explic\u00f3 Velasco.<\/p>\n\n\n\n<p>A\u00f1adi\u00f3 que ma\u00f1ana, \u201ca trav\u00e9s de las otras aerol\u00edneas, podemos ir evacuando a las personas que deben salir, pero ante esta situaci\u00f3n, con apoyo de la Gobernaci\u00f3n (de San Andr\u00e9s, Providencia y Santa Catalina), hablamos con los hoteleros. Debo reconocer el gesto gallardo de On Vacation. Ha venido recibi\u00e9ndonos gente en los hoteles sin cobrar, gente que ha tenido esta dificultad, y con recursos de la Unidad Nacional para la Gesti\u00f3n del Riesgo ubicamos a las otras personas\u201d.<\/p>\n\n\n\n<p>Se espera que hoy se pueda facilitar la evacuaci\u00f3n de cerca de 900 personas, entre los vuelos programados hacia Medell\u00edn y Bogot\u00e1 en aeronaves de la Fuerza A\u00e9rea Colombiana y con la colaboraci\u00f3n de aerol\u00edneas comerciales como Avianca y Latam. De acuerdo con el Consejero, se dar\u00e1 prioridad a familias con menores de edad y adultos mayores.<\/p>\n\n\n\n<p>De manera especial, \u201cles pediremos paciencia a nuestros compatriotas, pero la idea es que estamos all\u00e1; tenemos un Puesto de Mando Unificado (PMU) con la Aerocivil y hoy haremos el mayor esfuerzo por sacar a todas las personas que est\u00e1n varadas en San Andr\u00e9s y creemos que podemos hacerlo. Este ejercicio lo estamos haciendo con otras aerol\u00edneas y con la misma Fuerza A\u00e9rea en muchos aeropuertos de Colombia\u201d, precis\u00f3 Luis Fernando Velasco.<\/p>\n","protected":false},"excerpt":{"rendered":"<p>El Consejero Presidencial para las Regiones, Luis Fernando Velasco, entreg\u00f3 detalles en \u2018Colombia Hoy Radio\u2019 sobre el proceso de atenci\u00f3n a las personas afectadas por la situaci\u00f3n de Viva Air en el Archipi\u00e9lago y varias ciudades del pa\u00eds, trabajo que ha contado con la participaci\u00f3n de la Fuerza A\u00e9rea Colombiana (FAC), aerol\u00edneas comerciales y el [&hellip;]<\/p>\n","protected":false},"author":2,"featured_media":0,"comment_status":"open","ping_status":"open","sticky":false,"template":"","format":"standard","meta":{"footnotes":""},"categories":[36,32],"tags":[],"class_list":["post-47398","post","type-post","status-publish","format-standard","hentry","category-destacado","category-nacional"],"yoast_head":"<!-- This site is optimized with the Yoast SEO plugin v26.6 - https:\/\/yoast.com\/wordpress\/plugins\/seo\/ -->\n<title>Haremos el mayor esfuerzo por sacar a todas las personas que est\u00e1n varadas en San Andr\u00e9s: Luis Fernando Velasco -<\/title>\n<meta name=\"robots\" content=\"index, follow, max-snippet:-1, max-image-preview:large, max-video-preview:-1\" \/>\n<link rel=\"canonical\" href=\"https:\/\/luchonoticias.com\/editor\/haremos-el-mayor-esfuerzo-por-sacar-a-todas-las-personas-que-estan-varadas-en-san-andres-luis-fernando-velasco\/\" \/>\n<meta property=\"og:locale\" content=\"es_ES\" \/>\n<meta property=\"og:type\" content=\"article\" \/>\n<meta property=\"og:title\" content=\"Haremos el mayor esfuerzo por sacar a todas las personas que est\u00e1n varadas en San Andr\u00e9s: Luis Fernando Velasco -\" \/>\n<meta property=\"og:url\" content=\"https:\/\/luchonoticias.com\/editor\/haremos-el-mayor-esfuerzo-por-sacar-a-todas-las-personas-que-estan-varadas-en-san-andres-luis-fernando-velasco\/\" \/>\n<meta property=\"article:publisher\" content=\"https:\/\/www.facebook.com\/luchonoticiasneiva\" \/>\n<meta property=\"article:published_time\" content=\"2023-03-03T18:58:26+00:00\" \/>\n<meta property=\"article:modified_time\" content=\"2023-03-03T18:58:27+00:00\" \/>\n<meta name=\"author\" content=\"Editor General\" \/>\n<meta name=\"twitter:card\" content=\"summary_large_image\" \/>\n<meta name=\"twitter:label1\" content=\"Escrito por\" \/>\n\t<meta name=\"twitter:data1\" content=\"Editor General\" \/>\n\t<meta name=\"twitter:label2\" content=\"Tiempo de lectura\" \/>\n\t<meta name=\"twitter:data2\" content=\"2 minutos\" \/>\n<script type=\"application\/ld+json\" class=\"yoast-schema-graph\">{\"@context\":\"https:\/\/schema.org\",\"@graph\":[{\"@type\":\"Article\",\"@id\":\"https:\/\/luchonoticias.com\/editor\/haremos-el-mayor-esfuerzo-por-sacar-a-todas-las-personas-que-estan-varadas-en-san-andres-luis-fernando-velasco\/#article\",\"isPartOf\":{\"@id\":\"https:\/\/luchonoticias.com\/editor\/haremos-el-mayor-esfuerzo-por-sacar-a-todas-las-personas-que-estan-varadas-en-san-andres-luis-fernando-velasco\/\"},\"author\":{\"name\":\"Editor General\",\"@id\":\"https:\/\/luchonoticias.com\/editor\/#\/schema\/person\/29217990ddf6f14e35912b2866d591fb\"},\"headline\":\"Haremos el mayor esfuerzo por sacar a todas las personas que est\u00e1n varadas en San Andr\u00e9s: Luis Fernando Velasco\",\"datePublished\":\"2023-03-03T18:58:26+00:00\",\"dateModified\":\"2023-03-03T18:58:27+00:00\",\"mainEntityOfPage\":{\"@id\":\"https:\/\/luchonoticias.com\/editor\/haremos-el-mayor-esfuerzo-por-sacar-a-todas-las-personas-que-estan-varadas-en-san-andres-luis-fernando-velasco\/\"},\"wordCount\":367,\"commentCount\":0,\"publisher\":{\"@id\":\"https:\/\/luchonoticias.com\/editor\/#\/schema\/person\/7a7fd911f58561fd056dbac7b55af9cd\"},\"articleSection\":[\"Destacado\",\"Nacional\"],\"inLanguage\":\"es\",\"potentialAction\":[{\"@type\":\"CommentAction\",\"name\":\"Comment\",\"target\":[\"https:\/\/luchonoticias.com\/editor\/haremos-el-mayor-esfuerzo-por-sacar-a-todas-las-personas-que-estan-varadas-en-san-andres-luis-fernando-velasco\/#respond\"]}]},{\"@type\":\"WebPage\",\"@id\":\"https:\/\/luchonoticias.com\/editor\/haremos-el-mayor-esfuerzo-por-sacar-a-todas-las-personas-que-estan-varadas-en-san-andres-luis-fernando-velasco\/\",\"url\":\"https:\/\/luchonoticias.com\/editor\/haremos-el-mayor-esfuerzo-por-sacar-a-todas-las-personas-que-estan-varadas-en-san-andres-luis-fernando-velasco\/\",\"name\":\"Haremos el mayor esfuerzo por sacar a todas las personas que est\u00e1n varadas en San Andr\u00e9s: Luis Fernando Velasco -\",\"isPartOf\":{\"@id\":\"https:\/\/luchonoticias.com\/editor\/#website\"},\"datePublished\":\"2023-03-03T18:58:26+00:00\",\"dateModified\":\"2023-03-03T18:58:27+00:00\",\"breadcrumb\":{\"@id\":\"https:\/\/luchonoticias.com\/editor\/haremos-el-mayor-esfuerzo-por-sacar-a-todas-las-personas-que-estan-varadas-en-san-andres-luis-fernando-velasco\/#breadcrumb\"},\"inLanguage\":\"es\",\"potentialAction\":[{\"@type\":\"ReadAction\",\"target\":[\"https:\/\/luchonoticias.com\/editor\/haremos-el-mayor-esfuerzo-por-sacar-a-todas-las-personas-que-estan-varadas-en-san-andres-luis-fernando-velasco\/\"]}]},{\"@type\":\"BreadcrumbList\",\"@id\":\"https:\/\/luchonoticias.com\/editor\/haremos-el-mayor-esfuerzo-por-sacar-a-todas-las-personas-que-estan-varadas-en-san-andres-luis-fernando-velasco\/#breadcrumb\",\"itemListElement\":[{\"@type\":\"ListItem\",\"position\":1,\"name\":\"Portada\",\"item\":\"https:\/\/luchonoticias.com\/editor\/\"},{\"@type\":\"ListItem\",\"position\":2,\"name\":\"Haremos el mayor esfuerzo por sacar a todas las personas que est\u00e1n varadas en San Andr\u00e9s: Luis Fernando Velasco\"}]},{\"@type\":\"WebSite\",\"@id\":\"https:\/\/luchonoticias.com\/editor\/#website\",\"url\":\"https:\/\/luchonoticias.com\/editor\/\",\"name\":\"\",\"description\":\"\",\"publisher\":{\"@id\":\"https:\/\/luchonoticias.com\/editor\/#\/schema\/person\/7a7fd911f58561fd056dbac7b55af9cd\"},\"potentialAction\":[{\"@type\":\"SearchAction\",\"target\":{\"@type\":\"EntryPoint\",\"urlTemplate\":\"https:\/\/luchonoticias.com\/editor\/?s={search_term_string}\"},\"query-input\":{\"@type\":\"PropertyValueSpecification\",\"valueRequired\":true,\"valueName\":\"search_term_string\"}}],\"inLanguage\":\"es\"},{\"@type\":[\"Person\",\"Organization\"],\"@id\":\"https:\/\/luchonoticias.com\/editor\/#\/schema\/person\/7a7fd911f58561fd056dbac7b55af9cd\",\"name\":\"admin\",\"image\":{\"@type\":\"ImageObject\",\"inLanguage\":\"es\",\"@id\":\"https:\/\/luchonoticias.com\/editor\/#\/schema\/person\/image\/\",\"url\":\"https:\/\/luchonoticias.com\/editor\/wp-content\/uploads\/2024\/02\/cropped-cropped-logolu.webp\",\"contentUrl\":\"https:\/\/luchonoticias.com\/editor\/wp-content\/uploads\/2024\/02\/cropped-cropped-logolu.webp\",\"width\":382,\"height\":170,\"caption\":\"admin\"},\"logo\":{\"@id\":\"https:\/\/luchonoticias.com\/editor\/#\/schema\/person\/image\/\"},\"sameAs\":[\"https:\/\/www.facebook.com\/luchonoticiasneiva\"]},{\"@type\":\"Person\",\"@id\":\"https:\/\/luchonoticias.com\/editor\/#\/schema\/person\/29217990ddf6f14e35912b2866d591fb\",\"name\":\"Editor General\",\"image\":{\"@type\":\"ImageObject\",\"inLanguage\":\"es\",\"@id\":\"https:\/\/luchonoticias.com\/editor\/#\/schema\/person\/image\/\",\"url\":\"https:\/\/luchonoticias.com\/editor\/wp-content\/uploads\/2024\/02\/cropped-cropped-logolu-150x150.webp\",\"contentUrl\":\"https:\/\/luchonoticias.com\/editor\/wp-content\/uploads\/2024\/02\/cropped-cropped-logolu-150x150.webp\",\"caption\":\"Editor General\"},\"sameAs\":[\"https:\/\/luchonoticias.com\/\"],\"url\":\"https:\/\/luchonoticias.com\/editor\/author\/editor-general\/\"}]}<\/script>\n<!-- \/ Yoast SEO plugin. -->","yoast_head_json":{"title":"Haremos el mayor esfuerzo por sacar a todas las personas que est\u00e1n varadas en San Andr\u00e9s: Luis Fernando Velasco -","robots":{"index":"index","follow":"follow","max-snippet":"max-snippet:-1","max-image-preview":"max-image-preview:large","max-video-preview":"max-video-preview:-1"},"canonical":"https:\/\/luchonoticias.com\/editor\/haremos-el-mayor-esfuerzo-por-sacar-a-todas-las-personas-que-estan-varadas-en-san-andres-luis-fernando-velasco\/","og_locale":"es_ES","og_type":"article","og_title":"Haremos el mayor esfuerzo por sacar a todas las personas que est\u00e1n varadas en San Andr\u00e9s: Luis Fernando Velasco -","og_url":"https:\/\/luchonoticias.com\/editor\/haremos-el-mayor-esfuerzo-por-sacar-a-todas-las-personas-que-estan-varadas-en-san-andres-luis-fernando-velasco\/","article_publisher":"https:\/\/www.facebook.com\/luchonoticiasneiva","article_published_time":"2023-03-03T18:58:26+00:00","article_modified_time":"2023-03-03T18:58:27+00:00","author":"Editor General","twitter_card":"summary_large_image","twitter_misc":{"Escrito por":"Editor General","Tiempo de lectura":"2 minutos"},"schema":{"@context":"https:\/\/schema.org","@graph":[{"@type":"Article","@id":"https:\/\/luchonoticias.com\/editor\/haremos-el-mayor-esfuerzo-por-sacar-a-todas-las-personas-que-estan-varadas-en-san-andres-luis-fernando-velasco\/#article","isPartOf":{"@id":"https:\/\/luchonoticias.com\/editor\/haremos-el-mayor-esfuerzo-por-sacar-a-todas-las-personas-que-estan-varadas-en-san-andres-luis-fernando-velasco\/"},"author":{"name":"Editor General","@id":"https:\/\/luchonoticias.com\/editor\/#\/schema\/person\/29217990ddf6f14e35912b2866d591fb"},"headline":"Haremos el mayor esfuerzo por sacar a todas las personas que est\u00e1n varadas en San Andr\u00e9s: Luis Fernando Velasco","datePublished":"2023-03-03T18:58:26+00:00","dateModified":"2023-03-03T18:58:27+00:00","mainEntityOfPage":{"@id":"https:\/\/luchonoticias.com\/editor\/haremos-el-mayor-esfuerzo-por-sacar-a-todas-las-personas-que-estan-varadas-en-san-andres-luis-fernando-velasco\/"},"wordCount":367,"commentCount":0,"publisher":{"@id":"https:\/\/luchonoticias.com\/editor\/#\/schema\/person\/7a7fd911f58561fd056dbac7b55af9cd"},"articleSection":["Destacado","Nacional"],"inLanguage":"es","potentialAction":[{"@type":"CommentAction","name":"Comment","target":["https:\/\/luchonoticias.com\/editor\/haremos-el-mayor-esfuerzo-por-sacar-a-todas-las-personas-que-estan-varadas-en-san-andres-luis-fernando-velasco\/#respond"]}]},{"@type":"WebPage","@id":"https:\/\/luchonoticias.com\/editor\/haremos-el-mayor-esfuerzo-por-sacar-a-todas-las-personas-que-estan-varadas-en-san-andres-luis-fernando-velasco\/","url":"https:\/\/luchonoticias.com\/editor\/haremos-el-mayor-esfuerzo-por-sacar-a-todas-las-personas-que-estan-varadas-en-san-andres-luis-fernando-velasco\/","name":"Haremos el mayor esfuerzo por sacar a todas las personas que est\u00e1n varadas en San Andr\u00e9s: Luis Fernando Velasco -","isPartOf":{"@id":"https:\/\/luchonoticias.com\/editor\/#website"},"datePublished":"2023-03-03T18:58:26+00:00","dateModified":"2023-03-03T18:58:27+00:00","breadcrumb":{"@id":"https:\/\/luchonoticias.com\/editor\/haremos-el-mayor-esfuerzo-por-sacar-a-todas-las-personas-que-estan-varadas-en-san-andres-luis-fernando-velasco\/#breadcrumb"},"inLanguage":"es","potentialAction":[{"@type":"ReadAction","target":["https:\/\/luchonoticias.com\/editor\/haremos-el-mayor-esfuerzo-por-sacar-a-todas-las-personas-que-estan-varadas-en-san-andres-luis-fernando-velasco\/"]}]},{"@type":"BreadcrumbList","@id":"https:\/\/luchonoticias.com\/editor\/haremos-el-mayor-esfuerzo-por-sacar-a-todas-las-personas-que-estan-varadas-en-san-andres-luis-fernando-velasco\/#breadcrumb","itemListElement":[{"@type":"ListItem","position":1,"name":"Portada","item":"https:\/\/luchonoticias.com\/editor\/"},{"@type":"ListItem","position":2,"name":"Haremos el mayor esfuerzo por sacar a todas las personas que est\u00e1n varadas en San Andr\u00e9s: Luis Fernando Velasco"}]},{"@type":"WebSite","@id":"https:\/\/luchonoticias.com\/editor\/#website","url":"https:\/\/luchonoticias.com\/editor\/","name":"","description":"","publisher":{"@id":"https:\/\/luchonoticias.com\/editor\/#\/schema\/person\/7a7fd911f58561fd056dbac7b55af9cd"},"potentialAction":[{"@type":"SearchAction","target":{"@type":"EntryPoint","urlTemplate":"https:\/\/luchonoticias.com\/editor\/?s={search_term_string}"},"query-input":{"@type":"PropertyValueSpecification","valueRequired":true,"valueName":"search_term_string"}}],"inLanguage":"es"},{"@type":["Person","Organization"],"@id":"https:\/\/luchonoticias.com\/editor\/#\/schema\/person\/7a7fd911f58561fd056dbac7b55af9cd","name":"admin","image":{"@type":"ImageObject","inLanguage":"es","@id":"https:\/\/luchonoticias.com\/editor\/#\/schema\/person\/image\/","url":"https:\/\/luchonoticias.com\/editor\/wp-content\/uploads\/2024\/02\/cropped-cropped-logolu.webp","contentUrl":"https:\/\/luchonoticias.com\/editor\/wp-content\/uploads\/2024\/02\/cropped-cropped-logolu.webp","width":382,"height":170,"caption":"admin"},"logo":{"@id":"https:\/\/luchonoticias.com\/editor\/#\/schema\/person\/image\/"},"sameAs":["https:\/\/www.facebook.com\/luchonoticiasneiva"]},{"@type":"Person","@id":"https:\/\/luchonoticias.com\/editor\/#\/schema\/person\/29217990ddf6f14e35912b2866d591fb","name":"Editor General","image":{"@type":"ImageObject","inLanguage":"es","@id":"https:\/\/luchonoticias.com\/editor\/#\/schema\/person\/image\/","url":"https:\/\/luchonoticias.com\/editor\/wp-content\/uploads\/2024\/02\/cropped-cropped-logolu-150x150.webp","contentUrl":"https:\/\/luchonoticias.com\/editor\/wp-content\/uploads\/2024\/02\/cropped-cropped-logolu-150x150.webp","caption":"Editor General"},"sameAs":["https:\/\/luchonoticias.com\/"],"url":"https:\/\/luchonoticias.com\/editor\/author\/editor-general\/"}]}},"_links":{"self":[{"href":"https:\/\/luchonoticias.com\/editor\/wp-json\/wp\/v2\/posts\/47398","targetHints":{"allow":["GET"]}}],"collection":[{"href":"https:\/\/luchonoticias.com\/editor\/wp-json\/wp\/v2\/posts"}],"about":[{"href":"https:\/\/luchonoticias.com\/editor\/wp-json\/wp\/v2\/types\/post"}],"author":[{"embeddable":true,"href":"https:\/\/luchonoticias.com\/editor\/wp-json\/wp\/v2\/users\/2"}],"replies":[{"embeddable":true,"href":"https:\/\/luchonoticias.com\/editor\/wp-json\/wp\/v2\/comments?post=47398"}],"version-history":[{"count":0,"href":"https:\/\/luchonoticias.com\/editor\/wp-json\/wp\/v2\/posts\/47398\/revisions"}],"wp:attachment":[{"href":"https:\/\/luchonoticias.com\/editor\/wp-json\/wp\/v2\/media?parent=47398"}],"wp:term":[{"taxonomy":"category","embeddable":true,"href":"https:\/\/luchonoticias.com\/editor\/wp-json\/wp\/v2\/categories?post=47398"},{"taxonomy":"post_tag","embeddable":true,"href":"https:\/\/luchonoticias.com\/editor\/wp-json\/wp\/v2\/tags?post=47398"}],"curies":[{"name":"wp","href":"https:\/\/api.w.org\/{rel}","templated":true}]}}