{"id":47405,"date":"2023-03-03T14:07:37","date_gmt":"2023-03-03T19:07:37","guid":{"rendered":"https:\/\/luchonoticias.com\/?p=47405"},"modified":"2023-03-03T14:07:39","modified_gmt":"2023-03-03T19:07:39","slug":"nuevo-proyecto-de-vivienda-para-neiva","status":"publish","type":"post","link":"https:\/\/luchonoticias.com\/editor\/nuevo-proyecto-de-vivienda-para-neiva\/","title":{"rendered":"Nuevo proyecto de vivienda para Neiva"},"content":{"rendered":"\n<p>El&nbsp;<strong>nuevo proyecto denominado Bosques de la Rebeca<\/strong>, el cual estar\u00e1 ubicado&nbsp;<strong>frente a las instalaciones del Instituto Colombiano de Bienestar Familiar<\/strong>, fue socializado ante el gobernador del Huila, Luis Enrique Duss\u00e1n L\u00f3pez, por parte de la compa\u00f1\u00eda que realizar\u00e1 la construcci\u00f3n.<\/p>\n\n\n\n<p>Edwin G\u00f3mez, gestor del proyecto de la constructora Le\u00f3n Aguilera, manifest\u00f3 que&nbsp;<strong>la obra tendr\u00e1 una connotaci\u00f3n ambiental<\/strong>: \u201cen este caso son&nbsp;<strong>196 unidades de vivienda y tambi\u00e9n tenemos el desarrollo de un parque ambiental<\/strong>, vamos a hacer el desarrollo urban\u00edstico en este importante punto del desarrollo de Neiva, es un lote en el sector de la rebeca con un \u00e1rea de 17.000 m2. La idea es que en conjunto con la Gobernaci\u00f3n y el municipio se haga una cofinanciaci\u00f3n para subsidios y esto le permita m\u00e1s o menos a 196 personas, tener vivienda de inter\u00e9s social. Este proyecto va a tener dos enfoques, por un lado, el ambiental con un parque longitudinal y por el otro integrando al plan de vivienda de inter\u00e9s social, que se llama Bosques de la Rebeca, conjunto residencial\u201d, especific\u00f3.<\/p>\n\n\n\n<p>De acuerdo a Migdonia Pati\u00f1o, directora de FONVIHUILA, En la actualidad,&nbsp;<strong>en Neiva, el Gobierno Departamental trabaja en la inversi\u00f3n de 2.525 unidades de vivienda,<\/strong>&nbsp;los cuales est\u00e1n representados en dos programas, el de mejoramiento de vivienda donde&nbsp;<strong>se van a beneficiar a 1.189 familias con una inversi\u00f3n total de $9.000 millones<\/strong>, los cuales est\u00e1n destinados en un programa de mejoramientos locativos urbanos en diferentes comunas, mejoramientos locativos rurales y de m\u00f3dulos que van a beneficiar a 286 familias campesinas, as\u00ed como la rehabilitaci\u00f3n en ola invernal donde se rehabilitaron 59 viviendas y en vivienda nueva se beneficiar\u00e1n 1.336 familias neivanas.<\/p>\n\n\n\n<p>En el caso solo de vivienda nueva,&nbsp;<strong>los proyectos est\u00e1n concentrados en Bosques de San Luis, con la construcci\u00f3n de las torres A, B y C,<\/strong>&nbsp;donde se benefician 740 familias, Fronteras del Milenio 208, asociaci\u00f3n Fronteras del Milenio ASOFROTMILE 192 familias y el nuevo proyecto Bosques de la Rebeca que beneficiar\u00e1 a 196 familias neivanas, Para un total de 1.336 viviendas, por un valor de $118.816.576.520.<\/p>\n\n\n\n<p>Para el gobernador del Huila, Luis Enrique Duss\u00e1n L\u00f3pez,&nbsp;<strong>la confluencia de recursos de las entidades busca lograr el cierre financiero para beneficiar a m\u00e1s familias neivanas.<\/strong>&nbsp;\u201cEn esta oportunidad hemos acordado adicionar unos recursos tanto de la Alcald\u00eda como de la Gobernaci\u00f3n para fortalecer varios proyectos de vivienda nueva en Neiva, esto nos est\u00e1 significando cerca de 300 viviendas nuevas, en temas de cofinanciaci\u00f3n en varios de los proyectos que vienen, tenemos proyectos en Bosques de San Luis, en la Rebeca y Fronteras del Milenio. Todos esos proyectos los estamos trabajando mancomunadamente, facilit\u00e1ndole a los usuarios los cierres financieros para que se puedan llevar a cabo, en el caso de Bosques de la Rebeca lo hacemos con un aliado constructor en el esquema de Mi casa Ya\u201d, puntualiz\u00f3 el primer mandatario de los huilenses.<\/p>\n","protected":false},"excerpt":{"rendered":"<p>El&nbsp;nuevo proyecto denominado Bosques de la Rebeca, el cual estar\u00e1 ubicado&nbsp;frente a las instalaciones del Instituto Colombiano de Bienestar Familiar, fue socializado ante el gobernador del Huila, Luis Enrique Duss\u00e1n L\u00f3pez, por parte de la compa\u00f1\u00eda que realizar\u00e1 la construcci\u00f3n. Edwin G\u00f3mez, gestor del proyecto de la constructora Le\u00f3n Aguilera, manifest\u00f3 que&nbsp;la obra tendr\u00e1 una [&hellip;]<\/p>\n","protected":false},"author":2,"featured_media":0,"comment_status":"open","ping_status":"open","sticky":false,"template":"","format":"standard","meta":{"footnotes":""},"categories":[33],"tags":[],"class_list":["post-47405","post","type-post","status-publish","format-standard","hentry","category-huila"],"yoast_head":"<!-- This site is optimized with the Yoast SEO plugin v26.6 - https:\/\/yoast.com\/wordpress\/plugins\/seo\/ -->\n<title>Nuevo proyecto de vivienda para Neiva -<\/title>\n<meta name=\"robots\" content=\"index, follow, max-snippet:-1, max-image-preview:large, max-video-preview:-1\" \/>\n<link rel=\"canonical\" href=\"https:\/\/luchonoticias.com\/editor\/nuevo-proyecto-de-vivienda-para-neiva\/\" \/>\n<meta property=\"og:locale\" content=\"es_ES\" \/>\n<meta property=\"og:type\" content=\"article\" \/>\n<meta property=\"og:title\" content=\"Nuevo proyecto de vivienda para Neiva -\" \/>\n<meta property=\"og:url\" content=\"https:\/\/luchonoticias.com\/editor\/nuevo-proyecto-de-vivienda-para-neiva\/\" \/>\n<meta property=\"article:publisher\" content=\"https:\/\/www.facebook.com\/luchonoticiasneiva\" \/>\n<meta property=\"article:published_time\" content=\"2023-03-03T19:07:37+00:00\" \/>\n<meta property=\"article:modified_time\" content=\"2023-03-03T19:07:39+00:00\" \/>\n<meta name=\"author\" content=\"Editor General\" \/>\n<meta name=\"twitter:card\" content=\"summary_large_image\" \/>\n<meta name=\"twitter:label1\" content=\"Escrito por\" \/>\n\t<meta name=\"twitter:data1\" content=\"Editor General\" \/>\n\t<meta name=\"twitter:label2\" content=\"Tiempo de lectura\" \/>\n\t<meta name=\"twitter:data2\" content=\"3 minutos\" \/>\n<script type=\"application\/ld+json\" class=\"yoast-schema-graph\">{\"@context\":\"https:\/\/schema.org\",\"@graph\":[{\"@type\":\"Article\",\"@id\":\"https:\/\/luchonoticias.com\/editor\/nuevo-proyecto-de-vivienda-para-neiva\/#article\",\"isPartOf\":{\"@id\":\"https:\/\/luchonoticias.com\/editor\/nuevo-proyecto-de-vivienda-para-neiva\/\"},\"author\":{\"name\":\"Editor General\",\"@id\":\"https:\/\/luchonoticias.com\/editor\/#\/schema\/person\/29217990ddf6f14e35912b2866d591fb\"},\"headline\":\"Nuevo proyecto de vivienda para Neiva\",\"datePublished\":\"2023-03-03T19:07:37+00:00\",\"dateModified\":\"2023-03-03T19:07:39+00:00\",\"mainEntityOfPage\":{\"@id\":\"https:\/\/luchonoticias.com\/editor\/nuevo-proyecto-de-vivienda-para-neiva\/\"},\"wordCount\":513,\"commentCount\":0,\"publisher\":{\"@id\":\"https:\/\/luchonoticias.com\/editor\/#\/schema\/person\/7a7fd911f58561fd056dbac7b55af9cd\"},\"articleSection\":[\"Huila\"],\"inLanguage\":\"es\",\"potentialAction\":[{\"@type\":\"CommentAction\",\"name\":\"Comment\",\"target\":[\"https:\/\/luchonoticias.com\/editor\/nuevo-proyecto-de-vivienda-para-neiva\/#respond\"]}]},{\"@type\":\"WebPage\",\"@id\":\"https:\/\/luchonoticias.com\/editor\/nuevo-proyecto-de-vivienda-para-neiva\/\",\"url\":\"https:\/\/luchonoticias.com\/editor\/nuevo-proyecto-de-vivienda-para-neiva\/\",\"name\":\"Nuevo proyecto de vivienda para Neiva -\",\"isPartOf\":{\"@id\":\"https:\/\/luchonoticias.com\/editor\/#website\"},\"datePublished\":\"2023-03-03T19:07:37+00:00\",\"dateModified\":\"2023-03-03T19:07:39+00:00\",\"breadcrumb\":{\"@id\":\"https:\/\/luchonoticias.com\/editor\/nuevo-proyecto-de-vivienda-para-neiva\/#breadcrumb\"},\"inLanguage\":\"es\",\"potentialAction\":[{\"@type\":\"ReadAction\",\"target\":[\"https:\/\/luchonoticias.com\/editor\/nuevo-proyecto-de-vivienda-para-neiva\/\"]}]},{\"@type\":\"BreadcrumbList\",\"@id\":\"https:\/\/luchonoticias.com\/editor\/nuevo-proyecto-de-vivienda-para-neiva\/#breadcrumb\",\"itemListElement\":[{\"@type\":\"ListItem\",\"position\":1,\"name\":\"Portada\",\"item\":\"https:\/\/luchonoticias.com\/editor\/\"},{\"@type\":\"ListItem\",\"position\":2,\"name\":\"Nuevo proyecto de vivienda para Neiva\"}]},{\"@type\":\"WebSite\",\"@id\":\"https:\/\/luchonoticias.com\/editor\/#website\",\"url\":\"https:\/\/luchonoticias.com\/editor\/\",\"name\":\"\",\"description\":\"\",\"publisher\":{\"@id\":\"https:\/\/luchonoticias.com\/editor\/#\/schema\/person\/7a7fd911f58561fd056dbac7b55af9cd\"},\"potentialAction\":[{\"@type\":\"SearchAction\",\"target\":{\"@type\":\"EntryPoint\",\"urlTemplate\":\"https:\/\/luchonoticias.com\/editor\/?s={search_term_string}\"},\"query-input\":{\"@type\":\"PropertyValueSpecification\",\"valueRequired\":true,\"valueName\":\"search_term_string\"}}],\"inLanguage\":\"es\"},{\"@type\":[\"Person\",\"Organization\"],\"@id\":\"https:\/\/luchonoticias.com\/editor\/#\/schema\/person\/7a7fd911f58561fd056dbac7b55af9cd\",\"name\":\"admin\",\"image\":{\"@type\":\"ImageObject\",\"inLanguage\":\"es\",\"@id\":\"https:\/\/luchonoticias.com\/editor\/#\/schema\/person\/image\/\",\"url\":\"https:\/\/luchonoticias.com\/editor\/wp-content\/uploads\/2024\/02\/cropped-cropped-logolu.webp\",\"contentUrl\":\"https:\/\/luchonoticias.com\/editor\/wp-content\/uploads\/2024\/02\/cropped-cropped-logolu.webp\",\"width\":382,\"height\":170,\"caption\":\"admin\"},\"logo\":{\"@id\":\"https:\/\/luchonoticias.com\/editor\/#\/schema\/person\/image\/\"},\"sameAs\":[\"https:\/\/www.facebook.com\/luchonoticiasneiva\"]},{\"@type\":\"Person\",\"@id\":\"https:\/\/luchonoticias.com\/editor\/#\/schema\/person\/29217990ddf6f14e35912b2866d591fb\",\"name\":\"Editor General\",\"image\":{\"@type\":\"ImageObject\",\"inLanguage\":\"es\",\"@id\":\"https:\/\/luchonoticias.com\/editor\/#\/schema\/person\/image\/\",\"url\":\"https:\/\/luchonoticias.com\/editor\/wp-content\/uploads\/2024\/02\/cropped-cropped-logolu-150x150.webp\",\"contentUrl\":\"https:\/\/luchonoticias.com\/editor\/wp-content\/uploads\/2024\/02\/cropped-cropped-logolu-150x150.webp\",\"caption\":\"Editor General\"},\"sameAs\":[\"https:\/\/luchonoticias.com\/\"],\"url\":\"https:\/\/luchonoticias.com\/editor\/author\/editor-general\/\"}]}<\/script>\n<!-- \/ Yoast SEO plugin. -->","yoast_head_json":{"title":"Nuevo proyecto de vivienda para Neiva -","robots":{"index":"index","follow":"follow","max-snippet":"max-snippet:-1","max-image-preview":"max-image-preview:large","max-video-preview":"max-video-preview:-1"},"canonical":"https:\/\/luchonoticias.com\/editor\/nuevo-proyecto-de-vivienda-para-neiva\/","og_locale":"es_ES","og_type":"article","og_title":"Nuevo proyecto de vivienda para Neiva -","og_url":"https:\/\/luchonoticias.com\/editor\/nuevo-proyecto-de-vivienda-para-neiva\/","article_publisher":"https:\/\/www.facebook.com\/luchonoticiasneiva","article_published_time":"2023-03-03T19:07:37+00:00","article_modified_time":"2023-03-03T19:07:39+00:00","author":"Editor General","twitter_card":"summary_large_image","twitter_misc":{"Escrito por":"Editor General","Tiempo de lectura":"3 minutos"},"schema":{"@context":"https:\/\/schema.org","@graph":[{"@type":"Article","@id":"https:\/\/luchonoticias.com\/editor\/nuevo-proyecto-de-vivienda-para-neiva\/#article","isPartOf":{"@id":"https:\/\/luchonoticias.com\/editor\/nuevo-proyecto-de-vivienda-para-neiva\/"},"author":{"name":"Editor General","@id":"https:\/\/luchonoticias.com\/editor\/#\/schema\/person\/29217990ddf6f14e35912b2866d591fb"},"headline":"Nuevo proyecto de vivienda para Neiva","datePublished":"2023-03-03T19:07:37+00:00","dateModified":"2023-03-03T19:07:39+00:00","mainEntityOfPage":{"@id":"https:\/\/luchonoticias.com\/editor\/nuevo-proyecto-de-vivienda-para-neiva\/"},"wordCount":513,"commentCount":0,"publisher":{"@id":"https:\/\/luchonoticias.com\/editor\/#\/schema\/person\/7a7fd911f58561fd056dbac7b55af9cd"},"articleSection":["Huila"],"inLanguage":"es","potentialAction":[{"@type":"CommentAction","name":"Comment","target":["https:\/\/luchonoticias.com\/editor\/nuevo-proyecto-de-vivienda-para-neiva\/#respond"]}]},{"@type":"WebPage","@id":"https:\/\/luchonoticias.com\/editor\/nuevo-proyecto-de-vivienda-para-neiva\/","url":"https:\/\/luchonoticias.com\/editor\/nuevo-proyecto-de-vivienda-para-neiva\/","name":"Nuevo proyecto de vivienda para Neiva -","isPartOf":{"@id":"https:\/\/luchonoticias.com\/editor\/#website"},"datePublished":"2023-03-03T19:07:37+00:00","dateModified":"2023-03-03T19:07:39+00:00","breadcrumb":{"@id":"https:\/\/luchonoticias.com\/editor\/nuevo-proyecto-de-vivienda-para-neiva\/#breadcrumb"},"inLanguage":"es","potentialAction":[{"@type":"ReadAction","target":["https:\/\/luchonoticias.com\/editor\/nuevo-proyecto-de-vivienda-para-neiva\/"]}]},{"@type":"BreadcrumbList","@id":"https:\/\/luchonoticias.com\/editor\/nuevo-proyecto-de-vivienda-para-neiva\/#breadcrumb","itemListElement":[{"@type":"ListItem","position":1,"name":"Portada","item":"https:\/\/luchonoticias.com\/editor\/"},{"@type":"ListItem","position":2,"name":"Nuevo proyecto de vivienda para Neiva"}]},{"@type":"WebSite","@id":"https:\/\/luchonoticias.com\/editor\/#website","url":"https:\/\/luchonoticias.com\/editor\/","name":"","description":"","publisher":{"@id":"https:\/\/luchonoticias.com\/editor\/#\/schema\/person\/7a7fd911f58561fd056dbac7b55af9cd"},"potentialAction":[{"@type":"SearchAction","target":{"@type":"EntryPoint","urlTemplate":"https:\/\/luchonoticias.com\/editor\/?s={search_term_string}"},"query-input":{"@type":"PropertyValueSpecification","valueRequired":true,"valueName":"search_term_string"}}],"inLanguage":"es"},{"@type":["Person","Organization"],"@id":"https:\/\/luchonoticias.com\/editor\/#\/schema\/person\/7a7fd911f58561fd056dbac7b55af9cd","name":"admin","image":{"@type":"ImageObject","inLanguage":"es","@id":"https:\/\/luchonoticias.com\/editor\/#\/schema\/person\/image\/","url":"https:\/\/luchonoticias.com\/editor\/wp-content\/uploads\/2024\/02\/cropped-cropped-logolu.webp","contentUrl":"https:\/\/luchonoticias.com\/editor\/wp-content\/uploads\/2024\/02\/cropped-cropped-logolu.webp","width":382,"height":170,"caption":"admin"},"logo":{"@id":"https:\/\/luchonoticias.com\/editor\/#\/schema\/person\/image\/"},"sameAs":["https:\/\/www.facebook.com\/luchonoticiasneiva"]},{"@type":"Person","@id":"https:\/\/luchonoticias.com\/editor\/#\/schema\/person\/29217990ddf6f14e35912b2866d591fb","name":"Editor General","image":{"@type":"ImageObject","inLanguage":"es","@id":"https:\/\/luchonoticias.com\/editor\/#\/schema\/person\/image\/","url":"https:\/\/luchonoticias.com\/editor\/wp-content\/uploads\/2024\/02\/cropped-cropped-logolu-150x150.webp","contentUrl":"https:\/\/luchonoticias.com\/editor\/wp-content\/uploads\/2024\/02\/cropped-cropped-logolu-150x150.webp","caption":"Editor General"},"sameAs":["https:\/\/luchonoticias.com\/"],"url":"https:\/\/luchonoticias.com\/editor\/author\/editor-general\/"}]}},"_links":{"self":[{"href":"https:\/\/luchonoticias.com\/editor\/wp-json\/wp\/v2\/posts\/47405","targetHints":{"allow":["GET"]}}],"collection":[{"href":"https:\/\/luchonoticias.com\/editor\/wp-json\/wp\/v2\/posts"}],"about":[{"href":"https:\/\/luchonoticias.com\/editor\/wp-json\/wp\/v2\/types\/post"}],"author":[{"embeddable":true,"href":"https:\/\/luchonoticias.com\/editor\/wp-json\/wp\/v2\/users\/2"}],"replies":[{"embeddable":true,"href":"https:\/\/luchonoticias.com\/editor\/wp-json\/wp\/v2\/comments?post=47405"}],"version-history":[{"count":0,"href":"https:\/\/luchonoticias.com\/editor\/wp-json\/wp\/v2\/posts\/47405\/revisions"}],"wp:attachment":[{"href":"https:\/\/luchonoticias.com\/editor\/wp-json\/wp\/v2\/media?parent=47405"}],"wp:term":[{"taxonomy":"category","embeddable":true,"href":"https:\/\/luchonoticias.com\/editor\/wp-json\/wp\/v2\/categories?post=47405"},{"taxonomy":"post_tag","embeddable":true,"href":"https:\/\/luchonoticias.com\/editor\/wp-json\/wp\/v2\/tags?post=47405"}],"curies":[{"name":"wp","href":"https:\/\/api.w.org\/{rel}","templated":true}]}}