{"id":47411,"date":"2023-03-03T14:16:53","date_gmt":"2023-03-03T19:16:53","guid":{"rendered":"https:\/\/luchonoticias.com\/?p=47411"},"modified":"2023-03-03T14:16:54","modified_gmt":"2023-03-03T19:16:54","slug":"fiscalia-abrio-investigacion-contra-el-hijo-de-petro","status":"publish","type":"post","link":"https:\/\/luchonoticias.com\/editor\/fiscalia-abrio-investigacion-contra-el-hijo-de-petro\/","title":{"rendered":"Fiscal\u00eda abri\u00f3 investigaci\u00f3n contra el hijo de Petro"},"content":{"rendered":"\n<p>La Fiscal\u00eda General de la Naci\u00f3n anunci\u00f3 que abrieron una investigaci\u00f3n contra Nicol\u00e1s Petro, hijo del presidente Gustavo Petro, para verificar las denuncias hechas por Day V\u00e1squez, exesposa del primog\u00e9nito del mandatario de los colombianos, quien en varias afirmaciones asegura que su expareja, hab\u00eda recibido dineros de exnarcotraficantes para la campa\u00f1a presidencial de su padre.<\/p>\n\n\n\n<p>\u201cSe conform\u00f3 un grupo fiscales, investigadores y expertos que se dirigieron a Barranquilla (Atl\u00e1ntico) y ya iniciaron las primeras diligencias con la se\u00f1ora denunciante Day V\u00e1squez, que p\u00fablicamente ha suministrado informaci\u00f3n sobre el tema. Frente a la seguridad de la se\u00f1ora Day V\u00e1squez, la Fiscal\u00eda, en cabeza del director del Cuerpo T\u00e9cnico de Investigaci\u00f3n CTI y del director de Protecci\u00f3n y Asistencia est\u00e1n examinando las condiciones de riesgo de la denunciante para generar las condiciones de protecci\u00f3n que sean necesarias\u201d, indic\u00f3 el ente acusador.<\/p>\n\n\n\n<p><strong>Investigaci\u00f3n al hermano de Gustavo Petro<\/strong><\/p>\n\n\n\n<p>Finalmente, este medio de comunicaci\u00f3n logr\u00f3 establecer por informaci\u00f3n de la Fiscal\u00eda General de La Naci\u00f3n, que con respecto a la solicitud de investigar a Juan Fernando Petro, hermano del Presidente, \u201cla Fiscal\u00eda ya hab\u00eda abierto una noticia criminal de oficio desde el 23 de enero pasado, con base en un informe presentado por la Secci\u00f3n de An\u00e1lisis Criminal (SAE) del CTI. El ente investigador continuar\u00e1 con las indagaciones que se iniciaron en el marco de la investigaci\u00f3n sobre presuntos pagos realizados por narcotraficantes para obtener cupos en la paz total\u201d, concluyeron.<\/p>\n","protected":false},"excerpt":{"rendered":"<p>La Fiscal\u00eda General de la Naci\u00f3n anunci\u00f3 que abrieron una investigaci\u00f3n contra Nicol\u00e1s Petro, hijo del presidente Gustavo Petro, para verificar las denuncias hechas por Day V\u00e1squez, exesposa del primog\u00e9nito del mandatario de los colombianos, quien en varias afirmaciones asegura que su expareja, hab\u00eda recibido dineros de exnarcotraficantes para la campa\u00f1a presidencial de su padre. [&hellip;]<\/p>\n","protected":false},"author":2,"featured_media":0,"comment_status":"open","ping_status":"open","sticky":false,"template":"","format":"standard","meta":{"footnotes":""},"categories":[28,36],"tags":[],"class_list":["post-47411","post","type-post","status-publish","format-standard","hentry","category-actualidad","category-destacado"],"yoast_head":"<!-- This site is optimized with the Yoast SEO plugin v26.6 - https:\/\/yoast.com\/wordpress\/plugins\/seo\/ -->\n<title>Fiscal\u00eda abri\u00f3 investigaci\u00f3n contra el hijo de Petro -<\/title>\n<meta name=\"robots\" content=\"index, follow, max-snippet:-1, max-image-preview:large, max-video-preview:-1\" \/>\n<link rel=\"canonical\" href=\"https:\/\/luchonoticias.com\/editor\/fiscalia-abrio-investigacion-contra-el-hijo-de-petro\/\" \/>\n<meta property=\"og:locale\" content=\"es_ES\" \/>\n<meta property=\"og:type\" content=\"article\" \/>\n<meta property=\"og:title\" content=\"Fiscal\u00eda abri\u00f3 investigaci\u00f3n contra el hijo de Petro -\" \/>\n<meta property=\"og:url\" content=\"https:\/\/luchonoticias.com\/editor\/fiscalia-abrio-investigacion-contra-el-hijo-de-petro\/\" \/>\n<meta property=\"article:publisher\" content=\"https:\/\/www.facebook.com\/luchonoticiasneiva\" \/>\n<meta property=\"article:published_time\" content=\"2023-03-03T19:16:53+00:00\" \/>\n<meta property=\"article:modified_time\" content=\"2023-03-03T19:16:54+00:00\" \/>\n<meta name=\"author\" content=\"Editor General\" \/>\n<meta name=\"twitter:card\" content=\"summary_large_image\" \/>\n<meta name=\"twitter:label1\" content=\"Escrito por\" \/>\n\t<meta name=\"twitter:data1\" content=\"Editor General\" \/>\n\t<meta name=\"twitter:label2\" content=\"Tiempo de lectura\" \/>\n\t<meta name=\"twitter:data2\" content=\"1 minuto\" \/>\n<script type=\"application\/ld+json\" class=\"yoast-schema-graph\">{\"@context\":\"https:\/\/schema.org\",\"@graph\":[{\"@type\":\"Article\",\"@id\":\"https:\/\/luchonoticias.com\/editor\/fiscalia-abrio-investigacion-contra-el-hijo-de-petro\/#article\",\"isPartOf\":{\"@id\":\"https:\/\/luchonoticias.com\/editor\/fiscalia-abrio-investigacion-contra-el-hijo-de-petro\/\"},\"author\":{\"name\":\"Editor General\",\"@id\":\"https:\/\/luchonoticias.com\/editor\/#\/schema\/person\/29217990ddf6f14e35912b2866d591fb\"},\"headline\":\"Fiscal\u00eda abri\u00f3 investigaci\u00f3n contra el hijo de Petro\",\"datePublished\":\"2023-03-03T19:16:53+00:00\",\"dateModified\":\"2023-03-03T19:16:54+00:00\",\"mainEntityOfPage\":{\"@id\":\"https:\/\/luchonoticias.com\/editor\/fiscalia-abrio-investigacion-contra-el-hijo-de-petro\/\"},\"wordCount\":277,\"commentCount\":0,\"publisher\":{\"@id\":\"https:\/\/luchonoticias.com\/editor\/#\/schema\/person\/7a7fd911f58561fd056dbac7b55af9cd\"},\"articleSection\":[\"Actualidad\",\"Destacado\"],\"inLanguage\":\"es\",\"potentialAction\":[{\"@type\":\"CommentAction\",\"name\":\"Comment\",\"target\":[\"https:\/\/luchonoticias.com\/editor\/fiscalia-abrio-investigacion-contra-el-hijo-de-petro\/#respond\"]}]},{\"@type\":\"WebPage\",\"@id\":\"https:\/\/luchonoticias.com\/editor\/fiscalia-abrio-investigacion-contra-el-hijo-de-petro\/\",\"url\":\"https:\/\/luchonoticias.com\/editor\/fiscalia-abrio-investigacion-contra-el-hijo-de-petro\/\",\"name\":\"Fiscal\u00eda abri\u00f3 investigaci\u00f3n contra el hijo de Petro -\",\"isPartOf\":{\"@id\":\"https:\/\/luchonoticias.com\/editor\/#website\"},\"datePublished\":\"2023-03-03T19:16:53+00:00\",\"dateModified\":\"2023-03-03T19:16:54+00:00\",\"breadcrumb\":{\"@id\":\"https:\/\/luchonoticias.com\/editor\/fiscalia-abrio-investigacion-contra-el-hijo-de-petro\/#breadcrumb\"},\"inLanguage\":\"es\",\"potentialAction\":[{\"@type\":\"ReadAction\",\"target\":[\"https:\/\/luchonoticias.com\/editor\/fiscalia-abrio-investigacion-contra-el-hijo-de-petro\/\"]}]},{\"@type\":\"BreadcrumbList\",\"@id\":\"https:\/\/luchonoticias.com\/editor\/fiscalia-abrio-investigacion-contra-el-hijo-de-petro\/#breadcrumb\",\"itemListElement\":[{\"@type\":\"ListItem\",\"position\":1,\"name\":\"Portada\",\"item\":\"https:\/\/luchonoticias.com\/editor\/\"},{\"@type\":\"ListItem\",\"position\":2,\"name\":\"Fiscal\u00eda abri\u00f3 investigaci\u00f3n contra el hijo de Petro\"}]},{\"@type\":\"WebSite\",\"@id\":\"https:\/\/luchonoticias.com\/editor\/#website\",\"url\":\"https:\/\/luchonoticias.com\/editor\/\",\"name\":\"\",\"description\":\"\",\"publisher\":{\"@id\":\"https:\/\/luchonoticias.com\/editor\/#\/schema\/person\/7a7fd911f58561fd056dbac7b55af9cd\"},\"potentialAction\":[{\"@type\":\"SearchAction\",\"target\":{\"@type\":\"EntryPoint\",\"urlTemplate\":\"https:\/\/luchonoticias.com\/editor\/?s={search_term_string}\"},\"query-input\":{\"@type\":\"PropertyValueSpecification\",\"valueRequired\":true,\"valueName\":\"search_term_string\"}}],\"inLanguage\":\"es\"},{\"@type\":[\"Person\",\"Organization\"],\"@id\":\"https:\/\/luchonoticias.com\/editor\/#\/schema\/person\/7a7fd911f58561fd056dbac7b55af9cd\",\"name\":\"admin\",\"image\":{\"@type\":\"ImageObject\",\"inLanguage\":\"es\",\"@id\":\"https:\/\/luchonoticias.com\/editor\/#\/schema\/person\/image\/\",\"url\":\"https:\/\/luchonoticias.com\/editor\/wp-content\/uploads\/2024\/02\/cropped-cropped-logolu.webp\",\"contentUrl\":\"https:\/\/luchonoticias.com\/editor\/wp-content\/uploads\/2024\/02\/cropped-cropped-logolu.webp\",\"width\":382,\"height\":170,\"caption\":\"admin\"},\"logo\":{\"@id\":\"https:\/\/luchonoticias.com\/editor\/#\/schema\/person\/image\/\"},\"sameAs\":[\"https:\/\/www.facebook.com\/luchonoticiasneiva\"]},{\"@type\":\"Person\",\"@id\":\"https:\/\/luchonoticias.com\/editor\/#\/schema\/person\/29217990ddf6f14e35912b2866d591fb\",\"name\":\"Editor General\",\"image\":{\"@type\":\"ImageObject\",\"inLanguage\":\"es\",\"@id\":\"https:\/\/luchonoticias.com\/editor\/#\/schema\/person\/image\/\",\"url\":\"https:\/\/luchonoticias.com\/editor\/wp-content\/uploads\/2024\/02\/cropped-cropped-logolu-150x150.webp\",\"contentUrl\":\"https:\/\/luchonoticias.com\/editor\/wp-content\/uploads\/2024\/02\/cropped-cropped-logolu-150x150.webp\",\"caption\":\"Editor General\"},\"sameAs\":[\"https:\/\/luchonoticias.com\/\"],\"url\":\"https:\/\/luchonoticias.com\/editor\/author\/editor-general\/\"}]}<\/script>\n<!-- \/ Yoast SEO plugin. -->","yoast_head_json":{"title":"Fiscal\u00eda abri\u00f3 investigaci\u00f3n contra el hijo de Petro -","robots":{"index":"index","follow":"follow","max-snippet":"max-snippet:-1","max-image-preview":"max-image-preview:large","max-video-preview":"max-video-preview:-1"},"canonical":"https:\/\/luchonoticias.com\/editor\/fiscalia-abrio-investigacion-contra-el-hijo-de-petro\/","og_locale":"es_ES","og_type":"article","og_title":"Fiscal\u00eda abri\u00f3 investigaci\u00f3n contra el hijo de Petro -","og_url":"https:\/\/luchonoticias.com\/editor\/fiscalia-abrio-investigacion-contra-el-hijo-de-petro\/","article_publisher":"https:\/\/www.facebook.com\/luchonoticiasneiva","article_published_time":"2023-03-03T19:16:53+00:00","article_modified_time":"2023-03-03T19:16:54+00:00","author":"Editor General","twitter_card":"summary_large_image","twitter_misc":{"Escrito por":"Editor General","Tiempo de lectura":"1 minuto"},"schema":{"@context":"https:\/\/schema.org","@graph":[{"@type":"Article","@id":"https:\/\/luchonoticias.com\/editor\/fiscalia-abrio-investigacion-contra-el-hijo-de-petro\/#article","isPartOf":{"@id":"https:\/\/luchonoticias.com\/editor\/fiscalia-abrio-investigacion-contra-el-hijo-de-petro\/"},"author":{"name":"Editor General","@id":"https:\/\/luchonoticias.com\/editor\/#\/schema\/person\/29217990ddf6f14e35912b2866d591fb"},"headline":"Fiscal\u00eda abri\u00f3 investigaci\u00f3n contra el hijo de Petro","datePublished":"2023-03-03T19:16:53+00:00","dateModified":"2023-03-03T19:16:54+00:00","mainEntityOfPage":{"@id":"https:\/\/luchonoticias.com\/editor\/fiscalia-abrio-investigacion-contra-el-hijo-de-petro\/"},"wordCount":277,"commentCount":0,"publisher":{"@id":"https:\/\/luchonoticias.com\/editor\/#\/schema\/person\/7a7fd911f58561fd056dbac7b55af9cd"},"articleSection":["Actualidad","Destacado"],"inLanguage":"es","potentialAction":[{"@type":"CommentAction","name":"Comment","target":["https:\/\/luchonoticias.com\/editor\/fiscalia-abrio-investigacion-contra-el-hijo-de-petro\/#respond"]}]},{"@type":"WebPage","@id":"https:\/\/luchonoticias.com\/editor\/fiscalia-abrio-investigacion-contra-el-hijo-de-petro\/","url":"https:\/\/luchonoticias.com\/editor\/fiscalia-abrio-investigacion-contra-el-hijo-de-petro\/","name":"Fiscal\u00eda abri\u00f3 investigaci\u00f3n contra el hijo de Petro -","isPartOf":{"@id":"https:\/\/luchonoticias.com\/editor\/#website"},"datePublished":"2023-03-03T19:16:53+00:00","dateModified":"2023-03-03T19:16:54+00:00","breadcrumb":{"@id":"https:\/\/luchonoticias.com\/editor\/fiscalia-abrio-investigacion-contra-el-hijo-de-petro\/#breadcrumb"},"inLanguage":"es","potentialAction":[{"@type":"ReadAction","target":["https:\/\/luchonoticias.com\/editor\/fiscalia-abrio-investigacion-contra-el-hijo-de-petro\/"]}]},{"@type":"BreadcrumbList","@id":"https:\/\/luchonoticias.com\/editor\/fiscalia-abrio-investigacion-contra-el-hijo-de-petro\/#breadcrumb","itemListElement":[{"@type":"ListItem","position":1,"name":"Portada","item":"https:\/\/luchonoticias.com\/editor\/"},{"@type":"ListItem","position":2,"name":"Fiscal\u00eda abri\u00f3 investigaci\u00f3n contra el hijo de Petro"}]},{"@type":"WebSite","@id":"https:\/\/luchonoticias.com\/editor\/#website","url":"https:\/\/luchonoticias.com\/editor\/","name":"","description":"","publisher":{"@id":"https:\/\/luchonoticias.com\/editor\/#\/schema\/person\/7a7fd911f58561fd056dbac7b55af9cd"},"potentialAction":[{"@type":"SearchAction","target":{"@type":"EntryPoint","urlTemplate":"https:\/\/luchonoticias.com\/editor\/?s={search_term_string}"},"query-input":{"@type":"PropertyValueSpecification","valueRequired":true,"valueName":"search_term_string"}}],"inLanguage":"es"},{"@type":["Person","Organization"],"@id":"https:\/\/luchonoticias.com\/editor\/#\/schema\/person\/7a7fd911f58561fd056dbac7b55af9cd","name":"admin","image":{"@type":"ImageObject","inLanguage":"es","@id":"https:\/\/luchonoticias.com\/editor\/#\/schema\/person\/image\/","url":"https:\/\/luchonoticias.com\/editor\/wp-content\/uploads\/2024\/02\/cropped-cropped-logolu.webp","contentUrl":"https:\/\/luchonoticias.com\/editor\/wp-content\/uploads\/2024\/02\/cropped-cropped-logolu.webp","width":382,"height":170,"caption":"admin"},"logo":{"@id":"https:\/\/luchonoticias.com\/editor\/#\/schema\/person\/image\/"},"sameAs":["https:\/\/www.facebook.com\/luchonoticiasneiva"]},{"@type":"Person","@id":"https:\/\/luchonoticias.com\/editor\/#\/schema\/person\/29217990ddf6f14e35912b2866d591fb","name":"Editor General","image":{"@type":"ImageObject","inLanguage":"es","@id":"https:\/\/luchonoticias.com\/editor\/#\/schema\/person\/image\/","url":"https:\/\/luchonoticias.com\/editor\/wp-content\/uploads\/2024\/02\/cropped-cropped-logolu-150x150.webp","contentUrl":"https:\/\/luchonoticias.com\/editor\/wp-content\/uploads\/2024\/02\/cropped-cropped-logolu-150x150.webp","caption":"Editor General"},"sameAs":["https:\/\/luchonoticias.com\/"],"url":"https:\/\/luchonoticias.com\/editor\/author\/editor-general\/"}]}},"_links":{"self":[{"href":"https:\/\/luchonoticias.com\/editor\/wp-json\/wp\/v2\/posts\/47411","targetHints":{"allow":["GET"]}}],"collection":[{"href":"https:\/\/luchonoticias.com\/editor\/wp-json\/wp\/v2\/posts"}],"about":[{"href":"https:\/\/luchonoticias.com\/editor\/wp-json\/wp\/v2\/types\/post"}],"author":[{"embeddable":true,"href":"https:\/\/luchonoticias.com\/editor\/wp-json\/wp\/v2\/users\/2"}],"replies":[{"embeddable":true,"href":"https:\/\/luchonoticias.com\/editor\/wp-json\/wp\/v2\/comments?post=47411"}],"version-history":[{"count":0,"href":"https:\/\/luchonoticias.com\/editor\/wp-json\/wp\/v2\/posts\/47411\/revisions"}],"wp:attachment":[{"href":"https:\/\/luchonoticias.com\/editor\/wp-json\/wp\/v2\/media?parent=47411"}],"wp:term":[{"taxonomy":"category","embeddable":true,"href":"https:\/\/luchonoticias.com\/editor\/wp-json\/wp\/v2\/categories?post=47411"},{"taxonomy":"post_tag","embeddable":true,"href":"https:\/\/luchonoticias.com\/editor\/wp-json\/wp\/v2\/tags?post=47411"}],"curies":[{"name":"wp","href":"https:\/\/api.w.org\/{rel}","templated":true}]}}