{"id":47418,"date":"2023-03-03T15:29:00","date_gmt":"2023-03-03T20:29:00","guid":{"rendered":"https:\/\/luchonoticias.com\/?p=47418"},"modified":"2023-03-03T15:29:01","modified_gmt":"2023-03-03T20:29:01","slug":"tres-policias-oriundos-de-garzon-entre-los-80-uniformados-retenidos-en-san-vicente-del-caguan","status":"publish","type":"post","link":"https:\/\/luchonoticias.com\/editor\/tres-policias-oriundos-de-garzon-entre-los-80-uniformados-retenidos-en-san-vicente-del-caguan\/","title":{"rendered":"Tres polic\u00edas oriundos de Garz\u00f3n, entre los 80 uniformados retenidos en San Vicente del Cagu\u00e1n"},"content":{"rendered":"\n<p>Los uniformados de la Polic\u00eda Nacional oriundos de la Capital Diocesana del Huila, son Alejandro Artunduaga, Mauricio Rojas Trujillo y Edwar Rivas, y se encuentran retenidos entre los 80 miembros de la Fuerza P\u00fablica, tras un fuerte enfrentamiento con habitantes del sector rural de este municipio, contra la empresa petrolera Emerald Energy.<\/p>\n\n\n\n<p>La comunidad de esa regi\u00f3n del pa\u00eds cita el incumplimiento de la empresa en la pavimentaci\u00f3n de la v\u00eda de 40 kil\u00f3metros que une a San Vicente del Cagu\u00e1n con Las Delicias. Por ello, los labriegos han intentado entrar a la fuerza a las instalaciones de la planta, lo que produjo enfrentamientos con la Fuerza P\u00fablica.<\/p>\n\n\n\n<p>Este viernes, 3 de marzo, el ministro de Defensa Iv\u00e1n Vel\u00e1squez viaj\u00f3 a San Vicente del Cagu\u00e1n para atender la grave situaci\u00f3n de orden p\u00fablico que se present\u00f3 en el sector de Los Pozos, que dej\u00f3 un polic\u00eda muerto, varios heridos y otros m\u00e1s retenidos por grupos ind\u00edgenas.<\/p>\n\n\n\n<p>Adem\u00e1s, el presidente Gustavo Petro hizo un llamado para que al lugar asista la Cruz Roja con el fin de \u201catender humanitariamente las personas retenidas\u201d. Adem\u00e1s, mencion\u00f3 que esperaba la liberaci\u00f3n de los funcionarios \u201cantes de que se propicie una nueva escalada de violencia\u201d.<\/p>\n","protected":false},"excerpt":{"rendered":"<p>Los uniformados de la Polic\u00eda Nacional oriundos de la Capital Diocesana del Huila, son Alejandro Artunduaga, Mauricio Rojas Trujillo y Edwar Rivas, y se encuentran retenidos entre los 80 miembros de la Fuerza P\u00fablica, tras un fuerte enfrentamiento con habitantes del sector rural de este municipio, contra la empresa petrolera Emerald Energy. La comunidad de [&hellip;]<\/p>\n","protected":false},"author":2,"featured_media":0,"comment_status":"open","ping_status":"open","sticky":false,"template":"","format":"standard","meta":{"footnotes":""},"categories":[28,36],"tags":[],"class_list":["post-47418","post","type-post","status-publish","format-standard","hentry","category-actualidad","category-destacado"],"yoast_head":"<!-- This site is optimized with the Yoast SEO plugin v26.6 - https:\/\/yoast.com\/wordpress\/plugins\/seo\/ -->\n<title>Tres polic\u00edas oriundos de Garz\u00f3n, entre los 80 uniformados retenidos en San Vicente del Cagu\u00e1n -<\/title>\n<meta name=\"robots\" content=\"index, follow, max-snippet:-1, max-image-preview:large, max-video-preview:-1\" \/>\n<link rel=\"canonical\" href=\"https:\/\/luchonoticias.com\/editor\/tres-policias-oriundos-de-garzon-entre-los-80-uniformados-retenidos-en-san-vicente-del-caguan\/\" \/>\n<meta property=\"og:locale\" content=\"es_ES\" \/>\n<meta property=\"og:type\" content=\"article\" \/>\n<meta property=\"og:title\" content=\"Tres polic\u00edas oriundos de Garz\u00f3n, entre los 80 uniformados retenidos en San Vicente del Cagu\u00e1n -\" \/>\n<meta property=\"og:url\" content=\"https:\/\/luchonoticias.com\/editor\/tres-policias-oriundos-de-garzon-entre-los-80-uniformados-retenidos-en-san-vicente-del-caguan\/\" \/>\n<meta property=\"article:publisher\" content=\"https:\/\/www.facebook.com\/luchonoticiasneiva\" \/>\n<meta property=\"article:published_time\" content=\"2023-03-03T20:29:00+00:00\" \/>\n<meta property=\"article:modified_time\" content=\"2023-03-03T20:29:01+00:00\" \/>\n<meta name=\"author\" content=\"Editor General\" \/>\n<meta name=\"twitter:card\" content=\"summary_large_image\" \/>\n<meta name=\"twitter:label1\" content=\"Escrito por\" \/>\n\t<meta name=\"twitter:data1\" content=\"Editor General\" \/>\n\t<meta name=\"twitter:label2\" content=\"Tiempo de lectura\" \/>\n\t<meta name=\"twitter:data2\" content=\"1 minuto\" \/>\n<script type=\"application\/ld+json\" class=\"yoast-schema-graph\">{\"@context\":\"https:\/\/schema.org\",\"@graph\":[{\"@type\":\"Article\",\"@id\":\"https:\/\/luchonoticias.com\/editor\/tres-policias-oriundos-de-garzon-entre-los-80-uniformados-retenidos-en-san-vicente-del-caguan\/#article\",\"isPartOf\":{\"@id\":\"https:\/\/luchonoticias.com\/editor\/tres-policias-oriundos-de-garzon-entre-los-80-uniformados-retenidos-en-san-vicente-del-caguan\/\"},\"author\":{\"name\":\"Editor General\",\"@id\":\"https:\/\/luchonoticias.com\/editor\/#\/schema\/person\/29217990ddf6f14e35912b2866d591fb\"},\"headline\":\"Tres polic\u00edas oriundos de Garz\u00f3n, entre los 80 uniformados retenidos en San Vicente del Cagu\u00e1n\",\"datePublished\":\"2023-03-03T20:29:00+00:00\",\"dateModified\":\"2023-03-03T20:29:01+00:00\",\"mainEntityOfPage\":{\"@id\":\"https:\/\/luchonoticias.com\/editor\/tres-policias-oriundos-de-garzon-entre-los-80-uniformados-retenidos-en-san-vicente-del-caguan\/\"},\"wordCount\":234,\"commentCount\":0,\"publisher\":{\"@id\":\"https:\/\/luchonoticias.com\/editor\/#\/schema\/person\/7a7fd911f58561fd056dbac7b55af9cd\"},\"articleSection\":[\"Actualidad\",\"Destacado\"],\"inLanguage\":\"es\",\"potentialAction\":[{\"@type\":\"CommentAction\",\"name\":\"Comment\",\"target\":[\"https:\/\/luchonoticias.com\/editor\/tres-policias-oriundos-de-garzon-entre-los-80-uniformados-retenidos-en-san-vicente-del-caguan\/#respond\"]}]},{\"@type\":\"WebPage\",\"@id\":\"https:\/\/luchonoticias.com\/editor\/tres-policias-oriundos-de-garzon-entre-los-80-uniformados-retenidos-en-san-vicente-del-caguan\/\",\"url\":\"https:\/\/luchonoticias.com\/editor\/tres-policias-oriundos-de-garzon-entre-los-80-uniformados-retenidos-en-san-vicente-del-caguan\/\",\"name\":\"Tres polic\u00edas oriundos de Garz\u00f3n, entre los 80 uniformados retenidos en San Vicente del Cagu\u00e1n -\",\"isPartOf\":{\"@id\":\"https:\/\/luchonoticias.com\/editor\/#website\"},\"datePublished\":\"2023-03-03T20:29:00+00:00\",\"dateModified\":\"2023-03-03T20:29:01+00:00\",\"breadcrumb\":{\"@id\":\"https:\/\/luchonoticias.com\/editor\/tres-policias-oriundos-de-garzon-entre-los-80-uniformados-retenidos-en-san-vicente-del-caguan\/#breadcrumb\"},\"inLanguage\":\"es\",\"potentialAction\":[{\"@type\":\"ReadAction\",\"target\":[\"https:\/\/luchonoticias.com\/editor\/tres-policias-oriundos-de-garzon-entre-los-80-uniformados-retenidos-en-san-vicente-del-caguan\/\"]}]},{\"@type\":\"BreadcrumbList\",\"@id\":\"https:\/\/luchonoticias.com\/editor\/tres-policias-oriundos-de-garzon-entre-los-80-uniformados-retenidos-en-san-vicente-del-caguan\/#breadcrumb\",\"itemListElement\":[{\"@type\":\"ListItem\",\"position\":1,\"name\":\"Portada\",\"item\":\"https:\/\/luchonoticias.com\/editor\/\"},{\"@type\":\"ListItem\",\"position\":2,\"name\":\"Tres polic\u00edas oriundos de Garz\u00f3n, entre los 80 uniformados retenidos en San Vicente del Cagu\u00e1n\"}]},{\"@type\":\"WebSite\",\"@id\":\"https:\/\/luchonoticias.com\/editor\/#website\",\"url\":\"https:\/\/luchonoticias.com\/editor\/\",\"name\":\"\",\"description\":\"\",\"publisher\":{\"@id\":\"https:\/\/luchonoticias.com\/editor\/#\/schema\/person\/7a7fd911f58561fd056dbac7b55af9cd\"},\"potentialAction\":[{\"@type\":\"SearchAction\",\"target\":{\"@type\":\"EntryPoint\",\"urlTemplate\":\"https:\/\/luchonoticias.com\/editor\/?s={search_term_string}\"},\"query-input\":{\"@type\":\"PropertyValueSpecification\",\"valueRequired\":true,\"valueName\":\"search_term_string\"}}],\"inLanguage\":\"es\"},{\"@type\":[\"Person\",\"Organization\"],\"@id\":\"https:\/\/luchonoticias.com\/editor\/#\/schema\/person\/7a7fd911f58561fd056dbac7b55af9cd\",\"name\":\"admin\",\"image\":{\"@type\":\"ImageObject\",\"inLanguage\":\"es\",\"@id\":\"https:\/\/luchonoticias.com\/editor\/#\/schema\/person\/image\/\",\"url\":\"https:\/\/luchonoticias.com\/editor\/wp-content\/uploads\/2024\/02\/cropped-cropped-logolu.webp\",\"contentUrl\":\"https:\/\/luchonoticias.com\/editor\/wp-content\/uploads\/2024\/02\/cropped-cropped-logolu.webp\",\"width\":382,\"height\":170,\"caption\":\"admin\"},\"logo\":{\"@id\":\"https:\/\/luchonoticias.com\/editor\/#\/schema\/person\/image\/\"},\"sameAs\":[\"https:\/\/www.facebook.com\/luchonoticiasneiva\"]},{\"@type\":\"Person\",\"@id\":\"https:\/\/luchonoticias.com\/editor\/#\/schema\/person\/29217990ddf6f14e35912b2866d591fb\",\"name\":\"Editor General\",\"image\":{\"@type\":\"ImageObject\",\"inLanguage\":\"es\",\"@id\":\"https:\/\/luchonoticias.com\/editor\/#\/schema\/person\/image\/\",\"url\":\"https:\/\/luchonoticias.com\/editor\/wp-content\/uploads\/2024\/02\/cropped-cropped-logolu-150x150.webp\",\"contentUrl\":\"https:\/\/luchonoticias.com\/editor\/wp-content\/uploads\/2024\/02\/cropped-cropped-logolu-150x150.webp\",\"caption\":\"Editor General\"},\"sameAs\":[\"https:\/\/luchonoticias.com\/\"],\"url\":\"https:\/\/luchonoticias.com\/editor\/author\/editor-general\/\"}]}<\/script>\n<!-- \/ Yoast SEO plugin. -->","yoast_head_json":{"title":"Tres polic\u00edas oriundos de Garz\u00f3n, entre los 80 uniformados retenidos en San Vicente del Cagu\u00e1n -","robots":{"index":"index","follow":"follow","max-snippet":"max-snippet:-1","max-image-preview":"max-image-preview:large","max-video-preview":"max-video-preview:-1"},"canonical":"https:\/\/luchonoticias.com\/editor\/tres-policias-oriundos-de-garzon-entre-los-80-uniformados-retenidos-en-san-vicente-del-caguan\/","og_locale":"es_ES","og_type":"article","og_title":"Tres polic\u00edas oriundos de Garz\u00f3n, entre los 80 uniformados retenidos en San Vicente del Cagu\u00e1n -","og_url":"https:\/\/luchonoticias.com\/editor\/tres-policias-oriundos-de-garzon-entre-los-80-uniformados-retenidos-en-san-vicente-del-caguan\/","article_publisher":"https:\/\/www.facebook.com\/luchonoticiasneiva","article_published_time":"2023-03-03T20:29:00+00:00","article_modified_time":"2023-03-03T20:29:01+00:00","author":"Editor General","twitter_card":"summary_large_image","twitter_misc":{"Escrito por":"Editor General","Tiempo de lectura":"1 minuto"},"schema":{"@context":"https:\/\/schema.org","@graph":[{"@type":"Article","@id":"https:\/\/luchonoticias.com\/editor\/tres-policias-oriundos-de-garzon-entre-los-80-uniformados-retenidos-en-san-vicente-del-caguan\/#article","isPartOf":{"@id":"https:\/\/luchonoticias.com\/editor\/tres-policias-oriundos-de-garzon-entre-los-80-uniformados-retenidos-en-san-vicente-del-caguan\/"},"author":{"name":"Editor General","@id":"https:\/\/luchonoticias.com\/editor\/#\/schema\/person\/29217990ddf6f14e35912b2866d591fb"},"headline":"Tres polic\u00edas oriundos de Garz\u00f3n, entre los 80 uniformados retenidos en San Vicente del Cagu\u00e1n","datePublished":"2023-03-03T20:29:00+00:00","dateModified":"2023-03-03T20:29:01+00:00","mainEntityOfPage":{"@id":"https:\/\/luchonoticias.com\/editor\/tres-policias-oriundos-de-garzon-entre-los-80-uniformados-retenidos-en-san-vicente-del-caguan\/"},"wordCount":234,"commentCount":0,"publisher":{"@id":"https:\/\/luchonoticias.com\/editor\/#\/schema\/person\/7a7fd911f58561fd056dbac7b55af9cd"},"articleSection":["Actualidad","Destacado"],"inLanguage":"es","potentialAction":[{"@type":"CommentAction","name":"Comment","target":["https:\/\/luchonoticias.com\/editor\/tres-policias-oriundos-de-garzon-entre-los-80-uniformados-retenidos-en-san-vicente-del-caguan\/#respond"]}]},{"@type":"WebPage","@id":"https:\/\/luchonoticias.com\/editor\/tres-policias-oriundos-de-garzon-entre-los-80-uniformados-retenidos-en-san-vicente-del-caguan\/","url":"https:\/\/luchonoticias.com\/editor\/tres-policias-oriundos-de-garzon-entre-los-80-uniformados-retenidos-en-san-vicente-del-caguan\/","name":"Tres polic\u00edas oriundos de Garz\u00f3n, entre los 80 uniformados retenidos en San Vicente del Cagu\u00e1n -","isPartOf":{"@id":"https:\/\/luchonoticias.com\/editor\/#website"},"datePublished":"2023-03-03T20:29:00+00:00","dateModified":"2023-03-03T20:29:01+00:00","breadcrumb":{"@id":"https:\/\/luchonoticias.com\/editor\/tres-policias-oriundos-de-garzon-entre-los-80-uniformados-retenidos-en-san-vicente-del-caguan\/#breadcrumb"},"inLanguage":"es","potentialAction":[{"@type":"ReadAction","target":["https:\/\/luchonoticias.com\/editor\/tres-policias-oriundos-de-garzon-entre-los-80-uniformados-retenidos-en-san-vicente-del-caguan\/"]}]},{"@type":"BreadcrumbList","@id":"https:\/\/luchonoticias.com\/editor\/tres-policias-oriundos-de-garzon-entre-los-80-uniformados-retenidos-en-san-vicente-del-caguan\/#breadcrumb","itemListElement":[{"@type":"ListItem","position":1,"name":"Portada","item":"https:\/\/luchonoticias.com\/editor\/"},{"@type":"ListItem","position":2,"name":"Tres polic\u00edas oriundos de Garz\u00f3n, entre los 80 uniformados retenidos en San Vicente del Cagu\u00e1n"}]},{"@type":"WebSite","@id":"https:\/\/luchonoticias.com\/editor\/#website","url":"https:\/\/luchonoticias.com\/editor\/","name":"","description":"","publisher":{"@id":"https:\/\/luchonoticias.com\/editor\/#\/schema\/person\/7a7fd911f58561fd056dbac7b55af9cd"},"potentialAction":[{"@type":"SearchAction","target":{"@type":"EntryPoint","urlTemplate":"https:\/\/luchonoticias.com\/editor\/?s={search_term_string}"},"query-input":{"@type":"PropertyValueSpecification","valueRequired":true,"valueName":"search_term_string"}}],"inLanguage":"es"},{"@type":["Person","Organization"],"@id":"https:\/\/luchonoticias.com\/editor\/#\/schema\/person\/7a7fd911f58561fd056dbac7b55af9cd","name":"admin","image":{"@type":"ImageObject","inLanguage":"es","@id":"https:\/\/luchonoticias.com\/editor\/#\/schema\/person\/image\/","url":"https:\/\/luchonoticias.com\/editor\/wp-content\/uploads\/2024\/02\/cropped-cropped-logolu.webp","contentUrl":"https:\/\/luchonoticias.com\/editor\/wp-content\/uploads\/2024\/02\/cropped-cropped-logolu.webp","width":382,"height":170,"caption":"admin"},"logo":{"@id":"https:\/\/luchonoticias.com\/editor\/#\/schema\/person\/image\/"},"sameAs":["https:\/\/www.facebook.com\/luchonoticiasneiva"]},{"@type":"Person","@id":"https:\/\/luchonoticias.com\/editor\/#\/schema\/person\/29217990ddf6f14e35912b2866d591fb","name":"Editor General","image":{"@type":"ImageObject","inLanguage":"es","@id":"https:\/\/luchonoticias.com\/editor\/#\/schema\/person\/image\/","url":"https:\/\/luchonoticias.com\/editor\/wp-content\/uploads\/2024\/02\/cropped-cropped-logolu-150x150.webp","contentUrl":"https:\/\/luchonoticias.com\/editor\/wp-content\/uploads\/2024\/02\/cropped-cropped-logolu-150x150.webp","caption":"Editor General"},"sameAs":["https:\/\/luchonoticias.com\/"],"url":"https:\/\/luchonoticias.com\/editor\/author\/editor-general\/"}]}},"_links":{"self":[{"href":"https:\/\/luchonoticias.com\/editor\/wp-json\/wp\/v2\/posts\/47418","targetHints":{"allow":["GET"]}}],"collection":[{"href":"https:\/\/luchonoticias.com\/editor\/wp-json\/wp\/v2\/posts"}],"about":[{"href":"https:\/\/luchonoticias.com\/editor\/wp-json\/wp\/v2\/types\/post"}],"author":[{"embeddable":true,"href":"https:\/\/luchonoticias.com\/editor\/wp-json\/wp\/v2\/users\/2"}],"replies":[{"embeddable":true,"href":"https:\/\/luchonoticias.com\/editor\/wp-json\/wp\/v2\/comments?post=47418"}],"version-history":[{"count":0,"href":"https:\/\/luchonoticias.com\/editor\/wp-json\/wp\/v2\/posts\/47418\/revisions"}],"wp:attachment":[{"href":"https:\/\/luchonoticias.com\/editor\/wp-json\/wp\/v2\/media?parent=47418"}],"wp:term":[{"taxonomy":"category","embeddable":true,"href":"https:\/\/luchonoticias.com\/editor\/wp-json\/wp\/v2\/categories?post=47418"},{"taxonomy":"post_tag","embeddable":true,"href":"https:\/\/luchonoticias.com\/editor\/wp-json\/wp\/v2\/tags?post=47418"}],"curies":[{"name":"wp","href":"https:\/\/api.w.org\/{rel}","templated":true}]}}