{"id":47425,"date":"2023-03-04T04:58:25","date_gmt":"2023-03-04T09:58:25","guid":{"rendered":"https:\/\/luchonoticias.com\/?p=47425"},"modified":"2023-03-04T04:58:27","modified_gmt":"2023-03-04T09:58:27","slug":"nueva-titularidad-de-jose-moya-en-victoria-del-guarani-de-paraguay","status":"publish","type":"post","link":"https:\/\/luchonoticias.com\/editor\/nueva-titularidad-de-jose-moya-en-victoria-del-guarani-de-paraguay\/","title":{"rendered":"Nueva titularidad de Jos\u00e9 Moya en victoria del Guaran\u00ed de Paraguay"},"content":{"rendered":"\n<p>El\u00a0<strong>Guaran\u00ed de Paraguay\u00a0<\/strong>se encuentra en alza en su pa\u00eds, el equipo donde\u00a0<strong>juega el defensa huilense Jos\u00e9 Moya<\/strong>\u00a0ahora se encuentra segundo en el campeonato de liga.<\/p>\n\n\n\n<p>En el m\u00e1s reciente partido (sexta fecha de la liga), y&nbsp;<strong>con la presencia de gigante\u00f1o&nbsp;<\/strong>durante los 90 minutos,&nbsp;<strong>Guaran\u00ed super\u00f3 2:0 al Nacional de Asunci\u00f3n<\/strong>; los goles del onceno aborigen fueron obra de Facundo Barcel\u00f3 y Luis Fari\u00f1a.<\/p>\n\n\n\n<p>Ahora Guaran\u00ed es&nbsp;<strong>parcialmente segundo con 11 puntos<\/strong>&nbsp;y ahora se alista para una semana con doble competencia: Copa Sudamericana ante el Sportivo Ameliano y en la liga ante el Tacuary.<\/p>\n","protected":false},"excerpt":{"rendered":"<p>El\u00a0Guaran\u00ed de Paraguay\u00a0se encuentra en alza en su pa\u00eds, el equipo donde\u00a0juega el defensa huilense Jos\u00e9 Moya\u00a0ahora se encuentra segundo en el campeonato de liga. En el m\u00e1s reciente partido (sexta fecha de la liga), y&nbsp;con la presencia de gigante\u00f1o&nbsp;durante los 90 minutos,&nbsp;Guaran\u00ed super\u00f3 2:0 al Nacional de Asunci\u00f3n; los goles del onceno aborigen fueron [&hellip;]<\/p>\n","protected":false},"author":2,"featured_media":0,"comment_status":"open","ping_status":"open","sticky":false,"template":"","format":"standard","meta":{"footnotes":""},"categories":[34],"tags":[],"class_list":["post-47425","post","type-post","status-publish","format-standard","hentry","category-deportes"],"yoast_head":"<!-- This site is optimized with the Yoast SEO plugin v26.6 - https:\/\/yoast.com\/wordpress\/plugins\/seo\/ -->\n<title>Nueva titularidad de Jos\u00e9 Moya en victoria del Guaran\u00ed de Paraguay -<\/title>\n<meta name=\"robots\" content=\"index, follow, max-snippet:-1, max-image-preview:large, max-video-preview:-1\" \/>\n<link rel=\"canonical\" href=\"https:\/\/luchonoticias.com\/editor\/nueva-titularidad-de-jose-moya-en-victoria-del-guarani-de-paraguay\/\" \/>\n<meta property=\"og:locale\" content=\"es_ES\" \/>\n<meta property=\"og:type\" content=\"article\" \/>\n<meta property=\"og:title\" content=\"Nueva titularidad de Jos\u00e9 Moya en victoria del Guaran\u00ed de Paraguay -\" \/>\n<meta property=\"og:url\" content=\"https:\/\/luchonoticias.com\/editor\/nueva-titularidad-de-jose-moya-en-victoria-del-guarani-de-paraguay\/\" \/>\n<meta property=\"article:publisher\" content=\"https:\/\/www.facebook.com\/luchonoticiasneiva\" \/>\n<meta property=\"article:published_time\" content=\"2023-03-04T09:58:25+00:00\" \/>\n<meta property=\"article:modified_time\" content=\"2023-03-04T09:58:27+00:00\" \/>\n<meta name=\"author\" content=\"Editor General\" \/>\n<meta name=\"twitter:card\" content=\"summary_large_image\" \/>\n<meta name=\"twitter:label1\" content=\"Escrito por\" \/>\n\t<meta name=\"twitter:data1\" content=\"Editor General\" \/>\n\t<meta name=\"twitter:label2\" content=\"Tiempo de lectura\" \/>\n\t<meta name=\"twitter:data2\" content=\"1 minuto\" \/>\n<script type=\"application\/ld+json\" class=\"yoast-schema-graph\">{\"@context\":\"https:\/\/schema.org\",\"@graph\":[{\"@type\":\"Article\",\"@id\":\"https:\/\/luchonoticias.com\/editor\/nueva-titularidad-de-jose-moya-en-victoria-del-guarani-de-paraguay\/#article\",\"isPartOf\":{\"@id\":\"https:\/\/luchonoticias.com\/editor\/nueva-titularidad-de-jose-moya-en-victoria-del-guarani-de-paraguay\/\"},\"author\":{\"name\":\"Editor General\",\"@id\":\"https:\/\/luchonoticias.com\/editor\/#\/schema\/person\/29217990ddf6f14e35912b2866d591fb\"},\"headline\":\"Nueva titularidad de Jos\u00e9 Moya en victoria del Guaran\u00ed de Paraguay\",\"datePublished\":\"2023-03-04T09:58:25+00:00\",\"dateModified\":\"2023-03-04T09:58:27+00:00\",\"mainEntityOfPage\":{\"@id\":\"https:\/\/luchonoticias.com\/editor\/nueva-titularidad-de-jose-moya-en-victoria-del-guarani-de-paraguay\/\"},\"wordCount\":118,\"commentCount\":0,\"publisher\":{\"@id\":\"https:\/\/luchonoticias.com\/editor\/#\/schema\/person\/7a7fd911f58561fd056dbac7b55af9cd\"},\"articleSection\":[\"Deportes\"],\"inLanguage\":\"es\",\"potentialAction\":[{\"@type\":\"CommentAction\",\"name\":\"Comment\",\"target\":[\"https:\/\/luchonoticias.com\/editor\/nueva-titularidad-de-jose-moya-en-victoria-del-guarani-de-paraguay\/#respond\"]}]},{\"@type\":\"WebPage\",\"@id\":\"https:\/\/luchonoticias.com\/editor\/nueva-titularidad-de-jose-moya-en-victoria-del-guarani-de-paraguay\/\",\"url\":\"https:\/\/luchonoticias.com\/editor\/nueva-titularidad-de-jose-moya-en-victoria-del-guarani-de-paraguay\/\",\"name\":\"Nueva titularidad de Jos\u00e9 Moya en victoria del Guaran\u00ed de Paraguay -\",\"isPartOf\":{\"@id\":\"https:\/\/luchonoticias.com\/editor\/#website\"},\"datePublished\":\"2023-03-04T09:58:25+00:00\",\"dateModified\":\"2023-03-04T09:58:27+00:00\",\"breadcrumb\":{\"@id\":\"https:\/\/luchonoticias.com\/editor\/nueva-titularidad-de-jose-moya-en-victoria-del-guarani-de-paraguay\/#breadcrumb\"},\"inLanguage\":\"es\",\"potentialAction\":[{\"@type\":\"ReadAction\",\"target\":[\"https:\/\/luchonoticias.com\/editor\/nueva-titularidad-de-jose-moya-en-victoria-del-guarani-de-paraguay\/\"]}]},{\"@type\":\"BreadcrumbList\",\"@id\":\"https:\/\/luchonoticias.com\/editor\/nueva-titularidad-de-jose-moya-en-victoria-del-guarani-de-paraguay\/#breadcrumb\",\"itemListElement\":[{\"@type\":\"ListItem\",\"position\":1,\"name\":\"Portada\",\"item\":\"https:\/\/luchonoticias.com\/editor\/\"},{\"@type\":\"ListItem\",\"position\":2,\"name\":\"Nueva titularidad de Jos\u00e9 Moya en victoria del Guaran\u00ed de Paraguay\"}]},{\"@type\":\"WebSite\",\"@id\":\"https:\/\/luchonoticias.com\/editor\/#website\",\"url\":\"https:\/\/luchonoticias.com\/editor\/\",\"name\":\"\",\"description\":\"\",\"publisher\":{\"@id\":\"https:\/\/luchonoticias.com\/editor\/#\/schema\/person\/7a7fd911f58561fd056dbac7b55af9cd\"},\"potentialAction\":[{\"@type\":\"SearchAction\",\"target\":{\"@type\":\"EntryPoint\",\"urlTemplate\":\"https:\/\/luchonoticias.com\/editor\/?s={search_term_string}\"},\"query-input\":{\"@type\":\"PropertyValueSpecification\",\"valueRequired\":true,\"valueName\":\"search_term_string\"}}],\"inLanguage\":\"es\"},{\"@type\":[\"Person\",\"Organization\"],\"@id\":\"https:\/\/luchonoticias.com\/editor\/#\/schema\/person\/7a7fd911f58561fd056dbac7b55af9cd\",\"name\":\"admin\",\"image\":{\"@type\":\"ImageObject\",\"inLanguage\":\"es\",\"@id\":\"https:\/\/luchonoticias.com\/editor\/#\/schema\/person\/image\/\",\"url\":\"https:\/\/luchonoticias.com\/editor\/wp-content\/uploads\/2024\/02\/cropped-cropped-logolu.webp\",\"contentUrl\":\"https:\/\/luchonoticias.com\/editor\/wp-content\/uploads\/2024\/02\/cropped-cropped-logolu.webp\",\"width\":382,\"height\":170,\"caption\":\"admin\"},\"logo\":{\"@id\":\"https:\/\/luchonoticias.com\/editor\/#\/schema\/person\/image\/\"},\"sameAs\":[\"https:\/\/www.facebook.com\/luchonoticiasneiva\"]},{\"@type\":\"Person\",\"@id\":\"https:\/\/luchonoticias.com\/editor\/#\/schema\/person\/29217990ddf6f14e35912b2866d591fb\",\"name\":\"Editor General\",\"image\":{\"@type\":\"ImageObject\",\"inLanguage\":\"es\",\"@id\":\"https:\/\/luchonoticias.com\/editor\/#\/schema\/person\/image\/\",\"url\":\"https:\/\/luchonoticias.com\/editor\/wp-content\/uploads\/2024\/02\/cropped-cropped-logolu-150x150.webp\",\"contentUrl\":\"https:\/\/luchonoticias.com\/editor\/wp-content\/uploads\/2024\/02\/cropped-cropped-logolu-150x150.webp\",\"caption\":\"Editor General\"},\"sameAs\":[\"https:\/\/luchonoticias.com\/\"],\"url\":\"https:\/\/luchonoticias.com\/editor\/author\/editor-general\/\"}]}<\/script>\n<!-- \/ Yoast SEO plugin. -->","yoast_head_json":{"title":"Nueva titularidad de Jos\u00e9 Moya en victoria del Guaran\u00ed de Paraguay -","robots":{"index":"index","follow":"follow","max-snippet":"max-snippet:-1","max-image-preview":"max-image-preview:large","max-video-preview":"max-video-preview:-1"},"canonical":"https:\/\/luchonoticias.com\/editor\/nueva-titularidad-de-jose-moya-en-victoria-del-guarani-de-paraguay\/","og_locale":"es_ES","og_type":"article","og_title":"Nueva titularidad de Jos\u00e9 Moya en victoria del Guaran\u00ed de Paraguay -","og_url":"https:\/\/luchonoticias.com\/editor\/nueva-titularidad-de-jose-moya-en-victoria-del-guarani-de-paraguay\/","article_publisher":"https:\/\/www.facebook.com\/luchonoticiasneiva","article_published_time":"2023-03-04T09:58:25+00:00","article_modified_time":"2023-03-04T09:58:27+00:00","author":"Editor General","twitter_card":"summary_large_image","twitter_misc":{"Escrito por":"Editor General","Tiempo de lectura":"1 minuto"},"schema":{"@context":"https:\/\/schema.org","@graph":[{"@type":"Article","@id":"https:\/\/luchonoticias.com\/editor\/nueva-titularidad-de-jose-moya-en-victoria-del-guarani-de-paraguay\/#article","isPartOf":{"@id":"https:\/\/luchonoticias.com\/editor\/nueva-titularidad-de-jose-moya-en-victoria-del-guarani-de-paraguay\/"},"author":{"name":"Editor General","@id":"https:\/\/luchonoticias.com\/editor\/#\/schema\/person\/29217990ddf6f14e35912b2866d591fb"},"headline":"Nueva titularidad de Jos\u00e9 Moya en victoria del Guaran\u00ed de Paraguay","datePublished":"2023-03-04T09:58:25+00:00","dateModified":"2023-03-04T09:58:27+00:00","mainEntityOfPage":{"@id":"https:\/\/luchonoticias.com\/editor\/nueva-titularidad-de-jose-moya-en-victoria-del-guarani-de-paraguay\/"},"wordCount":118,"commentCount":0,"publisher":{"@id":"https:\/\/luchonoticias.com\/editor\/#\/schema\/person\/7a7fd911f58561fd056dbac7b55af9cd"},"articleSection":["Deportes"],"inLanguage":"es","potentialAction":[{"@type":"CommentAction","name":"Comment","target":["https:\/\/luchonoticias.com\/editor\/nueva-titularidad-de-jose-moya-en-victoria-del-guarani-de-paraguay\/#respond"]}]},{"@type":"WebPage","@id":"https:\/\/luchonoticias.com\/editor\/nueva-titularidad-de-jose-moya-en-victoria-del-guarani-de-paraguay\/","url":"https:\/\/luchonoticias.com\/editor\/nueva-titularidad-de-jose-moya-en-victoria-del-guarani-de-paraguay\/","name":"Nueva titularidad de Jos\u00e9 Moya en victoria del Guaran\u00ed de Paraguay -","isPartOf":{"@id":"https:\/\/luchonoticias.com\/editor\/#website"},"datePublished":"2023-03-04T09:58:25+00:00","dateModified":"2023-03-04T09:58:27+00:00","breadcrumb":{"@id":"https:\/\/luchonoticias.com\/editor\/nueva-titularidad-de-jose-moya-en-victoria-del-guarani-de-paraguay\/#breadcrumb"},"inLanguage":"es","potentialAction":[{"@type":"ReadAction","target":["https:\/\/luchonoticias.com\/editor\/nueva-titularidad-de-jose-moya-en-victoria-del-guarani-de-paraguay\/"]}]},{"@type":"BreadcrumbList","@id":"https:\/\/luchonoticias.com\/editor\/nueva-titularidad-de-jose-moya-en-victoria-del-guarani-de-paraguay\/#breadcrumb","itemListElement":[{"@type":"ListItem","position":1,"name":"Portada","item":"https:\/\/luchonoticias.com\/editor\/"},{"@type":"ListItem","position":2,"name":"Nueva titularidad de Jos\u00e9 Moya en victoria del Guaran\u00ed de Paraguay"}]},{"@type":"WebSite","@id":"https:\/\/luchonoticias.com\/editor\/#website","url":"https:\/\/luchonoticias.com\/editor\/","name":"","description":"","publisher":{"@id":"https:\/\/luchonoticias.com\/editor\/#\/schema\/person\/7a7fd911f58561fd056dbac7b55af9cd"},"potentialAction":[{"@type":"SearchAction","target":{"@type":"EntryPoint","urlTemplate":"https:\/\/luchonoticias.com\/editor\/?s={search_term_string}"},"query-input":{"@type":"PropertyValueSpecification","valueRequired":true,"valueName":"search_term_string"}}],"inLanguage":"es"},{"@type":["Person","Organization"],"@id":"https:\/\/luchonoticias.com\/editor\/#\/schema\/person\/7a7fd911f58561fd056dbac7b55af9cd","name":"admin","image":{"@type":"ImageObject","inLanguage":"es","@id":"https:\/\/luchonoticias.com\/editor\/#\/schema\/person\/image\/","url":"https:\/\/luchonoticias.com\/editor\/wp-content\/uploads\/2024\/02\/cropped-cropped-logolu.webp","contentUrl":"https:\/\/luchonoticias.com\/editor\/wp-content\/uploads\/2024\/02\/cropped-cropped-logolu.webp","width":382,"height":170,"caption":"admin"},"logo":{"@id":"https:\/\/luchonoticias.com\/editor\/#\/schema\/person\/image\/"},"sameAs":["https:\/\/www.facebook.com\/luchonoticiasneiva"]},{"@type":"Person","@id":"https:\/\/luchonoticias.com\/editor\/#\/schema\/person\/29217990ddf6f14e35912b2866d591fb","name":"Editor General","image":{"@type":"ImageObject","inLanguage":"es","@id":"https:\/\/luchonoticias.com\/editor\/#\/schema\/person\/image\/","url":"https:\/\/luchonoticias.com\/editor\/wp-content\/uploads\/2024\/02\/cropped-cropped-logolu-150x150.webp","contentUrl":"https:\/\/luchonoticias.com\/editor\/wp-content\/uploads\/2024\/02\/cropped-cropped-logolu-150x150.webp","caption":"Editor General"},"sameAs":["https:\/\/luchonoticias.com\/"],"url":"https:\/\/luchonoticias.com\/editor\/author\/editor-general\/"}]}},"_links":{"self":[{"href":"https:\/\/luchonoticias.com\/editor\/wp-json\/wp\/v2\/posts\/47425","targetHints":{"allow":["GET"]}}],"collection":[{"href":"https:\/\/luchonoticias.com\/editor\/wp-json\/wp\/v2\/posts"}],"about":[{"href":"https:\/\/luchonoticias.com\/editor\/wp-json\/wp\/v2\/types\/post"}],"author":[{"embeddable":true,"href":"https:\/\/luchonoticias.com\/editor\/wp-json\/wp\/v2\/users\/2"}],"replies":[{"embeddable":true,"href":"https:\/\/luchonoticias.com\/editor\/wp-json\/wp\/v2\/comments?post=47425"}],"version-history":[{"count":0,"href":"https:\/\/luchonoticias.com\/editor\/wp-json\/wp\/v2\/posts\/47425\/revisions"}],"wp:attachment":[{"href":"https:\/\/luchonoticias.com\/editor\/wp-json\/wp\/v2\/media?parent=47425"}],"wp:term":[{"taxonomy":"category","embeddable":true,"href":"https:\/\/luchonoticias.com\/editor\/wp-json\/wp\/v2\/categories?post=47425"},{"taxonomy":"post_tag","embeddable":true,"href":"https:\/\/luchonoticias.com\/editor\/wp-json\/wp\/v2\/tags?post=47425"}],"curies":[{"name":"wp","href":"https:\/\/api.w.org\/{rel}","templated":true}]}}