{"id":47435,"date":"2023-03-04T07:03:16","date_gmt":"2023-03-04T12:03:16","guid":{"rendered":"https:\/\/luchonoticias.com\/?p=47435"},"modified":"2023-03-04T07:03:17","modified_gmt":"2023-03-04T12:03:17","slug":"con-diversas-propuestas-para-el-bienestar-de-los-islenos-petro-puso-en-marcha-estrategia-gobierno-escucha","status":"publish","type":"post","link":"https:\/\/luchonoticias.com\/editor\/con-diversas-propuestas-para-el-bienestar-de-los-islenos-petro-puso-en-marcha-estrategia-gobierno-escucha\/","title":{"rendered":"Con diversas propuestas para el bienestar de los isle\u00f1os, Petro puso en marcha estrategia \u2018Gobierno Escucha\u2019"},"content":{"rendered":"\n<p>El Presidente Gustavo Petro puso en marcha este viernes, en el Archipi\u00e9lago de San Andr\u00e9s, Providencia, Santa Catalina y los Cayos, la estrategia \u2018Gobierno Escucha\u2019, espacio en el que hizo diversas propuestas para el bienestar de los isle\u00f1os en materia de educaci\u00f3n, energ\u00edas limpias, agua potable y desarrollo de la pesca industrial.<\/p>\n\n\n\n<p>El Jefe de Estado, quien estuvo acompa\u00f1ado de Ministros del Despacho, altos funcionarios, autoridades locales y representantes de la comunidad, se refiri\u00f3 a la importancia de constituir un centro de educaci\u00f3n superior de excelencia del Caribe.<\/p>\n\n\n\n<p>\u201cUna universidad poliglota del Caribe, en San Andr\u00e9s, de cara a su juventud y de la juventud de todo el Caribe. Un centro de excelencia podr\u00eda generar un flujo de turismo del conocimiento y de cultura\u201d, indic\u00f3.<\/p>\n\n\n\n<p>Asimismo, el Mandatario destac\u00f3 el potencial del archipi\u00e9lago para el desarrollo de energ\u00edas limpias, a partir del sol.<\/p>\n\n\n\n<p>\u201cAunque los vientos soplan, yo creo que esta isla podr\u00eda ser el primer experimento de energ\u00eda solar. La isla tiene las posibilidades de generar su energ\u00eda a partir del sol, incluso de las mareas, y esa tiene que ser una prioridad. Aqu\u00ed tenemos que establecer un programa piloto\u201d, afirm\u00f3 el Presidente.<\/p>\n\n\n\n<p>En el mismo sentido, el Jefe de Estado agreg\u00f3: \u201cSi ustedes miran la energ\u00eda solar, que es m\u00e1s barata si se compara con una m\u00e1quina di\u00e9sel, si la aplican a las desalinizadoras se abarata la posibilidad del agua potable para la isla\u201d.<\/p>\n\n\n\n<p>Con respecto al desarrollo de la pesca en la isla y la sostenibilidad alimentaria, manifest\u00f3 que \u201cuno de los acuerdos aqu\u00ed es que esa pesca de las asociaciones, de las cooperativas y de las empresas raizales se industrialice, y hay formas\u201d.<\/p>\n\n\n\n<p>De hecho, el Jefe de Estado anunci\u00f3 que para el desarrollo de esta iniciativa se cuenta con 1.500 millones de pesos, y asever\u00f3 que la Armada Nacional propuso instalar all\u00ed un muelle m\u00f3vil.<\/p>\n\n\n\n<p>Finalmente, el Presidente tambi\u00e9n hizo referencia a la necesidad de impulsar los cultivos para la seguridad alimentaria en las islas y en ese sentido resalt\u00f3 la importancia de los frutales y particularmente del coco por sus posibilidades de industrializaci\u00f3n.<\/p>\n\n\n\n<p><strong>La estrategia \u2018Gobierno Escucha\u2019<\/strong><\/p>\n\n\n\n<p>Con la estrategia \u2018Gobierno Escucha\u2019 el Ejecutivo pondr\u00e1 en marcha las tareas prioritarias para hacer realidad las propuestas que la ciudadan\u00eda plante\u00f3 en los Di\u00e1logos Vinculantes y que quedaron establecidas en el Plan Nacional de Desarrollo 2022-2026.<\/p>\n\n\n\n<p>Cabe indicar que la estrategia \u2018Gobierno Escucha\u2019 se desarrollar\u00e1 durante los cuatro a\u00f1os de la administraci\u00f3n del Presidente Petro, en todo el territorio nacional, y estar\u00e1 dividida en tres fases, cada una de las cuales se implementar\u00e1 bajo un pilar fundamental: Escucha, Ejecuta y Responde Cumpliendo.<\/p>\n\n\n\n<p>En la fase inicial de \u2018Escucha\u2019, se recorrer\u00e1 el territorio nacional recibiendo las propuestas y preocupaciones de las comunidades, las mismas que se identificaron en la primera etapa de los Di\u00e1logos Regionales. Cada entidad del Gobierno a la que le compete el tema se har\u00e1 responsable de dar soluci\u00f3n en la medida de sus funciones.<\/p>\n\n\n\n<p>En la segunda fase, denominada \u2018Ejecuta\u2019, se hace presencia nuevamente en las regiones con programas e inversiones acordes a las necesidades y propuestas planteadas por la comunidad.<\/p>\n\n\n\n<p>En la fase final, \u2018Responde Cumpliendo\u2019, se har\u00e1 un recorrido regional con las diferentes entidades de gobierno demostrando con acciones los beneficios del di\u00e1logo realizado durante las dos primeras fases.<\/p>\n","protected":false},"excerpt":{"rendered":"<p>El Presidente Gustavo Petro puso en marcha este viernes, en el Archipi\u00e9lago de San Andr\u00e9s, Providencia, Santa Catalina y los Cayos, la estrategia \u2018Gobierno Escucha\u2019, espacio en el que hizo diversas propuestas para el bienestar de los isle\u00f1os en materia de educaci\u00f3n, energ\u00edas limpias, agua potable y desarrollo de la pesca industrial. El Jefe de [&hellip;]<\/p>\n","protected":false},"author":2,"featured_media":0,"comment_status":"open","ping_status":"open","sticky":false,"template":"","format":"standard","meta":{"footnotes":""},"categories":[36,32],"tags":[],"class_list":["post-47435","post","type-post","status-publish","format-standard","hentry","category-destacado","category-nacional"],"yoast_head":"<!-- This site is optimized with the Yoast SEO plugin v26.6 - https:\/\/yoast.com\/wordpress\/plugins\/seo\/ -->\n<title>Con diversas propuestas para el bienestar de los isle\u00f1os, Petro puso en marcha estrategia \u2018Gobierno Escucha\u2019 -<\/title>\n<meta name=\"robots\" content=\"index, follow, max-snippet:-1, max-image-preview:large, max-video-preview:-1\" \/>\n<link rel=\"canonical\" href=\"https:\/\/luchonoticias.com\/editor\/con-diversas-propuestas-para-el-bienestar-de-los-islenos-petro-puso-en-marcha-estrategia-gobierno-escucha\/\" \/>\n<meta property=\"og:locale\" content=\"es_ES\" \/>\n<meta property=\"og:type\" content=\"article\" \/>\n<meta property=\"og:title\" content=\"Con diversas propuestas para el bienestar de los isle\u00f1os, Petro puso en marcha estrategia \u2018Gobierno Escucha\u2019 -\" \/>\n<meta property=\"og:url\" content=\"https:\/\/luchonoticias.com\/editor\/con-diversas-propuestas-para-el-bienestar-de-los-islenos-petro-puso-en-marcha-estrategia-gobierno-escucha\/\" \/>\n<meta property=\"article:publisher\" content=\"https:\/\/www.facebook.com\/luchonoticiasneiva\" \/>\n<meta property=\"article:published_time\" content=\"2023-03-04T12:03:16+00:00\" \/>\n<meta property=\"article:modified_time\" content=\"2023-03-04T12:03:17+00:00\" \/>\n<meta name=\"author\" content=\"Editor General\" \/>\n<meta name=\"twitter:card\" content=\"summary_large_image\" \/>\n<meta name=\"twitter:label1\" content=\"Escrito por\" \/>\n\t<meta name=\"twitter:data1\" content=\"Editor General\" \/>\n\t<meta name=\"twitter:label2\" content=\"Tiempo de lectura\" \/>\n\t<meta name=\"twitter:data2\" content=\"3 minutos\" \/>\n<script type=\"application\/ld+json\" class=\"yoast-schema-graph\">{\"@context\":\"https:\/\/schema.org\",\"@graph\":[{\"@type\":\"Article\",\"@id\":\"https:\/\/luchonoticias.com\/editor\/con-diversas-propuestas-para-el-bienestar-de-los-islenos-petro-puso-en-marcha-estrategia-gobierno-escucha\/#article\",\"isPartOf\":{\"@id\":\"https:\/\/luchonoticias.com\/editor\/con-diversas-propuestas-para-el-bienestar-de-los-islenos-petro-puso-en-marcha-estrategia-gobierno-escucha\/\"},\"author\":{\"name\":\"Editor General\",\"@id\":\"https:\/\/luchonoticias.com\/editor\/#\/schema\/person\/29217990ddf6f14e35912b2866d591fb\"},\"headline\":\"Con diversas propuestas para el bienestar de los isle\u00f1os, Petro puso en marcha estrategia \u2018Gobierno Escucha\u2019\",\"datePublished\":\"2023-03-04T12:03:16+00:00\",\"dateModified\":\"2023-03-04T12:03:17+00:00\",\"mainEntityOfPage\":{\"@id\":\"https:\/\/luchonoticias.com\/editor\/con-diversas-propuestas-para-el-bienestar-de-los-islenos-petro-puso-en-marcha-estrategia-gobierno-escucha\/\"},\"wordCount\":592,\"commentCount\":0,\"publisher\":{\"@id\":\"https:\/\/luchonoticias.com\/editor\/#\/schema\/person\/7a7fd911f58561fd056dbac7b55af9cd\"},\"articleSection\":[\"Destacado\",\"Nacional\"],\"inLanguage\":\"es\",\"potentialAction\":[{\"@type\":\"CommentAction\",\"name\":\"Comment\",\"target\":[\"https:\/\/luchonoticias.com\/editor\/con-diversas-propuestas-para-el-bienestar-de-los-islenos-petro-puso-en-marcha-estrategia-gobierno-escucha\/#respond\"]}]},{\"@type\":\"WebPage\",\"@id\":\"https:\/\/luchonoticias.com\/editor\/con-diversas-propuestas-para-el-bienestar-de-los-islenos-petro-puso-en-marcha-estrategia-gobierno-escucha\/\",\"url\":\"https:\/\/luchonoticias.com\/editor\/con-diversas-propuestas-para-el-bienestar-de-los-islenos-petro-puso-en-marcha-estrategia-gobierno-escucha\/\",\"name\":\"Con diversas propuestas para el bienestar de los isle\u00f1os, Petro puso en marcha estrategia \u2018Gobierno Escucha\u2019 -\",\"isPartOf\":{\"@id\":\"https:\/\/luchonoticias.com\/editor\/#website\"},\"datePublished\":\"2023-03-04T12:03:16+00:00\",\"dateModified\":\"2023-03-04T12:03:17+00:00\",\"breadcrumb\":{\"@id\":\"https:\/\/luchonoticias.com\/editor\/con-diversas-propuestas-para-el-bienestar-de-los-islenos-petro-puso-en-marcha-estrategia-gobierno-escucha\/#breadcrumb\"},\"inLanguage\":\"es\",\"potentialAction\":[{\"@type\":\"ReadAction\",\"target\":[\"https:\/\/luchonoticias.com\/editor\/con-diversas-propuestas-para-el-bienestar-de-los-islenos-petro-puso-en-marcha-estrategia-gobierno-escucha\/\"]}]},{\"@type\":\"BreadcrumbList\",\"@id\":\"https:\/\/luchonoticias.com\/editor\/con-diversas-propuestas-para-el-bienestar-de-los-islenos-petro-puso-en-marcha-estrategia-gobierno-escucha\/#breadcrumb\",\"itemListElement\":[{\"@type\":\"ListItem\",\"position\":1,\"name\":\"Portada\",\"item\":\"https:\/\/luchonoticias.com\/editor\/\"},{\"@type\":\"ListItem\",\"position\":2,\"name\":\"Con diversas propuestas para el bienestar de los isle\u00f1os, Petro puso en marcha estrategia \u2018Gobierno Escucha\u2019\"}]},{\"@type\":\"WebSite\",\"@id\":\"https:\/\/luchonoticias.com\/editor\/#website\",\"url\":\"https:\/\/luchonoticias.com\/editor\/\",\"name\":\"\",\"description\":\"\",\"publisher\":{\"@id\":\"https:\/\/luchonoticias.com\/editor\/#\/schema\/person\/7a7fd911f58561fd056dbac7b55af9cd\"},\"potentialAction\":[{\"@type\":\"SearchAction\",\"target\":{\"@type\":\"EntryPoint\",\"urlTemplate\":\"https:\/\/luchonoticias.com\/editor\/?s={search_term_string}\"},\"query-input\":{\"@type\":\"PropertyValueSpecification\",\"valueRequired\":true,\"valueName\":\"search_term_string\"}}],\"inLanguage\":\"es\"},{\"@type\":[\"Person\",\"Organization\"],\"@id\":\"https:\/\/luchonoticias.com\/editor\/#\/schema\/person\/7a7fd911f58561fd056dbac7b55af9cd\",\"name\":\"admin\",\"image\":{\"@type\":\"ImageObject\",\"inLanguage\":\"es\",\"@id\":\"https:\/\/luchonoticias.com\/editor\/#\/schema\/person\/image\/\",\"url\":\"https:\/\/luchonoticias.com\/editor\/wp-content\/uploads\/2024\/02\/cropped-cropped-logolu.webp\",\"contentUrl\":\"https:\/\/luchonoticias.com\/editor\/wp-content\/uploads\/2024\/02\/cropped-cropped-logolu.webp\",\"width\":382,\"height\":170,\"caption\":\"admin\"},\"logo\":{\"@id\":\"https:\/\/luchonoticias.com\/editor\/#\/schema\/person\/image\/\"},\"sameAs\":[\"https:\/\/www.facebook.com\/luchonoticiasneiva\"]},{\"@type\":\"Person\",\"@id\":\"https:\/\/luchonoticias.com\/editor\/#\/schema\/person\/29217990ddf6f14e35912b2866d591fb\",\"name\":\"Editor General\",\"image\":{\"@type\":\"ImageObject\",\"inLanguage\":\"es\",\"@id\":\"https:\/\/luchonoticias.com\/editor\/#\/schema\/person\/image\/\",\"url\":\"https:\/\/luchonoticias.com\/editor\/wp-content\/uploads\/2024\/02\/cropped-cropped-logolu-150x150.webp\",\"contentUrl\":\"https:\/\/luchonoticias.com\/editor\/wp-content\/uploads\/2024\/02\/cropped-cropped-logolu-150x150.webp\",\"caption\":\"Editor General\"},\"sameAs\":[\"https:\/\/luchonoticias.com\/\"],\"url\":\"https:\/\/luchonoticias.com\/editor\/author\/editor-general\/\"}]}<\/script>\n<!-- \/ Yoast SEO plugin. -->","yoast_head_json":{"title":"Con diversas propuestas para el bienestar de los isle\u00f1os, Petro puso en marcha estrategia \u2018Gobierno Escucha\u2019 -","robots":{"index":"index","follow":"follow","max-snippet":"max-snippet:-1","max-image-preview":"max-image-preview:large","max-video-preview":"max-video-preview:-1"},"canonical":"https:\/\/luchonoticias.com\/editor\/con-diversas-propuestas-para-el-bienestar-de-los-islenos-petro-puso-en-marcha-estrategia-gobierno-escucha\/","og_locale":"es_ES","og_type":"article","og_title":"Con diversas propuestas para el bienestar de los isle\u00f1os, Petro puso en marcha estrategia \u2018Gobierno Escucha\u2019 -","og_url":"https:\/\/luchonoticias.com\/editor\/con-diversas-propuestas-para-el-bienestar-de-los-islenos-petro-puso-en-marcha-estrategia-gobierno-escucha\/","article_publisher":"https:\/\/www.facebook.com\/luchonoticiasneiva","article_published_time":"2023-03-04T12:03:16+00:00","article_modified_time":"2023-03-04T12:03:17+00:00","author":"Editor General","twitter_card":"summary_large_image","twitter_misc":{"Escrito por":"Editor General","Tiempo de lectura":"3 minutos"},"schema":{"@context":"https:\/\/schema.org","@graph":[{"@type":"Article","@id":"https:\/\/luchonoticias.com\/editor\/con-diversas-propuestas-para-el-bienestar-de-los-islenos-petro-puso-en-marcha-estrategia-gobierno-escucha\/#article","isPartOf":{"@id":"https:\/\/luchonoticias.com\/editor\/con-diversas-propuestas-para-el-bienestar-de-los-islenos-petro-puso-en-marcha-estrategia-gobierno-escucha\/"},"author":{"name":"Editor General","@id":"https:\/\/luchonoticias.com\/editor\/#\/schema\/person\/29217990ddf6f14e35912b2866d591fb"},"headline":"Con diversas propuestas para el bienestar de los isle\u00f1os, Petro puso en marcha estrategia \u2018Gobierno Escucha\u2019","datePublished":"2023-03-04T12:03:16+00:00","dateModified":"2023-03-04T12:03:17+00:00","mainEntityOfPage":{"@id":"https:\/\/luchonoticias.com\/editor\/con-diversas-propuestas-para-el-bienestar-de-los-islenos-petro-puso-en-marcha-estrategia-gobierno-escucha\/"},"wordCount":592,"commentCount":0,"publisher":{"@id":"https:\/\/luchonoticias.com\/editor\/#\/schema\/person\/7a7fd911f58561fd056dbac7b55af9cd"},"articleSection":["Destacado","Nacional"],"inLanguage":"es","potentialAction":[{"@type":"CommentAction","name":"Comment","target":["https:\/\/luchonoticias.com\/editor\/con-diversas-propuestas-para-el-bienestar-de-los-islenos-petro-puso-en-marcha-estrategia-gobierno-escucha\/#respond"]}]},{"@type":"WebPage","@id":"https:\/\/luchonoticias.com\/editor\/con-diversas-propuestas-para-el-bienestar-de-los-islenos-petro-puso-en-marcha-estrategia-gobierno-escucha\/","url":"https:\/\/luchonoticias.com\/editor\/con-diversas-propuestas-para-el-bienestar-de-los-islenos-petro-puso-en-marcha-estrategia-gobierno-escucha\/","name":"Con diversas propuestas para el bienestar de los isle\u00f1os, Petro puso en marcha estrategia \u2018Gobierno Escucha\u2019 -","isPartOf":{"@id":"https:\/\/luchonoticias.com\/editor\/#website"},"datePublished":"2023-03-04T12:03:16+00:00","dateModified":"2023-03-04T12:03:17+00:00","breadcrumb":{"@id":"https:\/\/luchonoticias.com\/editor\/con-diversas-propuestas-para-el-bienestar-de-los-islenos-petro-puso-en-marcha-estrategia-gobierno-escucha\/#breadcrumb"},"inLanguage":"es","potentialAction":[{"@type":"ReadAction","target":["https:\/\/luchonoticias.com\/editor\/con-diversas-propuestas-para-el-bienestar-de-los-islenos-petro-puso-en-marcha-estrategia-gobierno-escucha\/"]}]},{"@type":"BreadcrumbList","@id":"https:\/\/luchonoticias.com\/editor\/con-diversas-propuestas-para-el-bienestar-de-los-islenos-petro-puso-en-marcha-estrategia-gobierno-escucha\/#breadcrumb","itemListElement":[{"@type":"ListItem","position":1,"name":"Portada","item":"https:\/\/luchonoticias.com\/editor\/"},{"@type":"ListItem","position":2,"name":"Con diversas propuestas para el bienestar de los isle\u00f1os, Petro puso en marcha estrategia \u2018Gobierno Escucha\u2019"}]},{"@type":"WebSite","@id":"https:\/\/luchonoticias.com\/editor\/#website","url":"https:\/\/luchonoticias.com\/editor\/","name":"","description":"","publisher":{"@id":"https:\/\/luchonoticias.com\/editor\/#\/schema\/person\/7a7fd911f58561fd056dbac7b55af9cd"},"potentialAction":[{"@type":"SearchAction","target":{"@type":"EntryPoint","urlTemplate":"https:\/\/luchonoticias.com\/editor\/?s={search_term_string}"},"query-input":{"@type":"PropertyValueSpecification","valueRequired":true,"valueName":"search_term_string"}}],"inLanguage":"es"},{"@type":["Person","Organization"],"@id":"https:\/\/luchonoticias.com\/editor\/#\/schema\/person\/7a7fd911f58561fd056dbac7b55af9cd","name":"admin","image":{"@type":"ImageObject","inLanguage":"es","@id":"https:\/\/luchonoticias.com\/editor\/#\/schema\/person\/image\/","url":"https:\/\/luchonoticias.com\/editor\/wp-content\/uploads\/2024\/02\/cropped-cropped-logolu.webp","contentUrl":"https:\/\/luchonoticias.com\/editor\/wp-content\/uploads\/2024\/02\/cropped-cropped-logolu.webp","width":382,"height":170,"caption":"admin"},"logo":{"@id":"https:\/\/luchonoticias.com\/editor\/#\/schema\/person\/image\/"},"sameAs":["https:\/\/www.facebook.com\/luchonoticiasneiva"]},{"@type":"Person","@id":"https:\/\/luchonoticias.com\/editor\/#\/schema\/person\/29217990ddf6f14e35912b2866d591fb","name":"Editor General","image":{"@type":"ImageObject","inLanguage":"es","@id":"https:\/\/luchonoticias.com\/editor\/#\/schema\/person\/image\/","url":"https:\/\/luchonoticias.com\/editor\/wp-content\/uploads\/2024\/02\/cropped-cropped-logolu-150x150.webp","contentUrl":"https:\/\/luchonoticias.com\/editor\/wp-content\/uploads\/2024\/02\/cropped-cropped-logolu-150x150.webp","caption":"Editor General"},"sameAs":["https:\/\/luchonoticias.com\/"],"url":"https:\/\/luchonoticias.com\/editor\/author\/editor-general\/"}]}},"_links":{"self":[{"href":"https:\/\/luchonoticias.com\/editor\/wp-json\/wp\/v2\/posts\/47435","targetHints":{"allow":["GET"]}}],"collection":[{"href":"https:\/\/luchonoticias.com\/editor\/wp-json\/wp\/v2\/posts"}],"about":[{"href":"https:\/\/luchonoticias.com\/editor\/wp-json\/wp\/v2\/types\/post"}],"author":[{"embeddable":true,"href":"https:\/\/luchonoticias.com\/editor\/wp-json\/wp\/v2\/users\/2"}],"replies":[{"embeddable":true,"href":"https:\/\/luchonoticias.com\/editor\/wp-json\/wp\/v2\/comments?post=47435"}],"version-history":[{"count":0,"href":"https:\/\/luchonoticias.com\/editor\/wp-json\/wp\/v2\/posts\/47435\/revisions"}],"wp:attachment":[{"href":"https:\/\/luchonoticias.com\/editor\/wp-json\/wp\/v2\/media?parent=47435"}],"wp:term":[{"taxonomy":"category","embeddable":true,"href":"https:\/\/luchonoticias.com\/editor\/wp-json\/wp\/v2\/categories?post=47435"},{"taxonomy":"post_tag","embeddable":true,"href":"https:\/\/luchonoticias.com\/editor\/wp-json\/wp\/v2\/tags?post=47435"}],"curies":[{"name":"wp","href":"https:\/\/api.w.org\/{rel}","templated":true}]}}