{"id":47438,"date":"2023-03-04T07:07:33","date_gmt":"2023-03-04T12:07:33","guid":{"rendered":"https:\/\/luchonoticias.com\/?p=47438"},"modified":"2023-03-04T07:07:35","modified_gmt":"2023-03-04T12:07:35","slug":"somos-la-administracion-que-mas-ha-invertido-en-los-ultimos-anos-en-neiva-gorky-munoz","status":"publish","type":"post","link":"https:\/\/luchonoticias.com\/editor\/somos-la-administracion-que-mas-ha-invertido-en-los-ultimos-anos-en-neiva-gorky-munoz\/","title":{"rendered":"Somos la Administraci\u00f3n que m\u00e1s ha invertido en los \u00faltimos a\u00f1os en Neiva: Gorky Mu\u00f1oz"},"content":{"rendered":"\n<p>El alcalde de Neiva, Gorky Mu\u00f1oz Calder\u00f3n destac\u00f3 que el 2022 se caracteriz\u00f3 por marcar el inicio de grandes proyectos para la ciudad; tras dos a\u00f1os de pandemia y la suma de una crisis econ\u00f3mica que deriv\u00f3, en un estallido social y un sin n\u00famero de adversidades que la ciudad logr\u00f3 superar; as\u00ed lo indic\u00f3 al presentar a los neivanos en las instalaciones del Sal\u00f3n Polivalente del Parque de la M\u00fasica, su acto p\u00fablico de Rendici\u00f3n de Cuentas de la vigencia 2022.<\/p>\n\n\n\n<p>\u201cAl corte de diciembre, hemos ejecutado en nuestras diferentes l\u00edneas estrat\u00e9gicas m\u00e1s de $565 mil millones, de un presupuesto de m\u00e1s de 600 mil millones que se destinaron para suplir las principales problem\u00e1ticas de nuestra ciudad capital y que al d\u00eda de hoy, en lo correspondiente a la vigencia 2022, nos da una ejecuci\u00f3n del 94,07%\u201d sostuvo el alcalde de los neivanos.<\/p>\n\n\n\n<figure class=\"wp-block-gallery has-nested-images columns-default is-cropped wp-block-gallery-1 is-layout-flex wp-block-gallery-is-layout-flex\">\n<figure class=\"wp-block-image size-large\"><img decoding=\"async\" data-id=\"47440\" src=\"https:\/\/luchonoticias.com\/wp-content\/uploads\/2023\/03\/WhatsApp-Image-2023-03-03-at-6.43.05-PM-1-1024x684.jpeg\" alt=\"\" class=\"wp-image-47440\"\/><\/figure>\n\n\n\n<figure class=\"wp-block-image size-large\"><img decoding=\"async\" data-id=\"47442\" src=\"https:\/\/luchonoticias.com\/wp-content\/uploads\/2023\/03\/WhatsApp-Image-2023-03-03-at-6.43.05-PM-1024x684.jpeg\" alt=\"\" class=\"wp-image-47442\"\/><\/figure>\n\n\n\n<figure class=\"wp-block-image size-large\"><img decoding=\"async\" data-id=\"47441\" src=\"https:\/\/luchonoticias.com\/wp-content\/uploads\/2023\/03\/WhatsApp-Image-2023-03-03-at-6.43.04-PM-1-1024x684.jpeg\" alt=\"\" class=\"wp-image-47441\"\/><\/figure>\n<\/figure>\n\n\n\n<p><strong>Reactivaci\u00f3n econ\u00f3mica<\/strong><\/p>\n\n\n\n<p>El burgomaestre, destac\u00f3 el proceso de reactivaci\u00f3n econ\u00f3mica en el municipio de Neiva, la cual sostuvo fue clave para poder cumplir con la gran mayor\u00eda de lo pactado en el Plan de Desarrollo, a trav\u00e9s de la l\u00ednea estrat\u00e9gica, \u2018Primero Neiva\u2019, en desarrollo econ\u00f3mico sustentable, adem\u00e1s de bajar los altos \u00edndices de desempleo que trajo consigo la pandemia.<\/p>\n\n\n\n<p>Sobre el particular, el mandatario indic\u00f3 a los asistentes que la Administraci\u00f3n Municipal, en el 2022, destin\u00f3 un presupuesto superior a los $24 mil millones y logr\u00f3 al cierre del a\u00f1o pasado, ejecutar m\u00e1s de $20 mil millones.<\/p>\n\n\n\n<p>\u201cUn balance positivo, pudimos establecer un avance del 84.1% referente a la ejecuci\u00f3n de Plan de Desarrollo del a\u00f1o anterior (2021), con una ejecuci\u00f3n de 1.7 billones de pesos para este importante esquema. A trav\u00e9s de una hoja ruta y sus componentes, hemos generando condiciones a los empresarios; anoche precisamente est\u00e1bamos inaugurando un emprendimiento de un moto trabajador, una persona que depend\u00eda del mototaxismo y anoche arranc\u00f3 su emprendimiento, logramos a trav\u00e9s del Fondo Emprender darle aplicabilidad, se le entreg\u00f3 un dinero, cerca de 80 millones de pesos y hoy me siento satisfecho y orgulloso de que hemos podido atacar esas cifras altas de desempleo, claro nos hace falta m\u00e1s, pero poco a poco vamos analizando las cosas\u201d, expres\u00f3 el alcalde de los neivanos, Gorky Mu\u00f1oz Calder\u00f3n.<\/p>\n\n\n\n<p>Por otro lado, Harold Mu\u00f1oz, presidente de Asojuntas Comuna 6 destac\u00f3 el arduo trabajo que ha venido realizando el mandatario de los neivanos con el fin de ayudar y reactivar la econom\u00eda de la ciudad, a trav\u00e9s de las diferentes actividades que se realiza con el prop\u00f3sito de beneficiar a los emprendedores.<\/p>\n\n\n\n<p>\u201cEl tema de bajar de un 43% a 11.1% la tasa de desempleo marca la gran diferencia, el tema de inversi\u00f3n social es un factor fundamental, lo ha demostrado con el Plan Ornato, el encabezamiento de las obras con comunidades internas, con zonas de impacto, genera que estas personas que se contratan ayuden a la econom\u00eda, el\u00a0 desarrollo y acogida a nivel comercial, adem\u00e1s de un sin n\u00famero de ferias que ha realizado el alcalde hacen parte fundamental del desarrollo econ\u00f3mico del municipio de Neiva\u201d, dijo el presidente de Asojuntas Comuna 6.<\/p>\n\n\n\n<figure class=\"wp-block-gallery has-nested-images columns-default is-cropped wp-block-gallery-2 is-layout-flex wp-block-gallery-is-layout-flex\">\n<figure class=\"wp-block-image size-large\"><img decoding=\"async\" data-id=\"47443\" src=\"https:\/\/luchonoticias.com\/wp-content\/uploads\/2023\/03\/WhatsApp-Image-2023-03-03-at-6.44.40-PM-1024x683.jpeg\" alt=\"\" class=\"wp-image-47443\"\/><\/figure>\n\n\n\n<figure class=\"wp-block-image size-large\"><img decoding=\"async\" data-id=\"47444\" src=\"https:\/\/luchonoticias.com\/wp-content\/uploads\/2023\/03\/WhatsApp-Image-2023-03-03-at-6.44.39-PM-1024x683.jpeg\" alt=\"\" class=\"wp-image-47444\"\/><\/figure>\n<\/figure>\n\n\n\n<p><strong>Millonarias inversiones en saneamiento b\u00e1sico<\/strong><\/p>\n\n\n\n<p>Para el alcalde Gorky Mu\u00f1oz Calder\u00f3n, el mejoramiento de la calidad de vida de los neivanos ha sido su prioridad y es por ello que destac\u00f3 las millonarias inversiones que en materia de saneamiento b\u00e1sico ha hecho por la ciudad en un trienio en la que van casi 200 mil millones de pesos invertidos en una serie de obras que algunas se ven pero que en otros casos como la restituci\u00f3n de alcantarillado, es plata enterrada pero que ha servido para mejorar el sistema de alcantarillado de varias comunas de Neiva.<\/p>\n\n\n\n<p>\u201cDurante la vigencia administrativa 2022, se realiz\u00f3 una inversi\u00f3n en Las Ceibas \u2013 Empresas P\u00fablicas de Neiva, por un valor superior a los $72 mil millones, lo que permiti\u00f3 la construcci\u00f3n, optimizaci\u00f3n y habilitaci\u00f3n de redes de acueducto y alcantarillado en 25.582 metros lineales, beneficiando 236.320 personas y generando 963 empleos\u201d destac\u00f3 el mandatario.<\/p>\n\n\n\n<p>Asimismo, el burgomaestre se\u00f1al\u00f3 que el fortalecimiento de los programas de salud ha sido clave y fundamental porque a trav\u00e9s de ellos, la poblaci\u00f3n neivana ha sido beneficiada y dignificada. Es as\u00ed, como con un presupuesto de m\u00e1s de $237 mil millones, la Secretar\u00eda de Salud de Neiva, alcanz\u00f3 al cierre de la vigencia 2022 una ejecuci\u00f3n del 99,80%.<\/p>\n\n\n\n<figure class=\"wp-block-gallery has-nested-images columns-default is-cropped wp-block-gallery-3 is-layout-flex wp-block-gallery-is-layout-flex\">\n<figure class=\"wp-block-image size-large\"><img decoding=\"async\" data-id=\"47445\" src=\"https:\/\/luchonoticias.com\/wp-content\/uploads\/2023\/03\/WhatsApp-Image-2023-03-03-at-6.44.41-PM-1024x683.jpeg\" alt=\"\" class=\"wp-image-47445\"\/><\/figure>\n\n\n\n<figure class=\"wp-block-image size-large\"><img decoding=\"async\" data-id=\"47446\" src=\"https:\/\/luchonoticias.com\/wp-content\/uploads\/2023\/03\/WhatsApp-Image-2023-03-03-at-6.43.06-PM-1024x684.jpeg\" alt=\"\" class=\"wp-image-47446\"\/><\/figure>\n<\/figure>\n\n\n\n<p><strong>Infraestructura<\/strong><\/p>\n\n\n\n<p>Durante su intervenci\u00f3n el alcalde, asimismo, dio suma importancia a las acciones adelantas en materia de infraestructura, sobresaliendo la inversi\u00f3n por m\u00e1s de $5.700 millones para el mejoramiento de la malla vial del \u00e1rea urbana y rural, alcanzando con esta y otras acciones, un 99,69% de la meta del Plan de Desarrollo para la vigencia 2022.<\/p>\n\n\n\n<p>\u201cEn el 2022 se intervinieron 46 Kil\u00f3metros de mantenimiento peri\u00f3dico o rutinario de la red terciaria del Municipio por administraci\u00f3n directa, en los corregimientos de Fortalecillas, Cagu\u00e1n, R\u00edo Ceibas, Vegalarga, San Luis, Aipecito y Chapinero, por un valor de la inversi\u00f3n de $605.000.000 millones\u201d manifest\u00f3 e indic\u00f3 que en lo que respecta al casco urbano de la ciudad se hicieron intervenciones puntuales hasta donde nos alcanzaba los materiales que se ten\u00edan.<\/p>\n\n\n\n<p>\u201cSabido es que el Concejo Municipal no nos ha dado los recursos necesarios, porque es una fuente de financiaci\u00f3n de la Administraci\u00f3n Municipal. Este 2023, es el a\u00f1o de la infraestructura en Neiva, donde vamos a recuperar gran parte de la malla vial\u201d, expres\u00f3 el alcalde Gorky Mu\u00f1oz Calder\u00f3n.<\/p>\n","protected":false},"excerpt":{"rendered":"<p>El alcalde de Neiva, Gorky Mu\u00f1oz Calder\u00f3n destac\u00f3 que el 2022 se caracteriz\u00f3 por marcar el inicio de grandes proyectos para la ciudad; tras dos a\u00f1os de pandemia y la suma de una crisis econ\u00f3mica que deriv\u00f3, en un estallido social y un sin n\u00famero de adversidades que la ciudad logr\u00f3 superar; as\u00ed lo indic\u00f3 [&hellip;]<\/p>\n","protected":false},"author":2,"featured_media":0,"comment_status":"open","ping_status":"open","sticky":false,"template":"","format":"standard","meta":{"footnotes":""},"categories":[36,53],"tags":[],"class_list":["post-47438","post","type-post","status-publish","format-standard","hentry","category-destacado","category-neiva"],"yoast_head":"<!-- This site is optimized with the Yoast SEO plugin v26.6 - https:\/\/yoast.com\/wordpress\/plugins\/seo\/ -->\n<title>Somos la Administraci\u00f3n que m\u00e1s ha invertido en los \u00faltimos a\u00f1os en Neiva: Gorky Mu\u00f1oz -<\/title>\n<meta name=\"robots\" content=\"index, follow, max-snippet:-1, max-image-preview:large, max-video-preview:-1\" \/>\n<link rel=\"canonical\" href=\"https:\/\/luchonoticias.com\/editor\/somos-la-administracion-que-mas-ha-invertido-en-los-ultimos-anos-en-neiva-gorky-munoz\/\" \/>\n<meta property=\"og:locale\" content=\"es_ES\" \/>\n<meta property=\"og:type\" content=\"article\" \/>\n<meta property=\"og:title\" content=\"Somos la Administraci\u00f3n que m\u00e1s ha invertido en los \u00faltimos a\u00f1os en Neiva: Gorky Mu\u00f1oz -\" \/>\n<meta property=\"og:url\" content=\"https:\/\/luchonoticias.com\/editor\/somos-la-administracion-que-mas-ha-invertido-en-los-ultimos-anos-en-neiva-gorky-munoz\/\" \/>\n<meta property=\"article:publisher\" content=\"https:\/\/www.facebook.com\/luchonoticiasneiva\" \/>\n<meta property=\"article:published_time\" content=\"2023-03-04T12:07:33+00:00\" \/>\n<meta property=\"article:modified_time\" content=\"2023-03-04T12:07:35+00:00\" \/>\n<meta property=\"og:image\" content=\"https:\/\/luchonoticias.com\/wp-content\/uploads\/2023\/03\/WhatsApp-Image-2023-03-03-at-6.43.05-PM-1-1024x684.jpeg\" \/>\n<meta name=\"author\" content=\"Editor General\" \/>\n<meta name=\"twitter:card\" content=\"summary_large_image\" \/>\n<meta name=\"twitter:label1\" content=\"Escrito por\" \/>\n\t<meta name=\"twitter:data1\" content=\"Editor General\" \/>\n\t<meta name=\"twitter:label2\" content=\"Tiempo de lectura\" \/>\n\t<meta name=\"twitter:data2\" content=\"5 minutos\" \/>\n<script type=\"application\/ld+json\" class=\"yoast-schema-graph\">{\"@context\":\"https:\/\/schema.org\",\"@graph\":[{\"@type\":\"Article\",\"@id\":\"https:\/\/luchonoticias.com\/editor\/somos-la-administracion-que-mas-ha-invertido-en-los-ultimos-anos-en-neiva-gorky-munoz\/#article\",\"isPartOf\":{\"@id\":\"https:\/\/luchonoticias.com\/editor\/somos-la-administracion-que-mas-ha-invertido-en-los-ultimos-anos-en-neiva-gorky-munoz\/\"},\"author\":{\"name\":\"Editor General\",\"@id\":\"https:\/\/luchonoticias.com\/editor\/#\/schema\/person\/29217990ddf6f14e35912b2866d591fb\"},\"headline\":\"Somos la Administraci\u00f3n que m\u00e1s ha invertido en los \u00faltimos a\u00f1os en Neiva: Gorky Mu\u00f1oz\",\"datePublished\":\"2023-03-04T12:07:33+00:00\",\"dateModified\":\"2023-03-04T12:07:35+00:00\",\"mainEntityOfPage\":{\"@id\":\"https:\/\/luchonoticias.com\/editor\/somos-la-administracion-que-mas-ha-invertido-en-los-ultimos-anos-en-neiva-gorky-munoz\/\"},\"wordCount\":963,\"commentCount\":0,\"publisher\":{\"@id\":\"https:\/\/luchonoticias.com\/editor\/#\/schema\/person\/7a7fd911f58561fd056dbac7b55af9cd\"},\"image\":{\"@id\":\"https:\/\/luchonoticias.com\/editor\/somos-la-administracion-que-mas-ha-invertido-en-los-ultimos-anos-en-neiva-gorky-munoz\/#primaryimage\"},\"thumbnailUrl\":\"https:\/\/luchonoticias.com\/wp-content\/uploads\/2023\/03\/WhatsApp-Image-2023-03-03-at-6.43.05-PM-1-1024x684.jpeg\",\"articleSection\":[\"Destacado\",\"Neiva\"],\"inLanguage\":\"es\",\"potentialAction\":[{\"@type\":\"CommentAction\",\"name\":\"Comment\",\"target\":[\"https:\/\/luchonoticias.com\/editor\/somos-la-administracion-que-mas-ha-invertido-en-los-ultimos-anos-en-neiva-gorky-munoz\/#respond\"]}]},{\"@type\":\"WebPage\",\"@id\":\"https:\/\/luchonoticias.com\/editor\/somos-la-administracion-que-mas-ha-invertido-en-los-ultimos-anos-en-neiva-gorky-munoz\/\",\"url\":\"https:\/\/luchonoticias.com\/editor\/somos-la-administracion-que-mas-ha-invertido-en-los-ultimos-anos-en-neiva-gorky-munoz\/\",\"name\":\"Somos la Administraci\u00f3n que m\u00e1s ha invertido en los \u00faltimos a\u00f1os en Neiva: Gorky Mu\u00f1oz -\",\"isPartOf\":{\"@id\":\"https:\/\/luchonoticias.com\/editor\/#website\"},\"primaryImageOfPage\":{\"@id\":\"https:\/\/luchonoticias.com\/editor\/somos-la-administracion-que-mas-ha-invertido-en-los-ultimos-anos-en-neiva-gorky-munoz\/#primaryimage\"},\"image\":{\"@id\":\"https:\/\/luchonoticias.com\/editor\/somos-la-administracion-que-mas-ha-invertido-en-los-ultimos-anos-en-neiva-gorky-munoz\/#primaryimage\"},\"thumbnailUrl\":\"https:\/\/luchonoticias.com\/wp-content\/uploads\/2023\/03\/WhatsApp-Image-2023-03-03-at-6.43.05-PM-1-1024x684.jpeg\",\"datePublished\":\"2023-03-04T12:07:33+00:00\",\"dateModified\":\"2023-03-04T12:07:35+00:00\",\"breadcrumb\":{\"@id\":\"https:\/\/luchonoticias.com\/editor\/somos-la-administracion-que-mas-ha-invertido-en-los-ultimos-anos-en-neiva-gorky-munoz\/#breadcrumb\"},\"inLanguage\":\"es\",\"potentialAction\":[{\"@type\":\"ReadAction\",\"target\":[\"https:\/\/luchonoticias.com\/editor\/somos-la-administracion-que-mas-ha-invertido-en-los-ultimos-anos-en-neiva-gorky-munoz\/\"]}]},{\"@type\":\"ImageObject\",\"inLanguage\":\"es\",\"@id\":\"https:\/\/luchonoticias.com\/editor\/somos-la-administracion-que-mas-ha-invertido-en-los-ultimos-anos-en-neiva-gorky-munoz\/#primaryimage\",\"url\":\"https:\/\/luchonoticias.com\/wp-content\/uploads\/2023\/03\/WhatsApp-Image-2023-03-03-at-6.43.05-PM-1-1024x684.jpeg\",\"contentUrl\":\"https:\/\/luchonoticias.com\/wp-content\/uploads\/2023\/03\/WhatsApp-Image-2023-03-03-at-6.43.05-PM-1-1024x684.jpeg\"},{\"@type\":\"BreadcrumbList\",\"@id\":\"https:\/\/luchonoticias.com\/editor\/somos-la-administracion-que-mas-ha-invertido-en-los-ultimos-anos-en-neiva-gorky-munoz\/#breadcrumb\",\"itemListElement\":[{\"@type\":\"ListItem\",\"position\":1,\"name\":\"Portada\",\"item\":\"https:\/\/luchonoticias.com\/editor\/\"},{\"@type\":\"ListItem\",\"position\":2,\"name\":\"Somos la Administraci\u00f3n que m\u00e1s ha invertido en los \u00faltimos a\u00f1os en Neiva: Gorky Mu\u00f1oz\"}]},{\"@type\":\"WebSite\",\"@id\":\"https:\/\/luchonoticias.com\/editor\/#website\",\"url\":\"https:\/\/luchonoticias.com\/editor\/\",\"name\":\"\",\"description\":\"\",\"publisher\":{\"@id\":\"https:\/\/luchonoticias.com\/editor\/#\/schema\/person\/7a7fd911f58561fd056dbac7b55af9cd\"},\"potentialAction\":[{\"@type\":\"SearchAction\",\"target\":{\"@type\":\"EntryPoint\",\"urlTemplate\":\"https:\/\/luchonoticias.com\/editor\/?s={search_term_string}\"},\"query-input\":{\"@type\":\"PropertyValueSpecification\",\"valueRequired\":true,\"valueName\":\"search_term_string\"}}],\"inLanguage\":\"es\"},{\"@type\":[\"Person\",\"Organization\"],\"@id\":\"https:\/\/luchonoticias.com\/editor\/#\/schema\/person\/7a7fd911f58561fd056dbac7b55af9cd\",\"name\":\"admin\",\"image\":{\"@type\":\"ImageObject\",\"inLanguage\":\"es\",\"@id\":\"https:\/\/luchonoticias.com\/editor\/#\/schema\/person\/image\/\",\"url\":\"https:\/\/luchonoticias.com\/editor\/wp-content\/uploads\/2024\/02\/cropped-cropped-logolu.webp\",\"contentUrl\":\"https:\/\/luchonoticias.com\/editor\/wp-content\/uploads\/2024\/02\/cropped-cropped-logolu.webp\",\"width\":382,\"height\":170,\"caption\":\"admin\"},\"logo\":{\"@id\":\"https:\/\/luchonoticias.com\/editor\/#\/schema\/person\/image\/\"},\"sameAs\":[\"https:\/\/www.facebook.com\/luchonoticiasneiva\"]},{\"@type\":\"Person\",\"@id\":\"https:\/\/luchonoticias.com\/editor\/#\/schema\/person\/29217990ddf6f14e35912b2866d591fb\",\"name\":\"Editor General\",\"image\":{\"@type\":\"ImageObject\",\"inLanguage\":\"es\",\"@id\":\"https:\/\/luchonoticias.com\/editor\/#\/schema\/person\/image\/\",\"url\":\"https:\/\/luchonoticias.com\/editor\/wp-content\/uploads\/2024\/02\/cropped-cropped-logolu-150x150.webp\",\"contentUrl\":\"https:\/\/luchonoticias.com\/editor\/wp-content\/uploads\/2024\/02\/cropped-cropped-logolu-150x150.webp\",\"caption\":\"Editor General\"},\"sameAs\":[\"https:\/\/luchonoticias.com\/\"],\"url\":\"https:\/\/luchonoticias.com\/editor\/author\/editor-general\/\"}]}<\/script>\n<!-- \/ Yoast SEO plugin. -->","yoast_head_json":{"title":"Somos la Administraci\u00f3n que m\u00e1s ha invertido en los \u00faltimos a\u00f1os en Neiva: Gorky Mu\u00f1oz -","robots":{"index":"index","follow":"follow","max-snippet":"max-snippet:-1","max-image-preview":"max-image-preview:large","max-video-preview":"max-video-preview:-1"},"canonical":"https:\/\/luchonoticias.com\/editor\/somos-la-administracion-que-mas-ha-invertido-en-los-ultimos-anos-en-neiva-gorky-munoz\/","og_locale":"es_ES","og_type":"article","og_title":"Somos la Administraci\u00f3n que m\u00e1s ha invertido en los \u00faltimos a\u00f1os en Neiva: Gorky Mu\u00f1oz -","og_url":"https:\/\/luchonoticias.com\/editor\/somos-la-administracion-que-mas-ha-invertido-en-los-ultimos-anos-en-neiva-gorky-munoz\/","article_publisher":"https:\/\/www.facebook.com\/luchonoticiasneiva","article_published_time":"2023-03-04T12:07:33+00:00","article_modified_time":"2023-03-04T12:07:35+00:00","og_image":[{"url":"https:\/\/luchonoticias.com\/wp-content\/uploads\/2023\/03\/WhatsApp-Image-2023-03-03-at-6.43.05-PM-1-1024x684.jpeg","type":"","width":"","height":""}],"author":"Editor General","twitter_card":"summary_large_image","twitter_misc":{"Escrito por":"Editor General","Tiempo de lectura":"5 minutos"},"schema":{"@context":"https:\/\/schema.org","@graph":[{"@type":"Article","@id":"https:\/\/luchonoticias.com\/editor\/somos-la-administracion-que-mas-ha-invertido-en-los-ultimos-anos-en-neiva-gorky-munoz\/#article","isPartOf":{"@id":"https:\/\/luchonoticias.com\/editor\/somos-la-administracion-que-mas-ha-invertido-en-los-ultimos-anos-en-neiva-gorky-munoz\/"},"author":{"name":"Editor General","@id":"https:\/\/luchonoticias.com\/editor\/#\/schema\/person\/29217990ddf6f14e35912b2866d591fb"},"headline":"Somos la Administraci\u00f3n que m\u00e1s ha invertido en los \u00faltimos a\u00f1os en Neiva: Gorky Mu\u00f1oz","datePublished":"2023-03-04T12:07:33+00:00","dateModified":"2023-03-04T12:07:35+00:00","mainEntityOfPage":{"@id":"https:\/\/luchonoticias.com\/editor\/somos-la-administracion-que-mas-ha-invertido-en-los-ultimos-anos-en-neiva-gorky-munoz\/"},"wordCount":963,"commentCount":0,"publisher":{"@id":"https:\/\/luchonoticias.com\/editor\/#\/schema\/person\/7a7fd911f58561fd056dbac7b55af9cd"},"image":{"@id":"https:\/\/luchonoticias.com\/editor\/somos-la-administracion-que-mas-ha-invertido-en-los-ultimos-anos-en-neiva-gorky-munoz\/#primaryimage"},"thumbnailUrl":"https:\/\/luchonoticias.com\/wp-content\/uploads\/2023\/03\/WhatsApp-Image-2023-03-03-at-6.43.05-PM-1-1024x684.jpeg","articleSection":["Destacado","Neiva"],"inLanguage":"es","potentialAction":[{"@type":"CommentAction","name":"Comment","target":["https:\/\/luchonoticias.com\/editor\/somos-la-administracion-que-mas-ha-invertido-en-los-ultimos-anos-en-neiva-gorky-munoz\/#respond"]}]},{"@type":"WebPage","@id":"https:\/\/luchonoticias.com\/editor\/somos-la-administracion-que-mas-ha-invertido-en-los-ultimos-anos-en-neiva-gorky-munoz\/","url":"https:\/\/luchonoticias.com\/editor\/somos-la-administracion-que-mas-ha-invertido-en-los-ultimos-anos-en-neiva-gorky-munoz\/","name":"Somos la Administraci\u00f3n que m\u00e1s ha invertido en los \u00faltimos a\u00f1os en Neiva: Gorky Mu\u00f1oz -","isPartOf":{"@id":"https:\/\/luchonoticias.com\/editor\/#website"},"primaryImageOfPage":{"@id":"https:\/\/luchonoticias.com\/editor\/somos-la-administracion-que-mas-ha-invertido-en-los-ultimos-anos-en-neiva-gorky-munoz\/#primaryimage"},"image":{"@id":"https:\/\/luchonoticias.com\/editor\/somos-la-administracion-que-mas-ha-invertido-en-los-ultimos-anos-en-neiva-gorky-munoz\/#primaryimage"},"thumbnailUrl":"https:\/\/luchonoticias.com\/wp-content\/uploads\/2023\/03\/WhatsApp-Image-2023-03-03-at-6.43.05-PM-1-1024x684.jpeg","datePublished":"2023-03-04T12:07:33+00:00","dateModified":"2023-03-04T12:07:35+00:00","breadcrumb":{"@id":"https:\/\/luchonoticias.com\/editor\/somos-la-administracion-que-mas-ha-invertido-en-los-ultimos-anos-en-neiva-gorky-munoz\/#breadcrumb"},"inLanguage":"es","potentialAction":[{"@type":"ReadAction","target":["https:\/\/luchonoticias.com\/editor\/somos-la-administracion-que-mas-ha-invertido-en-los-ultimos-anos-en-neiva-gorky-munoz\/"]}]},{"@type":"ImageObject","inLanguage":"es","@id":"https:\/\/luchonoticias.com\/editor\/somos-la-administracion-que-mas-ha-invertido-en-los-ultimos-anos-en-neiva-gorky-munoz\/#primaryimage","url":"https:\/\/luchonoticias.com\/wp-content\/uploads\/2023\/03\/WhatsApp-Image-2023-03-03-at-6.43.05-PM-1-1024x684.jpeg","contentUrl":"https:\/\/luchonoticias.com\/wp-content\/uploads\/2023\/03\/WhatsApp-Image-2023-03-03-at-6.43.05-PM-1-1024x684.jpeg"},{"@type":"BreadcrumbList","@id":"https:\/\/luchonoticias.com\/editor\/somos-la-administracion-que-mas-ha-invertido-en-los-ultimos-anos-en-neiva-gorky-munoz\/#breadcrumb","itemListElement":[{"@type":"ListItem","position":1,"name":"Portada","item":"https:\/\/luchonoticias.com\/editor\/"},{"@type":"ListItem","position":2,"name":"Somos la Administraci\u00f3n que m\u00e1s ha invertido en los \u00faltimos a\u00f1os en Neiva: Gorky Mu\u00f1oz"}]},{"@type":"WebSite","@id":"https:\/\/luchonoticias.com\/editor\/#website","url":"https:\/\/luchonoticias.com\/editor\/","name":"","description":"","publisher":{"@id":"https:\/\/luchonoticias.com\/editor\/#\/schema\/person\/7a7fd911f58561fd056dbac7b55af9cd"},"potentialAction":[{"@type":"SearchAction","target":{"@type":"EntryPoint","urlTemplate":"https:\/\/luchonoticias.com\/editor\/?s={search_term_string}"},"query-input":{"@type":"PropertyValueSpecification","valueRequired":true,"valueName":"search_term_string"}}],"inLanguage":"es"},{"@type":["Person","Organization"],"@id":"https:\/\/luchonoticias.com\/editor\/#\/schema\/person\/7a7fd911f58561fd056dbac7b55af9cd","name":"admin","image":{"@type":"ImageObject","inLanguage":"es","@id":"https:\/\/luchonoticias.com\/editor\/#\/schema\/person\/image\/","url":"https:\/\/luchonoticias.com\/editor\/wp-content\/uploads\/2024\/02\/cropped-cropped-logolu.webp","contentUrl":"https:\/\/luchonoticias.com\/editor\/wp-content\/uploads\/2024\/02\/cropped-cropped-logolu.webp","width":382,"height":170,"caption":"admin"},"logo":{"@id":"https:\/\/luchonoticias.com\/editor\/#\/schema\/person\/image\/"},"sameAs":["https:\/\/www.facebook.com\/luchonoticiasneiva"]},{"@type":"Person","@id":"https:\/\/luchonoticias.com\/editor\/#\/schema\/person\/29217990ddf6f14e35912b2866d591fb","name":"Editor General","image":{"@type":"ImageObject","inLanguage":"es","@id":"https:\/\/luchonoticias.com\/editor\/#\/schema\/person\/image\/","url":"https:\/\/luchonoticias.com\/editor\/wp-content\/uploads\/2024\/02\/cropped-cropped-logolu-150x150.webp","contentUrl":"https:\/\/luchonoticias.com\/editor\/wp-content\/uploads\/2024\/02\/cropped-cropped-logolu-150x150.webp","caption":"Editor General"},"sameAs":["https:\/\/luchonoticias.com\/"],"url":"https:\/\/luchonoticias.com\/editor\/author\/editor-general\/"}]}},"_links":{"self":[{"href":"https:\/\/luchonoticias.com\/editor\/wp-json\/wp\/v2\/posts\/47438","targetHints":{"allow":["GET"]}}],"collection":[{"href":"https:\/\/luchonoticias.com\/editor\/wp-json\/wp\/v2\/posts"}],"about":[{"href":"https:\/\/luchonoticias.com\/editor\/wp-json\/wp\/v2\/types\/post"}],"author":[{"embeddable":true,"href":"https:\/\/luchonoticias.com\/editor\/wp-json\/wp\/v2\/users\/2"}],"replies":[{"embeddable":true,"href":"https:\/\/luchonoticias.com\/editor\/wp-json\/wp\/v2\/comments?post=47438"}],"version-history":[{"count":0,"href":"https:\/\/luchonoticias.com\/editor\/wp-json\/wp\/v2\/posts\/47438\/revisions"}],"wp:attachment":[{"href":"https:\/\/luchonoticias.com\/editor\/wp-json\/wp\/v2\/media?parent=47438"}],"wp:term":[{"taxonomy":"category","embeddable":true,"href":"https:\/\/luchonoticias.com\/editor\/wp-json\/wp\/v2\/categories?post=47438"},{"taxonomy":"post_tag","embeddable":true,"href":"https:\/\/luchonoticias.com\/editor\/wp-json\/wp\/v2\/tags?post=47438"}],"curies":[{"name":"wp","href":"https:\/\/api.w.org\/{rel}","templated":true}]}}