{"id":47448,"date":"2023-03-04T07:09:53","date_gmt":"2023-03-04T12:09:53","guid":{"rendered":"https:\/\/luchonoticias.com\/?p=47448"},"modified":"2023-03-04T07:09:54","modified_gmt":"2023-03-04T12:09:54","slug":"masiva-afluencia-de-publico-en-feria-de-la-hamburguesa-en-neiva","status":"publish","type":"post","link":"https:\/\/luchonoticias.com\/editor\/masiva-afluencia-de-publico-en-feria-de-la-hamburguesa-en-neiva\/","title":{"rendered":"Masiva afluencia de p\u00fablico en Feria de la Hamburguesa en Neiva"},"content":{"rendered":"\n<p>Una vez m\u00e1s, la &#8216;Feria de la Hamburguesa&#8217; que lleg\u00f3 a la capital opita, la \u201csaco del estadio\u201d; el evento, es un espacio donde 20 empresarios y emprendedores tienen la oportunidad de dar a conocer su m\u00e1s exquisito producto. Esta actividad apoyada por la Alcald\u00eda de Neiva, a trav\u00e9s de la Oficina de Internacionalizaci\u00f3n y Proyectos, busca seguir fortaleciendo la reactivaci\u00f3n del sector gastron\u00f3mico de la ciudad.<\/p>\n\n\n\n<p>La feria que inicio el pasado jueves en las instalaciones del Parque Sevilla, ha sido hasta ahora un \u00e9xito total y este fin de semana continuar\u00e1 brindando a los comensales, hamburguesas de diferentes sabores e ingredientes, pero con el mismo precio: $18.000, el cual contiene la hamburguesa, papas y gaseosa.<\/p>\n\n\n\n<figure class=\"wp-block-gallery has-nested-images columns-default is-cropped wp-block-gallery-1 is-layout-flex wp-block-gallery-is-layout-flex\">\n<figure class=\"wp-block-image size-large\"><img decoding=\"async\" data-id=\"47450\" src=\"https:\/\/luchonoticias.com\/wp-content\/uploads\/2023\/03\/WhatsApp-Image-2023-03-03-at-9.48.30-PM-1024x768.jpeg\" alt=\"\" class=\"wp-image-47450\"\/><\/figure>\n\n\n\n<figure class=\"wp-block-image size-large\"><img decoding=\"async\" data-id=\"47451\" src=\"https:\/\/luchonoticias.com\/wp-content\/uploads\/2023\/03\/WhatsApp-Image-2023-03-03-at-9.48.29-PM-2-1024x768.jpeg\" alt=\"\" class=\"wp-image-47451\"\/><\/figure>\n<\/figure>\n\n\n\n<p><strong>Gracias por el apoyo<\/strong><\/p>\n\n\n\n<p>David Vargas, due\u00f1o del restaurante \u2018Food Fruck de la Felicidad\u2019 agradeci\u00f3 la oportunidad que les brindan para dar a conocer sus productos, adem\u00e1s habl\u00f3 sobre la importancia de que se sigan realizando estas actividades para reactivar la econom\u00eda del sector de la gastronom\u00eda.<\/p>\n\n\n\n<p>\u201cEsta feria es la oportunidad clara para iniciar el emprendimiento, es un proyecto muy bien elaborado inicialmente por el se\u00f1or Rafael y es una gran oportunidad para disfrutar de los diferentes sabores y gastronom\u00eda de los emprendedores huilenses\u201d, expres\u00f3 el emprendedor.<\/p>\n\n\n\n<p>Ma\u00f1ana s\u00e1bado y domingo, la actividad se adelantar\u00e1 de 12.00 m. a 9:30 p.m. para que todos los neivanos visiten la feria y degusten diferentes sabores de hamburguesas.<\/p>\n\n\n\n<p>Gabriel Andr\u00e9s Ram\u00edrez, neivano que visit\u00f3 la feria expres\u00f3 que estos espacios son muy importantes en la ciudad, para el crecimiento de la econom\u00eda de todos los neivanos.<\/p>\n\n\n\n<p>\u201cEsta actividad, me parece algo muy positivo para la ciudad porque permite un espacio no solamente para comer, si no de socializaci\u00f3n, de nuevos emprendimientos, de nuevas formas de hacer hamburguesas, como la lechona, esto es muy productivo\u201d, sostuvo Ram\u00edrez.<\/p>\n\n\n\n<figure class=\"wp-block-gallery has-nested-images columns-default is-cropped wp-block-gallery-2 is-layout-flex wp-block-gallery-is-layout-flex\">\n<figure class=\"wp-block-image size-large\"><img decoding=\"async\" data-id=\"47452\" src=\"https:\/\/luchonoticias.com\/wp-content\/uploads\/2023\/03\/WhatsApp-Image-2023-03-03-at-9.48.28-PM-1-1024x768.jpeg\" alt=\"\" class=\"wp-image-47452\"\/><\/figure>\n\n\n\n<figure class=\"wp-block-image size-large\"><img decoding=\"async\" data-id=\"47453\" src=\"https:\/\/luchonoticias.com\/wp-content\/uploads\/2023\/03\/WhatsApp-Image-2023-03-03-at-9.48.28-PM-1024x768.jpeg\" alt=\"\" class=\"wp-image-47453\"\/><\/figure>\n<\/figure>\n\n\n\n<p><strong>Emprendedores e innovadores<\/strong><\/p>\n\n\n\n<p>A su vez, Maricela D\u00edaz, de la lechoneria \u2018Oing Oing\u2019 dijo \u201cque es un espacio espectacular donde podemos brindar nuestros productos, ahora estamos en lanzamiento de nuestra nueva hamburguesa con lechona, viene la carne, una buena porci\u00f3n de lechona bien crocante; invito a toda la gente opita para que se acerque al Parque Sevilla\u201d.<\/p>\n\n\n\n<p>Finalmente, Rafael Calvo, organizador de la Feria de la Hamburguesa &#8211; Colombia, hizo extensiva la invitaci\u00f3n a todos los neivanos para que visiten este fin de semana a los 20 restaurantes que est\u00e1n exponiendo sus mejores productos, y record\u00f3 que el emprendedor que m\u00e1s hamburguesas venda ser\u00e1 el ganador y tendr\u00e1 el beneficio del pr\u00f3ximo a\u00f1o participar sin ning\u00fan costo adicional.<\/p>\n\n\n\n<p>\u201cEl combo vale 18 mil pesos, y se consumen a trav\u00e9s de los tickets para as\u00ed tener el control y saber qui\u00e9n es el que m\u00e1s vende, el que m\u00e1s tiquetes tenga es el ganador de la feria, gana la invitaci\u00f3n para el pr\u00f3ximo a\u00f1o sin ning\u00fan costo, as\u00ed que vengan y disfruten en familia\u201d.<\/p>\n","protected":false},"excerpt":{"rendered":"<p>Una vez m\u00e1s, la &#8216;Feria de la Hamburguesa&#8217; que lleg\u00f3 a la capital opita, la \u201csaco del estadio\u201d; el evento, es un espacio donde 20 empresarios y emprendedores tienen la oportunidad de dar a conocer su m\u00e1s exquisito producto. Esta actividad apoyada por la Alcald\u00eda de Neiva, a trav\u00e9s de la Oficina de Internacionalizaci\u00f3n y [&hellip;]<\/p>\n","protected":false},"author":2,"featured_media":0,"comment_status":"open","ping_status":"open","sticky":false,"template":"","format":"standard","meta":{"footnotes":""},"categories":[36,31],"tags":[],"class_list":["post-47448","post","type-post","status-publish","format-standard","hentry","category-destacado","category-local"],"yoast_head":"<!-- This site is optimized with the Yoast SEO plugin v26.6 - https:\/\/yoast.com\/wordpress\/plugins\/seo\/ -->\n<title>Masiva afluencia de p\u00fablico en Feria de la Hamburguesa en Neiva -<\/title>\n<meta name=\"robots\" content=\"index, follow, max-snippet:-1, max-image-preview:large, max-video-preview:-1\" \/>\n<link rel=\"canonical\" href=\"https:\/\/luchonoticias.com\/editor\/masiva-afluencia-de-publico-en-feria-de-la-hamburguesa-en-neiva\/\" \/>\n<meta property=\"og:locale\" content=\"es_ES\" \/>\n<meta property=\"og:type\" content=\"article\" \/>\n<meta property=\"og:title\" content=\"Masiva afluencia de p\u00fablico en Feria de la Hamburguesa en Neiva -\" \/>\n<meta property=\"og:url\" content=\"https:\/\/luchonoticias.com\/editor\/masiva-afluencia-de-publico-en-feria-de-la-hamburguesa-en-neiva\/\" \/>\n<meta property=\"article:publisher\" content=\"https:\/\/www.facebook.com\/luchonoticiasneiva\" \/>\n<meta property=\"article:published_time\" content=\"2023-03-04T12:09:53+00:00\" \/>\n<meta property=\"article:modified_time\" content=\"2023-03-04T12:09:54+00:00\" \/>\n<meta property=\"og:image\" content=\"https:\/\/luchonoticias.com\/wp-content\/uploads\/2023\/03\/WhatsApp-Image-2023-03-03-at-9.48.30-PM-1024x768.jpeg\" \/>\n<meta name=\"author\" content=\"Editor General\" \/>\n<meta name=\"twitter:card\" content=\"summary_large_image\" \/>\n<meta name=\"twitter:label1\" content=\"Escrito por\" \/>\n\t<meta name=\"twitter:data1\" content=\"Editor General\" \/>\n\t<meta name=\"twitter:label2\" content=\"Tiempo de lectura\" \/>\n\t<meta name=\"twitter:data2\" content=\"3 minutos\" \/>\n<script type=\"application\/ld+json\" class=\"yoast-schema-graph\">{\"@context\":\"https:\/\/schema.org\",\"@graph\":[{\"@type\":\"Article\",\"@id\":\"https:\/\/luchonoticias.com\/editor\/masiva-afluencia-de-publico-en-feria-de-la-hamburguesa-en-neiva\/#article\",\"isPartOf\":{\"@id\":\"https:\/\/luchonoticias.com\/editor\/masiva-afluencia-de-publico-en-feria-de-la-hamburguesa-en-neiva\/\"},\"author\":{\"name\":\"Editor General\",\"@id\":\"https:\/\/luchonoticias.com\/editor\/#\/schema\/person\/29217990ddf6f14e35912b2866d591fb\"},\"headline\":\"Masiva afluencia de p\u00fablico en Feria de la Hamburguesa en Neiva\",\"datePublished\":\"2023-03-04T12:09:53+00:00\",\"dateModified\":\"2023-03-04T12:09:54+00:00\",\"mainEntityOfPage\":{\"@id\":\"https:\/\/luchonoticias.com\/editor\/masiva-afluencia-de-publico-en-feria-de-la-hamburguesa-en-neiva\/\"},\"wordCount\":517,\"commentCount\":0,\"publisher\":{\"@id\":\"https:\/\/luchonoticias.com\/editor\/#\/schema\/person\/7a7fd911f58561fd056dbac7b55af9cd\"},\"image\":{\"@id\":\"https:\/\/luchonoticias.com\/editor\/masiva-afluencia-de-publico-en-feria-de-la-hamburguesa-en-neiva\/#primaryimage\"},\"thumbnailUrl\":\"https:\/\/luchonoticias.com\/wp-content\/uploads\/2023\/03\/WhatsApp-Image-2023-03-03-at-9.48.30-PM-1024x768.jpeg\",\"articleSection\":[\"Destacado\",\"Local\"],\"inLanguage\":\"es\",\"potentialAction\":[{\"@type\":\"CommentAction\",\"name\":\"Comment\",\"target\":[\"https:\/\/luchonoticias.com\/editor\/masiva-afluencia-de-publico-en-feria-de-la-hamburguesa-en-neiva\/#respond\"]}]},{\"@type\":\"WebPage\",\"@id\":\"https:\/\/luchonoticias.com\/editor\/masiva-afluencia-de-publico-en-feria-de-la-hamburguesa-en-neiva\/\",\"url\":\"https:\/\/luchonoticias.com\/editor\/masiva-afluencia-de-publico-en-feria-de-la-hamburguesa-en-neiva\/\",\"name\":\"Masiva afluencia de p\u00fablico en Feria de la Hamburguesa en Neiva -\",\"isPartOf\":{\"@id\":\"https:\/\/luchonoticias.com\/editor\/#website\"},\"primaryImageOfPage\":{\"@id\":\"https:\/\/luchonoticias.com\/editor\/masiva-afluencia-de-publico-en-feria-de-la-hamburguesa-en-neiva\/#primaryimage\"},\"image\":{\"@id\":\"https:\/\/luchonoticias.com\/editor\/masiva-afluencia-de-publico-en-feria-de-la-hamburguesa-en-neiva\/#primaryimage\"},\"thumbnailUrl\":\"https:\/\/luchonoticias.com\/wp-content\/uploads\/2023\/03\/WhatsApp-Image-2023-03-03-at-9.48.30-PM-1024x768.jpeg\",\"datePublished\":\"2023-03-04T12:09:53+00:00\",\"dateModified\":\"2023-03-04T12:09:54+00:00\",\"breadcrumb\":{\"@id\":\"https:\/\/luchonoticias.com\/editor\/masiva-afluencia-de-publico-en-feria-de-la-hamburguesa-en-neiva\/#breadcrumb\"},\"inLanguage\":\"es\",\"potentialAction\":[{\"@type\":\"ReadAction\",\"target\":[\"https:\/\/luchonoticias.com\/editor\/masiva-afluencia-de-publico-en-feria-de-la-hamburguesa-en-neiva\/\"]}]},{\"@type\":\"ImageObject\",\"inLanguage\":\"es\",\"@id\":\"https:\/\/luchonoticias.com\/editor\/masiva-afluencia-de-publico-en-feria-de-la-hamburguesa-en-neiva\/#primaryimage\",\"url\":\"https:\/\/luchonoticias.com\/wp-content\/uploads\/2023\/03\/WhatsApp-Image-2023-03-03-at-9.48.30-PM-1024x768.jpeg\",\"contentUrl\":\"https:\/\/luchonoticias.com\/wp-content\/uploads\/2023\/03\/WhatsApp-Image-2023-03-03-at-9.48.30-PM-1024x768.jpeg\"},{\"@type\":\"BreadcrumbList\",\"@id\":\"https:\/\/luchonoticias.com\/editor\/masiva-afluencia-de-publico-en-feria-de-la-hamburguesa-en-neiva\/#breadcrumb\",\"itemListElement\":[{\"@type\":\"ListItem\",\"position\":1,\"name\":\"Portada\",\"item\":\"https:\/\/luchonoticias.com\/editor\/\"},{\"@type\":\"ListItem\",\"position\":2,\"name\":\"Masiva afluencia de p\u00fablico en Feria de la Hamburguesa en Neiva\"}]},{\"@type\":\"WebSite\",\"@id\":\"https:\/\/luchonoticias.com\/editor\/#website\",\"url\":\"https:\/\/luchonoticias.com\/editor\/\",\"name\":\"\",\"description\":\"\",\"publisher\":{\"@id\":\"https:\/\/luchonoticias.com\/editor\/#\/schema\/person\/7a7fd911f58561fd056dbac7b55af9cd\"},\"potentialAction\":[{\"@type\":\"SearchAction\",\"target\":{\"@type\":\"EntryPoint\",\"urlTemplate\":\"https:\/\/luchonoticias.com\/editor\/?s={search_term_string}\"},\"query-input\":{\"@type\":\"PropertyValueSpecification\",\"valueRequired\":true,\"valueName\":\"search_term_string\"}}],\"inLanguage\":\"es\"},{\"@type\":[\"Person\",\"Organization\"],\"@id\":\"https:\/\/luchonoticias.com\/editor\/#\/schema\/person\/7a7fd911f58561fd056dbac7b55af9cd\",\"name\":\"admin\",\"image\":{\"@type\":\"ImageObject\",\"inLanguage\":\"es\",\"@id\":\"https:\/\/luchonoticias.com\/editor\/#\/schema\/person\/image\/\",\"url\":\"https:\/\/luchonoticias.com\/editor\/wp-content\/uploads\/2024\/02\/cropped-cropped-logolu.webp\",\"contentUrl\":\"https:\/\/luchonoticias.com\/editor\/wp-content\/uploads\/2024\/02\/cropped-cropped-logolu.webp\",\"width\":382,\"height\":170,\"caption\":\"admin\"},\"logo\":{\"@id\":\"https:\/\/luchonoticias.com\/editor\/#\/schema\/person\/image\/\"},\"sameAs\":[\"https:\/\/www.facebook.com\/luchonoticiasneiva\"]},{\"@type\":\"Person\",\"@id\":\"https:\/\/luchonoticias.com\/editor\/#\/schema\/person\/29217990ddf6f14e35912b2866d591fb\",\"name\":\"Editor General\",\"image\":{\"@type\":\"ImageObject\",\"inLanguage\":\"es\",\"@id\":\"https:\/\/luchonoticias.com\/editor\/#\/schema\/person\/image\/\",\"url\":\"https:\/\/luchonoticias.com\/editor\/wp-content\/uploads\/2024\/02\/cropped-cropped-logolu-150x150.webp\",\"contentUrl\":\"https:\/\/luchonoticias.com\/editor\/wp-content\/uploads\/2024\/02\/cropped-cropped-logolu-150x150.webp\",\"caption\":\"Editor General\"},\"sameAs\":[\"https:\/\/luchonoticias.com\/\"],\"url\":\"https:\/\/luchonoticias.com\/editor\/author\/editor-general\/\"}]}<\/script>\n<!-- \/ Yoast SEO plugin. -->","yoast_head_json":{"title":"Masiva afluencia de p\u00fablico en Feria de la Hamburguesa en Neiva -","robots":{"index":"index","follow":"follow","max-snippet":"max-snippet:-1","max-image-preview":"max-image-preview:large","max-video-preview":"max-video-preview:-1"},"canonical":"https:\/\/luchonoticias.com\/editor\/masiva-afluencia-de-publico-en-feria-de-la-hamburguesa-en-neiva\/","og_locale":"es_ES","og_type":"article","og_title":"Masiva afluencia de p\u00fablico en Feria de la Hamburguesa en Neiva -","og_url":"https:\/\/luchonoticias.com\/editor\/masiva-afluencia-de-publico-en-feria-de-la-hamburguesa-en-neiva\/","article_publisher":"https:\/\/www.facebook.com\/luchonoticiasneiva","article_published_time":"2023-03-04T12:09:53+00:00","article_modified_time":"2023-03-04T12:09:54+00:00","og_image":[{"url":"https:\/\/luchonoticias.com\/wp-content\/uploads\/2023\/03\/WhatsApp-Image-2023-03-03-at-9.48.30-PM-1024x768.jpeg","type":"","width":"","height":""}],"author":"Editor General","twitter_card":"summary_large_image","twitter_misc":{"Escrito por":"Editor General","Tiempo de lectura":"3 minutos"},"schema":{"@context":"https:\/\/schema.org","@graph":[{"@type":"Article","@id":"https:\/\/luchonoticias.com\/editor\/masiva-afluencia-de-publico-en-feria-de-la-hamburguesa-en-neiva\/#article","isPartOf":{"@id":"https:\/\/luchonoticias.com\/editor\/masiva-afluencia-de-publico-en-feria-de-la-hamburguesa-en-neiva\/"},"author":{"name":"Editor General","@id":"https:\/\/luchonoticias.com\/editor\/#\/schema\/person\/29217990ddf6f14e35912b2866d591fb"},"headline":"Masiva afluencia de p\u00fablico en Feria de la Hamburguesa en Neiva","datePublished":"2023-03-04T12:09:53+00:00","dateModified":"2023-03-04T12:09:54+00:00","mainEntityOfPage":{"@id":"https:\/\/luchonoticias.com\/editor\/masiva-afluencia-de-publico-en-feria-de-la-hamburguesa-en-neiva\/"},"wordCount":517,"commentCount":0,"publisher":{"@id":"https:\/\/luchonoticias.com\/editor\/#\/schema\/person\/7a7fd911f58561fd056dbac7b55af9cd"},"image":{"@id":"https:\/\/luchonoticias.com\/editor\/masiva-afluencia-de-publico-en-feria-de-la-hamburguesa-en-neiva\/#primaryimage"},"thumbnailUrl":"https:\/\/luchonoticias.com\/wp-content\/uploads\/2023\/03\/WhatsApp-Image-2023-03-03-at-9.48.30-PM-1024x768.jpeg","articleSection":["Destacado","Local"],"inLanguage":"es","potentialAction":[{"@type":"CommentAction","name":"Comment","target":["https:\/\/luchonoticias.com\/editor\/masiva-afluencia-de-publico-en-feria-de-la-hamburguesa-en-neiva\/#respond"]}]},{"@type":"WebPage","@id":"https:\/\/luchonoticias.com\/editor\/masiva-afluencia-de-publico-en-feria-de-la-hamburguesa-en-neiva\/","url":"https:\/\/luchonoticias.com\/editor\/masiva-afluencia-de-publico-en-feria-de-la-hamburguesa-en-neiva\/","name":"Masiva afluencia de p\u00fablico en Feria de la Hamburguesa en Neiva -","isPartOf":{"@id":"https:\/\/luchonoticias.com\/editor\/#website"},"primaryImageOfPage":{"@id":"https:\/\/luchonoticias.com\/editor\/masiva-afluencia-de-publico-en-feria-de-la-hamburguesa-en-neiva\/#primaryimage"},"image":{"@id":"https:\/\/luchonoticias.com\/editor\/masiva-afluencia-de-publico-en-feria-de-la-hamburguesa-en-neiva\/#primaryimage"},"thumbnailUrl":"https:\/\/luchonoticias.com\/wp-content\/uploads\/2023\/03\/WhatsApp-Image-2023-03-03-at-9.48.30-PM-1024x768.jpeg","datePublished":"2023-03-04T12:09:53+00:00","dateModified":"2023-03-04T12:09:54+00:00","breadcrumb":{"@id":"https:\/\/luchonoticias.com\/editor\/masiva-afluencia-de-publico-en-feria-de-la-hamburguesa-en-neiva\/#breadcrumb"},"inLanguage":"es","potentialAction":[{"@type":"ReadAction","target":["https:\/\/luchonoticias.com\/editor\/masiva-afluencia-de-publico-en-feria-de-la-hamburguesa-en-neiva\/"]}]},{"@type":"ImageObject","inLanguage":"es","@id":"https:\/\/luchonoticias.com\/editor\/masiva-afluencia-de-publico-en-feria-de-la-hamburguesa-en-neiva\/#primaryimage","url":"https:\/\/luchonoticias.com\/wp-content\/uploads\/2023\/03\/WhatsApp-Image-2023-03-03-at-9.48.30-PM-1024x768.jpeg","contentUrl":"https:\/\/luchonoticias.com\/wp-content\/uploads\/2023\/03\/WhatsApp-Image-2023-03-03-at-9.48.30-PM-1024x768.jpeg"},{"@type":"BreadcrumbList","@id":"https:\/\/luchonoticias.com\/editor\/masiva-afluencia-de-publico-en-feria-de-la-hamburguesa-en-neiva\/#breadcrumb","itemListElement":[{"@type":"ListItem","position":1,"name":"Portada","item":"https:\/\/luchonoticias.com\/editor\/"},{"@type":"ListItem","position":2,"name":"Masiva afluencia de p\u00fablico en Feria de la Hamburguesa en Neiva"}]},{"@type":"WebSite","@id":"https:\/\/luchonoticias.com\/editor\/#website","url":"https:\/\/luchonoticias.com\/editor\/","name":"","description":"","publisher":{"@id":"https:\/\/luchonoticias.com\/editor\/#\/schema\/person\/7a7fd911f58561fd056dbac7b55af9cd"},"potentialAction":[{"@type":"SearchAction","target":{"@type":"EntryPoint","urlTemplate":"https:\/\/luchonoticias.com\/editor\/?s={search_term_string}"},"query-input":{"@type":"PropertyValueSpecification","valueRequired":true,"valueName":"search_term_string"}}],"inLanguage":"es"},{"@type":["Person","Organization"],"@id":"https:\/\/luchonoticias.com\/editor\/#\/schema\/person\/7a7fd911f58561fd056dbac7b55af9cd","name":"admin","image":{"@type":"ImageObject","inLanguage":"es","@id":"https:\/\/luchonoticias.com\/editor\/#\/schema\/person\/image\/","url":"https:\/\/luchonoticias.com\/editor\/wp-content\/uploads\/2024\/02\/cropped-cropped-logolu.webp","contentUrl":"https:\/\/luchonoticias.com\/editor\/wp-content\/uploads\/2024\/02\/cropped-cropped-logolu.webp","width":382,"height":170,"caption":"admin"},"logo":{"@id":"https:\/\/luchonoticias.com\/editor\/#\/schema\/person\/image\/"},"sameAs":["https:\/\/www.facebook.com\/luchonoticiasneiva"]},{"@type":"Person","@id":"https:\/\/luchonoticias.com\/editor\/#\/schema\/person\/29217990ddf6f14e35912b2866d591fb","name":"Editor General","image":{"@type":"ImageObject","inLanguage":"es","@id":"https:\/\/luchonoticias.com\/editor\/#\/schema\/person\/image\/","url":"https:\/\/luchonoticias.com\/editor\/wp-content\/uploads\/2024\/02\/cropped-cropped-logolu-150x150.webp","contentUrl":"https:\/\/luchonoticias.com\/editor\/wp-content\/uploads\/2024\/02\/cropped-cropped-logolu-150x150.webp","caption":"Editor General"},"sameAs":["https:\/\/luchonoticias.com\/"],"url":"https:\/\/luchonoticias.com\/editor\/author\/editor-general\/"}]}},"_links":{"self":[{"href":"https:\/\/luchonoticias.com\/editor\/wp-json\/wp\/v2\/posts\/47448","targetHints":{"allow":["GET"]}}],"collection":[{"href":"https:\/\/luchonoticias.com\/editor\/wp-json\/wp\/v2\/posts"}],"about":[{"href":"https:\/\/luchonoticias.com\/editor\/wp-json\/wp\/v2\/types\/post"}],"author":[{"embeddable":true,"href":"https:\/\/luchonoticias.com\/editor\/wp-json\/wp\/v2\/users\/2"}],"replies":[{"embeddable":true,"href":"https:\/\/luchonoticias.com\/editor\/wp-json\/wp\/v2\/comments?post=47448"}],"version-history":[{"count":0,"href":"https:\/\/luchonoticias.com\/editor\/wp-json\/wp\/v2\/posts\/47448\/revisions"}],"wp:attachment":[{"href":"https:\/\/luchonoticias.com\/editor\/wp-json\/wp\/v2\/media?parent=47448"}],"wp:term":[{"taxonomy":"category","embeddable":true,"href":"https:\/\/luchonoticias.com\/editor\/wp-json\/wp\/v2\/categories?post=47448"},{"taxonomy":"post_tag","embeddable":true,"href":"https:\/\/luchonoticias.com\/editor\/wp-json\/wp\/v2\/tags?post=47448"}],"curies":[{"name":"wp","href":"https:\/\/api.w.org\/{rel}","templated":true}]}}