{"id":47463,"date":"2023-03-04T10:55:25","date_gmt":"2023-03-04T15:55:25","guid":{"rendered":"https:\/\/luchonoticias.com\/?p=47463"},"modified":"2023-03-04T10:55:26","modified_gmt":"2023-03-04T15:55:26","slug":"por-robo-de-motos-cayo-el-pollo-en-pitalito","status":"publish","type":"post","link":"https:\/\/luchonoticias.com\/editor\/por-robo-de-motos-cayo-el-pollo-en-pitalito\/","title":{"rendered":"Por robo de motos cay\u00f3 &#8216;El Pollo\u2019 en Pitalito"},"content":{"rendered":"\n<p>En la ejecuci\u00f3n del \u201cPlan Cazador\u201d que adelanta el Departamento de Polic\u00eda Huila en los municipios, fue capturado en las \u00faltimas horas por orden judicial un actor criminal recurrente en Pitalito conocido como \u201cEl Pollo\u201d, el cual es se\u00f1alado del hurto de motos bajo la modalidad de atraco.<\/p>\n\n\n\n<p>Seg\u00fan la investigaci\u00f3n adelantada por la Seccional de Investigaci\u00f3n Criminal, el material probatorio y evidencia f\u00edsica indica que, Oscar Andr\u00e9s Amezquita Lozano de 22 a\u00f1os, alias \u201cEl Pollo\u201d, ser\u00eda el responsable del hurto de una moto el a\u00f1o anterior sobre la avenida Pastrana, el cual, habr\u00eda intimidado la v\u00edctima con arma de fuego hurt\u00e1ndole tambi\u00e9n sus elementos personales.<\/p>\n\n\n\n<p>Este sujeto quien era requerido por el juzgado primero penal municipal de Pitalito, presenta 10 anotaciones en el sistema SPOA de la Fiscal\u00eda por el delito de porte ilegal de armas de fuego, extorsi\u00f3n, hurto calificado, tr\u00e1fico de estupefacientes y receptaci\u00f3n.<\/p>\n\n\n\n<p>Seg\u00fan el coronel Gustavo Camargo, \u201csu captura se produjo el d\u00eda de ayer en inmediaciones del barrio San Antonio, mientras pretend\u00eda realizar un nuevo hecho delictivo. Esperando que le dicten medida se aseguramiento en centro carcelario, seguimos actuando de manera contundente ante estos delincuentes que afectan la tranquilidad de los laboyanos poni\u00e9ndolos a disposici\u00f3n de las autoridades competentes y sac\u00e1ndolos de las calles\u00bb<\/p>\n","protected":false},"excerpt":{"rendered":"<p>En la ejecuci\u00f3n del \u201cPlan Cazador\u201d que adelanta el Departamento de Polic\u00eda Huila en los municipios, fue capturado en las \u00faltimas horas por orden judicial un actor criminal recurrente en Pitalito conocido como \u201cEl Pollo\u201d, el cual es se\u00f1alado del hurto de motos bajo la modalidad de atraco. Seg\u00fan la investigaci\u00f3n adelantada por la Seccional [&hellip;]<\/p>\n","protected":false},"author":2,"featured_media":0,"comment_status":"open","ping_status":"open","sticky":false,"template":"","format":"standard","meta":{"footnotes":""},"categories":[36,29],"tags":[],"class_list":["post-47463","post","type-post","status-publish","format-standard","hentry","category-destacado","category-judicial"],"yoast_head":"<!-- This site is optimized with the Yoast SEO plugin v26.6 - https:\/\/yoast.com\/wordpress\/plugins\/seo\/ -->\n<title>Por robo de motos cay\u00f3 &#039;El Pollo\u2019 en Pitalito -<\/title>\n<meta name=\"robots\" content=\"index, follow, max-snippet:-1, max-image-preview:large, max-video-preview:-1\" \/>\n<link rel=\"canonical\" href=\"https:\/\/luchonoticias.com\/editor\/por-robo-de-motos-cayo-el-pollo-en-pitalito\/\" \/>\n<meta property=\"og:locale\" content=\"es_ES\" \/>\n<meta property=\"og:type\" content=\"article\" \/>\n<meta property=\"og:title\" content=\"Por robo de motos cay\u00f3 &#039;El Pollo\u2019 en Pitalito -\" \/>\n<meta property=\"og:url\" content=\"https:\/\/luchonoticias.com\/editor\/por-robo-de-motos-cayo-el-pollo-en-pitalito\/\" \/>\n<meta property=\"article:publisher\" content=\"https:\/\/www.facebook.com\/luchonoticiasneiva\" \/>\n<meta property=\"article:published_time\" content=\"2023-03-04T15:55:25+00:00\" \/>\n<meta property=\"article:modified_time\" content=\"2023-03-04T15:55:26+00:00\" \/>\n<meta name=\"author\" content=\"Editor General\" \/>\n<meta name=\"twitter:card\" content=\"summary_large_image\" \/>\n<meta name=\"twitter:label1\" content=\"Escrito por\" \/>\n\t<meta name=\"twitter:data1\" content=\"Editor General\" \/>\n\t<meta name=\"twitter:label2\" content=\"Tiempo de lectura\" \/>\n\t<meta name=\"twitter:data2\" content=\"1 minuto\" \/>\n<script type=\"application\/ld+json\" class=\"yoast-schema-graph\">{\"@context\":\"https:\/\/schema.org\",\"@graph\":[{\"@type\":\"Article\",\"@id\":\"https:\/\/luchonoticias.com\/editor\/por-robo-de-motos-cayo-el-pollo-en-pitalito\/#article\",\"isPartOf\":{\"@id\":\"https:\/\/luchonoticias.com\/editor\/por-robo-de-motos-cayo-el-pollo-en-pitalito\/\"},\"author\":{\"name\":\"Editor General\",\"@id\":\"https:\/\/luchonoticias.com\/editor\/#\/schema\/person\/29217990ddf6f14e35912b2866d591fb\"},\"headline\":\"Por robo de motos cay\u00f3 &#8216;El Pollo\u2019 en Pitalito\",\"datePublished\":\"2023-03-04T15:55:25+00:00\",\"dateModified\":\"2023-03-04T15:55:26+00:00\",\"mainEntityOfPage\":{\"@id\":\"https:\/\/luchonoticias.com\/editor\/por-robo-de-motos-cayo-el-pollo-en-pitalito\/\"},\"wordCount\":242,\"commentCount\":0,\"publisher\":{\"@id\":\"https:\/\/luchonoticias.com\/editor\/#\/schema\/person\/7a7fd911f58561fd056dbac7b55af9cd\"},\"articleSection\":[\"Destacado\",\"Judicial\"],\"inLanguage\":\"es\",\"potentialAction\":[{\"@type\":\"CommentAction\",\"name\":\"Comment\",\"target\":[\"https:\/\/luchonoticias.com\/editor\/por-robo-de-motos-cayo-el-pollo-en-pitalito\/#respond\"]}]},{\"@type\":\"WebPage\",\"@id\":\"https:\/\/luchonoticias.com\/editor\/por-robo-de-motos-cayo-el-pollo-en-pitalito\/\",\"url\":\"https:\/\/luchonoticias.com\/editor\/por-robo-de-motos-cayo-el-pollo-en-pitalito\/\",\"name\":\"Por robo de motos cay\u00f3 'El Pollo\u2019 en Pitalito -\",\"isPartOf\":{\"@id\":\"https:\/\/luchonoticias.com\/editor\/#website\"},\"datePublished\":\"2023-03-04T15:55:25+00:00\",\"dateModified\":\"2023-03-04T15:55:26+00:00\",\"breadcrumb\":{\"@id\":\"https:\/\/luchonoticias.com\/editor\/por-robo-de-motos-cayo-el-pollo-en-pitalito\/#breadcrumb\"},\"inLanguage\":\"es\",\"potentialAction\":[{\"@type\":\"ReadAction\",\"target\":[\"https:\/\/luchonoticias.com\/editor\/por-robo-de-motos-cayo-el-pollo-en-pitalito\/\"]}]},{\"@type\":\"BreadcrumbList\",\"@id\":\"https:\/\/luchonoticias.com\/editor\/por-robo-de-motos-cayo-el-pollo-en-pitalito\/#breadcrumb\",\"itemListElement\":[{\"@type\":\"ListItem\",\"position\":1,\"name\":\"Portada\",\"item\":\"https:\/\/luchonoticias.com\/editor\/\"},{\"@type\":\"ListItem\",\"position\":2,\"name\":\"Por robo de motos cay\u00f3 &#8216;El Pollo\u2019 en Pitalito\"}]},{\"@type\":\"WebSite\",\"@id\":\"https:\/\/luchonoticias.com\/editor\/#website\",\"url\":\"https:\/\/luchonoticias.com\/editor\/\",\"name\":\"\",\"description\":\"\",\"publisher\":{\"@id\":\"https:\/\/luchonoticias.com\/editor\/#\/schema\/person\/7a7fd911f58561fd056dbac7b55af9cd\"},\"potentialAction\":[{\"@type\":\"SearchAction\",\"target\":{\"@type\":\"EntryPoint\",\"urlTemplate\":\"https:\/\/luchonoticias.com\/editor\/?s={search_term_string}\"},\"query-input\":{\"@type\":\"PropertyValueSpecification\",\"valueRequired\":true,\"valueName\":\"search_term_string\"}}],\"inLanguage\":\"es\"},{\"@type\":[\"Person\",\"Organization\"],\"@id\":\"https:\/\/luchonoticias.com\/editor\/#\/schema\/person\/7a7fd911f58561fd056dbac7b55af9cd\",\"name\":\"admin\",\"image\":{\"@type\":\"ImageObject\",\"inLanguage\":\"es\",\"@id\":\"https:\/\/luchonoticias.com\/editor\/#\/schema\/person\/image\/\",\"url\":\"https:\/\/luchonoticias.com\/editor\/wp-content\/uploads\/2024\/02\/cropped-cropped-logolu.webp\",\"contentUrl\":\"https:\/\/luchonoticias.com\/editor\/wp-content\/uploads\/2024\/02\/cropped-cropped-logolu.webp\",\"width\":382,\"height\":170,\"caption\":\"admin\"},\"logo\":{\"@id\":\"https:\/\/luchonoticias.com\/editor\/#\/schema\/person\/image\/\"},\"sameAs\":[\"https:\/\/www.facebook.com\/luchonoticiasneiva\"]},{\"@type\":\"Person\",\"@id\":\"https:\/\/luchonoticias.com\/editor\/#\/schema\/person\/29217990ddf6f14e35912b2866d591fb\",\"name\":\"Editor General\",\"image\":{\"@type\":\"ImageObject\",\"inLanguage\":\"es\",\"@id\":\"https:\/\/luchonoticias.com\/editor\/#\/schema\/person\/image\/\",\"url\":\"https:\/\/luchonoticias.com\/editor\/wp-content\/uploads\/2024\/02\/cropped-cropped-logolu-150x150.webp\",\"contentUrl\":\"https:\/\/luchonoticias.com\/editor\/wp-content\/uploads\/2024\/02\/cropped-cropped-logolu-150x150.webp\",\"caption\":\"Editor General\"},\"sameAs\":[\"https:\/\/luchonoticias.com\/\"],\"url\":\"https:\/\/luchonoticias.com\/editor\/author\/editor-general\/\"}]}<\/script>\n<!-- \/ Yoast SEO plugin. -->","yoast_head_json":{"title":"Por robo de motos cay\u00f3 'El Pollo\u2019 en Pitalito -","robots":{"index":"index","follow":"follow","max-snippet":"max-snippet:-1","max-image-preview":"max-image-preview:large","max-video-preview":"max-video-preview:-1"},"canonical":"https:\/\/luchonoticias.com\/editor\/por-robo-de-motos-cayo-el-pollo-en-pitalito\/","og_locale":"es_ES","og_type":"article","og_title":"Por robo de motos cay\u00f3 'El Pollo\u2019 en Pitalito -","og_url":"https:\/\/luchonoticias.com\/editor\/por-robo-de-motos-cayo-el-pollo-en-pitalito\/","article_publisher":"https:\/\/www.facebook.com\/luchonoticiasneiva","article_published_time":"2023-03-04T15:55:25+00:00","article_modified_time":"2023-03-04T15:55:26+00:00","author":"Editor General","twitter_card":"summary_large_image","twitter_misc":{"Escrito por":"Editor General","Tiempo de lectura":"1 minuto"},"schema":{"@context":"https:\/\/schema.org","@graph":[{"@type":"Article","@id":"https:\/\/luchonoticias.com\/editor\/por-robo-de-motos-cayo-el-pollo-en-pitalito\/#article","isPartOf":{"@id":"https:\/\/luchonoticias.com\/editor\/por-robo-de-motos-cayo-el-pollo-en-pitalito\/"},"author":{"name":"Editor General","@id":"https:\/\/luchonoticias.com\/editor\/#\/schema\/person\/29217990ddf6f14e35912b2866d591fb"},"headline":"Por robo de motos cay\u00f3 &#8216;El Pollo\u2019 en Pitalito","datePublished":"2023-03-04T15:55:25+00:00","dateModified":"2023-03-04T15:55:26+00:00","mainEntityOfPage":{"@id":"https:\/\/luchonoticias.com\/editor\/por-robo-de-motos-cayo-el-pollo-en-pitalito\/"},"wordCount":242,"commentCount":0,"publisher":{"@id":"https:\/\/luchonoticias.com\/editor\/#\/schema\/person\/7a7fd911f58561fd056dbac7b55af9cd"},"articleSection":["Destacado","Judicial"],"inLanguage":"es","potentialAction":[{"@type":"CommentAction","name":"Comment","target":["https:\/\/luchonoticias.com\/editor\/por-robo-de-motos-cayo-el-pollo-en-pitalito\/#respond"]}]},{"@type":"WebPage","@id":"https:\/\/luchonoticias.com\/editor\/por-robo-de-motos-cayo-el-pollo-en-pitalito\/","url":"https:\/\/luchonoticias.com\/editor\/por-robo-de-motos-cayo-el-pollo-en-pitalito\/","name":"Por robo de motos cay\u00f3 'El Pollo\u2019 en Pitalito -","isPartOf":{"@id":"https:\/\/luchonoticias.com\/editor\/#website"},"datePublished":"2023-03-04T15:55:25+00:00","dateModified":"2023-03-04T15:55:26+00:00","breadcrumb":{"@id":"https:\/\/luchonoticias.com\/editor\/por-robo-de-motos-cayo-el-pollo-en-pitalito\/#breadcrumb"},"inLanguage":"es","potentialAction":[{"@type":"ReadAction","target":["https:\/\/luchonoticias.com\/editor\/por-robo-de-motos-cayo-el-pollo-en-pitalito\/"]}]},{"@type":"BreadcrumbList","@id":"https:\/\/luchonoticias.com\/editor\/por-robo-de-motos-cayo-el-pollo-en-pitalito\/#breadcrumb","itemListElement":[{"@type":"ListItem","position":1,"name":"Portada","item":"https:\/\/luchonoticias.com\/editor\/"},{"@type":"ListItem","position":2,"name":"Por robo de motos cay\u00f3 &#8216;El Pollo\u2019 en Pitalito"}]},{"@type":"WebSite","@id":"https:\/\/luchonoticias.com\/editor\/#website","url":"https:\/\/luchonoticias.com\/editor\/","name":"","description":"","publisher":{"@id":"https:\/\/luchonoticias.com\/editor\/#\/schema\/person\/7a7fd911f58561fd056dbac7b55af9cd"},"potentialAction":[{"@type":"SearchAction","target":{"@type":"EntryPoint","urlTemplate":"https:\/\/luchonoticias.com\/editor\/?s={search_term_string}"},"query-input":{"@type":"PropertyValueSpecification","valueRequired":true,"valueName":"search_term_string"}}],"inLanguage":"es"},{"@type":["Person","Organization"],"@id":"https:\/\/luchonoticias.com\/editor\/#\/schema\/person\/7a7fd911f58561fd056dbac7b55af9cd","name":"admin","image":{"@type":"ImageObject","inLanguage":"es","@id":"https:\/\/luchonoticias.com\/editor\/#\/schema\/person\/image\/","url":"https:\/\/luchonoticias.com\/editor\/wp-content\/uploads\/2024\/02\/cropped-cropped-logolu.webp","contentUrl":"https:\/\/luchonoticias.com\/editor\/wp-content\/uploads\/2024\/02\/cropped-cropped-logolu.webp","width":382,"height":170,"caption":"admin"},"logo":{"@id":"https:\/\/luchonoticias.com\/editor\/#\/schema\/person\/image\/"},"sameAs":["https:\/\/www.facebook.com\/luchonoticiasneiva"]},{"@type":"Person","@id":"https:\/\/luchonoticias.com\/editor\/#\/schema\/person\/29217990ddf6f14e35912b2866d591fb","name":"Editor General","image":{"@type":"ImageObject","inLanguage":"es","@id":"https:\/\/luchonoticias.com\/editor\/#\/schema\/person\/image\/","url":"https:\/\/luchonoticias.com\/editor\/wp-content\/uploads\/2024\/02\/cropped-cropped-logolu-150x150.webp","contentUrl":"https:\/\/luchonoticias.com\/editor\/wp-content\/uploads\/2024\/02\/cropped-cropped-logolu-150x150.webp","caption":"Editor General"},"sameAs":["https:\/\/luchonoticias.com\/"],"url":"https:\/\/luchonoticias.com\/editor\/author\/editor-general\/"}]}},"_links":{"self":[{"href":"https:\/\/luchonoticias.com\/editor\/wp-json\/wp\/v2\/posts\/47463","targetHints":{"allow":["GET"]}}],"collection":[{"href":"https:\/\/luchonoticias.com\/editor\/wp-json\/wp\/v2\/posts"}],"about":[{"href":"https:\/\/luchonoticias.com\/editor\/wp-json\/wp\/v2\/types\/post"}],"author":[{"embeddable":true,"href":"https:\/\/luchonoticias.com\/editor\/wp-json\/wp\/v2\/users\/2"}],"replies":[{"embeddable":true,"href":"https:\/\/luchonoticias.com\/editor\/wp-json\/wp\/v2\/comments?post=47463"}],"version-history":[{"count":0,"href":"https:\/\/luchonoticias.com\/editor\/wp-json\/wp\/v2\/posts\/47463\/revisions"}],"wp:attachment":[{"href":"https:\/\/luchonoticias.com\/editor\/wp-json\/wp\/v2\/media?parent=47463"}],"wp:term":[{"taxonomy":"category","embeddable":true,"href":"https:\/\/luchonoticias.com\/editor\/wp-json\/wp\/v2\/categories?post=47463"},{"taxonomy":"post_tag","embeddable":true,"href":"https:\/\/luchonoticias.com\/editor\/wp-json\/wp\/v2\/tags?post=47463"}],"curies":[{"name":"wp","href":"https:\/\/api.w.org\/{rel}","templated":true}]}}