{"id":47480,"date":"2023-03-04T16:19:03","date_gmt":"2023-03-04T21:19:03","guid":{"rendered":"https:\/\/luchonoticias.com\/?p=47480"},"modified":"2023-03-04T16:19:04","modified_gmt":"2023-03-04T21:19:04","slug":"asesinado-de-dos-punaladas-en-el-centro-de-neiva","status":"publish","type":"post","link":"https:\/\/luchonoticias.com\/editor\/asesinado-de-dos-punaladas-en-el-centro-de-neiva\/","title":{"rendered":"Asesinado de dos pu\u00f1aladas en el centro de Neiva"},"content":{"rendered":"\n<p>Las autoridades opitas, confirmaron el fallecimiento de un hombre de 26 a\u00f1os identificado como como Juan Sebasti\u00e1n Bermeo Guzm\u00e1n, tras ser agredido en dos ocasiones con un arma blanca, al parecer en medio de una ri\u00f1a que ocurri\u00f3 a las afuera de un establecimiento comercial, hoy sobre la 1 de la ma\u00f1ana, en el sector de la Avenida Circunvalar con carrera 5 del centro de la capital huilense.<\/p>\n\n\n\n<p>Seg\u00fan lo informado por las fuentes oficiales, la v\u00edctima alcanz\u00f3 ser trasladado hasta el puesto de salud de la E.S.E Carmen Emilia Ospina del barrio Las Granjas, donde por la gravedad de sus heridas, fue remitido hasta el Hospital Universitario Hernando Moncaleano Perdomo, donde al ser atentado por los galenos pereci\u00f3 unas horas despu\u00e9s.<\/p>\n\n\n\n<p>\u201cIngresa a la E.S.E Carmen Emilia Ospina sede Las Granjas, procedente de la avenida circunvalar con carrera 5 del barrio Centro, un hombre preliminarmente identificado como Juan Sebasti\u00e1n Bermeo Guzm\u00e1n de 26 a\u00f1os, con 2 lesiones al parecer ocasionadas con arma cortopunzante, una en el t\u00f3rax y otra en el cuello, quien es remitido al hospital universitario, donde por la gravedad de las heridas fallece\u201d, indicaron las fuentes oficiales.<\/p>\n\n\n\n<p>Finalmente, la Polic\u00eda Metropolitana de Neiva, dio a conocer que ya se encuentran en investigaciones con el apoyo del CTI de la Fiscal\u00eda, para esclarecer los motivos y el responsable del hecho de sangre.<\/p>\n\n\n\n<p>\u201cEste sujeto presenta anotaciones como indiciado por los delitos de hurto calificado y agravado, fuga de presos, falsedad personal y lesiones personales. En coordinaci\u00f3n con el CTI de la Fiscal\u00eda, organismo encargado de la investigaci\u00f3n, se recolectan elementos materiales probatorios y evidencia f\u00edsica que permitan establecer las circunstancias de tiempo y modo de c\u00f3mo se suscitaron los hechos\u201d, concluyeron las autoridades.<\/p>\n","protected":false},"excerpt":{"rendered":"<p>Las autoridades opitas, confirmaron el fallecimiento de un hombre de 26 a\u00f1os identificado como como Juan Sebasti\u00e1n Bermeo Guzm\u00e1n, tras ser agredido en dos ocasiones con un arma blanca, al parecer en medio de una ri\u00f1a que ocurri\u00f3 a las afuera de un establecimiento comercial, hoy sobre la 1 de la ma\u00f1ana, en el sector [&hellip;]<\/p>\n","protected":false},"author":2,"featured_media":0,"comment_status":"open","ping_status":"open","sticky":false,"template":"","format":"standard","meta":{"footnotes":""},"categories":[36,29],"tags":[],"class_list":["post-47480","post","type-post","status-publish","format-standard","hentry","category-destacado","category-judicial"],"yoast_head":"<!-- This site is optimized with the Yoast SEO plugin v26.6 - https:\/\/yoast.com\/wordpress\/plugins\/seo\/ -->\n<title>Asesinado de dos pu\u00f1aladas en el centro de Neiva -<\/title>\n<meta name=\"robots\" content=\"index, follow, max-snippet:-1, max-image-preview:large, max-video-preview:-1\" \/>\n<link rel=\"canonical\" href=\"https:\/\/luchonoticias.com\/editor\/asesinado-de-dos-punaladas-en-el-centro-de-neiva\/\" \/>\n<meta property=\"og:locale\" content=\"es_ES\" \/>\n<meta property=\"og:type\" content=\"article\" \/>\n<meta property=\"og:title\" content=\"Asesinado de dos pu\u00f1aladas en el centro de Neiva -\" \/>\n<meta property=\"og:url\" content=\"https:\/\/luchonoticias.com\/editor\/asesinado-de-dos-punaladas-en-el-centro-de-neiva\/\" \/>\n<meta property=\"article:publisher\" content=\"https:\/\/www.facebook.com\/luchonoticiasneiva\" \/>\n<meta property=\"article:published_time\" content=\"2023-03-04T21:19:03+00:00\" \/>\n<meta property=\"article:modified_time\" content=\"2023-03-04T21:19:04+00:00\" \/>\n<meta name=\"author\" content=\"Editor General\" \/>\n<meta name=\"twitter:card\" content=\"summary_large_image\" \/>\n<meta name=\"twitter:label1\" content=\"Escrito por\" \/>\n\t<meta name=\"twitter:data1\" content=\"Editor General\" \/>\n\t<meta name=\"twitter:label2\" content=\"Tiempo de lectura\" \/>\n\t<meta name=\"twitter:data2\" content=\"2 minutos\" \/>\n<script type=\"application\/ld+json\" class=\"yoast-schema-graph\">{\"@context\":\"https:\/\/schema.org\",\"@graph\":[{\"@type\":\"Article\",\"@id\":\"https:\/\/luchonoticias.com\/editor\/asesinado-de-dos-punaladas-en-el-centro-de-neiva\/#article\",\"isPartOf\":{\"@id\":\"https:\/\/luchonoticias.com\/editor\/asesinado-de-dos-punaladas-en-el-centro-de-neiva\/\"},\"author\":{\"name\":\"Editor General\",\"@id\":\"https:\/\/luchonoticias.com\/editor\/#\/schema\/person\/29217990ddf6f14e35912b2866d591fb\"},\"headline\":\"Asesinado de dos pu\u00f1aladas en el centro de Neiva\",\"datePublished\":\"2023-03-04T21:19:03+00:00\",\"dateModified\":\"2023-03-04T21:19:04+00:00\",\"mainEntityOfPage\":{\"@id\":\"https:\/\/luchonoticias.com\/editor\/asesinado-de-dos-punaladas-en-el-centro-de-neiva\/\"},\"wordCount\":313,\"commentCount\":0,\"publisher\":{\"@id\":\"https:\/\/luchonoticias.com\/editor\/#\/schema\/person\/7a7fd911f58561fd056dbac7b55af9cd\"},\"articleSection\":[\"Destacado\",\"Judicial\"],\"inLanguage\":\"es\",\"potentialAction\":[{\"@type\":\"CommentAction\",\"name\":\"Comment\",\"target\":[\"https:\/\/luchonoticias.com\/editor\/asesinado-de-dos-punaladas-en-el-centro-de-neiva\/#respond\"]}]},{\"@type\":\"WebPage\",\"@id\":\"https:\/\/luchonoticias.com\/editor\/asesinado-de-dos-punaladas-en-el-centro-de-neiva\/\",\"url\":\"https:\/\/luchonoticias.com\/editor\/asesinado-de-dos-punaladas-en-el-centro-de-neiva\/\",\"name\":\"Asesinado de dos pu\u00f1aladas en el centro de Neiva -\",\"isPartOf\":{\"@id\":\"https:\/\/luchonoticias.com\/editor\/#website\"},\"datePublished\":\"2023-03-04T21:19:03+00:00\",\"dateModified\":\"2023-03-04T21:19:04+00:00\",\"breadcrumb\":{\"@id\":\"https:\/\/luchonoticias.com\/editor\/asesinado-de-dos-punaladas-en-el-centro-de-neiva\/#breadcrumb\"},\"inLanguage\":\"es\",\"potentialAction\":[{\"@type\":\"ReadAction\",\"target\":[\"https:\/\/luchonoticias.com\/editor\/asesinado-de-dos-punaladas-en-el-centro-de-neiva\/\"]}]},{\"@type\":\"BreadcrumbList\",\"@id\":\"https:\/\/luchonoticias.com\/editor\/asesinado-de-dos-punaladas-en-el-centro-de-neiva\/#breadcrumb\",\"itemListElement\":[{\"@type\":\"ListItem\",\"position\":1,\"name\":\"Portada\",\"item\":\"https:\/\/luchonoticias.com\/editor\/\"},{\"@type\":\"ListItem\",\"position\":2,\"name\":\"Asesinado de dos pu\u00f1aladas en el centro de Neiva\"}]},{\"@type\":\"WebSite\",\"@id\":\"https:\/\/luchonoticias.com\/editor\/#website\",\"url\":\"https:\/\/luchonoticias.com\/editor\/\",\"name\":\"\",\"description\":\"\",\"publisher\":{\"@id\":\"https:\/\/luchonoticias.com\/editor\/#\/schema\/person\/7a7fd911f58561fd056dbac7b55af9cd\"},\"potentialAction\":[{\"@type\":\"SearchAction\",\"target\":{\"@type\":\"EntryPoint\",\"urlTemplate\":\"https:\/\/luchonoticias.com\/editor\/?s={search_term_string}\"},\"query-input\":{\"@type\":\"PropertyValueSpecification\",\"valueRequired\":true,\"valueName\":\"search_term_string\"}}],\"inLanguage\":\"es\"},{\"@type\":[\"Person\",\"Organization\"],\"@id\":\"https:\/\/luchonoticias.com\/editor\/#\/schema\/person\/7a7fd911f58561fd056dbac7b55af9cd\",\"name\":\"admin\",\"image\":{\"@type\":\"ImageObject\",\"inLanguage\":\"es\",\"@id\":\"https:\/\/luchonoticias.com\/editor\/#\/schema\/person\/image\/\",\"url\":\"https:\/\/luchonoticias.com\/editor\/wp-content\/uploads\/2024\/02\/cropped-cropped-logolu.webp\",\"contentUrl\":\"https:\/\/luchonoticias.com\/editor\/wp-content\/uploads\/2024\/02\/cropped-cropped-logolu.webp\",\"width\":382,\"height\":170,\"caption\":\"admin\"},\"logo\":{\"@id\":\"https:\/\/luchonoticias.com\/editor\/#\/schema\/person\/image\/\"},\"sameAs\":[\"https:\/\/www.facebook.com\/luchonoticiasneiva\"]},{\"@type\":\"Person\",\"@id\":\"https:\/\/luchonoticias.com\/editor\/#\/schema\/person\/29217990ddf6f14e35912b2866d591fb\",\"name\":\"Editor General\",\"image\":{\"@type\":\"ImageObject\",\"inLanguage\":\"es\",\"@id\":\"https:\/\/luchonoticias.com\/editor\/#\/schema\/person\/image\/\",\"url\":\"https:\/\/luchonoticias.com\/editor\/wp-content\/uploads\/2024\/02\/cropped-cropped-logolu-150x150.webp\",\"contentUrl\":\"https:\/\/luchonoticias.com\/editor\/wp-content\/uploads\/2024\/02\/cropped-cropped-logolu-150x150.webp\",\"caption\":\"Editor General\"},\"sameAs\":[\"https:\/\/luchonoticias.com\/\"],\"url\":\"https:\/\/luchonoticias.com\/editor\/author\/editor-general\/\"}]}<\/script>\n<!-- \/ Yoast SEO plugin. -->","yoast_head_json":{"title":"Asesinado de dos pu\u00f1aladas en el centro de Neiva -","robots":{"index":"index","follow":"follow","max-snippet":"max-snippet:-1","max-image-preview":"max-image-preview:large","max-video-preview":"max-video-preview:-1"},"canonical":"https:\/\/luchonoticias.com\/editor\/asesinado-de-dos-punaladas-en-el-centro-de-neiva\/","og_locale":"es_ES","og_type":"article","og_title":"Asesinado de dos pu\u00f1aladas en el centro de Neiva -","og_url":"https:\/\/luchonoticias.com\/editor\/asesinado-de-dos-punaladas-en-el-centro-de-neiva\/","article_publisher":"https:\/\/www.facebook.com\/luchonoticiasneiva","article_published_time":"2023-03-04T21:19:03+00:00","article_modified_time":"2023-03-04T21:19:04+00:00","author":"Editor General","twitter_card":"summary_large_image","twitter_misc":{"Escrito por":"Editor General","Tiempo de lectura":"2 minutos"},"schema":{"@context":"https:\/\/schema.org","@graph":[{"@type":"Article","@id":"https:\/\/luchonoticias.com\/editor\/asesinado-de-dos-punaladas-en-el-centro-de-neiva\/#article","isPartOf":{"@id":"https:\/\/luchonoticias.com\/editor\/asesinado-de-dos-punaladas-en-el-centro-de-neiva\/"},"author":{"name":"Editor General","@id":"https:\/\/luchonoticias.com\/editor\/#\/schema\/person\/29217990ddf6f14e35912b2866d591fb"},"headline":"Asesinado de dos pu\u00f1aladas en el centro de Neiva","datePublished":"2023-03-04T21:19:03+00:00","dateModified":"2023-03-04T21:19:04+00:00","mainEntityOfPage":{"@id":"https:\/\/luchonoticias.com\/editor\/asesinado-de-dos-punaladas-en-el-centro-de-neiva\/"},"wordCount":313,"commentCount":0,"publisher":{"@id":"https:\/\/luchonoticias.com\/editor\/#\/schema\/person\/7a7fd911f58561fd056dbac7b55af9cd"},"articleSection":["Destacado","Judicial"],"inLanguage":"es","potentialAction":[{"@type":"CommentAction","name":"Comment","target":["https:\/\/luchonoticias.com\/editor\/asesinado-de-dos-punaladas-en-el-centro-de-neiva\/#respond"]}]},{"@type":"WebPage","@id":"https:\/\/luchonoticias.com\/editor\/asesinado-de-dos-punaladas-en-el-centro-de-neiva\/","url":"https:\/\/luchonoticias.com\/editor\/asesinado-de-dos-punaladas-en-el-centro-de-neiva\/","name":"Asesinado de dos pu\u00f1aladas en el centro de Neiva -","isPartOf":{"@id":"https:\/\/luchonoticias.com\/editor\/#website"},"datePublished":"2023-03-04T21:19:03+00:00","dateModified":"2023-03-04T21:19:04+00:00","breadcrumb":{"@id":"https:\/\/luchonoticias.com\/editor\/asesinado-de-dos-punaladas-en-el-centro-de-neiva\/#breadcrumb"},"inLanguage":"es","potentialAction":[{"@type":"ReadAction","target":["https:\/\/luchonoticias.com\/editor\/asesinado-de-dos-punaladas-en-el-centro-de-neiva\/"]}]},{"@type":"BreadcrumbList","@id":"https:\/\/luchonoticias.com\/editor\/asesinado-de-dos-punaladas-en-el-centro-de-neiva\/#breadcrumb","itemListElement":[{"@type":"ListItem","position":1,"name":"Portada","item":"https:\/\/luchonoticias.com\/editor\/"},{"@type":"ListItem","position":2,"name":"Asesinado de dos pu\u00f1aladas en el centro de Neiva"}]},{"@type":"WebSite","@id":"https:\/\/luchonoticias.com\/editor\/#website","url":"https:\/\/luchonoticias.com\/editor\/","name":"","description":"","publisher":{"@id":"https:\/\/luchonoticias.com\/editor\/#\/schema\/person\/7a7fd911f58561fd056dbac7b55af9cd"},"potentialAction":[{"@type":"SearchAction","target":{"@type":"EntryPoint","urlTemplate":"https:\/\/luchonoticias.com\/editor\/?s={search_term_string}"},"query-input":{"@type":"PropertyValueSpecification","valueRequired":true,"valueName":"search_term_string"}}],"inLanguage":"es"},{"@type":["Person","Organization"],"@id":"https:\/\/luchonoticias.com\/editor\/#\/schema\/person\/7a7fd911f58561fd056dbac7b55af9cd","name":"admin","image":{"@type":"ImageObject","inLanguage":"es","@id":"https:\/\/luchonoticias.com\/editor\/#\/schema\/person\/image\/","url":"https:\/\/luchonoticias.com\/editor\/wp-content\/uploads\/2024\/02\/cropped-cropped-logolu.webp","contentUrl":"https:\/\/luchonoticias.com\/editor\/wp-content\/uploads\/2024\/02\/cropped-cropped-logolu.webp","width":382,"height":170,"caption":"admin"},"logo":{"@id":"https:\/\/luchonoticias.com\/editor\/#\/schema\/person\/image\/"},"sameAs":["https:\/\/www.facebook.com\/luchonoticiasneiva"]},{"@type":"Person","@id":"https:\/\/luchonoticias.com\/editor\/#\/schema\/person\/29217990ddf6f14e35912b2866d591fb","name":"Editor General","image":{"@type":"ImageObject","inLanguage":"es","@id":"https:\/\/luchonoticias.com\/editor\/#\/schema\/person\/image\/","url":"https:\/\/luchonoticias.com\/editor\/wp-content\/uploads\/2024\/02\/cropped-cropped-logolu-150x150.webp","contentUrl":"https:\/\/luchonoticias.com\/editor\/wp-content\/uploads\/2024\/02\/cropped-cropped-logolu-150x150.webp","caption":"Editor General"},"sameAs":["https:\/\/luchonoticias.com\/"],"url":"https:\/\/luchonoticias.com\/editor\/author\/editor-general\/"}]}},"_links":{"self":[{"href":"https:\/\/luchonoticias.com\/editor\/wp-json\/wp\/v2\/posts\/47480","targetHints":{"allow":["GET"]}}],"collection":[{"href":"https:\/\/luchonoticias.com\/editor\/wp-json\/wp\/v2\/posts"}],"about":[{"href":"https:\/\/luchonoticias.com\/editor\/wp-json\/wp\/v2\/types\/post"}],"author":[{"embeddable":true,"href":"https:\/\/luchonoticias.com\/editor\/wp-json\/wp\/v2\/users\/2"}],"replies":[{"embeddable":true,"href":"https:\/\/luchonoticias.com\/editor\/wp-json\/wp\/v2\/comments?post=47480"}],"version-history":[{"count":0,"href":"https:\/\/luchonoticias.com\/editor\/wp-json\/wp\/v2\/posts\/47480\/revisions"}],"wp:attachment":[{"href":"https:\/\/luchonoticias.com\/editor\/wp-json\/wp\/v2\/media?parent=47480"}],"wp:term":[{"taxonomy":"category","embeddable":true,"href":"https:\/\/luchonoticias.com\/editor\/wp-json\/wp\/v2\/categories?post=47480"},{"taxonomy":"post_tag","embeddable":true,"href":"https:\/\/luchonoticias.com\/editor\/wp-json\/wp\/v2\/tags?post=47480"}],"curies":[{"name":"wp","href":"https:\/\/api.w.org\/{rel}","templated":true}]}}