{"id":47503,"date":"2023-03-05T07:35:27","date_gmt":"2023-03-05T12:35:27","guid":{"rendered":"https:\/\/luchonoticias.com\/?p=47503"},"modified":"2023-03-05T07:35:28","modified_gmt":"2023-03-05T12:35:28","slug":"carcel-a-presunto-cabecilla-de-las-disidencias-de-las-farc-por-la-muerte-de-un-reincorporado-y-su-pareja-en-putumayo","status":"publish","type":"post","link":"https:\/\/luchonoticias.com\/editor\/carcel-a-presunto-cabecilla-de-las-disidencias-de-las-farc-por-la-muerte-de-un-reincorporado-y-su-pareja-en-putumayo\/","title":{"rendered":"C\u00e1rcel a presunto cabecilla de las disidencias de Las Farc por la muerte de un reincorporado y su pareja en Putumayo"},"content":{"rendered":"\n<p>Al acoger la solicitud de un fiscal de la Unidad Especial de Investigaci\u00f3n (UEI), un juez de control de garant\u00edas impuso medida de detenci\u00f3n preventiva en establecimiento carcelario a Ruberney Ortega Cuasialpud, alias Cirug\u00eda, presunto cabecilla de la estructura de las disidencias de las Farc autodenominada \u2018Comandos Bolivarianos de Frontera\u2019.<\/p>\n\n\n\n<p>De acuerdo con el material probatorio recaudado, este hombre habr\u00eda ordenado el homicidio del reincorporado Jair Alben Naranjo y su pareja sentimental, Diana Mar\u00eda Rodr\u00edguez Olmos. El 8 de diciembre de 2019, en la vereda Puerto Gallo, en Puerto As\u00eds (Putumayo), las v\u00edctimas fueron interceptadas por un grupo armado que, por instrucci\u00f3n directa de Ortega Cuasialpud, les dispar\u00f3 indiscriminadamente hasta causarles la muerte.<\/p>\n\n\n\n<p>Por estos hechos, alias Cirug\u00eda fue imputado por los delitos de homicidio agravado, concierto para delinquir agravado; y fabricaci\u00f3n, tr\u00e1fico y porte de armas, municiones de uso restringido, de uso privativo de las Fuerzas Armadas o explosivos. El procesado fue capturado en una acci\u00f3n conjunta de la Fiscal\u00eda, la Polic\u00eda Nacional y el Ej\u00e9rcito Nacional. En el procedimiento le fueron incautados tres pistolas, m\u00e1s de 130 cartuchos, proveedores y equipos celulares.<\/p>\n\n\n\n<p>&nbsp;Por el crimen del reincorporado y su pareja han sido judicializados dos se\u00f1alados integrantes de los \u2018Comandos Bolivarianos de Frontera\u2019, identificados como Crisanto Caro Castro, alias Coco; y Jimmy Rinc\u00f3n, alias Bola 8.<\/p>\n","protected":false},"excerpt":{"rendered":"<p>Al acoger la solicitud de un fiscal de la Unidad Especial de Investigaci\u00f3n (UEI), un juez de control de garant\u00edas impuso medida de detenci\u00f3n preventiva en establecimiento carcelario a Ruberney Ortega Cuasialpud, alias Cirug\u00eda, presunto cabecilla de la estructura de las disidencias de las Farc autodenominada \u2018Comandos Bolivarianos de Frontera\u2019. De acuerdo con el material [&hellip;]<\/p>\n","protected":false},"author":2,"featured_media":0,"comment_status":"open","ping_status":"open","sticky":false,"template":"","format":"standard","meta":{"footnotes":""},"categories":[36,29],"tags":[],"class_list":["post-47503","post","type-post","status-publish","format-standard","hentry","category-destacado","category-judicial"],"yoast_head":"<!-- This site is optimized with the Yoast SEO plugin v26.6 - https:\/\/yoast.com\/wordpress\/plugins\/seo\/ -->\n<title>C\u00e1rcel a presunto cabecilla de las disidencias de Las Farc por la muerte de un reincorporado y su pareja en Putumayo -<\/title>\n<meta name=\"robots\" content=\"index, follow, max-snippet:-1, max-image-preview:large, max-video-preview:-1\" \/>\n<link rel=\"canonical\" href=\"https:\/\/luchonoticias.com\/editor\/carcel-a-presunto-cabecilla-de-las-disidencias-de-las-farc-por-la-muerte-de-un-reincorporado-y-su-pareja-en-putumayo\/\" \/>\n<meta property=\"og:locale\" content=\"es_ES\" \/>\n<meta property=\"og:type\" content=\"article\" \/>\n<meta property=\"og:title\" content=\"C\u00e1rcel a presunto cabecilla de las disidencias de Las Farc por la muerte de un reincorporado y su pareja en Putumayo -\" \/>\n<meta property=\"og:url\" content=\"https:\/\/luchonoticias.com\/editor\/carcel-a-presunto-cabecilla-de-las-disidencias-de-las-farc-por-la-muerte-de-un-reincorporado-y-su-pareja-en-putumayo\/\" \/>\n<meta property=\"article:publisher\" content=\"https:\/\/www.facebook.com\/luchonoticiasneiva\" \/>\n<meta property=\"article:published_time\" content=\"2023-03-05T12:35:27+00:00\" \/>\n<meta property=\"article:modified_time\" content=\"2023-03-05T12:35:28+00:00\" \/>\n<meta name=\"author\" content=\"Editor General\" \/>\n<meta name=\"twitter:card\" content=\"summary_large_image\" \/>\n<meta name=\"twitter:label1\" content=\"Escrito por\" \/>\n\t<meta name=\"twitter:data1\" content=\"Editor General\" \/>\n\t<meta name=\"twitter:label2\" content=\"Tiempo de lectura\" \/>\n\t<meta name=\"twitter:data2\" content=\"1 minuto\" \/>\n<script type=\"application\/ld+json\" class=\"yoast-schema-graph\">{\"@context\":\"https:\/\/schema.org\",\"@graph\":[{\"@type\":\"Article\",\"@id\":\"https:\/\/luchonoticias.com\/editor\/carcel-a-presunto-cabecilla-de-las-disidencias-de-las-farc-por-la-muerte-de-un-reincorporado-y-su-pareja-en-putumayo\/#article\",\"isPartOf\":{\"@id\":\"https:\/\/luchonoticias.com\/editor\/carcel-a-presunto-cabecilla-de-las-disidencias-de-las-farc-por-la-muerte-de-un-reincorporado-y-su-pareja-en-putumayo\/\"},\"author\":{\"name\":\"Editor General\",\"@id\":\"https:\/\/luchonoticias.com\/editor\/#\/schema\/person\/29217990ddf6f14e35912b2866d591fb\"},\"headline\":\"C\u00e1rcel a presunto cabecilla de las disidencias de Las Farc por la muerte de un reincorporado y su pareja en Putumayo\",\"datePublished\":\"2023-03-05T12:35:27+00:00\",\"dateModified\":\"2023-03-05T12:35:28+00:00\",\"mainEntityOfPage\":{\"@id\":\"https:\/\/luchonoticias.com\/editor\/carcel-a-presunto-cabecilla-de-las-disidencias-de-las-farc-por-la-muerte-de-un-reincorporado-y-su-pareja-en-putumayo\/\"},\"wordCount\":256,\"commentCount\":0,\"publisher\":{\"@id\":\"https:\/\/luchonoticias.com\/editor\/#\/schema\/person\/7a7fd911f58561fd056dbac7b55af9cd\"},\"articleSection\":[\"Destacado\",\"Judicial\"],\"inLanguage\":\"es\",\"potentialAction\":[{\"@type\":\"CommentAction\",\"name\":\"Comment\",\"target\":[\"https:\/\/luchonoticias.com\/editor\/carcel-a-presunto-cabecilla-de-las-disidencias-de-las-farc-por-la-muerte-de-un-reincorporado-y-su-pareja-en-putumayo\/#respond\"]}]},{\"@type\":\"WebPage\",\"@id\":\"https:\/\/luchonoticias.com\/editor\/carcel-a-presunto-cabecilla-de-las-disidencias-de-las-farc-por-la-muerte-de-un-reincorporado-y-su-pareja-en-putumayo\/\",\"url\":\"https:\/\/luchonoticias.com\/editor\/carcel-a-presunto-cabecilla-de-las-disidencias-de-las-farc-por-la-muerte-de-un-reincorporado-y-su-pareja-en-putumayo\/\",\"name\":\"C\u00e1rcel a presunto cabecilla de las disidencias de Las Farc por la muerte de un reincorporado y su pareja en Putumayo -\",\"isPartOf\":{\"@id\":\"https:\/\/luchonoticias.com\/editor\/#website\"},\"datePublished\":\"2023-03-05T12:35:27+00:00\",\"dateModified\":\"2023-03-05T12:35:28+00:00\",\"breadcrumb\":{\"@id\":\"https:\/\/luchonoticias.com\/editor\/carcel-a-presunto-cabecilla-de-las-disidencias-de-las-farc-por-la-muerte-de-un-reincorporado-y-su-pareja-en-putumayo\/#breadcrumb\"},\"inLanguage\":\"es\",\"potentialAction\":[{\"@type\":\"ReadAction\",\"target\":[\"https:\/\/luchonoticias.com\/editor\/carcel-a-presunto-cabecilla-de-las-disidencias-de-las-farc-por-la-muerte-de-un-reincorporado-y-su-pareja-en-putumayo\/\"]}]},{\"@type\":\"BreadcrumbList\",\"@id\":\"https:\/\/luchonoticias.com\/editor\/carcel-a-presunto-cabecilla-de-las-disidencias-de-las-farc-por-la-muerte-de-un-reincorporado-y-su-pareja-en-putumayo\/#breadcrumb\",\"itemListElement\":[{\"@type\":\"ListItem\",\"position\":1,\"name\":\"Portada\",\"item\":\"https:\/\/luchonoticias.com\/editor\/\"},{\"@type\":\"ListItem\",\"position\":2,\"name\":\"C\u00e1rcel a presunto cabecilla de las disidencias de Las Farc por la muerte de un reincorporado y su pareja en Putumayo\"}]},{\"@type\":\"WebSite\",\"@id\":\"https:\/\/luchonoticias.com\/editor\/#website\",\"url\":\"https:\/\/luchonoticias.com\/editor\/\",\"name\":\"\",\"description\":\"\",\"publisher\":{\"@id\":\"https:\/\/luchonoticias.com\/editor\/#\/schema\/person\/7a7fd911f58561fd056dbac7b55af9cd\"},\"potentialAction\":[{\"@type\":\"SearchAction\",\"target\":{\"@type\":\"EntryPoint\",\"urlTemplate\":\"https:\/\/luchonoticias.com\/editor\/?s={search_term_string}\"},\"query-input\":{\"@type\":\"PropertyValueSpecification\",\"valueRequired\":true,\"valueName\":\"search_term_string\"}}],\"inLanguage\":\"es\"},{\"@type\":[\"Person\",\"Organization\"],\"@id\":\"https:\/\/luchonoticias.com\/editor\/#\/schema\/person\/7a7fd911f58561fd056dbac7b55af9cd\",\"name\":\"admin\",\"image\":{\"@type\":\"ImageObject\",\"inLanguage\":\"es\",\"@id\":\"https:\/\/luchonoticias.com\/editor\/#\/schema\/person\/image\/\",\"url\":\"https:\/\/luchonoticias.com\/editor\/wp-content\/uploads\/2024\/02\/cropped-cropped-logolu.webp\",\"contentUrl\":\"https:\/\/luchonoticias.com\/editor\/wp-content\/uploads\/2024\/02\/cropped-cropped-logolu.webp\",\"width\":382,\"height\":170,\"caption\":\"admin\"},\"logo\":{\"@id\":\"https:\/\/luchonoticias.com\/editor\/#\/schema\/person\/image\/\"},\"sameAs\":[\"https:\/\/www.facebook.com\/luchonoticiasneiva\"]},{\"@type\":\"Person\",\"@id\":\"https:\/\/luchonoticias.com\/editor\/#\/schema\/person\/29217990ddf6f14e35912b2866d591fb\",\"name\":\"Editor General\",\"image\":{\"@type\":\"ImageObject\",\"inLanguage\":\"es\",\"@id\":\"https:\/\/luchonoticias.com\/editor\/#\/schema\/person\/image\/\",\"url\":\"https:\/\/luchonoticias.com\/editor\/wp-content\/uploads\/2024\/02\/cropped-cropped-logolu-150x150.webp\",\"contentUrl\":\"https:\/\/luchonoticias.com\/editor\/wp-content\/uploads\/2024\/02\/cropped-cropped-logolu-150x150.webp\",\"caption\":\"Editor General\"},\"sameAs\":[\"https:\/\/luchonoticias.com\/\"],\"url\":\"https:\/\/luchonoticias.com\/editor\/author\/editor-general\/\"}]}<\/script>\n<!-- \/ Yoast SEO plugin. -->","yoast_head_json":{"title":"C\u00e1rcel a presunto cabecilla de las disidencias de Las Farc por la muerte de un reincorporado y su pareja en Putumayo -","robots":{"index":"index","follow":"follow","max-snippet":"max-snippet:-1","max-image-preview":"max-image-preview:large","max-video-preview":"max-video-preview:-1"},"canonical":"https:\/\/luchonoticias.com\/editor\/carcel-a-presunto-cabecilla-de-las-disidencias-de-las-farc-por-la-muerte-de-un-reincorporado-y-su-pareja-en-putumayo\/","og_locale":"es_ES","og_type":"article","og_title":"C\u00e1rcel a presunto cabecilla de las disidencias de Las Farc por la muerte de un reincorporado y su pareja en Putumayo -","og_url":"https:\/\/luchonoticias.com\/editor\/carcel-a-presunto-cabecilla-de-las-disidencias-de-las-farc-por-la-muerte-de-un-reincorporado-y-su-pareja-en-putumayo\/","article_publisher":"https:\/\/www.facebook.com\/luchonoticiasneiva","article_published_time":"2023-03-05T12:35:27+00:00","article_modified_time":"2023-03-05T12:35:28+00:00","author":"Editor General","twitter_card":"summary_large_image","twitter_misc":{"Escrito por":"Editor General","Tiempo de lectura":"1 minuto"},"schema":{"@context":"https:\/\/schema.org","@graph":[{"@type":"Article","@id":"https:\/\/luchonoticias.com\/editor\/carcel-a-presunto-cabecilla-de-las-disidencias-de-las-farc-por-la-muerte-de-un-reincorporado-y-su-pareja-en-putumayo\/#article","isPartOf":{"@id":"https:\/\/luchonoticias.com\/editor\/carcel-a-presunto-cabecilla-de-las-disidencias-de-las-farc-por-la-muerte-de-un-reincorporado-y-su-pareja-en-putumayo\/"},"author":{"name":"Editor General","@id":"https:\/\/luchonoticias.com\/editor\/#\/schema\/person\/29217990ddf6f14e35912b2866d591fb"},"headline":"C\u00e1rcel a presunto cabecilla de las disidencias de Las Farc por la muerte de un reincorporado y su pareja en Putumayo","datePublished":"2023-03-05T12:35:27+00:00","dateModified":"2023-03-05T12:35:28+00:00","mainEntityOfPage":{"@id":"https:\/\/luchonoticias.com\/editor\/carcel-a-presunto-cabecilla-de-las-disidencias-de-las-farc-por-la-muerte-de-un-reincorporado-y-su-pareja-en-putumayo\/"},"wordCount":256,"commentCount":0,"publisher":{"@id":"https:\/\/luchonoticias.com\/editor\/#\/schema\/person\/7a7fd911f58561fd056dbac7b55af9cd"},"articleSection":["Destacado","Judicial"],"inLanguage":"es","potentialAction":[{"@type":"CommentAction","name":"Comment","target":["https:\/\/luchonoticias.com\/editor\/carcel-a-presunto-cabecilla-de-las-disidencias-de-las-farc-por-la-muerte-de-un-reincorporado-y-su-pareja-en-putumayo\/#respond"]}]},{"@type":"WebPage","@id":"https:\/\/luchonoticias.com\/editor\/carcel-a-presunto-cabecilla-de-las-disidencias-de-las-farc-por-la-muerte-de-un-reincorporado-y-su-pareja-en-putumayo\/","url":"https:\/\/luchonoticias.com\/editor\/carcel-a-presunto-cabecilla-de-las-disidencias-de-las-farc-por-la-muerte-de-un-reincorporado-y-su-pareja-en-putumayo\/","name":"C\u00e1rcel a presunto cabecilla de las disidencias de Las Farc por la muerte de un reincorporado y su pareja en Putumayo -","isPartOf":{"@id":"https:\/\/luchonoticias.com\/editor\/#website"},"datePublished":"2023-03-05T12:35:27+00:00","dateModified":"2023-03-05T12:35:28+00:00","breadcrumb":{"@id":"https:\/\/luchonoticias.com\/editor\/carcel-a-presunto-cabecilla-de-las-disidencias-de-las-farc-por-la-muerte-de-un-reincorporado-y-su-pareja-en-putumayo\/#breadcrumb"},"inLanguage":"es","potentialAction":[{"@type":"ReadAction","target":["https:\/\/luchonoticias.com\/editor\/carcel-a-presunto-cabecilla-de-las-disidencias-de-las-farc-por-la-muerte-de-un-reincorporado-y-su-pareja-en-putumayo\/"]}]},{"@type":"BreadcrumbList","@id":"https:\/\/luchonoticias.com\/editor\/carcel-a-presunto-cabecilla-de-las-disidencias-de-las-farc-por-la-muerte-de-un-reincorporado-y-su-pareja-en-putumayo\/#breadcrumb","itemListElement":[{"@type":"ListItem","position":1,"name":"Portada","item":"https:\/\/luchonoticias.com\/editor\/"},{"@type":"ListItem","position":2,"name":"C\u00e1rcel a presunto cabecilla de las disidencias de Las Farc por la muerte de un reincorporado y su pareja en Putumayo"}]},{"@type":"WebSite","@id":"https:\/\/luchonoticias.com\/editor\/#website","url":"https:\/\/luchonoticias.com\/editor\/","name":"","description":"","publisher":{"@id":"https:\/\/luchonoticias.com\/editor\/#\/schema\/person\/7a7fd911f58561fd056dbac7b55af9cd"},"potentialAction":[{"@type":"SearchAction","target":{"@type":"EntryPoint","urlTemplate":"https:\/\/luchonoticias.com\/editor\/?s={search_term_string}"},"query-input":{"@type":"PropertyValueSpecification","valueRequired":true,"valueName":"search_term_string"}}],"inLanguage":"es"},{"@type":["Person","Organization"],"@id":"https:\/\/luchonoticias.com\/editor\/#\/schema\/person\/7a7fd911f58561fd056dbac7b55af9cd","name":"admin","image":{"@type":"ImageObject","inLanguage":"es","@id":"https:\/\/luchonoticias.com\/editor\/#\/schema\/person\/image\/","url":"https:\/\/luchonoticias.com\/editor\/wp-content\/uploads\/2024\/02\/cropped-cropped-logolu.webp","contentUrl":"https:\/\/luchonoticias.com\/editor\/wp-content\/uploads\/2024\/02\/cropped-cropped-logolu.webp","width":382,"height":170,"caption":"admin"},"logo":{"@id":"https:\/\/luchonoticias.com\/editor\/#\/schema\/person\/image\/"},"sameAs":["https:\/\/www.facebook.com\/luchonoticiasneiva"]},{"@type":"Person","@id":"https:\/\/luchonoticias.com\/editor\/#\/schema\/person\/29217990ddf6f14e35912b2866d591fb","name":"Editor General","image":{"@type":"ImageObject","inLanguage":"es","@id":"https:\/\/luchonoticias.com\/editor\/#\/schema\/person\/image\/","url":"https:\/\/luchonoticias.com\/editor\/wp-content\/uploads\/2024\/02\/cropped-cropped-logolu-150x150.webp","contentUrl":"https:\/\/luchonoticias.com\/editor\/wp-content\/uploads\/2024\/02\/cropped-cropped-logolu-150x150.webp","caption":"Editor General"},"sameAs":["https:\/\/luchonoticias.com\/"],"url":"https:\/\/luchonoticias.com\/editor\/author\/editor-general\/"}]}},"_links":{"self":[{"href":"https:\/\/luchonoticias.com\/editor\/wp-json\/wp\/v2\/posts\/47503","targetHints":{"allow":["GET"]}}],"collection":[{"href":"https:\/\/luchonoticias.com\/editor\/wp-json\/wp\/v2\/posts"}],"about":[{"href":"https:\/\/luchonoticias.com\/editor\/wp-json\/wp\/v2\/types\/post"}],"author":[{"embeddable":true,"href":"https:\/\/luchonoticias.com\/editor\/wp-json\/wp\/v2\/users\/2"}],"replies":[{"embeddable":true,"href":"https:\/\/luchonoticias.com\/editor\/wp-json\/wp\/v2\/comments?post=47503"}],"version-history":[{"count":0,"href":"https:\/\/luchonoticias.com\/editor\/wp-json\/wp\/v2\/posts\/47503\/revisions"}],"wp:attachment":[{"href":"https:\/\/luchonoticias.com\/editor\/wp-json\/wp\/v2\/media?parent=47503"}],"wp:term":[{"taxonomy":"category","embeddable":true,"href":"https:\/\/luchonoticias.com\/editor\/wp-json\/wp\/v2\/categories?post=47503"},{"taxonomy":"post_tag","embeddable":true,"href":"https:\/\/luchonoticias.com\/editor\/wp-json\/wp\/v2\/tags?post=47503"}],"curies":[{"name":"wp","href":"https:\/\/api.w.org\/{rel}","templated":true}]}}